{"id":11791,"date":"2018-12-14T19:26:39","date_gmt":"2018-12-14T19:26:39","guid":{"rendered":"http:\/\/quehacerpolitico.mx\/el-inai-ordena-al-cjf-entregar-los-videos-y-audios-del-careo-en-1995-entre-aburto-y-othon-cortez\/"},"modified":"2018-12-14T19:26:39","modified_gmt":"2018-12-14T19:26:39","slug":"el-inai-ordena-al-cjf-entregar-los-videos-y-audios-del-careo-en-1995-entre-aburto-y-othon-cortez","status":"publish","type":"post","link":"https:\/\/quehacerpolitico.mx\/?p=11791","title":{"rendered":"El INAI ordena al CJF entregar los videos y audios del careo en 1995 entre Aburto y Oth\u00f3n Cortez"},"content":{"rendered":"<h1>El INAI ordena al CJF entregar los videos y audios del careo en 1995 entre Aburto y Oth\u00f3n Cortez<\/h1>\n<p>Por Redacci\u00f3n QP<\/p>\n<p>El Consejo de la Judicatura Federal (CJF) deber\u00e1 entregar los <strong>testimonios grabados<\/strong> de <strong>Mario Aburto Mart\u00ednez<\/strong>, asesino del candidato presidencial Luis Donaldo <strong>Colosio<\/strong>, y de Oth\u00f3n Cortez, involucrado en el caso, inform\u00f3 hoy \u00f3rgano de transparencia.<\/p>\n<blockquote>\n<p>\u201cSe instruy\u00f3 al Consejo de la Judicatura Federal entregar los <strong>videos y grabaciones de audio<\/strong> de los careos que sostuvo Oth\u00f3n Cortez V\u00e1zquez con <strong>Mario Aburto<\/strong> y otros testigos como parte de la investigaci\u00f3n del homicidio de Luis Donaldo <strong>Colosio<\/strong>\u201c, dijo el Instituto Nacional de Transparencia, Acceso a la Informaci\u00f3n y Protecci\u00f3n de Datos Personales (Inai).<\/p>\n<\/blockquote>\n<p>En un bolet\u00edn, el Inai inform\u00f3 que en sesi\u00f3n del pleno, el comisionado Rosendoevgueni Monterrey explic\u00f3 que el CJF omiti\u00f3 turnar la solicitud de acceso a la Direcci\u00f3n General de Archivo y Documentaci\u00f3n que resulta competente para conocer la informaci\u00f3n requerida.<\/p>\n<blockquote class=\"twitter-tweet\" data-width=\"550\" data-dnt=\"true\">\n<p lang=\"es\" dir=\"ltr\"><a href=\"https:\/\/twitter.com\/hashtag\/INAIinforma?src=hash&amp;ref_src=twsrc%5Etfw\">#INAIinforma<\/a> <a href=\"https:\/\/twitter.com\/CJF_Mx?ref_src=twsrc%5Etfw\">@CJF_Mx<\/a> deber\u00e1 entregar videos y grabaciones de audio de careos sobre homicidio de <a href=\"https:\/\/twitter.com\/hashtag\/Colosio?src=hash&amp;ref_src=twsrc%5Etfw\">#Colosio<\/a><br \/>Comunicado <a href=\"https:\/\/t.co\/gOVtKQ2dCu\">https:\/\/t.co\/gOVtKQ2dCu<\/a><a href=\"https:\/\/twitter.com\/f_javier_acuna?ref_src=twsrc%5Etfw\">@f_javier_acuna<\/a> <a href=\"https:\/\/twitter.com\/OscarGuerraFord?ref_src=twsrc%5Etfw\">@OscarGuerraFord<\/a> <a href=\"https:\/\/twitter.com\/bl_ibarra?ref_src=twsrc%5Etfw\">@bl_ibarra<\/a> @mpkv_inai <a href=\"https:\/\/twitter.com\/joelsas?ref_src=twsrc%5Etfw\">@joelsas<\/a> <a href=\"https:\/\/t.co\/EL5X2nnY40\">pic.twitter.com\/EL5X2nnY40<\/a><\/p>\n<p>&mdash; INAI (@INAImexico) <a href=\"https:\/\/twitter.com\/INAImexico\/status\/1073616957784629248?ref_src=twsrc%5Etfw\">December 14, 2018<\/a><\/p><\/blockquote>\n<p><script async src=\"https:\/\/platform.twitter.com\/widgets.js\" charset=\"utf-8\"><\/script><\/p>\n<blockquote>\n<p>\u201cEn este pleno ha quedado de manifiesto el inter\u00e9s de la sociedad mexicana de conocer la verdad, as\u00ed como la investigaci\u00f3n y los elementos de prueba de la autoridad de procuraci\u00f3n de justicia\u201d, manifest\u00f3.<\/p>\n<\/blockquote>\n<p>Un particular solicit\u00f3 los <strong>videos y las grabaciones de audio<\/strong> de los careos del 26 y 29 de mayo, y del 1 de junio de 1995 entre Oth\u00f3n Cortez V\u00e1zquez y <strong>Mario Aburto Mart\u00ednez<\/strong>.<\/p>\n<p>As\u00ed como los careos del 26 y 29 de mayo de 1995 entre Oth\u00f3n Cortez V\u00e1zquez y un testigo; el careo de fecha 26 de mayo de 1995 entre Cortez V\u00e1zquez y una testigo, y el careo de fecha 1 de junio de 1995 entre Cortez V\u00e1zquez y un testigo.<\/p>\n<p>El Consejo de la Judicatura al dar respuesta argument\u00f3 que se hab\u00edan ingresado varias solicitudes de acceso relacionadas con este tema, lo cual provoc\u00f3 que se acumularan, e inform\u00f3 que una vez que exista la respuesta se atender\u00e1n las diversas peticiones, incluida la presente solicitud.<\/p>\n<p>Inconforme con lo anterior, el particular interpuso recurso de revisi\u00f3n ante el Inai, que orden\u00f3 al Consejo realizar una b\u00fasqueda en todas sus unidades administrativas competentes y d\u00e9 respuesta de inmediato.<\/p>\n<p>La pasada semana, m\u00e1s de 24 a\u00f1os despu\u00e9s del mayor magnicidio en M\u00e9xico desde 1928, los mexicanos revivieron el traum\u00e1tico momento del asesinato del candidato presidencial Luis Donaldo <strong>Colosio<\/strong> con la divulgaci\u00f3n de un video que deb\u00eda permanecer clasificado hasta 2035.<\/p>\n<blockquote>\n<p>El material, difundido inicialmente por un rotativo de M\u00e9xico gracias a una resoluci\u00f3n del Inai, hab\u00eda sido clasificado hasta 2035 por la Procuradur\u00eda General de la Rep\u00fablica (PGR) en noviembre de 2000.<\/p>\n<\/blockquote>\n<p>Luis Donaldo Colosio fue asesinado el 23 de marzo de 1994 durante un acto pol\u00edtico en Tijuana, estado de Baja California.<\/p>\n<div id=\"attachment_3510903\" class=\"wp-caption alignnone\"><img loading=\"lazy\" decoding=\"async\" class=\"size-full wp-image-3510903\" src=\"https:\/\/www.sinembargo.mx\/wp-content\/uploads\/2018\/12\/luis-donaldo-asesinato-700-1.jpg\" alt=\"\" width=\"700\" height=\"2577\" \/><\/p>\n<p class=\"wp-caption-text\">El segundo tr\u00e1gico. Im\u00e1genes tomadas del video<\/p>\n<\/div>\n<p><strong>PGR LIBERA VIDEO DEL ASESINATO DE COLOSIO<\/strong><\/p>\n<p>El\u00a0video completo\u00a0del momento del\u00a0asesinato\u00a0del candidato Presidencial\u00a0Luis Donaldo Colosio\u00a0Murrieta ha sido\u00a0difundido\u00a0este jueves, 24 a\u00f1os despu\u00e9s del crimen. La grabaci\u00f3n hab\u00eda sido reservada por la Procuradur\u00eda General de la Rep\u00fablica (PGR) hasta 2035. Sin embargo el Instituto Nacional de Transparencia, Acceso a la Informaci\u00f3n y Protecci\u00f3n de Datos Personales (Inai) orden\u00f3 que fuera liberado.<\/p>\n<blockquote>\n<p>La grabaci\u00f3n\u00a0<a href=\"https:\/\/www.elsoldemexico.com.mx\/mexico\/justicia\/video-asesinato-luis-donaldo-colosio-lomas-taurinas-1994-desclasificado-inai-pgr-pri-exclusivo-2763284.html\" target=\"_blank\" rel=\"noopener\"><strong>ha sido difundida esta ma\u00f1ana por el diario\u00a0<em>El Sol de M\u00e9xico<\/em><\/strong><\/a>, a 24 a\u00f1os de que el entonces candidato a la Presidencia del Partido Revolucionario Institucional (PRI) fuera asesinado, el 23 de marzo de 1994 durante un acto de campa\u00f1a en Tijuana, Baja California.<\/p>\n<\/blockquote>\n<p>Un video editado del asesinato ya hab\u00eda sido difundido.\u00a0Ahora aparece la versi\u00f3n completa. La grabaci\u00f3n, explica el diario, fue realizada por un agente de la entonces Polic\u00eda Judicial Federal.<\/p>\n<p>En la grabaci\u00f3n se ve a Colosio caminar entre la multitud, saludar personas mientras suena de fondo un tema de la Banda Machos. El candidato luce sonriente, habla con las personas y las saluda de mano; mientras algunos simpatizantes le entregan peticiones.<\/p>\n<p><iframe loading=\"lazy\" title=\"Corte de prensa JSS PGR\" width=\"640\" height=\"360\" src=\"https:\/\/www.youtube.com\/embed\/oTPPcx6TdXQ?feature=oembed\" frameborder=\"0\" allow=\"accelerometer; autoplay; clipboard-write; encrypted-media; gyroscope; picture-in-picture; web-share\" referrerpolicy=\"strict-origin-when-cross-origin\" allowfullscreen><\/iframe><\/p>\n<p>Despu\u00e9s, todo es desorden, la gente comienza a correr. Varias personas hacen un cerco alrededor de Colosio, lo cargan y lo sacan a prisa de entre la multitud. La m\u00fasica se para. Colosio fue trasladado a un hospital cercano en donde muri\u00f3 tres horas despu\u00e9s.<\/p>\n<p>Mario Aburto Mart\u00ednez, fue el hombre al que el Estado mexicano acusa de haber matado de dos tiros a Luis Donaldo Colosio.<\/p>\n<p>La PGR clasific\u00f3 la grabaci\u00f3n en noviembre del a\u00f1o 2000 unas semanas antes de que concluyera el sexenio del ex Presidente Ernesto Zedillo, quien reemplaz\u00f3 a Colosio tras su asesinato.<\/p>\n<p>El pasado 7 de octubre, el Inai instruy\u00f3 a la PGR que diera a conocer el videocasete identificado como BTC-01 titulado con la leyenda \u201cAtentado a Lic. Colosio\u201d, relativo al asesinato del licenciado Luis Donaldo Colosio Murrieta, el cual se encontraba clasificado hasta 2035.<\/p>\n<blockquote>\n<p>El Instituto argument\u00f3\u00a0que su contenido se relaciona con uno de los momentos que marcaron la historia pol\u00edtica contempor\u00e1nea del pa\u00eds.<\/p>\n<\/blockquote>\n<p>El Inai record\u00f3 que el \u00faltimo fiscal de la entonces Subprocuradur\u00eda Especial cerr\u00f3 el caso y turn\u00f3 al Archivo General de la Naci\u00f3n, \u201cadvirtiendo que deb\u00eda ser clasificada hasta 2035\u201d.<\/p>\n<div id=\"attachment_3510905\" class=\"wp-caption alignnone\"><img loading=\"lazy\" decoding=\"async\" class=\"size-full wp-image-3510905\" src=\"https:\/\/www.sinembargo.mx\/wp-content\/uploads\/2018\/12\/image-2018-01-27-150329.jpg\" sizes=\"auto, (max-width: 700px) 100vw, 700px\" srcset=\"https:\/\/www.sinembargo.mx\/wp-content\/uploads\/2018\/12\/image-2018-01-27-150329.jpg 700w, https:\/\/www.sinembargo.mx\/wp-content\/uploads\/2018\/12\/image-2018-01-27-150329-187x300.jpg 187w\" alt=\"\" width=\"700\" height=\"1124\" \/><\/p>\n<p class=\"wp-caption-text\">Mario Aburto Mart\u00ednez durante su presentaci\u00f3n como actor material del asesinato de Luis Donaldo Colosio. El 23 de marzo de 1994, el candidato del PRI a la Presidencia fue asesinado en un mitin en Lomas Taurinas, Tijuana. Foto: Ricardo Reyes, Cuartoscuro<\/p>\n<\/div>\n<p>El organismo detall\u00f3 que la PGR clasific\u00f3 la informaci\u00f3n solicitada argumentando que hacer p\u00fablico el video representaba un riesgo, pues se relacionaba con una indagatoria y corresponde a la informaci\u00f3n reservada en noviembre de 2000; el sujeto obligado indic\u00f3 que la clasificaci\u00f3n fue confirmada por su Comit\u00e9 de Transparencia.<\/p>\n<blockquote>\n<p>Antes, en 2011, el entonces IFAI orden\u00f3 a la PGR dar a conocer los 13 videos del momento exacto del atentado y, en agosto de 2018, el Inai instruy\u00f3 al mismo sujeto obligado dar a conocer los informes de las investigaciones sobre el asesinato del candidato presidencial Luis Donaldo Colosio, hechas durante la gesti\u00f3n de Diego Valad\u00e9s.<\/p>\n<\/blockquote>\n<p><strong>EL ASESINO, BAJO RESERVA<\/strong><\/p>\n<p>Mario Aburto Mart\u00ednez, el hombre al que el Estado mexicano acusa de haber matado de dos tiros a Luis Donaldo Colosio Murrieta y el reo m\u00e1s protegido bajo datos cerrados. Su expediente est\u00e1 clasificado como confidencial y ning\u00fan mexicano que no sea \u00e9l mismo puede tener acceso.<\/p>\n<p>No puede saberse nada de su aspecto f\u00edsico 24 a\u00f1os despu\u00e9s. Tampoco si a\u00fan se considera inocente o si \u201cal verdadero asesino\u201d lo mataron en un taller mec\u00e1nico como escribi\u00f3 en una carta que le dirigi\u00f3 a su familia en 1994.<\/p>\n<blockquote>\n<p>Han pasado 24 a\u00f1os de la tortuosa tarde de Lomas Taurinas y Aburto Mart\u00ednez se ha convertido en el \u00fanico que puede dar testimonio de qu\u00e9 ocurri\u00f3. Desde octubre de 2000, al final del sexenio de Ernesto Zedillo Ponce de Le\u00f3n (1994-2000), la investigaci\u00f3n judicial se detuvo por completo y fue enviada a la reserva a la b\u00f3veda del Archivo General de la Naci\u00f3n.<\/p>\n<\/blockquote>\n<p>Mientras, el expediente del hombre identificado con el nombre de Mario Aburto Mart\u00ednez se mantiene clasificado como confidencial y nadie que no sea \u00e9l mismo o un familiar autorizado puede tener acceso. Para Mario Aburto s\u00ed hay una fecha marcada. El 23 de marzo de 2039 ser\u00e1 liberado. Faltan cuatro sexenios.<\/p>\n","protected":false},"excerpt":{"rendered":"<p>El INAI ordena al CJF entregar los videos y audios del careo en 1995 entre Aburto y Oth\u00f3n Cortez<br \/>\nPor Redacci\u00f3n QP<\/p>\n","protected":false},"author":2,"featured_media":11790,"comment_status":"open","ping_status":"open","sticky":false,"template":"","format":"standard","meta":{"_monsterinsights_skip_tracking":false,"_monsterinsights_sitenote_active":false,"_monsterinsights_sitenote_note":"","_monsterinsights_sitenote_category":0,"footnotes":""},"categories":[2],"tags":[],"class_list":["post-11791","post","type-post","status-publish","format-standard","has-post-thumbnail","hentry","category-noticias"],"yoast_head":"<!-- This site is optimized with the Yoast SEO plugin v27.3 - https:\/\/yoast.com\/product\/yoast-seo-wordpress\/ -->\n<title>El INAI ordena al CJF entregar los videos y audios del careo en 1995 entre Aburto y Oth\u00f3n Cortez -<\/title>\n<meta name=\"robots\" content=\"index, follow, max-snippet:-1, max-image-preview:large, max-video-preview:-1\" \/>\n<link rel=\"canonical\" href=\"https:\/\/quehacerpolitico.mx\/?p=11791\" \/>\n<meta property=\"og:locale\" content=\"es_MX\" \/>\n<meta property=\"og:type\" content=\"article\" \/>\n<meta property=\"og:title\" content=\"El INAI ordena al CJF entregar los videos y audios del careo en 1995 entre Aburto y Oth\u00f3n Cortez -\" \/>\n<meta property=\"og:description\" content=\"El INAI ordena al CJF entregar los videos y audios del careo en 1995 entre Aburto y Oth\u00f3n Cortez Por Redacci\u00f3n QP\" \/>\n<meta property=\"og:url\" content=\"https:\/\/quehacerpolitico.mx\/?p=11791\" \/>\n<meta property=\"article:published_time\" content=\"2018-12-14T19:26:39+00:00\" \/>\n<meta name=\"author\" content=\"Redacci\u00f3n QP\" \/>\n<meta name=\"twitter:card\" content=\"summary_large_image\" \/>\n<meta name=\"twitter:label1\" content=\"Escrito por\" \/>\n\t<meta name=\"twitter:data1\" content=\"Redacci\u00f3n QP\" \/>\n\t<meta name=\"twitter:label2\" content=\"Tiempo de lectura\" \/>\n\t<meta name=\"twitter:data2\" content=\"6 minutos\" \/>\n<script type=\"application\/ld+json\" class=\"yoast-schema-graph\">{\"@context\":\"https:\\\/\\\/schema.org\",\"@graph\":[{\"@type\":\"Article\",\"@id\":\"https:\\\/\\\/quehacerpolitico.mx\\\/?p=11791#article\",\"isPartOf\":{\"@id\":\"https:\\\/\\\/quehacerpolitico.mx\\\/?p=11791\"},\"author\":{\"name\":\"Redacci\u00f3n QP\",\"@id\":\"https:\\\/\\\/quehacerpolitico.mx\\\/#\\\/schema\\\/person\\\/496d8ad2d1d3f8036101dca7ee39e585\"},\"headline\":\"El INAI ordena al CJF entregar los videos y audios del careo en 1995 entre Aburto y Oth\u00f3n Cortez\",\"datePublished\":\"2018-12-14T19:26:39+00:00\",\"mainEntityOfPage\":{\"@id\":\"https:\\\/\\\/quehacerpolitico.mx\\\/?p=11791\"},\"wordCount\":1268,\"commentCount\":0,\"image\":{\"@id\":\"https:\\\/\\\/quehacerpolitico.mx\\\/?p=11791#primaryimage\"},\"thumbnailUrl\":\"\",\"articleSection\":[\"Noticias\"],\"inLanguage\":\"es\",\"potentialAction\":[{\"@type\":\"CommentAction\",\"name\":\"Comment\",\"target\":[\"https:\\\/\\\/quehacerpolitico.mx\\\/?p=11791#respond\"]}]},{\"@type\":\"WebPage\",\"@id\":\"https:\\\/\\\/quehacerpolitico.mx\\\/?p=11791\",\"url\":\"https:\\\/\\\/quehacerpolitico.mx\\\/?p=11791\",\"name\":\"El INAI ordena al CJF entregar los videos y audios del careo en 1995 entre Aburto y Oth\u00f3n Cortez -\",\"isPartOf\":{\"@id\":\"https:\\\/\\\/quehacerpolitico.mx\\\/#website\"},\"primaryImageOfPage\":{\"@id\":\"https:\\\/\\\/quehacerpolitico.mx\\\/?p=11791#primaryimage\"},\"image\":{\"@id\":\"https:\\\/\\\/quehacerpolitico.mx\\\/?p=11791#primaryimage\"},\"thumbnailUrl\":\"\",\"datePublished\":\"2018-12-14T19:26:39+00:00\",\"author\":{\"@id\":\"https:\\\/\\\/quehacerpolitico.mx\\\/#\\\/schema\\\/person\\\/496d8ad2d1d3f8036101dca7ee39e585\"},\"breadcrumb\":{\"@id\":\"https:\\\/\\\/quehacerpolitico.mx\\\/?p=11791#breadcrumb\"},\"inLanguage\":\"es\",\"potentialAction\":[{\"@type\":\"ReadAction\",\"target\":[\"https:\\\/\\\/quehacerpolitico.mx\\\/?p=11791\"]}]},{\"@type\":\"ImageObject\",\"inLanguage\":\"es\",\"@id\":\"https:\\\/\\\/quehacerpolitico.mx\\\/?p=11791#primaryimage\",\"url\":\"\",\"contentUrl\":\"\"},{\"@type\":\"BreadcrumbList\",\"@id\":\"https:\\\/\\\/quehacerpolitico.mx\\\/?p=11791#breadcrumb\",\"itemListElement\":[{\"@type\":\"ListItem\",\"position\":1,\"name\":\"Inicio\",\"item\":\"https:\\\/\\\/quehacerpolitico.mx\\\/\"},{\"@type\":\"ListItem\",\"position\":2,\"name\":\"El INAI ordena al CJF entregar los videos y audios del careo en 1995 entre Aburto y Oth\u00f3n Cortez\"}]},{\"@type\":\"WebSite\",\"@id\":\"https:\\\/\\\/quehacerpolitico.mx\\\/#website\",\"url\":\"https:\\\/\\\/quehacerpolitico.mx\\\/\",\"name\":\"\",\"description\":\"\",\"potentialAction\":[{\"@type\":\"SearchAction\",\"target\":{\"@type\":\"EntryPoint\",\"urlTemplate\":\"https:\\\/\\\/quehacerpolitico.mx\\\/?s={search_term_string}\"},\"query-input\":{\"@type\":\"PropertyValueSpecification\",\"valueRequired\":true,\"valueName\":\"search_term_string\"}}],\"inLanguage\":\"es\"},{\"@type\":\"Person\",\"@id\":\"https:\\\/\\\/quehacerpolitico.mx\\\/#\\\/schema\\\/person\\\/496d8ad2d1d3f8036101dca7ee39e585\",\"name\":\"Redacci\u00f3n QP\",\"image\":{\"@type\":\"ImageObject\",\"inLanguage\":\"es\",\"@id\":\"https:\\\/\\\/secure.gravatar.com\\\/avatar\\\/c7164ed6fdec453195284ad24a5ae5b6e1eed2b848477fa2a4787ba9adf39a41?s=96&d=mm&r=g\",\"url\":\"https:\\\/\\\/secure.gravatar.com\\\/avatar\\\/c7164ed6fdec453195284ad24a5ae5b6e1eed2b848477fa2a4787ba9adf39a41?s=96&d=mm&r=g\",\"contentUrl\":\"https:\\\/\\\/secure.gravatar.com\\\/avatar\\\/c7164ed6fdec453195284ad24a5ae5b6e1eed2b848477fa2a4787ba9adf39a41?s=96&d=mm&r=g\",\"caption\":\"Redacci\u00f3n QP\"},\"url\":\"https:\\\/\\\/quehacerpolitico.mx\\\/?author=2\"}]}<\/script>\n<!-- \/ Yoast SEO plugin. -->","yoast_head_json":{"title":"El INAI ordena al CJF entregar los videos y audios del careo en 1995 entre Aburto y Oth\u00f3n Cortez -","robots":{"index":"index","follow":"follow","max-snippet":"max-snippet:-1","max-image-preview":"max-image-preview:large","max-video-preview":"max-video-preview:-1"},"canonical":"https:\/\/quehacerpolitico.mx\/?p=11791","og_locale":"es_MX","og_type":"article","og_title":"El INAI ordena al CJF entregar los videos y audios del careo en 1995 entre Aburto y Oth\u00f3n Cortez -","og_description":"El INAI ordena al CJF entregar los videos y audios del careo en 1995 entre Aburto y Oth\u00f3n Cortez Por Redacci\u00f3n QP","og_url":"https:\/\/quehacerpolitico.mx\/?p=11791","article_published_time":"2018-12-14T19:26:39+00:00","author":"Redacci\u00f3n QP","twitter_card":"summary_large_image","twitter_misc":{"Escrito por":"Redacci\u00f3n QP","Tiempo de lectura":"6 minutos"},"schema":{"@context":"https:\/\/schema.org","@graph":[{"@type":"Article","@id":"https:\/\/quehacerpolitico.mx\/?p=11791#article","isPartOf":{"@id":"https:\/\/quehacerpolitico.mx\/?p=11791"},"author":{"name":"Redacci\u00f3n QP","@id":"https:\/\/quehacerpolitico.mx\/#\/schema\/person\/496d8ad2d1d3f8036101dca7ee39e585"},"headline":"El INAI ordena al CJF entregar los videos y audios del careo en 1995 entre Aburto y Oth\u00f3n Cortez","datePublished":"2018-12-14T19:26:39+00:00","mainEntityOfPage":{"@id":"https:\/\/quehacerpolitico.mx\/?p=11791"},"wordCount":1268,"commentCount":0,"image":{"@id":"https:\/\/quehacerpolitico.mx\/?p=11791#primaryimage"},"thumbnailUrl":"","articleSection":["Noticias"],"inLanguage":"es","potentialAction":[{"@type":"CommentAction","name":"Comment","target":["https:\/\/quehacerpolitico.mx\/?p=11791#respond"]}]},{"@type":"WebPage","@id":"https:\/\/quehacerpolitico.mx\/?p=11791","url":"https:\/\/quehacerpolitico.mx\/?p=11791","name":"El INAI ordena al CJF entregar los videos y audios del careo en 1995 entre Aburto y Oth\u00f3n Cortez -","isPartOf":{"@id":"https:\/\/quehacerpolitico.mx\/#website"},"primaryImageOfPage":{"@id":"https:\/\/quehacerpolitico.mx\/?p=11791#primaryimage"},"image":{"@id":"https:\/\/quehacerpolitico.mx\/?p=11791#primaryimage"},"thumbnailUrl":"","datePublished":"2018-12-14T19:26:39+00:00","author":{"@id":"https:\/\/quehacerpolitico.mx\/#\/schema\/person\/496d8ad2d1d3f8036101dca7ee39e585"},"breadcrumb":{"@id":"https:\/\/quehacerpolitico.mx\/?p=11791#breadcrumb"},"inLanguage":"es","potentialAction":[{"@type":"ReadAction","target":["https:\/\/quehacerpolitico.mx\/?p=11791"]}]},{"@type":"ImageObject","inLanguage":"es","@id":"https:\/\/quehacerpolitico.mx\/?p=11791#primaryimage","url":"","contentUrl":""},{"@type":"BreadcrumbList","@id":"https:\/\/quehacerpolitico.mx\/?p=11791#breadcrumb","itemListElement":[{"@type":"ListItem","position":1,"name":"Inicio","item":"https:\/\/quehacerpolitico.mx\/"},{"@type":"ListItem","position":2,"name":"El INAI ordena al CJF entregar los videos y audios del careo en 1995 entre Aburto y Oth\u00f3n Cortez"}]},{"@type":"WebSite","@id":"https:\/\/quehacerpolitico.mx\/#website","url":"https:\/\/quehacerpolitico.mx\/","name":"","description":"","potentialAction":[{"@type":"SearchAction","target":{"@type":"EntryPoint","urlTemplate":"https:\/\/quehacerpolitico.mx\/?s={search_term_string}"},"query-input":{"@type":"PropertyValueSpecification","valueRequired":true,"valueName":"search_term_string"}}],"inLanguage":"es"},{"@type":"Person","@id":"https:\/\/quehacerpolitico.mx\/#\/schema\/person\/496d8ad2d1d3f8036101dca7ee39e585","name":"Redacci\u00f3n QP","image":{"@type":"ImageObject","inLanguage":"es","@id":"https:\/\/secure.gravatar.com\/avatar\/c7164ed6fdec453195284ad24a5ae5b6e1eed2b848477fa2a4787ba9adf39a41?s=96&d=mm&r=g","url":"https:\/\/secure.gravatar.com\/avatar\/c7164ed6fdec453195284ad24a5ae5b6e1eed2b848477fa2a4787ba9adf39a41?s=96&d=mm&r=g","contentUrl":"https:\/\/secure.gravatar.com\/avatar\/c7164ed6fdec453195284ad24a5ae5b6e1eed2b848477fa2a4787ba9adf39a41?s=96&d=mm&r=g","caption":"Redacci\u00f3n QP"},"url":"https:\/\/quehacerpolitico.mx\/?author=2"}]}},"featured_image_urls":{"full":"","thumbnail":"","medium":"","medium_large":"","large":"","1536x1536":"","2048x2048":"","covernews-featured":"","covernews-medium":""},"author_info":{"display_name":"Redacci\u00f3n QP","author_link":"https:\/\/quehacerpolitico.mx\/?author=2"},"category_info":"<a href=\"https:\/\/quehacerpolitico.mx\/?cat=2\" rel=\"category\">Noticias<\/a>","tag_info":"Noticias","comment_count":"0","_links":{"self":[{"href":"https:\/\/quehacerpolitico.mx\/index.php?rest_route=\/wp\/v2\/posts\/11791","targetHints":{"allow":["GET"]}}],"collection":[{"href":"https:\/\/quehacerpolitico.mx\/index.php?rest_route=\/wp\/v2\/posts"}],"about":[{"href":"https:\/\/quehacerpolitico.mx\/index.php?rest_route=\/wp\/v2\/types\/post"}],"author":[{"embeddable":true,"href":"https:\/\/quehacerpolitico.mx\/index.php?rest_route=\/wp\/v2\/users\/2"}],"replies":[{"embeddable":true,"href":"https:\/\/quehacerpolitico.mx\/index.php?rest_route=%2Fwp%2Fv2%2Fcomments&post=11791"}],"version-history":[{"count":0,"href":"https:\/\/quehacerpolitico.mx\/index.php?rest_route=\/wp\/v2\/posts\/11791\/revisions"}],"wp:featuredmedia":[{"embeddable":true,"href":"https:\/\/quehacerpolitico.mx\/index.php?rest_route=\/"}],"wp:attachment":[{"href":"https:\/\/quehacerpolitico.mx\/index.php?rest_route=%2Fwp%2Fv2%2Fmedia&parent=11791"}],"wp:term":[{"taxonomy":"category","embeddable":true,"href":"https:\/\/quehacerpolitico.mx\/index.php?rest_route=%2Fwp%2Fv2%2Fcategories&post=11791"},{"taxonomy":"post_tag","embeddable":true,"href":"https:\/\/quehacerpolitico.mx\/index.php?rest_route=%2Fwp%2Fv2%2Ftags&post=11791"}],"curies":[{"name":"wp","href":"https:\/\/api.w.org\/{rel}","templated":true}]}}