{"id":117881,"date":"2025-07-18T15:01:37","date_gmt":"2025-07-18T21:01:37","guid":{"rendered":"https:\/\/quehacerpolitico.mx\/?p=117881"},"modified":"2025-07-18T15:01:39","modified_gmt":"2025-07-18T21:01:39","slug":"reaparece-adan-augusto-lopez-ofrece-ponerse-a-disposicion-de-cualquier-autoridad-que-lo-requiera","status":"publish","type":"post","link":"https:\/\/quehacerpolitico.mx\/?p=117881","title":{"rendered":"Reaparece Ad\u00e1n Augusto L\u00f3pez ofrece ponerse a disposici\u00f3n de cualquier autoridad que lo requiera"},"content":{"rendered":"\n<p>Por Redacci\u00f3n QP<\/p>\n\n\n\n<p>La ausencia del coordinador ha llamado la atenci\u00f3n desde que se dio a conocer que al ex secretario de Seguridad en Tabasco que nombr\u00f3 cuando fue gobernador le fue girada una orden de aprehensi\u00f3n<\/p>\n\n\n\n<p>El coordinador de Morena en el Senado,&nbsp;<strong>Ad\u00e1n Augusto L\u00f3pez Hern\u00e1ndez<\/strong>, se dijo dispuesto a acudir ante cualquier autoridad que lo requiera, como parte de la&nbsp;<strong>investigaci\u00f3n de la Fiscal\u00eda General de Justicia de Tabasco<\/strong>, que actualmente busca por v\u00ednculos con el crimen organizado a&nbsp;<strong>Hern\u00e1n Berm\u00fadez Requena<\/strong>,&nbsp;ex secretario de Seguridad de ese estado cuando L\u00f3pez Hern\u00e1ndez fue gobernador tabasque\u00f1o.<\/p>\n\n\n\n<figure class=\"wp-block-embed is-type-rich is-provider-twitter wp-block-embed-twitter\"><div class=\"wp-block-embed__wrapper\">\n<blockquote class=\"twitter-tweet\" data-width=\"550\" data-dnt=\"true\"><p lang=\"es\" dir=\"ltr\">Fui gobernador de Tabasco desde el 1 de enero de 2019, hasta el 26 de agosto de 2021, cuando el Presidente Andr\u00e9s Manuel  L\u00f3pez Obrador me invit\u00f3 a acompa\u00f1arlo como Secretario de Gobernaci\u00f3n.<br><br>Durante mi gobierno, enfrentamos grandes retos en materia de seguridad, y logramos\u2026 <a href=\"https:\/\/t.co\/xE0hRpneFb\">pic.twitter.com\/xE0hRpneFb<\/a><\/p>&mdash; Ad\u00e1n Augusto L\u00f3pez H (@adan_augusto) <a href=\"https:\/\/twitter.com\/adan_augusto\/status\/1946292879833665801?ref_src=twsrc%5Etfw\">July 18, 2025<\/a><\/blockquote><script async src=\"https:\/\/platform.twitter.com\/widgets.js\" charset=\"utf-8\"><\/script>\n<\/div><\/figure>\n\n\n\n<p>\u201cAunque no he sido requerido, estoy a la orden de cualquier autoridad que solicite mi presencia\u201d, dijo en un breve mensaje posteado en sus&nbsp;<strong>redes sociales<\/strong>.<\/p>\n\n\n\n<p>Hasta el mediod\u00eda de este viernes, la oficina de L\u00f3pez Hern\u00e1ndez en el Senado luc\u00eda&nbsp;<strong>sin movimiento<\/strong>, y no hab\u00eda registro de su presencia en el recinto legislativo.<\/p>\n\n\n\n<p>Desde el fin de semana que se confirm\u00f3 la&nbsp;<strong>orden de aprehensi\u00f3n<\/strong>&nbsp;contra Hern\u00e1n Berm\u00fadez, el coordinador morenista en el Senado ha tenido&nbsp;<strong>actividades privadas<\/strong>&nbsp;en su oficina, y ha evitado hacer&nbsp;<strong>declaraciones<\/strong>&nbsp;a los medios de comunicaci\u00f3n. El legislador s\u00f3lo ha tenido reuniones con el vicecoordinador morenista,&nbsp;<strong>Ignacio Mier Velazco<\/strong>.&nbsp;<\/p>\n\n\n\n<p>En su conferencia de prensa en Palacio Nacional este viernes, la presidenta Claudia Sheinbaum pidi\u00f3 a L\u00f3pez Hern\u00e1ndez dar&nbsp;<strong>su versi\u00f3n de los hechos<\/strong>, y advirti\u00f3 que su gobierno no encubre a nadie. \u201cSer\u00eda pertinente que el senador tambi\u00e9n&nbsp;<strong>diera su versi\u00f3n<\/strong>, es importante\u201d, expres\u00f3 la mandataria.&nbsp;&nbsp;<\/p>\n\n\n\n<p>Sheinbaum Pardo afirm\u00f3 que durante el gobierno de Ad\u00e1n Augusto L\u00f3pez, en Tabasco se redujo la violencia que crec\u00eda en la entidad.&nbsp;<br>En su mensaje en redes sociales, el legislador coloc\u00f3 una gr\u00e1fica con datos del Secretariado Ejecutivo del Sistema Nacional de Seguridad P\u00fablica, para asegurar que \u201cdurante mi gobierno, enfrentamos grandes retos en materia de seguridad, y logramos reducir sustancialmente la actividad delictiva, como muestro en la gr\u00e1fica adjunta\u201d.<\/p>\n","protected":false},"excerpt":{"rendered":"<p>Por Redacci\u00f3n QP La ausencia del coordinador ha llamado la atenci\u00f3n desde que se dio&#8230;<\/p>\n","protected":false},"author":2,"featured_media":117882,"comment_status":"open","ping_status":"open","sticky":false,"template":"","format":"standard","meta":{"_monsterinsights_skip_tracking":false,"_monsterinsights_sitenote_active":false,"_monsterinsights_sitenote_note":"","_monsterinsights_sitenote_category":0,"footnotes":""},"categories":[280,2],"tags":[],"class_list":["post-117881","post","type-post","status-publish","format-standard","has-post-thumbnail","hentry","category-nacionales","category-noticias"],"yoast_head":"<!-- This site is optimized with the Yoast SEO plugin v27.3 - https:\/\/yoast.com\/product\/yoast-seo-wordpress\/ -->\n<title>Reaparece Ad\u00e1n Augusto L\u00f3pez ofrece ponerse a disposici\u00f3n de cualquier autoridad que lo requiera -<\/title>\n<meta name=\"robots\" content=\"index, follow, max-snippet:-1, max-image-preview:large, max-video-preview:-1\" \/>\n<link rel=\"canonical\" href=\"https:\/\/quehacerpolitico.mx\/?p=117881\" \/>\n<meta property=\"og:locale\" content=\"es_MX\" \/>\n<meta property=\"og:type\" content=\"article\" \/>\n<meta property=\"og:title\" content=\"Reaparece Ad\u00e1n Augusto L\u00f3pez ofrece ponerse a disposici\u00f3n de cualquier autoridad que lo requiera -\" \/>\n<meta property=\"og:description\" content=\"Por Redacci\u00f3n QP La ausencia del coordinador ha llamado la atenci\u00f3n desde que se dio...\" \/>\n<meta property=\"og:url\" content=\"https:\/\/quehacerpolitico.mx\/?p=117881\" \/>\n<meta property=\"article:published_time\" content=\"2025-07-18T21:01:37+00:00\" \/>\n<meta property=\"article:modified_time\" content=\"2025-07-18T21:01:39+00:00\" \/>\n<meta property=\"og:image\" content=\"https:\/\/quehacerpolitico.mx\/wp-content\/uploads\/2025\/07\/IMG_1917.jpeg\" \/>\n\t<meta property=\"og:image:width\" content=\"640\" \/>\n\t<meta property=\"og:image:height\" content=\"480\" \/>\n\t<meta property=\"og:image:type\" content=\"image\/jpeg\" \/>\n<meta name=\"author\" content=\"Redacci\u00f3n QP\" \/>\n<meta name=\"twitter:card\" content=\"summary_large_image\" \/>\n<meta name=\"twitter:label1\" content=\"Escrito por\" \/>\n\t<meta name=\"twitter:data1\" content=\"Redacci\u00f3n QP\" \/>\n\t<meta name=\"twitter:label2\" content=\"Tiempo de lectura\" \/>\n\t<meta name=\"twitter:data2\" content=\"2 minutos\" \/>\n<script type=\"application\/ld+json\" class=\"yoast-schema-graph\">{\"@context\":\"https:\\\/\\\/schema.org\",\"@graph\":[{\"@type\":\"Article\",\"@id\":\"https:\\\/\\\/quehacerpolitico.mx\\\/?p=117881#article\",\"isPartOf\":{\"@id\":\"https:\\\/\\\/quehacerpolitico.mx\\\/?p=117881\"},\"author\":{\"name\":\"Redacci\u00f3n QP\",\"@id\":\"https:\\\/\\\/quehacerpolitico.mx\\\/#\\\/schema\\\/person\\\/496d8ad2d1d3f8036101dca7ee39e585\"},\"headline\":\"Reaparece Ad\u00e1n Augusto L\u00f3pez ofrece ponerse a disposici\u00f3n de cualquier autoridad que lo requiera\",\"datePublished\":\"2025-07-18T21:01:37+00:00\",\"dateModified\":\"2025-07-18T21:01:39+00:00\",\"mainEntityOfPage\":{\"@id\":\"https:\\\/\\\/quehacerpolitico.mx\\\/?p=117881\"},\"wordCount\":399,\"commentCount\":0,\"image\":{\"@id\":\"https:\\\/\\\/quehacerpolitico.mx\\\/?p=117881#primaryimage\"},\"thumbnailUrl\":\"https:\\\/\\\/quehacerpolitico.mx\\\/wp-content\\\/uploads\\\/2025\\\/07\\\/IMG_1917.jpeg\",\"articleSection\":[\"Nacionales\",\"Noticias\"],\"inLanguage\":\"es\",\"potentialAction\":[{\"@type\":\"CommentAction\",\"name\":\"Comment\",\"target\":[\"https:\\\/\\\/quehacerpolitico.mx\\\/?p=117881#respond\"]}]},{\"@type\":\"WebPage\",\"@id\":\"https:\\\/\\\/quehacerpolitico.mx\\\/?p=117881\",\"url\":\"https:\\\/\\\/quehacerpolitico.mx\\\/?p=117881\",\"name\":\"Reaparece Ad\u00e1n Augusto L\u00f3pez ofrece ponerse a disposici\u00f3n de cualquier autoridad que lo requiera -\",\"isPartOf\":{\"@id\":\"https:\\\/\\\/quehacerpolitico.mx\\\/#website\"},\"primaryImageOfPage\":{\"@id\":\"https:\\\/\\\/quehacerpolitico.mx\\\/?p=117881#primaryimage\"},\"image\":{\"@id\":\"https:\\\/\\\/quehacerpolitico.mx\\\/?p=117881#primaryimage\"},\"thumbnailUrl\":\"https:\\\/\\\/quehacerpolitico.mx\\\/wp-content\\\/uploads\\\/2025\\\/07\\\/IMG_1917.jpeg\",\"datePublished\":\"2025-07-18T21:01:37+00:00\",\"dateModified\":\"2025-07-18T21:01:39+00:00\",\"author\":{\"@id\":\"https:\\\/\\\/quehacerpolitico.mx\\\/#\\\/schema\\\/person\\\/496d8ad2d1d3f8036101dca7ee39e585\"},\"breadcrumb\":{\"@id\":\"https:\\\/\\\/quehacerpolitico.mx\\\/?p=117881#breadcrumb\"},\"inLanguage\":\"es\",\"potentialAction\":[{\"@type\":\"ReadAction\",\"target\":[\"https:\\\/\\\/quehacerpolitico.mx\\\/?p=117881\"]}]},{\"@type\":\"ImageObject\",\"inLanguage\":\"es\",\"@id\":\"https:\\\/\\\/quehacerpolitico.mx\\\/?p=117881#primaryimage\",\"url\":\"https:\\\/\\\/quehacerpolitico.mx\\\/wp-content\\\/uploads\\\/2025\\\/07\\\/IMG_1917.jpeg\",\"contentUrl\":\"https:\\\/\\\/quehacerpolitico.mx\\\/wp-content\\\/uploads\\\/2025\\\/07\\\/IMG_1917.jpeg\",\"width\":640,\"height\":480},{\"@type\":\"BreadcrumbList\",\"@id\":\"https:\\\/\\\/quehacerpolitico.mx\\\/?p=117881#breadcrumb\",\"itemListElement\":[{\"@type\":\"ListItem\",\"position\":1,\"name\":\"Inicio\",\"item\":\"https:\\\/\\\/quehacerpolitico.mx\\\/\"},{\"@type\":\"ListItem\",\"position\":2,\"name\":\"Reaparece Ad\u00e1n Augusto L\u00f3pez ofrece ponerse a disposici\u00f3n de cualquier autoridad que lo requiera\"}]},{\"@type\":\"WebSite\",\"@id\":\"https:\\\/\\\/quehacerpolitico.mx\\\/#website\",\"url\":\"https:\\\/\\\/quehacerpolitico.mx\\\/\",\"name\":\"\",\"description\":\"\",\"potentialAction\":[{\"@type\":\"SearchAction\",\"target\":{\"@type\":\"EntryPoint\",\"urlTemplate\":\"https:\\\/\\\/quehacerpolitico.mx\\\/?s={search_term_string}\"},\"query-input\":{\"@type\":\"PropertyValueSpecification\",\"valueRequired\":true,\"valueName\":\"search_term_string\"}}],\"inLanguage\":\"es\"},{\"@type\":\"Person\",\"@id\":\"https:\\\/\\\/quehacerpolitico.mx\\\/#\\\/schema\\\/person\\\/496d8ad2d1d3f8036101dca7ee39e585\",\"name\":\"Redacci\u00f3n QP\",\"image\":{\"@type\":\"ImageObject\",\"inLanguage\":\"es\",\"@id\":\"https:\\\/\\\/secure.gravatar.com\\\/avatar\\\/c7164ed6fdec453195284ad24a5ae5b6e1eed2b848477fa2a4787ba9adf39a41?s=96&d=mm&r=g\",\"url\":\"https:\\\/\\\/secure.gravatar.com\\\/avatar\\\/c7164ed6fdec453195284ad24a5ae5b6e1eed2b848477fa2a4787ba9adf39a41?s=96&d=mm&r=g\",\"contentUrl\":\"https:\\\/\\\/secure.gravatar.com\\\/avatar\\\/c7164ed6fdec453195284ad24a5ae5b6e1eed2b848477fa2a4787ba9adf39a41?s=96&d=mm&r=g\",\"caption\":\"Redacci\u00f3n QP\"},\"url\":\"https:\\\/\\\/quehacerpolitico.mx\\\/?author=2\"}]}<\/script>\n<!-- \/ Yoast SEO plugin. -->","yoast_head_json":{"title":"Reaparece Ad\u00e1n Augusto L\u00f3pez ofrece ponerse a disposici\u00f3n de cualquier autoridad que lo requiera -","robots":{"index":"index","follow":"follow","max-snippet":"max-snippet:-1","max-image-preview":"max-image-preview:large","max-video-preview":"max-video-preview:-1"},"canonical":"https:\/\/quehacerpolitico.mx\/?p=117881","og_locale":"es_MX","og_type":"article","og_title":"Reaparece Ad\u00e1n Augusto L\u00f3pez ofrece ponerse a disposici\u00f3n de cualquier autoridad que lo requiera -","og_description":"Por Redacci\u00f3n QP La ausencia del coordinador ha llamado la atenci\u00f3n desde que se dio...","og_url":"https:\/\/quehacerpolitico.mx\/?p=117881","article_published_time":"2025-07-18T21:01:37+00:00","article_modified_time":"2025-07-18T21:01:39+00:00","og_image":[{"width":640,"height":480,"url":"https:\/\/quehacerpolitico.mx\/wp-content\/uploads\/2025\/07\/IMG_1917.jpeg","type":"image\/jpeg"}],"author":"Redacci\u00f3n QP","twitter_card":"summary_large_image","twitter_misc":{"Escrito por":"Redacci\u00f3n QP","Tiempo de lectura":"2 minutos"},"schema":{"@context":"https:\/\/schema.org","@graph":[{"@type":"Article","@id":"https:\/\/quehacerpolitico.mx\/?p=117881#article","isPartOf":{"@id":"https:\/\/quehacerpolitico.mx\/?p=117881"},"author":{"name":"Redacci\u00f3n QP","@id":"https:\/\/quehacerpolitico.mx\/#\/schema\/person\/496d8ad2d1d3f8036101dca7ee39e585"},"headline":"Reaparece Ad\u00e1n Augusto L\u00f3pez ofrece ponerse a disposici\u00f3n de cualquier autoridad que lo requiera","datePublished":"2025-07-18T21:01:37+00:00","dateModified":"2025-07-18T21:01:39+00:00","mainEntityOfPage":{"@id":"https:\/\/quehacerpolitico.mx\/?p=117881"},"wordCount":399,"commentCount":0,"image":{"@id":"https:\/\/quehacerpolitico.mx\/?p=117881#primaryimage"},"thumbnailUrl":"https:\/\/quehacerpolitico.mx\/wp-content\/uploads\/2025\/07\/IMG_1917.jpeg","articleSection":["Nacionales","Noticias"],"inLanguage":"es","potentialAction":[{"@type":"CommentAction","name":"Comment","target":["https:\/\/quehacerpolitico.mx\/?p=117881#respond"]}]},{"@type":"WebPage","@id":"https:\/\/quehacerpolitico.mx\/?p=117881","url":"https:\/\/quehacerpolitico.mx\/?p=117881","name":"Reaparece Ad\u00e1n Augusto L\u00f3pez ofrece ponerse a disposici\u00f3n de cualquier autoridad que lo requiera -","isPartOf":{"@id":"https:\/\/quehacerpolitico.mx\/#website"},"primaryImageOfPage":{"@id":"https:\/\/quehacerpolitico.mx\/?p=117881#primaryimage"},"image":{"@id":"https:\/\/quehacerpolitico.mx\/?p=117881#primaryimage"},"thumbnailUrl":"https:\/\/quehacerpolitico.mx\/wp-content\/uploads\/2025\/07\/IMG_1917.jpeg","datePublished":"2025-07-18T21:01:37+00:00","dateModified":"2025-07-18T21:01:39+00:00","author":{"@id":"https:\/\/quehacerpolitico.mx\/#\/schema\/person\/496d8ad2d1d3f8036101dca7ee39e585"},"breadcrumb":{"@id":"https:\/\/quehacerpolitico.mx\/?p=117881#breadcrumb"},"inLanguage":"es","potentialAction":[{"@type":"ReadAction","target":["https:\/\/quehacerpolitico.mx\/?p=117881"]}]},{"@type":"ImageObject","inLanguage":"es","@id":"https:\/\/quehacerpolitico.mx\/?p=117881#primaryimage","url":"https:\/\/quehacerpolitico.mx\/wp-content\/uploads\/2025\/07\/IMG_1917.jpeg","contentUrl":"https:\/\/quehacerpolitico.mx\/wp-content\/uploads\/2025\/07\/IMG_1917.jpeg","width":640,"height":480},{"@type":"BreadcrumbList","@id":"https:\/\/quehacerpolitico.mx\/?p=117881#breadcrumb","itemListElement":[{"@type":"ListItem","position":1,"name":"Inicio","item":"https:\/\/quehacerpolitico.mx\/"},{"@type":"ListItem","position":2,"name":"Reaparece Ad\u00e1n Augusto L\u00f3pez ofrece ponerse a disposici\u00f3n de cualquier autoridad que lo requiera"}]},{"@type":"WebSite","@id":"https:\/\/quehacerpolitico.mx\/#website","url":"https:\/\/quehacerpolitico.mx\/","name":"","description":"","potentialAction":[{"@type":"SearchAction","target":{"@type":"EntryPoint","urlTemplate":"https:\/\/quehacerpolitico.mx\/?s={search_term_string}"},"query-input":{"@type":"PropertyValueSpecification","valueRequired":true,"valueName":"search_term_string"}}],"inLanguage":"es"},{"@type":"Person","@id":"https:\/\/quehacerpolitico.mx\/#\/schema\/person\/496d8ad2d1d3f8036101dca7ee39e585","name":"Redacci\u00f3n QP","image":{"@type":"ImageObject","inLanguage":"es","@id":"https:\/\/secure.gravatar.com\/avatar\/c7164ed6fdec453195284ad24a5ae5b6e1eed2b848477fa2a4787ba9adf39a41?s=96&d=mm&r=g","url":"https:\/\/secure.gravatar.com\/avatar\/c7164ed6fdec453195284ad24a5ae5b6e1eed2b848477fa2a4787ba9adf39a41?s=96&d=mm&r=g","contentUrl":"https:\/\/secure.gravatar.com\/avatar\/c7164ed6fdec453195284ad24a5ae5b6e1eed2b848477fa2a4787ba9adf39a41?s=96&d=mm&r=g","caption":"Redacci\u00f3n QP"},"url":"https:\/\/quehacerpolitico.mx\/?author=2"}]}},"featured_image_urls":{"full":["https:\/\/quehacerpolitico.mx\/wp-content\/uploads\/2025\/07\/IMG_1917.jpeg",640,480,false],"thumbnail":["https:\/\/quehacerpolitico.mx\/wp-content\/uploads\/2025\/07\/IMG_1917-150x150.jpeg",150,150,true],"medium":["https:\/\/quehacerpolitico.mx\/wp-content\/uploads\/2025\/07\/IMG_1917-300x225.jpeg",300,225,true],"medium_large":["https:\/\/quehacerpolitico.mx\/wp-content\/uploads\/2025\/07\/IMG_1917.jpeg",640,480,false],"large":["https:\/\/quehacerpolitico.mx\/wp-content\/uploads\/2025\/07\/IMG_1917.jpeg",640,480,false],"1536x1536":["https:\/\/quehacerpolitico.mx\/wp-content\/uploads\/2025\/07\/IMG_1917.jpeg",640,480,false],"2048x2048":["https:\/\/quehacerpolitico.mx\/wp-content\/uploads\/2025\/07\/IMG_1917.jpeg",640,480,false],"covernews-featured":["https:\/\/quehacerpolitico.mx\/wp-content\/uploads\/2025\/07\/IMG_1917.jpeg",640,480,false],"covernews-medium":["https:\/\/quehacerpolitico.mx\/wp-content\/uploads\/2025\/07\/IMG_1917-540x340.jpeg",540,340,true]},"author_info":{"display_name":"Redacci\u00f3n QP","author_link":"https:\/\/quehacerpolitico.mx\/?author=2"},"category_info":"<a href=\"https:\/\/quehacerpolitico.mx\/?cat=280\" rel=\"category\">Nacionales<\/a> <a href=\"https:\/\/quehacerpolitico.mx\/?cat=2\" rel=\"category\">Noticias<\/a>","tag_info":"Noticias","comment_count":"0","_links":{"self":[{"href":"https:\/\/quehacerpolitico.mx\/index.php?rest_route=\/wp\/v2\/posts\/117881","targetHints":{"allow":["GET"]}}],"collection":[{"href":"https:\/\/quehacerpolitico.mx\/index.php?rest_route=\/wp\/v2\/posts"}],"about":[{"href":"https:\/\/quehacerpolitico.mx\/index.php?rest_route=\/wp\/v2\/types\/post"}],"author":[{"embeddable":true,"href":"https:\/\/quehacerpolitico.mx\/index.php?rest_route=\/wp\/v2\/users\/2"}],"replies":[{"embeddable":true,"href":"https:\/\/quehacerpolitico.mx\/index.php?rest_route=%2Fwp%2Fv2%2Fcomments&post=117881"}],"version-history":[{"count":1,"href":"https:\/\/quehacerpolitico.mx\/index.php?rest_route=\/wp\/v2\/posts\/117881\/revisions"}],"predecessor-version":[{"id":117883,"href":"https:\/\/quehacerpolitico.mx\/index.php?rest_route=\/wp\/v2\/posts\/117881\/revisions\/117883"}],"wp:featuredmedia":[{"embeddable":true,"href":"https:\/\/quehacerpolitico.mx\/index.php?rest_route=\/wp\/v2\/media\/117882"}],"wp:attachment":[{"href":"https:\/\/quehacerpolitico.mx\/index.php?rest_route=%2Fwp%2Fv2%2Fmedia&parent=117881"}],"wp:term":[{"taxonomy":"category","embeddable":true,"href":"https:\/\/quehacerpolitico.mx\/index.php?rest_route=%2Fwp%2Fv2%2Fcategories&post=117881"},{"taxonomy":"post_tag","embeddable":true,"href":"https:\/\/quehacerpolitico.mx\/index.php?rest_route=%2Fwp%2Fv2%2Ftags&post=117881"}],"curies":[{"name":"wp","href":"https:\/\/api.w.org\/{rel}","templated":true}]}}