{"id":117863,"date":"2025-07-18T12:59:23","date_gmt":"2025-07-18T18:59:23","guid":{"rendered":"https:\/\/quehacerpolitico.mx\/?p=117863"},"modified":"2025-07-18T12:59:25","modified_gmt":"2025-07-18T18:59:25","slug":"la-actividad-economica-en-mexico-crece-un-1-3-interanual-en-junio","status":"publish","type":"post","link":"https:\/\/quehacerpolitico.mx\/?p=117863","title":{"rendered":"La actividad econ\u00f3mica en M\u00e9xico crece un 1.3% interanual en junio"},"content":{"rendered":"\n<p>Por Redacci\u00f3n QP<\/p>\n\n\n\n<p>El Indicador Oportuno de la Actividad Econ\u00f3mica estim\u00f3 anticipadamente el desempe\u00f1o de la econom\u00eda antes de la publicaci\u00f3n del \u00edndice general, un referencial del Producto Interno Bruto mensual<\/p>\n\n\n\n<p>La actividad econ\u00f3mica&nbsp;<strong>creci\u00f3 un 1.3% en junio<\/strong>&nbsp;en relaci\u00f3n con el mismo mes del a\u00f1o anterior, de acuerdo a las cifras preliminares emitidas el viernes por el Instituto Nacional de Estad\u00edstica y&nbsp;Geograf\u00eda (<strong>INEGI)<\/strong>.<\/p>\n\n\n\n<p>En comparaci\u00f3n con el mes anterior, la econom\u00eda habr\u00eda aumentado un 0.2%, seg\u00fan la agencia.<\/p>\n\n\n\n<p>El Indicador Oportuno de la Actividad Econ\u00f3mica (<strong>IOAE<\/strong>) estim\u00f3&nbsp;anticipadamente el desempe\u00f1o de la econom\u00eda antes de la publicaci\u00f3n del \u00edndice general (<strong>IGAE<\/strong>), un referencial del Producto Interno Bruto (<strong>PIB<\/strong>) mensual.<\/p>\n\n\n\n<h2 class=\"wp-block-heading\">Qu\u00e9 dicen los analistas<\/h2>\n\n\n\n<p>Especialistas de grupos financieros y corredur\u00edas emitieron su opini\u00f3n&nbsp;sobre los mercados&nbsp;mexicanos y la econom\u00eda;&nbsp;a&nbsp;continuaci\u00f3n, un resumen de los reportes del 18 de julio.<\/p>\n\n\n\n<p>Banamex: Estima el<strong>&nbsp;INPC<\/strong>&nbsp;quincenal en un 0.25% para la primera quincena de julio, lo que implicar\u00eda un crecimiento anual del 3.65%, la variaci\u00f3n responder\u00eda principalmente al aumento en servicios (excluyendo la educaci\u00f3n y vivienda), as\u00ed como las mercanc\u00edas alimenticias.<\/p>\n\n\n\n<p>Para los precios subyacentes proyectar\u00e1n un crecimiento tambi\u00e9n quincenal del 0.23% o un aumento de hasta un 4.33% anual.&nbsp;<\/p>\n\n\n\n<p>Monex: El peso es favorecido por la correcci\u00f3n del d\u00f3lar a medida que se moder\u00f3 el apetito de los<strong>&nbsp;inversores<\/strong>, mientras persisti\u00f3 la incertidumbre sobre una posible resoluci\u00f3n comercial entre M\u00e9xico y Estados Unidos previa a la imposici\u00f3n de aranceles que entrar\u00e1n en vigor&nbsp;el 1 de agosto.<\/p>\n\n\n\n<p>Actinver: Hasta hoy, la moneda actual acumulaba una apreciaci\u00f3n de un 10.1%, aunque el movimiento se explic\u00f3 mayoritariamente por la debilidad del d\u00f3lar a nivel global, el&nbsp;<strong>mercado<\/strong>&nbsp;premi\u00f3 el esfuerzo fiscal que realiz\u00f3 el gobierno federal.&nbsp;<\/p>\n\n\n\n<p>Con informaci\u00f3n de&nbsp;<em>Reuters<\/em><\/p>\n\n\n\n<p>Vector: Los futuros accionarios estadounidenses anticiparon una apertura positiva de las bolsas&nbsp;luego de que algunos adelantos en las negociaciones comerciales del pa\u00eds vecino con la Uni\u00f3n Europea (<strong>UE<\/strong>) y China, el gobernador del Fed,&nbsp;<strong>Christopher Waller<\/strong>, contin\u00faa creyendo que la reserva federal deber\u00eda recortar las tasas este mes.&nbsp;<\/p>\n\n\n\n<p>Copkapital: En M\u00e9xico, el&nbsp;<strong>IPC&nbsp;<\/strong>tratar\u00e1 de alcanzar la resistencia en su promedio m\u00f3vil de un mes ubicado en 56 mil 980 puntos y consolidar el alzar si no hay sorpresas negativas.&nbsp;<\/p>\n\n\n\n<p>Mientras que los analistas predec\u00edan sus escenarios para la econom\u00eda, el peso se cotizaba en 18.7005 por d\u00f3lar, con una apreciaci\u00f3n de un 0.29% frente a los 18.7550 pesos del precio de referencia de<strong>&nbsp;LSEG<\/strong>&nbsp;del jueves.&nbsp;&nbsp;<\/p>\n\n\n\n<p>Por su parte, el \u00edndice de la&nbsp;<strong>bolsa<\/strong>, subi\u00f3 el jueves un 0.38% a 56 mil 714.92 puntos, en su tercera jornada de ganancias.<\/p>\n","protected":false},"excerpt":{"rendered":"<p>Por Redacci\u00f3n QP El Indicador Oportuno de la Actividad Econ\u00f3mica estim\u00f3 anticipadamente el desempe\u00f1o de&#8230;<\/p>\n","protected":false},"author":2,"featured_media":117864,"comment_status":"open","ping_status":"open","sticky":false,"template":"","format":"standard","meta":{"_monsterinsights_skip_tracking":false,"_monsterinsights_sitenote_active":false,"_monsterinsights_sitenote_note":"","_monsterinsights_sitenote_category":0,"footnotes":""},"categories":[56],"tags":[],"class_list":["post-117863","post","type-post","status-publish","format-standard","has-post-thumbnail","hentry","category-economia"],"yoast_head":"<!-- This site is optimized with the Yoast SEO plugin v27.3 - https:\/\/yoast.com\/product\/yoast-seo-wordpress\/ -->\n<title>La actividad econ\u00f3mica en M\u00e9xico crece un 1.3% interanual en junio -<\/title>\n<meta name=\"robots\" content=\"index, follow, max-snippet:-1, max-image-preview:large, max-video-preview:-1\" \/>\n<link rel=\"canonical\" href=\"https:\/\/quehacerpolitico.mx\/?p=117863\" \/>\n<meta property=\"og:locale\" content=\"es_MX\" \/>\n<meta property=\"og:type\" content=\"article\" \/>\n<meta property=\"og:title\" content=\"La actividad econ\u00f3mica en M\u00e9xico crece un 1.3% interanual en junio -\" \/>\n<meta property=\"og:description\" content=\"Por Redacci\u00f3n QP El Indicador Oportuno de la Actividad Econ\u00f3mica estim\u00f3 anticipadamente el desempe\u00f1o de...\" \/>\n<meta property=\"og:url\" content=\"https:\/\/quehacerpolitico.mx\/?p=117863\" \/>\n<meta property=\"article:published_time\" content=\"2025-07-18T18:59:23+00:00\" \/>\n<meta property=\"article:modified_time\" content=\"2025-07-18T18:59:25+00:00\" \/>\n<meta property=\"og:image\" content=\"https:\/\/quehacerpolitico.mx\/wp-content\/uploads\/2025\/07\/IMG_1905.jpeg\" \/>\n\t<meta property=\"og:image:width\" content=\"783\" \/>\n\t<meta property=\"og:image:height\" content=\"391\" \/>\n\t<meta property=\"og:image:type\" content=\"image\/jpeg\" \/>\n<meta name=\"author\" content=\"Redacci\u00f3n QP\" \/>\n<meta name=\"twitter:card\" content=\"summary_large_image\" \/>\n<meta name=\"twitter:label1\" content=\"Escrito por\" \/>\n\t<meta name=\"twitter:data1\" content=\"Redacci\u00f3n QP\" \/>\n\t<meta name=\"twitter:label2\" content=\"Tiempo de lectura\" \/>\n\t<meta name=\"twitter:data2\" content=\"2 minutos\" \/>\n<script type=\"application\/ld+json\" class=\"yoast-schema-graph\">{\"@context\":\"https:\\\/\\\/schema.org\",\"@graph\":[{\"@type\":\"Article\",\"@id\":\"https:\\\/\\\/quehacerpolitico.mx\\\/?p=117863#article\",\"isPartOf\":{\"@id\":\"https:\\\/\\\/quehacerpolitico.mx\\\/?p=117863\"},\"author\":{\"name\":\"Redacci\u00f3n QP\",\"@id\":\"https:\\\/\\\/quehacerpolitico.mx\\\/#\\\/schema\\\/person\\\/496d8ad2d1d3f8036101dca7ee39e585\"},\"headline\":\"La actividad econ\u00f3mica en M\u00e9xico crece un 1.3% interanual en junio\",\"datePublished\":\"2025-07-18T18:59:23+00:00\",\"dateModified\":\"2025-07-18T18:59:25+00:00\",\"mainEntityOfPage\":{\"@id\":\"https:\\\/\\\/quehacerpolitico.mx\\\/?p=117863\"},\"wordCount\":504,\"commentCount\":0,\"image\":{\"@id\":\"https:\\\/\\\/quehacerpolitico.mx\\\/?p=117863#primaryimage\"},\"thumbnailUrl\":\"https:\\\/\\\/quehacerpolitico.mx\\\/wp-content\\\/uploads\\\/2025\\\/07\\\/IMG_1905.jpeg\",\"articleSection\":[\"Econom\u00eda\"],\"inLanguage\":\"es\",\"potentialAction\":[{\"@type\":\"CommentAction\",\"name\":\"Comment\",\"target\":[\"https:\\\/\\\/quehacerpolitico.mx\\\/?p=117863#respond\"]}]},{\"@type\":\"WebPage\",\"@id\":\"https:\\\/\\\/quehacerpolitico.mx\\\/?p=117863\",\"url\":\"https:\\\/\\\/quehacerpolitico.mx\\\/?p=117863\",\"name\":\"La actividad econ\u00f3mica en M\u00e9xico crece un 1.3% interanual en junio -\",\"isPartOf\":{\"@id\":\"https:\\\/\\\/quehacerpolitico.mx\\\/#website\"},\"primaryImageOfPage\":{\"@id\":\"https:\\\/\\\/quehacerpolitico.mx\\\/?p=117863#primaryimage\"},\"image\":{\"@id\":\"https:\\\/\\\/quehacerpolitico.mx\\\/?p=117863#primaryimage\"},\"thumbnailUrl\":\"https:\\\/\\\/quehacerpolitico.mx\\\/wp-content\\\/uploads\\\/2025\\\/07\\\/IMG_1905.jpeg\",\"datePublished\":\"2025-07-18T18:59:23+00:00\",\"dateModified\":\"2025-07-18T18:59:25+00:00\",\"author\":{\"@id\":\"https:\\\/\\\/quehacerpolitico.mx\\\/#\\\/schema\\\/person\\\/496d8ad2d1d3f8036101dca7ee39e585\"},\"breadcrumb\":{\"@id\":\"https:\\\/\\\/quehacerpolitico.mx\\\/?p=117863#breadcrumb\"},\"inLanguage\":\"es\",\"potentialAction\":[{\"@type\":\"ReadAction\",\"target\":[\"https:\\\/\\\/quehacerpolitico.mx\\\/?p=117863\"]}]},{\"@type\":\"ImageObject\",\"inLanguage\":\"es\",\"@id\":\"https:\\\/\\\/quehacerpolitico.mx\\\/?p=117863#primaryimage\",\"url\":\"https:\\\/\\\/quehacerpolitico.mx\\\/wp-content\\\/uploads\\\/2025\\\/07\\\/IMG_1905.jpeg\",\"contentUrl\":\"https:\\\/\\\/quehacerpolitico.mx\\\/wp-content\\\/uploads\\\/2025\\\/07\\\/IMG_1905.jpeg\",\"width\":783,\"height\":391},{\"@type\":\"BreadcrumbList\",\"@id\":\"https:\\\/\\\/quehacerpolitico.mx\\\/?p=117863#breadcrumb\",\"itemListElement\":[{\"@type\":\"ListItem\",\"position\":1,\"name\":\"Inicio\",\"item\":\"https:\\\/\\\/quehacerpolitico.mx\\\/\"},{\"@type\":\"ListItem\",\"position\":2,\"name\":\"La actividad econ\u00f3mica en M\u00e9xico crece un 1.3% interanual en junio\"}]},{\"@type\":\"WebSite\",\"@id\":\"https:\\\/\\\/quehacerpolitico.mx\\\/#website\",\"url\":\"https:\\\/\\\/quehacerpolitico.mx\\\/\",\"name\":\"\",\"description\":\"\",\"potentialAction\":[{\"@type\":\"SearchAction\",\"target\":{\"@type\":\"EntryPoint\",\"urlTemplate\":\"https:\\\/\\\/quehacerpolitico.mx\\\/?s={search_term_string}\"},\"query-input\":{\"@type\":\"PropertyValueSpecification\",\"valueRequired\":true,\"valueName\":\"search_term_string\"}}],\"inLanguage\":\"es\"},{\"@type\":\"Person\",\"@id\":\"https:\\\/\\\/quehacerpolitico.mx\\\/#\\\/schema\\\/person\\\/496d8ad2d1d3f8036101dca7ee39e585\",\"name\":\"Redacci\u00f3n QP\",\"image\":{\"@type\":\"ImageObject\",\"inLanguage\":\"es\",\"@id\":\"https:\\\/\\\/secure.gravatar.com\\\/avatar\\\/c7164ed6fdec453195284ad24a5ae5b6e1eed2b848477fa2a4787ba9adf39a41?s=96&d=mm&r=g\",\"url\":\"https:\\\/\\\/secure.gravatar.com\\\/avatar\\\/c7164ed6fdec453195284ad24a5ae5b6e1eed2b848477fa2a4787ba9adf39a41?s=96&d=mm&r=g\",\"contentUrl\":\"https:\\\/\\\/secure.gravatar.com\\\/avatar\\\/c7164ed6fdec453195284ad24a5ae5b6e1eed2b848477fa2a4787ba9adf39a41?s=96&d=mm&r=g\",\"caption\":\"Redacci\u00f3n QP\"},\"url\":\"https:\\\/\\\/quehacerpolitico.mx\\\/?author=2\"}]}<\/script>\n<!-- \/ Yoast SEO plugin. -->","yoast_head_json":{"title":"La actividad econ\u00f3mica en M\u00e9xico crece un 1.3% interanual en junio -","robots":{"index":"index","follow":"follow","max-snippet":"max-snippet:-1","max-image-preview":"max-image-preview:large","max-video-preview":"max-video-preview:-1"},"canonical":"https:\/\/quehacerpolitico.mx\/?p=117863","og_locale":"es_MX","og_type":"article","og_title":"La actividad econ\u00f3mica en M\u00e9xico crece un 1.3% interanual en junio -","og_description":"Por Redacci\u00f3n QP El Indicador Oportuno de la Actividad Econ\u00f3mica estim\u00f3 anticipadamente el desempe\u00f1o de...","og_url":"https:\/\/quehacerpolitico.mx\/?p=117863","article_published_time":"2025-07-18T18:59:23+00:00","article_modified_time":"2025-07-18T18:59:25+00:00","og_image":[{"width":783,"height":391,"url":"https:\/\/quehacerpolitico.mx\/wp-content\/uploads\/2025\/07\/IMG_1905.jpeg","type":"image\/jpeg"}],"author":"Redacci\u00f3n QP","twitter_card":"summary_large_image","twitter_misc":{"Escrito por":"Redacci\u00f3n QP","Tiempo de lectura":"2 minutos"},"schema":{"@context":"https:\/\/schema.org","@graph":[{"@type":"Article","@id":"https:\/\/quehacerpolitico.mx\/?p=117863#article","isPartOf":{"@id":"https:\/\/quehacerpolitico.mx\/?p=117863"},"author":{"name":"Redacci\u00f3n QP","@id":"https:\/\/quehacerpolitico.mx\/#\/schema\/person\/496d8ad2d1d3f8036101dca7ee39e585"},"headline":"La actividad econ\u00f3mica en M\u00e9xico crece un 1.3% interanual en junio","datePublished":"2025-07-18T18:59:23+00:00","dateModified":"2025-07-18T18:59:25+00:00","mainEntityOfPage":{"@id":"https:\/\/quehacerpolitico.mx\/?p=117863"},"wordCount":504,"commentCount":0,"image":{"@id":"https:\/\/quehacerpolitico.mx\/?p=117863#primaryimage"},"thumbnailUrl":"https:\/\/quehacerpolitico.mx\/wp-content\/uploads\/2025\/07\/IMG_1905.jpeg","articleSection":["Econom\u00eda"],"inLanguage":"es","potentialAction":[{"@type":"CommentAction","name":"Comment","target":["https:\/\/quehacerpolitico.mx\/?p=117863#respond"]}]},{"@type":"WebPage","@id":"https:\/\/quehacerpolitico.mx\/?p=117863","url":"https:\/\/quehacerpolitico.mx\/?p=117863","name":"La actividad econ\u00f3mica en M\u00e9xico crece un 1.3% interanual en junio -","isPartOf":{"@id":"https:\/\/quehacerpolitico.mx\/#website"},"primaryImageOfPage":{"@id":"https:\/\/quehacerpolitico.mx\/?p=117863#primaryimage"},"image":{"@id":"https:\/\/quehacerpolitico.mx\/?p=117863#primaryimage"},"thumbnailUrl":"https:\/\/quehacerpolitico.mx\/wp-content\/uploads\/2025\/07\/IMG_1905.jpeg","datePublished":"2025-07-18T18:59:23+00:00","dateModified":"2025-07-18T18:59:25+00:00","author":{"@id":"https:\/\/quehacerpolitico.mx\/#\/schema\/person\/496d8ad2d1d3f8036101dca7ee39e585"},"breadcrumb":{"@id":"https:\/\/quehacerpolitico.mx\/?p=117863#breadcrumb"},"inLanguage":"es","potentialAction":[{"@type":"ReadAction","target":["https:\/\/quehacerpolitico.mx\/?p=117863"]}]},{"@type":"ImageObject","inLanguage":"es","@id":"https:\/\/quehacerpolitico.mx\/?p=117863#primaryimage","url":"https:\/\/quehacerpolitico.mx\/wp-content\/uploads\/2025\/07\/IMG_1905.jpeg","contentUrl":"https:\/\/quehacerpolitico.mx\/wp-content\/uploads\/2025\/07\/IMG_1905.jpeg","width":783,"height":391},{"@type":"BreadcrumbList","@id":"https:\/\/quehacerpolitico.mx\/?p=117863#breadcrumb","itemListElement":[{"@type":"ListItem","position":1,"name":"Inicio","item":"https:\/\/quehacerpolitico.mx\/"},{"@type":"ListItem","position":2,"name":"La actividad econ\u00f3mica en M\u00e9xico crece un 1.3% interanual en junio"}]},{"@type":"WebSite","@id":"https:\/\/quehacerpolitico.mx\/#website","url":"https:\/\/quehacerpolitico.mx\/","name":"","description":"","potentialAction":[{"@type":"SearchAction","target":{"@type":"EntryPoint","urlTemplate":"https:\/\/quehacerpolitico.mx\/?s={search_term_string}"},"query-input":{"@type":"PropertyValueSpecification","valueRequired":true,"valueName":"search_term_string"}}],"inLanguage":"es"},{"@type":"Person","@id":"https:\/\/quehacerpolitico.mx\/#\/schema\/person\/496d8ad2d1d3f8036101dca7ee39e585","name":"Redacci\u00f3n QP","image":{"@type":"ImageObject","inLanguage":"es","@id":"https:\/\/secure.gravatar.com\/avatar\/c7164ed6fdec453195284ad24a5ae5b6e1eed2b848477fa2a4787ba9adf39a41?s=96&d=mm&r=g","url":"https:\/\/secure.gravatar.com\/avatar\/c7164ed6fdec453195284ad24a5ae5b6e1eed2b848477fa2a4787ba9adf39a41?s=96&d=mm&r=g","contentUrl":"https:\/\/secure.gravatar.com\/avatar\/c7164ed6fdec453195284ad24a5ae5b6e1eed2b848477fa2a4787ba9adf39a41?s=96&d=mm&r=g","caption":"Redacci\u00f3n QP"},"url":"https:\/\/quehacerpolitico.mx\/?author=2"}]}},"featured_image_urls":{"full":["https:\/\/quehacerpolitico.mx\/wp-content\/uploads\/2025\/07\/IMG_1905.jpeg",783,391,false],"thumbnail":["https:\/\/quehacerpolitico.mx\/wp-content\/uploads\/2025\/07\/IMG_1905-150x150.jpeg",150,150,true],"medium":["https:\/\/quehacerpolitico.mx\/wp-content\/uploads\/2025\/07\/IMG_1905-300x150.jpeg",300,150,true],"medium_large":["https:\/\/quehacerpolitico.mx\/wp-content\/uploads\/2025\/07\/IMG_1905-768x384.jpeg",640,320,true],"large":["https:\/\/quehacerpolitico.mx\/wp-content\/uploads\/2025\/07\/IMG_1905.jpeg",640,320,false],"1536x1536":["https:\/\/quehacerpolitico.mx\/wp-content\/uploads\/2025\/07\/IMG_1905.jpeg",783,391,false],"2048x2048":["https:\/\/quehacerpolitico.mx\/wp-content\/uploads\/2025\/07\/IMG_1905.jpeg",783,391,false],"covernews-featured":["https:\/\/quehacerpolitico.mx\/wp-content\/uploads\/2025\/07\/IMG_1905.jpeg",783,391,false],"covernews-medium":["https:\/\/quehacerpolitico.mx\/wp-content\/uploads\/2025\/07\/IMG_1905-540x340.jpeg",540,340,true]},"author_info":{"display_name":"Redacci\u00f3n QP","author_link":"https:\/\/quehacerpolitico.mx\/?author=2"},"category_info":"<a href=\"https:\/\/quehacerpolitico.mx\/?cat=56\" rel=\"category\">Econom\u00eda<\/a>","tag_info":"Econom\u00eda","comment_count":"0","_links":{"self":[{"href":"https:\/\/quehacerpolitico.mx\/index.php?rest_route=\/wp\/v2\/posts\/117863","targetHints":{"allow":["GET"]}}],"collection":[{"href":"https:\/\/quehacerpolitico.mx\/index.php?rest_route=\/wp\/v2\/posts"}],"about":[{"href":"https:\/\/quehacerpolitico.mx\/index.php?rest_route=\/wp\/v2\/types\/post"}],"author":[{"embeddable":true,"href":"https:\/\/quehacerpolitico.mx\/index.php?rest_route=\/wp\/v2\/users\/2"}],"replies":[{"embeddable":true,"href":"https:\/\/quehacerpolitico.mx\/index.php?rest_route=%2Fwp%2Fv2%2Fcomments&post=117863"}],"version-history":[{"count":1,"href":"https:\/\/quehacerpolitico.mx\/index.php?rest_route=\/wp\/v2\/posts\/117863\/revisions"}],"predecessor-version":[{"id":117865,"href":"https:\/\/quehacerpolitico.mx\/index.php?rest_route=\/wp\/v2\/posts\/117863\/revisions\/117865"}],"wp:featuredmedia":[{"embeddable":true,"href":"https:\/\/quehacerpolitico.mx\/index.php?rest_route=\/wp\/v2\/media\/117864"}],"wp:attachment":[{"href":"https:\/\/quehacerpolitico.mx\/index.php?rest_route=%2Fwp%2Fv2%2Fmedia&parent=117863"}],"wp:term":[{"taxonomy":"category","embeddable":true,"href":"https:\/\/quehacerpolitico.mx\/index.php?rest_route=%2Fwp%2Fv2%2Fcategories&post=117863"},{"taxonomy":"post_tag","embeddable":true,"href":"https:\/\/quehacerpolitico.mx\/index.php?rest_route=%2Fwp%2Fv2%2Ftags&post=117863"}],"curies":[{"name":"wp","href":"https:\/\/api.w.org\/{rel}","templated":true}]}}