{"id":117857,"date":"2025-07-18T12:24:37","date_gmt":"2025-07-18T18:24:37","guid":{"rendered":"https:\/\/quehacerpolitico.mx\/?p=117857"},"modified":"2025-07-18T12:24:39","modified_gmt":"2025-07-18T18:24:39","slug":"sheinbaum-reprocha-alza-del-7-a-tarifas-en-uber-por-reforma-laboral-afirma-que-usuarios-no-deben-absorber-el-costo","status":"publish","type":"post","link":"https:\/\/quehacerpolitico.mx\/?p=117857","title":{"rendered":"Sheinbaum reprocha alza del 7% a tarifas en Uber por reforma laboral; afirma que usuarios no deben absorber el costo"},"content":{"rendered":"\n<p>Por Redacci\u00f3n QP<\/p>\n\n\n\n<p>La presidenta enfatiz\u00f3 que la compa\u00f1\u00eda tiene &#8220;ganancias impresionantes&#8221;, por lo que el consumidor final no debe de asumir la inscripci\u00f3n al IMSS de los trabajadores<\/p>\n\n\n\n<p>La presidenta&nbsp;<strong>Claudia Sheinbaum<\/strong>reproch\u00f3 que&nbsp;<strong>Uber<\/strong>, plataforma de taxi por aplicaci\u00f3n, anunciara el incremento del 7% a las tarifas del viaje bajo el pretexto de cumplir con la&nbsp;<strong>nueva reforma laboral&nbsp;<\/strong>con la que los trabajadores deben estar dados de alta ante el Instituto Mexicano del Seguro Social (IMSS).&nbsp;<\/p>\n\n\n\n<p>En conferencia de prensa, la mandataria afirm\u00f3 que la empresa\u00a0<strong>est\u00e1 trasladando ese costo al consumidor\u00a0<\/strong>y que deb\u00eda de ser la compa\u00f1\u00eda quien deb\u00eda de absorber el gasto de la inscripci\u00f3n al IMSS.<\/p>\n\n\n\n<figure class=\"wp-block-embed is-type-rich is-provider-twitter wp-block-embed-twitter\"><div class=\"wp-block-embed__wrapper\">\n<blockquote class=\"twitter-tweet\" data-width=\"550\" data-dnt=\"true\"><p lang=\"es\" dir=\"ltr\"><a href=\"https:\/\/twitter.com\/hashtag\/Ma%C3%B1aneraDelPueblo?src=hash&amp;ref_src=twsrc%5Etfw\">#Ma\u00f1aneraDelPueblo<\/a> \ud83d\udcf0 | \u201cUber no tiene porqu\u00e9 pasarle al consumidor final esto\u2026\u201d refiri\u00f3 la presidenta Claudia Sheinbaum sobre el anuncio del incremento en las tarifas de la plataforma por la incorporaci\u00f3n de sus trabajadores (choferes) al <a href=\"https:\/\/twitter.com\/Tu_IMSS?ref_src=twsrc%5Etfw\">@Tu_IMSS<\/a>. <br><br>\ud83d\uddde\ufe0f Enrique\u00a0Hern\u00e1ndez v\u00eda\u2026 <a href=\"https:\/\/t.co\/p59h8bA01C\">pic.twitter.com\/p59h8bA01C<\/a><\/p>&mdash; Azucena Uresti (@azucenau) <a href=\"https:\/\/twitter.com\/azucenau\/status\/1946225111352172762?ref_src=twsrc%5Etfw\">July 18, 2025<\/a><\/blockquote><script async src=\"https:\/\/platform.twitter.com\/widgets.js\" charset=\"utf-8\"><\/script>\n<\/div><\/figure>\n\n\n\n<p>&#8220;Uber tiene ganancias impresionantes, no tiene por qu\u00e9 pasarle al consumidor final esto, con as\u00ed un cachito tambi\u00e9n que le den al trabajador, entonces, realmente no, no es cierto que lo deban trasladar, sino que realmente se asuma&#8221;, declar\u00f3 la mandataria.<\/p>\n\n\n\n<p>Asimismo, la presidenta enfatiz\u00f3 que durante las mesas de trabajo nunca se manifest\u00f3 la intenci\u00f3n de la empresa de aumentar su tarifa por la&nbsp;<strong>reforma laboral.&nbsp;&nbsp;<\/strong><\/p>\n\n\n\n<p>Sheinbaum destac\u00f3 que van m\u00e1s de 400 mil trabajadores de plataformas que han sido inscritas al seguro social desde que la reforma laboral entr\u00f3 en vigor y celebr\u00f3 que todas las empresas ya hayan empezado a hacer la<strong>inscripci\u00f3n de sus colaboradores.&nbsp;<\/strong><\/p>\n\n\n\n<p>Esta semana,&nbsp;<strong>Uber<\/strong>&nbsp;inform\u00f3 que aumentar\u00e1 las tarifas de los viajes hasta en un 7% en el pa\u00eds con el objetivo de proteger las ganancias de los conductores tras la aprobaci\u00f3n de la reforma que regula&nbsp;el trabajo de las&nbsp;personas trabajadoras&nbsp;de aplicaciones digitales.&nbsp;<\/p>\n\n\n\n<p>El monto del&nbsp;incremento&nbsp;<strong>depender\u00e1 del&nbsp;tipo de producto&nbsp;y&nbsp;ciudad.&nbsp;<\/strong><\/p>\n\n\n\n<p>La&nbsp;Secretar\u00eda del Trabajo y Previsi\u00f3n Social&nbsp;(STPS) conden\u00f3 el incremento de tarifas y las calific\u00f3&nbsp;de injustificado e irresponsable,&nbsp;adem\u00e1s de&nbsp;contrario a los acuerdos alcanzados con el gobierno federal.<\/p>\n","protected":false},"excerpt":{"rendered":"<p>Por Redacci\u00f3n QP La presidenta enfatiz\u00f3 que la compa\u00f1\u00eda tiene &#8220;ganancias impresionantes&#8221;, por lo que&#8230;<\/p>\n","protected":false},"author":2,"featured_media":117858,"comment_status":"open","ping_status":"open","sticky":false,"template":"","format":"standard","meta":{"_monsterinsights_skip_tracking":false,"_monsterinsights_sitenote_active":false,"_monsterinsights_sitenote_note":"","_monsterinsights_sitenote_category":0,"footnotes":""},"categories":[280,2],"tags":[],"class_list":["post-117857","post","type-post","status-publish","format-standard","has-post-thumbnail","hentry","category-nacionales","category-noticias"],"yoast_head":"<!-- This site is optimized with the Yoast SEO plugin v27.3 - https:\/\/yoast.com\/product\/yoast-seo-wordpress\/ -->\n<title>Sheinbaum reprocha alza del 7% a tarifas en Uber por reforma laboral; afirma que usuarios no deben absorber el costo -<\/title>\n<meta name=\"robots\" content=\"index, follow, max-snippet:-1, max-image-preview:large, max-video-preview:-1\" \/>\n<link rel=\"canonical\" href=\"https:\/\/quehacerpolitico.mx\/?p=117857\" \/>\n<meta property=\"og:locale\" content=\"es_MX\" \/>\n<meta property=\"og:type\" content=\"article\" \/>\n<meta property=\"og:title\" content=\"Sheinbaum reprocha alza del 7% a tarifas en Uber por reforma laboral; afirma que usuarios no deben absorber el costo -\" \/>\n<meta property=\"og:description\" content=\"Por Redacci\u00f3n QP La presidenta enfatiz\u00f3 que la compa\u00f1\u00eda tiene &#8220;ganancias impresionantes&#8221;, por lo que...\" \/>\n<meta property=\"og:url\" content=\"https:\/\/quehacerpolitico.mx\/?p=117857\" \/>\n<meta property=\"article:published_time\" content=\"2025-07-18T18:24:37+00:00\" \/>\n<meta property=\"article:modified_time\" content=\"2025-07-18T18:24:39+00:00\" \/>\n<meta property=\"og:image\" content=\"https:\/\/quehacerpolitico.mx\/wp-content\/uploads\/2025\/07\/IMG_1900.jpeg\" \/>\n\t<meta property=\"og:image:width\" content=\"1170\" \/>\n\t<meta property=\"og:image:height\" content=\"636\" \/>\n\t<meta property=\"og:image:type\" content=\"image\/jpeg\" \/>\n<meta name=\"author\" content=\"Redacci\u00f3n QP\" \/>\n<meta name=\"twitter:card\" content=\"summary_large_image\" \/>\n<meta name=\"twitter:label1\" content=\"Escrito por\" \/>\n\t<meta name=\"twitter:data1\" content=\"Redacci\u00f3n QP\" \/>\n\t<meta name=\"twitter:label2\" content=\"Tiempo de lectura\" \/>\n\t<meta name=\"twitter:data2\" content=\"2 minutos\" \/>\n<script type=\"application\/ld+json\" class=\"yoast-schema-graph\">{\"@context\":\"https:\\\/\\\/schema.org\",\"@graph\":[{\"@type\":\"Article\",\"@id\":\"https:\\\/\\\/quehacerpolitico.mx\\\/?p=117857#article\",\"isPartOf\":{\"@id\":\"https:\\\/\\\/quehacerpolitico.mx\\\/?p=117857\"},\"author\":{\"name\":\"Redacci\u00f3n QP\",\"@id\":\"https:\\\/\\\/quehacerpolitico.mx\\\/#\\\/schema\\\/person\\\/496d8ad2d1d3f8036101dca7ee39e585\"},\"headline\":\"Sheinbaum reprocha alza del 7% a tarifas en Uber por reforma laboral; afirma que usuarios no deben absorber el costo\",\"datePublished\":\"2025-07-18T18:24:37+00:00\",\"dateModified\":\"2025-07-18T18:24:39+00:00\",\"mainEntityOfPage\":{\"@id\":\"https:\\\/\\\/quehacerpolitico.mx\\\/?p=117857\"},\"wordCount\":372,\"commentCount\":0,\"image\":{\"@id\":\"https:\\\/\\\/quehacerpolitico.mx\\\/?p=117857#primaryimage\"},\"thumbnailUrl\":\"https:\\\/\\\/quehacerpolitico.mx\\\/wp-content\\\/uploads\\\/2025\\\/07\\\/IMG_1900.jpeg\",\"articleSection\":[\"Nacionales\",\"Noticias\"],\"inLanguage\":\"es\",\"potentialAction\":[{\"@type\":\"CommentAction\",\"name\":\"Comment\",\"target\":[\"https:\\\/\\\/quehacerpolitico.mx\\\/?p=117857#respond\"]}]},{\"@type\":\"WebPage\",\"@id\":\"https:\\\/\\\/quehacerpolitico.mx\\\/?p=117857\",\"url\":\"https:\\\/\\\/quehacerpolitico.mx\\\/?p=117857\",\"name\":\"Sheinbaum reprocha alza del 7% a tarifas en Uber por reforma laboral; afirma que usuarios no deben absorber el costo -\",\"isPartOf\":{\"@id\":\"https:\\\/\\\/quehacerpolitico.mx\\\/#website\"},\"primaryImageOfPage\":{\"@id\":\"https:\\\/\\\/quehacerpolitico.mx\\\/?p=117857#primaryimage\"},\"image\":{\"@id\":\"https:\\\/\\\/quehacerpolitico.mx\\\/?p=117857#primaryimage\"},\"thumbnailUrl\":\"https:\\\/\\\/quehacerpolitico.mx\\\/wp-content\\\/uploads\\\/2025\\\/07\\\/IMG_1900.jpeg\",\"datePublished\":\"2025-07-18T18:24:37+00:00\",\"dateModified\":\"2025-07-18T18:24:39+00:00\",\"author\":{\"@id\":\"https:\\\/\\\/quehacerpolitico.mx\\\/#\\\/schema\\\/person\\\/496d8ad2d1d3f8036101dca7ee39e585\"},\"breadcrumb\":{\"@id\":\"https:\\\/\\\/quehacerpolitico.mx\\\/?p=117857#breadcrumb\"},\"inLanguage\":\"es\",\"potentialAction\":[{\"@type\":\"ReadAction\",\"target\":[\"https:\\\/\\\/quehacerpolitico.mx\\\/?p=117857\"]}]},{\"@type\":\"ImageObject\",\"inLanguage\":\"es\",\"@id\":\"https:\\\/\\\/quehacerpolitico.mx\\\/?p=117857#primaryimage\",\"url\":\"https:\\\/\\\/quehacerpolitico.mx\\\/wp-content\\\/uploads\\\/2025\\\/07\\\/IMG_1900.jpeg\",\"contentUrl\":\"https:\\\/\\\/quehacerpolitico.mx\\\/wp-content\\\/uploads\\\/2025\\\/07\\\/IMG_1900.jpeg\",\"width\":1170,\"height\":636,\"caption\":\"Screenshot\"},{\"@type\":\"BreadcrumbList\",\"@id\":\"https:\\\/\\\/quehacerpolitico.mx\\\/?p=117857#breadcrumb\",\"itemListElement\":[{\"@type\":\"ListItem\",\"position\":1,\"name\":\"Inicio\",\"item\":\"https:\\\/\\\/quehacerpolitico.mx\\\/\"},{\"@type\":\"ListItem\",\"position\":2,\"name\":\"Sheinbaum reprocha alza del 7% a tarifas en Uber por reforma laboral; afirma que usuarios no deben absorber el costo\"}]},{\"@type\":\"WebSite\",\"@id\":\"https:\\\/\\\/quehacerpolitico.mx\\\/#website\",\"url\":\"https:\\\/\\\/quehacerpolitico.mx\\\/\",\"name\":\"\",\"description\":\"\",\"potentialAction\":[{\"@type\":\"SearchAction\",\"target\":{\"@type\":\"EntryPoint\",\"urlTemplate\":\"https:\\\/\\\/quehacerpolitico.mx\\\/?s={search_term_string}\"},\"query-input\":{\"@type\":\"PropertyValueSpecification\",\"valueRequired\":true,\"valueName\":\"search_term_string\"}}],\"inLanguage\":\"es\"},{\"@type\":\"Person\",\"@id\":\"https:\\\/\\\/quehacerpolitico.mx\\\/#\\\/schema\\\/person\\\/496d8ad2d1d3f8036101dca7ee39e585\",\"name\":\"Redacci\u00f3n QP\",\"image\":{\"@type\":\"ImageObject\",\"inLanguage\":\"es\",\"@id\":\"https:\\\/\\\/secure.gravatar.com\\\/avatar\\\/c7164ed6fdec453195284ad24a5ae5b6e1eed2b848477fa2a4787ba9adf39a41?s=96&d=mm&r=g\",\"url\":\"https:\\\/\\\/secure.gravatar.com\\\/avatar\\\/c7164ed6fdec453195284ad24a5ae5b6e1eed2b848477fa2a4787ba9adf39a41?s=96&d=mm&r=g\",\"contentUrl\":\"https:\\\/\\\/secure.gravatar.com\\\/avatar\\\/c7164ed6fdec453195284ad24a5ae5b6e1eed2b848477fa2a4787ba9adf39a41?s=96&d=mm&r=g\",\"caption\":\"Redacci\u00f3n QP\"},\"url\":\"https:\\\/\\\/quehacerpolitico.mx\\\/?author=2\"}]}<\/script>\n<!-- \/ Yoast SEO plugin. -->","yoast_head_json":{"title":"Sheinbaum reprocha alza del 7% a tarifas en Uber por reforma laboral; afirma que usuarios no deben absorber el costo -","robots":{"index":"index","follow":"follow","max-snippet":"max-snippet:-1","max-image-preview":"max-image-preview:large","max-video-preview":"max-video-preview:-1"},"canonical":"https:\/\/quehacerpolitico.mx\/?p=117857","og_locale":"es_MX","og_type":"article","og_title":"Sheinbaum reprocha alza del 7% a tarifas en Uber por reforma laboral; afirma que usuarios no deben absorber el costo -","og_description":"Por Redacci\u00f3n QP La presidenta enfatiz\u00f3 que la compa\u00f1\u00eda tiene &#8220;ganancias impresionantes&#8221;, por lo que...","og_url":"https:\/\/quehacerpolitico.mx\/?p=117857","article_published_time":"2025-07-18T18:24:37+00:00","article_modified_time":"2025-07-18T18:24:39+00:00","og_image":[{"width":1170,"height":636,"url":"https:\/\/quehacerpolitico.mx\/wp-content\/uploads\/2025\/07\/IMG_1900.jpeg","type":"image\/jpeg"}],"author":"Redacci\u00f3n QP","twitter_card":"summary_large_image","twitter_misc":{"Escrito por":"Redacci\u00f3n QP","Tiempo de lectura":"2 minutos"},"schema":{"@context":"https:\/\/schema.org","@graph":[{"@type":"Article","@id":"https:\/\/quehacerpolitico.mx\/?p=117857#article","isPartOf":{"@id":"https:\/\/quehacerpolitico.mx\/?p=117857"},"author":{"name":"Redacci\u00f3n QP","@id":"https:\/\/quehacerpolitico.mx\/#\/schema\/person\/496d8ad2d1d3f8036101dca7ee39e585"},"headline":"Sheinbaum reprocha alza del 7% a tarifas en Uber por reforma laboral; afirma que usuarios no deben absorber el costo","datePublished":"2025-07-18T18:24:37+00:00","dateModified":"2025-07-18T18:24:39+00:00","mainEntityOfPage":{"@id":"https:\/\/quehacerpolitico.mx\/?p=117857"},"wordCount":372,"commentCount":0,"image":{"@id":"https:\/\/quehacerpolitico.mx\/?p=117857#primaryimage"},"thumbnailUrl":"https:\/\/quehacerpolitico.mx\/wp-content\/uploads\/2025\/07\/IMG_1900.jpeg","articleSection":["Nacionales","Noticias"],"inLanguage":"es","potentialAction":[{"@type":"CommentAction","name":"Comment","target":["https:\/\/quehacerpolitico.mx\/?p=117857#respond"]}]},{"@type":"WebPage","@id":"https:\/\/quehacerpolitico.mx\/?p=117857","url":"https:\/\/quehacerpolitico.mx\/?p=117857","name":"Sheinbaum reprocha alza del 7% a tarifas en Uber por reforma laboral; afirma que usuarios no deben absorber el costo -","isPartOf":{"@id":"https:\/\/quehacerpolitico.mx\/#website"},"primaryImageOfPage":{"@id":"https:\/\/quehacerpolitico.mx\/?p=117857#primaryimage"},"image":{"@id":"https:\/\/quehacerpolitico.mx\/?p=117857#primaryimage"},"thumbnailUrl":"https:\/\/quehacerpolitico.mx\/wp-content\/uploads\/2025\/07\/IMG_1900.jpeg","datePublished":"2025-07-18T18:24:37+00:00","dateModified":"2025-07-18T18:24:39+00:00","author":{"@id":"https:\/\/quehacerpolitico.mx\/#\/schema\/person\/496d8ad2d1d3f8036101dca7ee39e585"},"breadcrumb":{"@id":"https:\/\/quehacerpolitico.mx\/?p=117857#breadcrumb"},"inLanguage":"es","potentialAction":[{"@type":"ReadAction","target":["https:\/\/quehacerpolitico.mx\/?p=117857"]}]},{"@type":"ImageObject","inLanguage":"es","@id":"https:\/\/quehacerpolitico.mx\/?p=117857#primaryimage","url":"https:\/\/quehacerpolitico.mx\/wp-content\/uploads\/2025\/07\/IMG_1900.jpeg","contentUrl":"https:\/\/quehacerpolitico.mx\/wp-content\/uploads\/2025\/07\/IMG_1900.jpeg","width":1170,"height":636,"caption":"Screenshot"},{"@type":"BreadcrumbList","@id":"https:\/\/quehacerpolitico.mx\/?p=117857#breadcrumb","itemListElement":[{"@type":"ListItem","position":1,"name":"Inicio","item":"https:\/\/quehacerpolitico.mx\/"},{"@type":"ListItem","position":2,"name":"Sheinbaum reprocha alza del 7% a tarifas en Uber por reforma laboral; afirma que usuarios no deben absorber el costo"}]},{"@type":"WebSite","@id":"https:\/\/quehacerpolitico.mx\/#website","url":"https:\/\/quehacerpolitico.mx\/","name":"","description":"","potentialAction":[{"@type":"SearchAction","target":{"@type":"EntryPoint","urlTemplate":"https:\/\/quehacerpolitico.mx\/?s={search_term_string}"},"query-input":{"@type":"PropertyValueSpecification","valueRequired":true,"valueName":"search_term_string"}}],"inLanguage":"es"},{"@type":"Person","@id":"https:\/\/quehacerpolitico.mx\/#\/schema\/person\/496d8ad2d1d3f8036101dca7ee39e585","name":"Redacci\u00f3n QP","image":{"@type":"ImageObject","inLanguage":"es","@id":"https:\/\/secure.gravatar.com\/avatar\/c7164ed6fdec453195284ad24a5ae5b6e1eed2b848477fa2a4787ba9adf39a41?s=96&d=mm&r=g","url":"https:\/\/secure.gravatar.com\/avatar\/c7164ed6fdec453195284ad24a5ae5b6e1eed2b848477fa2a4787ba9adf39a41?s=96&d=mm&r=g","contentUrl":"https:\/\/secure.gravatar.com\/avatar\/c7164ed6fdec453195284ad24a5ae5b6e1eed2b848477fa2a4787ba9adf39a41?s=96&d=mm&r=g","caption":"Redacci\u00f3n QP"},"url":"https:\/\/quehacerpolitico.mx\/?author=2"}]}},"featured_image_urls":{"full":["https:\/\/quehacerpolitico.mx\/wp-content\/uploads\/2025\/07\/IMG_1900.jpeg",1170,636,false],"thumbnail":["https:\/\/quehacerpolitico.mx\/wp-content\/uploads\/2025\/07\/IMG_1900-150x150.jpeg",150,150,true],"medium":["https:\/\/quehacerpolitico.mx\/wp-content\/uploads\/2025\/07\/IMG_1900-300x163.jpeg",300,163,true],"medium_large":["https:\/\/quehacerpolitico.mx\/wp-content\/uploads\/2025\/07\/IMG_1900-768x417.jpeg",640,348,true],"large":["https:\/\/quehacerpolitico.mx\/wp-content\/uploads\/2025\/07\/IMG_1900-1024x557.jpeg",640,348,true],"1536x1536":["https:\/\/quehacerpolitico.mx\/wp-content\/uploads\/2025\/07\/IMG_1900.jpeg",1170,636,false],"2048x2048":["https:\/\/quehacerpolitico.mx\/wp-content\/uploads\/2025\/07\/IMG_1900.jpeg",1170,636,false],"covernews-featured":["https:\/\/quehacerpolitico.mx\/wp-content\/uploads\/2025\/07\/IMG_1900-1024x557.jpeg",1024,557,true],"covernews-medium":["https:\/\/quehacerpolitico.mx\/wp-content\/uploads\/2025\/07\/IMG_1900-540x340.jpeg",540,340,true]},"author_info":{"display_name":"Redacci\u00f3n QP","author_link":"https:\/\/quehacerpolitico.mx\/?author=2"},"category_info":"<a href=\"https:\/\/quehacerpolitico.mx\/?cat=280\" rel=\"category\">Nacionales<\/a> <a href=\"https:\/\/quehacerpolitico.mx\/?cat=2\" rel=\"category\">Noticias<\/a>","tag_info":"Noticias","comment_count":"0","_links":{"self":[{"href":"https:\/\/quehacerpolitico.mx\/index.php?rest_route=\/wp\/v2\/posts\/117857","targetHints":{"allow":["GET"]}}],"collection":[{"href":"https:\/\/quehacerpolitico.mx\/index.php?rest_route=\/wp\/v2\/posts"}],"about":[{"href":"https:\/\/quehacerpolitico.mx\/index.php?rest_route=\/wp\/v2\/types\/post"}],"author":[{"embeddable":true,"href":"https:\/\/quehacerpolitico.mx\/index.php?rest_route=\/wp\/v2\/users\/2"}],"replies":[{"embeddable":true,"href":"https:\/\/quehacerpolitico.mx\/index.php?rest_route=%2Fwp%2Fv2%2Fcomments&post=117857"}],"version-history":[{"count":1,"href":"https:\/\/quehacerpolitico.mx\/index.php?rest_route=\/wp\/v2\/posts\/117857\/revisions"}],"predecessor-version":[{"id":117859,"href":"https:\/\/quehacerpolitico.mx\/index.php?rest_route=\/wp\/v2\/posts\/117857\/revisions\/117859"}],"wp:featuredmedia":[{"embeddable":true,"href":"https:\/\/quehacerpolitico.mx\/index.php?rest_route=\/wp\/v2\/media\/117858"}],"wp:attachment":[{"href":"https:\/\/quehacerpolitico.mx\/index.php?rest_route=%2Fwp%2Fv2%2Fmedia&parent=117857"}],"wp:term":[{"taxonomy":"category","embeddable":true,"href":"https:\/\/quehacerpolitico.mx\/index.php?rest_route=%2Fwp%2Fv2%2Fcategories&post=117857"},{"taxonomy":"post_tag","embeddable":true,"href":"https:\/\/quehacerpolitico.mx\/index.php?rest_route=%2Fwp%2Fv2%2Ftags&post=117857"}],"curies":[{"name":"wp","href":"https:\/\/api.w.org\/{rel}","templated":true}]}}