{"id":117854,"date":"2025-07-18T12:09:48","date_gmt":"2025-07-18T18:09:48","guid":{"rendered":"https:\/\/quehacerpolitico.mx\/?p=117854"},"modified":"2025-07-18T12:09:49","modified_gmt":"2025-07-18T18:09:49","slug":"sheinbaum-pide-a-adan-augusto-romper-el-silencio-sobre-el-caso-de-hernan-bermudez-su-exjefe-de-seguridad-en-tabasco-hoy-profugo-y-senalado-por-presuntos-vinculos-con-el-grupo-delictivo-la-barredora","status":"publish","type":"post","link":"https:\/\/quehacerpolitico.mx\/?p=117854","title":{"rendered":"Sheinbaum pide a Ad\u00e1n Augusto romper el silencio sobre el caso de Hern\u00e1n Berm\u00fadez, su exjefe de Seguridad en Tabasco, hoy pr\u00f3fugo y se\u00f1alado por presuntos v\u00ednculos con el grupo delictivo La Barredora"},"content":{"rendered":"\n<p>Por Redacci\u00f3n QP<\/p>\n\n\n\n<p>La presidenta descart\u00f3 que estos se\u00f1alamientos tuvieran un costo pol\u00edtico a su gobierno y que ser\u00e1 la fiscal\u00eda quien llegue a las conclusiones sobre la posible vinculaci\u00f3n de Hern\u00e1n Berm\u00fadez con &#8220;La Barredora&#8221;<\/p>\n\n\n\n<p>La presidenta&nbsp;<strong>Claudia Sheinbaum<\/strong>&nbsp;pidi\u00f3 este viernes al senador&nbsp;<strong>Ad\u00e1n Augusto L\u00f3pez<\/strong>&nbsp;que hable sobre los se\u00f1alamientos en contra de su&nbsp;exsecretario de Seguridad,&nbsp;<strong>Hern\u00e1n Berm\u00fadez<\/strong>, acusado de tener v\u00ednculos con el grupo delictivo &#8220;La Barredora&#8221;, un brazo armado del C\u00e1rtel Jalisco Nueva Generaci\u00f3n.&nbsp;<\/p>\n\n\n\n<p>En conferencia de prensa, la mandataria descart\u00f3 que estos se\u00f1alamientos tuvieran un costo pol\u00edtico a su gobierno.&nbsp;<\/p>\n\n\n\n<p>&#8220;Debe dar su versi\u00f3n tambi\u00e9n para que\u00a0se conozca y la gente pueda valorar, la funci\u00f3n que desempe\u00f1\u00f3 \u00e9l como gobernador y particularmente en el tema de seguridad&#8221;, afirm\u00f3.<\/p>\n\n\n\n<figure class=\"wp-block-embed is-type-rich is-provider-twitter wp-block-embed-twitter\"><div class=\"wp-block-embed__wrapper\">\n<blockquote class=\"twitter-tweet\" data-width=\"550\" data-dnt=\"true\"><p lang=\"es\" dir=\"ltr\">\ud83d\udea8 \u201cSer\u00eda pertinente que el senador diera su versi\u00f3n\u201d<br><br>Sheinbaum pide a Ad\u00e1n Augusto romper el silencio sobre el caso de Hern\u00e1n Berm\u00fadez, su exjefe de Seguridad en Tabasco, hoy pr\u00f3fugo y se\u00f1alado por presuntos v\u00ednculos con el grupo delictivo La Barredora. <a href=\"https:\/\/t.co\/BHZxXZ0VHh\">pic.twitter.com\/BHZxXZ0VHh<\/a><\/p>&mdash; Manuel Lopez San Martin (@MLopezSanMartin) <a href=\"https:\/\/twitter.com\/MLopezSanMartin\/status\/1946228091635839380?ref_src=twsrc%5Etfw\">July 18, 2025<\/a><\/blockquote><script async src=\"https:\/\/platform.twitter.com\/widgets.js\" charset=\"utf-8\"><\/script>\n<\/div><\/figure>\n\n\n\n<p>Sheinbaum enfatiz\u00f3 que la fiscal\u00eda es quien&nbsp;<strong>debe de investigar este caso&nbsp;<\/strong>y ser\u00e1 esta quien llegue a sus propias&nbsp;conclusiones respecto a la posible vinculaci\u00f3n del exsecretario de seguridad con el crimen organizado.&nbsp;<\/p>\n\n\n\n<p>Sin embargo, la presidenta destac\u00f3 que durante el gobierno del ahora senador bajaron los niveles de inseguridad en la entidad y que&nbsp;la investigaci\u00f3n contra Berm\u00fadez&nbsp;fueron despu\u00e9s del periodo de&nbsp;<strong>Ad\u00e1n Augusto L\u00f3pez.&nbsp;<\/strong><\/p>\n\n\n\n<p>Cabe recordar que ayer, jueves 17 de julio, la mandataria dijo que ella&nbsp;<strong>no daba instrucciones para salir a declarar&nbsp;<\/strong>y que &#8220;\u00e9l tiene su propia estrategia de si comunica o no se comunica\u201d.&nbsp;<\/p>\n\n\n\n<p>Tambi\u00e9n a\u00f1adi\u00f3&nbsp;que a ella y su administraci\u00f3n corresponde informar, a trav\u00e9s del&nbsp;gabinete de Seguridad,&nbsp;el tiempo que lleva la investigaci\u00f3n y los avances.&nbsp;<\/p>\n\n\n\n<p>Este martes, Sheinbaum&nbsp;neg\u00f3 que el morenista&nbsp;Ad\u00e1n Augusto se encuentre bajo investigaci\u00f3n ante la orden de aprehensi\u00f3n del ex secretario de Seguridad.&nbsp;<\/p>\n","protected":false},"excerpt":{"rendered":"<p>Por Redacci\u00f3n QP La presidenta descart\u00f3 que estos se\u00f1alamientos tuvieran un costo pol\u00edtico a su&#8230;<\/p>\n","protected":false},"author":2,"featured_media":117855,"comment_status":"open","ping_status":"open","sticky":false,"template":"","format":"standard","meta":{"_monsterinsights_skip_tracking":false,"_monsterinsights_sitenote_active":false,"_monsterinsights_sitenote_note":"","_monsterinsights_sitenote_category":0,"footnotes":""},"categories":[280,2],"tags":[],"class_list":["post-117854","post","type-post","status-publish","format-standard","has-post-thumbnail","hentry","category-nacionales","category-noticias"],"yoast_head":"<!-- This site is optimized with the Yoast SEO plugin v27.3 - https:\/\/yoast.com\/product\/yoast-seo-wordpress\/ -->\n<title>Sheinbaum pide a Ad\u00e1n Augusto romper el silencio sobre el caso de Hern\u00e1n Berm\u00fadez, su exjefe de Seguridad en Tabasco, hoy pr\u00f3fugo y se\u00f1alado por presuntos v\u00ednculos con el grupo delictivo La Barredora -<\/title>\n<meta name=\"robots\" content=\"index, follow, max-snippet:-1, max-image-preview:large, max-video-preview:-1\" \/>\n<link rel=\"canonical\" href=\"https:\/\/quehacerpolitico.mx\/?p=117854\" \/>\n<meta property=\"og:locale\" content=\"es_MX\" \/>\n<meta property=\"og:type\" content=\"article\" \/>\n<meta property=\"og:title\" content=\"Sheinbaum pide a Ad\u00e1n Augusto romper el silencio sobre el caso de Hern\u00e1n Berm\u00fadez, su exjefe de Seguridad en Tabasco, hoy pr\u00f3fugo y se\u00f1alado por presuntos v\u00ednculos con el grupo delictivo La Barredora -\" \/>\n<meta property=\"og:description\" content=\"Por Redacci\u00f3n QP La presidenta descart\u00f3 que estos se\u00f1alamientos tuvieran un costo pol\u00edtico a su...\" \/>\n<meta property=\"og:url\" content=\"https:\/\/quehacerpolitico.mx\/?p=117854\" \/>\n<meta property=\"article:published_time\" content=\"2025-07-18T18:09:48+00:00\" \/>\n<meta property=\"article:modified_time\" content=\"2025-07-18T18:09:49+00:00\" \/>\n<meta property=\"og:image\" content=\"https:\/\/quehacerpolitico.mx\/wp-content\/uploads\/2025\/07\/IMG_1898.jpeg\" \/>\n\t<meta property=\"og:image:width\" content=\"1170\" \/>\n\t<meta property=\"og:image:height\" content=\"613\" \/>\n\t<meta property=\"og:image:type\" content=\"image\/jpeg\" \/>\n<meta name=\"author\" content=\"Redacci\u00f3n QP\" \/>\n<meta name=\"twitter:card\" content=\"summary_large_image\" \/>\n<meta name=\"twitter:label1\" content=\"Escrito por\" \/>\n\t<meta name=\"twitter:data1\" content=\"Redacci\u00f3n QP\" \/>\n\t<meta name=\"twitter:label2\" content=\"Tiempo de lectura\" \/>\n\t<meta name=\"twitter:data2\" content=\"2 minutos\" \/>\n<script type=\"application\/ld+json\" class=\"yoast-schema-graph\">{\"@context\":\"https:\\\/\\\/schema.org\",\"@graph\":[{\"@type\":\"Article\",\"@id\":\"https:\\\/\\\/quehacerpolitico.mx\\\/?p=117854#article\",\"isPartOf\":{\"@id\":\"https:\\\/\\\/quehacerpolitico.mx\\\/?p=117854\"},\"author\":{\"name\":\"Redacci\u00f3n QP\",\"@id\":\"https:\\\/\\\/quehacerpolitico.mx\\\/#\\\/schema\\\/person\\\/496d8ad2d1d3f8036101dca7ee39e585\"},\"headline\":\"Sheinbaum pide a Ad\u00e1n Augusto romper el silencio sobre el caso de Hern\u00e1n Berm\u00fadez, su exjefe de Seguridad en Tabasco, hoy pr\u00f3fugo y se\u00f1alado por presuntos v\u00ednculos con el grupo delictivo La Barredora\",\"datePublished\":\"2025-07-18T18:09:48+00:00\",\"dateModified\":\"2025-07-18T18:09:49+00:00\",\"mainEntityOfPage\":{\"@id\":\"https:\\\/\\\/quehacerpolitico.mx\\\/?p=117854\"},\"wordCount\":381,\"commentCount\":0,\"image\":{\"@id\":\"https:\\\/\\\/quehacerpolitico.mx\\\/?p=117854#primaryimage\"},\"thumbnailUrl\":\"https:\\\/\\\/quehacerpolitico.mx\\\/wp-content\\\/uploads\\\/2025\\\/07\\\/IMG_1898.jpeg\",\"articleSection\":[\"Nacionales\",\"Noticias\"],\"inLanguage\":\"es\",\"potentialAction\":[{\"@type\":\"CommentAction\",\"name\":\"Comment\",\"target\":[\"https:\\\/\\\/quehacerpolitico.mx\\\/?p=117854#respond\"]}]},{\"@type\":\"WebPage\",\"@id\":\"https:\\\/\\\/quehacerpolitico.mx\\\/?p=117854\",\"url\":\"https:\\\/\\\/quehacerpolitico.mx\\\/?p=117854\",\"name\":\"Sheinbaum pide a Ad\u00e1n Augusto romper el silencio sobre el caso de Hern\u00e1n Berm\u00fadez, su exjefe de Seguridad en Tabasco, hoy pr\u00f3fugo y se\u00f1alado por presuntos v\u00ednculos con el grupo delictivo La Barredora -\",\"isPartOf\":{\"@id\":\"https:\\\/\\\/quehacerpolitico.mx\\\/#website\"},\"primaryImageOfPage\":{\"@id\":\"https:\\\/\\\/quehacerpolitico.mx\\\/?p=117854#primaryimage\"},\"image\":{\"@id\":\"https:\\\/\\\/quehacerpolitico.mx\\\/?p=117854#primaryimage\"},\"thumbnailUrl\":\"https:\\\/\\\/quehacerpolitico.mx\\\/wp-content\\\/uploads\\\/2025\\\/07\\\/IMG_1898.jpeg\",\"datePublished\":\"2025-07-18T18:09:48+00:00\",\"dateModified\":\"2025-07-18T18:09:49+00:00\",\"author\":{\"@id\":\"https:\\\/\\\/quehacerpolitico.mx\\\/#\\\/schema\\\/person\\\/496d8ad2d1d3f8036101dca7ee39e585\"},\"breadcrumb\":{\"@id\":\"https:\\\/\\\/quehacerpolitico.mx\\\/?p=117854#breadcrumb\"},\"inLanguage\":\"es\",\"potentialAction\":[{\"@type\":\"ReadAction\",\"target\":[\"https:\\\/\\\/quehacerpolitico.mx\\\/?p=117854\"]}]},{\"@type\":\"ImageObject\",\"inLanguage\":\"es\",\"@id\":\"https:\\\/\\\/quehacerpolitico.mx\\\/?p=117854#primaryimage\",\"url\":\"https:\\\/\\\/quehacerpolitico.mx\\\/wp-content\\\/uploads\\\/2025\\\/07\\\/IMG_1898.jpeg\",\"contentUrl\":\"https:\\\/\\\/quehacerpolitico.mx\\\/wp-content\\\/uploads\\\/2025\\\/07\\\/IMG_1898.jpeg\",\"width\":1170,\"height\":613,\"caption\":\"Screenshot\"},{\"@type\":\"BreadcrumbList\",\"@id\":\"https:\\\/\\\/quehacerpolitico.mx\\\/?p=117854#breadcrumb\",\"itemListElement\":[{\"@type\":\"ListItem\",\"position\":1,\"name\":\"Inicio\",\"item\":\"https:\\\/\\\/quehacerpolitico.mx\\\/\"},{\"@type\":\"ListItem\",\"position\":2,\"name\":\"Sheinbaum pide a Ad\u00e1n Augusto romper el silencio sobre el caso de Hern\u00e1n Berm\u00fadez, su exjefe de Seguridad en Tabasco, hoy pr\u00f3fugo y se\u00f1alado por presuntos v\u00ednculos con el grupo delictivo La Barredora\"}]},{\"@type\":\"WebSite\",\"@id\":\"https:\\\/\\\/quehacerpolitico.mx\\\/#website\",\"url\":\"https:\\\/\\\/quehacerpolitico.mx\\\/\",\"name\":\"\",\"description\":\"\",\"potentialAction\":[{\"@type\":\"SearchAction\",\"target\":{\"@type\":\"EntryPoint\",\"urlTemplate\":\"https:\\\/\\\/quehacerpolitico.mx\\\/?s={search_term_string}\"},\"query-input\":{\"@type\":\"PropertyValueSpecification\",\"valueRequired\":true,\"valueName\":\"search_term_string\"}}],\"inLanguage\":\"es\"},{\"@type\":\"Person\",\"@id\":\"https:\\\/\\\/quehacerpolitico.mx\\\/#\\\/schema\\\/person\\\/496d8ad2d1d3f8036101dca7ee39e585\",\"name\":\"Redacci\u00f3n QP\",\"image\":{\"@type\":\"ImageObject\",\"inLanguage\":\"es\",\"@id\":\"https:\\\/\\\/secure.gravatar.com\\\/avatar\\\/c7164ed6fdec453195284ad24a5ae5b6e1eed2b848477fa2a4787ba9adf39a41?s=96&d=mm&r=g\",\"url\":\"https:\\\/\\\/secure.gravatar.com\\\/avatar\\\/c7164ed6fdec453195284ad24a5ae5b6e1eed2b848477fa2a4787ba9adf39a41?s=96&d=mm&r=g\",\"contentUrl\":\"https:\\\/\\\/secure.gravatar.com\\\/avatar\\\/c7164ed6fdec453195284ad24a5ae5b6e1eed2b848477fa2a4787ba9adf39a41?s=96&d=mm&r=g\",\"caption\":\"Redacci\u00f3n QP\"},\"url\":\"https:\\\/\\\/quehacerpolitico.mx\\\/?author=2\"}]}<\/script>\n<!-- \/ Yoast SEO plugin. -->","yoast_head_json":{"title":"Sheinbaum pide a Ad\u00e1n Augusto romper el silencio sobre el caso de Hern\u00e1n Berm\u00fadez, su exjefe de Seguridad en Tabasco, hoy pr\u00f3fugo y se\u00f1alado por presuntos v\u00ednculos con el grupo delictivo La Barredora -","robots":{"index":"index","follow":"follow","max-snippet":"max-snippet:-1","max-image-preview":"max-image-preview:large","max-video-preview":"max-video-preview:-1"},"canonical":"https:\/\/quehacerpolitico.mx\/?p=117854","og_locale":"es_MX","og_type":"article","og_title":"Sheinbaum pide a Ad\u00e1n Augusto romper el silencio sobre el caso de Hern\u00e1n Berm\u00fadez, su exjefe de Seguridad en Tabasco, hoy pr\u00f3fugo y se\u00f1alado por presuntos v\u00ednculos con el grupo delictivo La Barredora -","og_description":"Por Redacci\u00f3n QP La presidenta descart\u00f3 que estos se\u00f1alamientos tuvieran un costo pol\u00edtico a su...","og_url":"https:\/\/quehacerpolitico.mx\/?p=117854","article_published_time":"2025-07-18T18:09:48+00:00","article_modified_time":"2025-07-18T18:09:49+00:00","og_image":[{"width":1170,"height":613,"url":"https:\/\/quehacerpolitico.mx\/wp-content\/uploads\/2025\/07\/IMG_1898.jpeg","type":"image\/jpeg"}],"author":"Redacci\u00f3n QP","twitter_card":"summary_large_image","twitter_misc":{"Escrito por":"Redacci\u00f3n QP","Tiempo de lectura":"2 minutos"},"schema":{"@context":"https:\/\/schema.org","@graph":[{"@type":"Article","@id":"https:\/\/quehacerpolitico.mx\/?p=117854#article","isPartOf":{"@id":"https:\/\/quehacerpolitico.mx\/?p=117854"},"author":{"name":"Redacci\u00f3n QP","@id":"https:\/\/quehacerpolitico.mx\/#\/schema\/person\/496d8ad2d1d3f8036101dca7ee39e585"},"headline":"Sheinbaum pide a Ad\u00e1n Augusto romper el silencio sobre el caso de Hern\u00e1n Berm\u00fadez, su exjefe de Seguridad en Tabasco, hoy pr\u00f3fugo y se\u00f1alado por presuntos v\u00ednculos con el grupo delictivo La Barredora","datePublished":"2025-07-18T18:09:48+00:00","dateModified":"2025-07-18T18:09:49+00:00","mainEntityOfPage":{"@id":"https:\/\/quehacerpolitico.mx\/?p=117854"},"wordCount":381,"commentCount":0,"image":{"@id":"https:\/\/quehacerpolitico.mx\/?p=117854#primaryimage"},"thumbnailUrl":"https:\/\/quehacerpolitico.mx\/wp-content\/uploads\/2025\/07\/IMG_1898.jpeg","articleSection":["Nacionales","Noticias"],"inLanguage":"es","potentialAction":[{"@type":"CommentAction","name":"Comment","target":["https:\/\/quehacerpolitico.mx\/?p=117854#respond"]}]},{"@type":"WebPage","@id":"https:\/\/quehacerpolitico.mx\/?p=117854","url":"https:\/\/quehacerpolitico.mx\/?p=117854","name":"Sheinbaum pide a Ad\u00e1n Augusto romper el silencio sobre el caso de Hern\u00e1n Berm\u00fadez, su exjefe de Seguridad en Tabasco, hoy pr\u00f3fugo y se\u00f1alado por presuntos v\u00ednculos con el grupo delictivo La Barredora -","isPartOf":{"@id":"https:\/\/quehacerpolitico.mx\/#website"},"primaryImageOfPage":{"@id":"https:\/\/quehacerpolitico.mx\/?p=117854#primaryimage"},"image":{"@id":"https:\/\/quehacerpolitico.mx\/?p=117854#primaryimage"},"thumbnailUrl":"https:\/\/quehacerpolitico.mx\/wp-content\/uploads\/2025\/07\/IMG_1898.jpeg","datePublished":"2025-07-18T18:09:48+00:00","dateModified":"2025-07-18T18:09:49+00:00","author":{"@id":"https:\/\/quehacerpolitico.mx\/#\/schema\/person\/496d8ad2d1d3f8036101dca7ee39e585"},"breadcrumb":{"@id":"https:\/\/quehacerpolitico.mx\/?p=117854#breadcrumb"},"inLanguage":"es","potentialAction":[{"@type":"ReadAction","target":["https:\/\/quehacerpolitico.mx\/?p=117854"]}]},{"@type":"ImageObject","inLanguage":"es","@id":"https:\/\/quehacerpolitico.mx\/?p=117854#primaryimage","url":"https:\/\/quehacerpolitico.mx\/wp-content\/uploads\/2025\/07\/IMG_1898.jpeg","contentUrl":"https:\/\/quehacerpolitico.mx\/wp-content\/uploads\/2025\/07\/IMG_1898.jpeg","width":1170,"height":613,"caption":"Screenshot"},{"@type":"BreadcrumbList","@id":"https:\/\/quehacerpolitico.mx\/?p=117854#breadcrumb","itemListElement":[{"@type":"ListItem","position":1,"name":"Inicio","item":"https:\/\/quehacerpolitico.mx\/"},{"@type":"ListItem","position":2,"name":"Sheinbaum pide a Ad\u00e1n Augusto romper el silencio sobre el caso de Hern\u00e1n Berm\u00fadez, su exjefe de Seguridad en Tabasco, hoy pr\u00f3fugo y se\u00f1alado por presuntos v\u00ednculos con el grupo delictivo La Barredora"}]},{"@type":"WebSite","@id":"https:\/\/quehacerpolitico.mx\/#website","url":"https:\/\/quehacerpolitico.mx\/","name":"","description":"","potentialAction":[{"@type":"SearchAction","target":{"@type":"EntryPoint","urlTemplate":"https:\/\/quehacerpolitico.mx\/?s={search_term_string}"},"query-input":{"@type":"PropertyValueSpecification","valueRequired":true,"valueName":"search_term_string"}}],"inLanguage":"es"},{"@type":"Person","@id":"https:\/\/quehacerpolitico.mx\/#\/schema\/person\/496d8ad2d1d3f8036101dca7ee39e585","name":"Redacci\u00f3n QP","image":{"@type":"ImageObject","inLanguage":"es","@id":"https:\/\/secure.gravatar.com\/avatar\/c7164ed6fdec453195284ad24a5ae5b6e1eed2b848477fa2a4787ba9adf39a41?s=96&d=mm&r=g","url":"https:\/\/secure.gravatar.com\/avatar\/c7164ed6fdec453195284ad24a5ae5b6e1eed2b848477fa2a4787ba9adf39a41?s=96&d=mm&r=g","contentUrl":"https:\/\/secure.gravatar.com\/avatar\/c7164ed6fdec453195284ad24a5ae5b6e1eed2b848477fa2a4787ba9adf39a41?s=96&d=mm&r=g","caption":"Redacci\u00f3n QP"},"url":"https:\/\/quehacerpolitico.mx\/?author=2"}]}},"featured_image_urls":{"full":["https:\/\/quehacerpolitico.mx\/wp-content\/uploads\/2025\/07\/IMG_1898.jpeg",1170,613,false],"thumbnail":["https:\/\/quehacerpolitico.mx\/wp-content\/uploads\/2025\/07\/IMG_1898-150x150.jpeg",150,150,true],"medium":["https:\/\/quehacerpolitico.mx\/wp-content\/uploads\/2025\/07\/IMG_1898-300x157.jpeg",300,157,true],"medium_large":["https:\/\/quehacerpolitico.mx\/wp-content\/uploads\/2025\/07\/IMG_1898-768x402.jpeg",640,335,true],"large":["https:\/\/quehacerpolitico.mx\/wp-content\/uploads\/2025\/07\/IMG_1898-1024x537.jpeg",640,336,true],"1536x1536":["https:\/\/quehacerpolitico.mx\/wp-content\/uploads\/2025\/07\/IMG_1898.jpeg",1170,613,false],"2048x2048":["https:\/\/quehacerpolitico.mx\/wp-content\/uploads\/2025\/07\/IMG_1898.jpeg",1170,613,false],"covernews-featured":["https:\/\/quehacerpolitico.mx\/wp-content\/uploads\/2025\/07\/IMG_1898-1024x537.jpeg",1024,537,true],"covernews-medium":["https:\/\/quehacerpolitico.mx\/wp-content\/uploads\/2025\/07\/IMG_1898-540x340.jpeg",540,340,true]},"author_info":{"display_name":"Redacci\u00f3n QP","author_link":"https:\/\/quehacerpolitico.mx\/?author=2"},"category_info":"<a href=\"https:\/\/quehacerpolitico.mx\/?cat=280\" rel=\"category\">Nacionales<\/a> <a href=\"https:\/\/quehacerpolitico.mx\/?cat=2\" rel=\"category\">Noticias<\/a>","tag_info":"Noticias","comment_count":"0","_links":{"self":[{"href":"https:\/\/quehacerpolitico.mx\/index.php?rest_route=\/wp\/v2\/posts\/117854","targetHints":{"allow":["GET"]}}],"collection":[{"href":"https:\/\/quehacerpolitico.mx\/index.php?rest_route=\/wp\/v2\/posts"}],"about":[{"href":"https:\/\/quehacerpolitico.mx\/index.php?rest_route=\/wp\/v2\/types\/post"}],"author":[{"embeddable":true,"href":"https:\/\/quehacerpolitico.mx\/index.php?rest_route=\/wp\/v2\/users\/2"}],"replies":[{"embeddable":true,"href":"https:\/\/quehacerpolitico.mx\/index.php?rest_route=%2Fwp%2Fv2%2Fcomments&post=117854"}],"version-history":[{"count":1,"href":"https:\/\/quehacerpolitico.mx\/index.php?rest_route=\/wp\/v2\/posts\/117854\/revisions"}],"predecessor-version":[{"id":117856,"href":"https:\/\/quehacerpolitico.mx\/index.php?rest_route=\/wp\/v2\/posts\/117854\/revisions\/117856"}],"wp:featuredmedia":[{"embeddable":true,"href":"https:\/\/quehacerpolitico.mx\/index.php?rest_route=\/wp\/v2\/media\/117855"}],"wp:attachment":[{"href":"https:\/\/quehacerpolitico.mx\/index.php?rest_route=%2Fwp%2Fv2%2Fmedia&parent=117854"}],"wp:term":[{"taxonomy":"category","embeddable":true,"href":"https:\/\/quehacerpolitico.mx\/index.php?rest_route=%2Fwp%2Fv2%2Fcategories&post=117854"},{"taxonomy":"post_tag","embeddable":true,"href":"https:\/\/quehacerpolitico.mx\/index.php?rest_route=%2Fwp%2Fv2%2Ftags&post=117854"}],"curies":[{"name":"wp","href":"https:\/\/api.w.org\/{rel}","templated":true}]}}