{"id":117851,"date":"2025-07-18T11:47:45","date_gmt":"2025-07-18T17:47:45","guid":{"rendered":"https:\/\/quehacerpolitico.mx\/?p=117851"},"modified":"2025-07-18T11:47:47","modified_gmt":"2025-07-18T17:47:47","slug":"nueva-escuela-mexicana-entre-la-aceptacion-y-la-confusion-segun-un-estudio-internacional","status":"publish","type":"post","link":"https:\/\/quehacerpolitico.mx\/?p=117851","title":{"rendered":"Nueva escuela mexicana, entre la aceptaci\u00f3n y la confusi\u00f3n, seg\u00fan un estudio internacional"},"content":{"rendered":"\n<p>Por Redacci\u00f3n QP<\/p>\n\n\n\n<p>Un an\u00e1lisis hecho por expertos de Jap\u00f3n, Gran Breta\u00f1a y M\u00e9xico encuentra que la reforma educativa de 2023 tiene ventajas, pero tambi\u00e9n puede generar incertidumbre entre el profesorado y divisi\u00f3n entre los estudiantes<\/p>\n\n\n\n<p>La llamada Nueva escuela mexicana (NEM), implementada en 2023 en las primarias del pa\u00eds, enfatiza la inclusi\u00f3n, la diversidad y el aprendizaje basado en proyectos. Docentes, familias y autoridades educativas locales&nbsp;<strong>la respaldan<\/strong>, pero coinciden en que la autonom\u00eda y la ausencia total de directrices o regulaciones&nbsp;<strong>puede generar confusi\u00f3n entre el profesorado y divisi\u00f3n entre los estudiantes<\/strong>.<\/p>\n\n\n\n<p>Esta es la conclusi\u00f3n principal de uno&nbsp;de&nbsp;<strong>los primeros estudios cualitativos a gran escala sobre la NEM<\/strong>&nbsp;realizado por Nozomi Sakata, de la Universidad de Hiroshima en Jap\u00f3n; Nicholas Bremner, de la Universidad de Exeter en Reino Unido, y Lilia Sulema B\u00f3rquez-Morales, de la Universidad Aut\u00f3noma de Quer\u00e9taro en M\u00e9xico.<\/p>\n\n\n\n<p>La investigaci\u00f3n, cuyo reporte\u00a0<a href=\"https:\/\/www.sciencedirect.com\/science\/article\/pii\/S0738059325000938?via%3Dihub#bib25\">se public\u00f3 este mi\u00e9rcoles<\/a>\u00a0en el International\u00a0<em>Journal of Educational Development<\/em>, se hizo a trav\u00e9s de\u00a0<strong>79 entrevistas individuales y grupales<\/strong>\u00a0con 169 participantes en los estados de Nuevo Le\u00f3n, Hidalgo y Chiapas, entre octubre de 2023 y enero de 2024.<\/p>\n\n\n\n<h2 class=\"wp-block-heading\">Al rescate de la cultura nacional<\/h2>\n\n\n\n<p>El primero de los ocho principios que sustentan la pol\u00edtica del NEM, es&nbsp;<strong>el fomento de la identidad mexicana<\/strong>: \u201cLa NEM fomenta el amor a la patria, el aprecio por su cultura, el conocimiento de su historia y el compromiso con los valores consagrados en su Constituci\u00f3n Pol\u00edtica\u201d, se se\u00f1ala en el documento.&nbsp;<\/p>\n\n\n\n<p>Este es uno de los elementos con m\u00e1s aceptaci\u00f3n entre los entrevistados. En particular&nbsp;<strong>se detect\u00f3 un gran orgullo y respeto<\/strong>&nbsp;por la&nbsp; cultura mexicana. Sin embargo, tambi\u00e9n se\u00f1alaron que la cultura y las tradiciones&nbsp;<strong>se han ido perdiendo<\/strong>.&nbsp;<\/p>\n\n\n\n<p>Uno de los entrevistados incluso dijo: \u201cObviamente se est\u00e1 perdiendo la mexicanidad de nuestros s\u00edmbolos patrios\u2026&nbsp;<strong>se est\u00e1 perdiendo la identidad<\/strong>\u201d.&nbsp;<\/p>\n\n\n\n<p>La desaparici\u00f3n de los lenguajes ind\u00edgenas tambi\u00e9n fue vista como parte importante de la p\u00e9rdida de identidad.&nbsp;<\/p>\n\n\n\n<p>\u201cNuestra lengua materna, el n\u00e1huatl, ya casi no se habla. Si alguien la habla, son los mayores. [\u2026] El nombre del pueblo proviene del n\u00e1huatl, y poca gente sabe lo que significa. Si se pierde el idioma, tambi\u00e9n se pierde el conocimiento que nos sustenta como pueblo\u201d, dijo un participante.&nbsp;<\/p>\n\n\n\n<p>Aun as\u00ed, hubo quienes coincidieron en que la NEM podr\u00eda rescatar valores, tradiciones e idiomas y, por tanto,\u00a0<strong>la identidad del pueblo mexicano<\/strong>.<\/p>\n\n\n\n<p>\u201cEl \u00e9nfasis de la NEM en la comunidad ind\u00edgena tuvo mayor aceptaci\u00f3n en el sur del pa\u00eds, pero menor en el norte, donde no hay tantas comunidades ind\u00edgenas. Los participantes que no se identificaron como de origen ind\u00edgena parecieron distanciarse del peso que se da a los valores y tradiciones ind\u00edgenas en la NEM\u201d. Nicholas Bremner, coautor del estudio en un comunicado de prensa.\u201d<\/p>\n\n\n\n<h2 class=\"wp-block-heading\">Confusi\u00f3n y discriminaci\u00f3n<\/h2>\n\n\n\n<p>Una de las preocupaciones que se expresaron fue la posibilidad de que la NEM&nbsp;<strong>fomente una &#8220;discriminaci\u00f3n inversa&#8221;<\/strong>. Los autores reconocen que, por el tiempo en que levantaron los datos, no pod\u00edan saber si esto estaba sucediendo.&nbsp;&nbsp;<\/p>\n\n\n\n<p>\u201cNo obstante, reformas educativas similares, con \u00e9nfasis en los pueblos ind\u00edgenas, implementadas recientemente por gobiernos de izquierda en otros pa\u00edses latinoamericanos, parecen haber tenido consecuencias de ese tipo\u201d, se lee en el reporte.&nbsp;&nbsp;<\/p>\n\n\n\n<p>Por otra parte, algunos de los entrevistados expresaron su confusi\u00f3n sobre la excesiva flexibilidad del curr\u00edculo y la pedagog\u00eda de la NEM, y varios participantes expresaron su preferencia por una estructura m\u00e1s r\u00edgida en cuanto a qu\u00e9 y c\u00f3mo ense\u00f1ar.&nbsp;<\/p>\n\n\n\n<p>Los autores recomiendan que al implementar el nuevo curr\u00edculo se aplique cierto grado de rigidez en su pedagog\u00eda para lograr un equilibrio entre la autonom\u00eda de los docentes y las escuelas, y un mayor control. Consideran que esto tambi\u00e9n es necesario para brindar libertad, apoyo y retroalimentaci\u00f3n a los docentes.<\/p>\n\n\n\n<p>Con informaci\u00f3n de LatinUS<\/p>\n","protected":false},"excerpt":{"rendered":"<p>Por Redacci\u00f3n QP Un an\u00e1lisis hecho por expertos de Jap\u00f3n, Gran Breta\u00f1a y M\u00e9xico encuentra&#8230;<\/p>\n","protected":false},"author":2,"featured_media":117852,"comment_status":"open","ping_status":"open","sticky":false,"template":"","format":"standard","meta":{"_monsterinsights_skip_tracking":false,"_monsterinsights_sitenote_active":false,"_monsterinsights_sitenote_note":"","_monsterinsights_sitenote_category":0,"footnotes":""},"categories":[58],"tags":[],"class_list":["post-117851","post","type-post","status-publish","format-standard","has-post-thumbnail","hentry","category-cultura"],"yoast_head":"<!-- This site is optimized with the Yoast SEO plugin v27.3 - https:\/\/yoast.com\/product\/yoast-seo-wordpress\/ -->\n<title>Nueva escuela mexicana, entre la aceptaci\u00f3n y la confusi\u00f3n, seg\u00fan un estudio internacional -<\/title>\n<meta name=\"robots\" content=\"index, follow, max-snippet:-1, max-image-preview:large, max-video-preview:-1\" \/>\n<link rel=\"canonical\" href=\"https:\/\/quehacerpolitico.mx\/?p=117851\" \/>\n<meta property=\"og:locale\" content=\"es_MX\" \/>\n<meta property=\"og:type\" content=\"article\" \/>\n<meta property=\"og:title\" content=\"Nueva escuela mexicana, entre la aceptaci\u00f3n y la confusi\u00f3n, seg\u00fan un estudio internacional -\" \/>\n<meta property=\"og:description\" content=\"Por Redacci\u00f3n QP Un an\u00e1lisis hecho por expertos de Jap\u00f3n, Gran Breta\u00f1a y M\u00e9xico encuentra...\" \/>\n<meta property=\"og:url\" content=\"https:\/\/quehacerpolitico.mx\/?p=117851\" \/>\n<meta property=\"article:published_time\" content=\"2025-07-18T17:47:45+00:00\" \/>\n<meta property=\"article:modified_time\" content=\"2025-07-18T17:47:47+00:00\" \/>\n<meta property=\"og:image\" content=\"https:\/\/quehacerpolitico.mx\/wp-content\/uploads\/2025\/07\/IMG_1896.jpeg\" \/>\n\t<meta property=\"og:image:width\" content=\"731\" \/>\n\t<meta property=\"og:image:height\" content=\"420\" \/>\n\t<meta property=\"og:image:type\" content=\"image\/jpeg\" \/>\n<meta name=\"author\" content=\"Redacci\u00f3n QP\" \/>\n<meta name=\"twitter:card\" content=\"summary_large_image\" \/>\n<meta name=\"twitter:label1\" content=\"Escrito por\" \/>\n\t<meta name=\"twitter:data1\" content=\"Redacci\u00f3n QP\" \/>\n\t<meta name=\"twitter:label2\" content=\"Tiempo de lectura\" \/>\n\t<meta name=\"twitter:data2\" content=\"4 minutos\" \/>\n<script type=\"application\/ld+json\" class=\"yoast-schema-graph\">{\"@context\":\"https:\\\/\\\/schema.org\",\"@graph\":[{\"@type\":\"Article\",\"@id\":\"https:\\\/\\\/quehacerpolitico.mx\\\/?p=117851#article\",\"isPartOf\":{\"@id\":\"https:\\\/\\\/quehacerpolitico.mx\\\/?p=117851\"},\"author\":{\"name\":\"Redacci\u00f3n QP\",\"@id\":\"https:\\\/\\\/quehacerpolitico.mx\\\/#\\\/schema\\\/person\\\/496d8ad2d1d3f8036101dca7ee39e585\"},\"headline\":\"Nueva escuela mexicana, entre la aceptaci\u00f3n y la confusi\u00f3n, seg\u00fan un estudio internacional\",\"datePublished\":\"2025-07-18T17:47:45+00:00\",\"dateModified\":\"2025-07-18T17:47:47+00:00\",\"mainEntityOfPage\":{\"@id\":\"https:\\\/\\\/quehacerpolitico.mx\\\/?p=117851\"},\"wordCount\":725,\"commentCount\":0,\"image\":{\"@id\":\"https:\\\/\\\/quehacerpolitico.mx\\\/?p=117851#primaryimage\"},\"thumbnailUrl\":\"https:\\\/\\\/quehacerpolitico.mx\\\/wp-content\\\/uploads\\\/2025\\\/07\\\/IMG_1896.jpeg\",\"articleSection\":[\"Cultura y Entretenimiento\"],\"inLanguage\":\"es\",\"potentialAction\":[{\"@type\":\"CommentAction\",\"name\":\"Comment\",\"target\":[\"https:\\\/\\\/quehacerpolitico.mx\\\/?p=117851#respond\"]}]},{\"@type\":\"WebPage\",\"@id\":\"https:\\\/\\\/quehacerpolitico.mx\\\/?p=117851\",\"url\":\"https:\\\/\\\/quehacerpolitico.mx\\\/?p=117851\",\"name\":\"Nueva escuela mexicana, entre la aceptaci\u00f3n y la confusi\u00f3n, seg\u00fan un estudio internacional -\",\"isPartOf\":{\"@id\":\"https:\\\/\\\/quehacerpolitico.mx\\\/#website\"},\"primaryImageOfPage\":{\"@id\":\"https:\\\/\\\/quehacerpolitico.mx\\\/?p=117851#primaryimage\"},\"image\":{\"@id\":\"https:\\\/\\\/quehacerpolitico.mx\\\/?p=117851#primaryimage\"},\"thumbnailUrl\":\"https:\\\/\\\/quehacerpolitico.mx\\\/wp-content\\\/uploads\\\/2025\\\/07\\\/IMG_1896.jpeg\",\"datePublished\":\"2025-07-18T17:47:45+00:00\",\"dateModified\":\"2025-07-18T17:47:47+00:00\",\"author\":{\"@id\":\"https:\\\/\\\/quehacerpolitico.mx\\\/#\\\/schema\\\/person\\\/496d8ad2d1d3f8036101dca7ee39e585\"},\"breadcrumb\":{\"@id\":\"https:\\\/\\\/quehacerpolitico.mx\\\/?p=117851#breadcrumb\"},\"inLanguage\":\"es\",\"potentialAction\":[{\"@type\":\"ReadAction\",\"target\":[\"https:\\\/\\\/quehacerpolitico.mx\\\/?p=117851\"]}]},{\"@type\":\"ImageObject\",\"inLanguage\":\"es\",\"@id\":\"https:\\\/\\\/quehacerpolitico.mx\\\/?p=117851#primaryimage\",\"url\":\"https:\\\/\\\/quehacerpolitico.mx\\\/wp-content\\\/uploads\\\/2025\\\/07\\\/IMG_1896.jpeg\",\"contentUrl\":\"https:\\\/\\\/quehacerpolitico.mx\\\/wp-content\\\/uploads\\\/2025\\\/07\\\/IMG_1896.jpeg\",\"width\":731,\"height\":420},{\"@type\":\"BreadcrumbList\",\"@id\":\"https:\\\/\\\/quehacerpolitico.mx\\\/?p=117851#breadcrumb\",\"itemListElement\":[{\"@type\":\"ListItem\",\"position\":1,\"name\":\"Inicio\",\"item\":\"https:\\\/\\\/quehacerpolitico.mx\\\/\"},{\"@type\":\"ListItem\",\"position\":2,\"name\":\"Nueva escuela mexicana, entre la aceptaci\u00f3n y la confusi\u00f3n, seg\u00fan un estudio internacional\"}]},{\"@type\":\"WebSite\",\"@id\":\"https:\\\/\\\/quehacerpolitico.mx\\\/#website\",\"url\":\"https:\\\/\\\/quehacerpolitico.mx\\\/\",\"name\":\"\",\"description\":\"\",\"potentialAction\":[{\"@type\":\"SearchAction\",\"target\":{\"@type\":\"EntryPoint\",\"urlTemplate\":\"https:\\\/\\\/quehacerpolitico.mx\\\/?s={search_term_string}\"},\"query-input\":{\"@type\":\"PropertyValueSpecification\",\"valueRequired\":true,\"valueName\":\"search_term_string\"}}],\"inLanguage\":\"es\"},{\"@type\":\"Person\",\"@id\":\"https:\\\/\\\/quehacerpolitico.mx\\\/#\\\/schema\\\/person\\\/496d8ad2d1d3f8036101dca7ee39e585\",\"name\":\"Redacci\u00f3n QP\",\"image\":{\"@type\":\"ImageObject\",\"inLanguage\":\"es\",\"@id\":\"https:\\\/\\\/secure.gravatar.com\\\/avatar\\\/c7164ed6fdec453195284ad24a5ae5b6e1eed2b848477fa2a4787ba9adf39a41?s=96&d=mm&r=g\",\"url\":\"https:\\\/\\\/secure.gravatar.com\\\/avatar\\\/c7164ed6fdec453195284ad24a5ae5b6e1eed2b848477fa2a4787ba9adf39a41?s=96&d=mm&r=g\",\"contentUrl\":\"https:\\\/\\\/secure.gravatar.com\\\/avatar\\\/c7164ed6fdec453195284ad24a5ae5b6e1eed2b848477fa2a4787ba9adf39a41?s=96&d=mm&r=g\",\"caption\":\"Redacci\u00f3n QP\"},\"url\":\"https:\\\/\\\/quehacerpolitico.mx\\\/?author=2\"}]}<\/script>\n<!-- \/ Yoast SEO plugin. -->","yoast_head_json":{"title":"Nueva escuela mexicana, entre la aceptaci\u00f3n y la confusi\u00f3n, seg\u00fan un estudio internacional -","robots":{"index":"index","follow":"follow","max-snippet":"max-snippet:-1","max-image-preview":"max-image-preview:large","max-video-preview":"max-video-preview:-1"},"canonical":"https:\/\/quehacerpolitico.mx\/?p=117851","og_locale":"es_MX","og_type":"article","og_title":"Nueva escuela mexicana, entre la aceptaci\u00f3n y la confusi\u00f3n, seg\u00fan un estudio internacional -","og_description":"Por Redacci\u00f3n QP Un an\u00e1lisis hecho por expertos de Jap\u00f3n, Gran Breta\u00f1a y M\u00e9xico encuentra...","og_url":"https:\/\/quehacerpolitico.mx\/?p=117851","article_published_time":"2025-07-18T17:47:45+00:00","article_modified_time":"2025-07-18T17:47:47+00:00","og_image":[{"width":731,"height":420,"url":"https:\/\/quehacerpolitico.mx\/wp-content\/uploads\/2025\/07\/IMG_1896.jpeg","type":"image\/jpeg"}],"author":"Redacci\u00f3n QP","twitter_card":"summary_large_image","twitter_misc":{"Escrito por":"Redacci\u00f3n QP","Tiempo de lectura":"4 minutos"},"schema":{"@context":"https:\/\/schema.org","@graph":[{"@type":"Article","@id":"https:\/\/quehacerpolitico.mx\/?p=117851#article","isPartOf":{"@id":"https:\/\/quehacerpolitico.mx\/?p=117851"},"author":{"name":"Redacci\u00f3n QP","@id":"https:\/\/quehacerpolitico.mx\/#\/schema\/person\/496d8ad2d1d3f8036101dca7ee39e585"},"headline":"Nueva escuela mexicana, entre la aceptaci\u00f3n y la confusi\u00f3n, seg\u00fan un estudio internacional","datePublished":"2025-07-18T17:47:45+00:00","dateModified":"2025-07-18T17:47:47+00:00","mainEntityOfPage":{"@id":"https:\/\/quehacerpolitico.mx\/?p=117851"},"wordCount":725,"commentCount":0,"image":{"@id":"https:\/\/quehacerpolitico.mx\/?p=117851#primaryimage"},"thumbnailUrl":"https:\/\/quehacerpolitico.mx\/wp-content\/uploads\/2025\/07\/IMG_1896.jpeg","articleSection":["Cultura y Entretenimiento"],"inLanguage":"es","potentialAction":[{"@type":"CommentAction","name":"Comment","target":["https:\/\/quehacerpolitico.mx\/?p=117851#respond"]}]},{"@type":"WebPage","@id":"https:\/\/quehacerpolitico.mx\/?p=117851","url":"https:\/\/quehacerpolitico.mx\/?p=117851","name":"Nueva escuela mexicana, entre la aceptaci\u00f3n y la confusi\u00f3n, seg\u00fan un estudio internacional -","isPartOf":{"@id":"https:\/\/quehacerpolitico.mx\/#website"},"primaryImageOfPage":{"@id":"https:\/\/quehacerpolitico.mx\/?p=117851#primaryimage"},"image":{"@id":"https:\/\/quehacerpolitico.mx\/?p=117851#primaryimage"},"thumbnailUrl":"https:\/\/quehacerpolitico.mx\/wp-content\/uploads\/2025\/07\/IMG_1896.jpeg","datePublished":"2025-07-18T17:47:45+00:00","dateModified":"2025-07-18T17:47:47+00:00","author":{"@id":"https:\/\/quehacerpolitico.mx\/#\/schema\/person\/496d8ad2d1d3f8036101dca7ee39e585"},"breadcrumb":{"@id":"https:\/\/quehacerpolitico.mx\/?p=117851#breadcrumb"},"inLanguage":"es","potentialAction":[{"@type":"ReadAction","target":["https:\/\/quehacerpolitico.mx\/?p=117851"]}]},{"@type":"ImageObject","inLanguage":"es","@id":"https:\/\/quehacerpolitico.mx\/?p=117851#primaryimage","url":"https:\/\/quehacerpolitico.mx\/wp-content\/uploads\/2025\/07\/IMG_1896.jpeg","contentUrl":"https:\/\/quehacerpolitico.mx\/wp-content\/uploads\/2025\/07\/IMG_1896.jpeg","width":731,"height":420},{"@type":"BreadcrumbList","@id":"https:\/\/quehacerpolitico.mx\/?p=117851#breadcrumb","itemListElement":[{"@type":"ListItem","position":1,"name":"Inicio","item":"https:\/\/quehacerpolitico.mx\/"},{"@type":"ListItem","position":2,"name":"Nueva escuela mexicana, entre la aceptaci\u00f3n y la confusi\u00f3n, seg\u00fan un estudio internacional"}]},{"@type":"WebSite","@id":"https:\/\/quehacerpolitico.mx\/#website","url":"https:\/\/quehacerpolitico.mx\/","name":"","description":"","potentialAction":[{"@type":"SearchAction","target":{"@type":"EntryPoint","urlTemplate":"https:\/\/quehacerpolitico.mx\/?s={search_term_string}"},"query-input":{"@type":"PropertyValueSpecification","valueRequired":true,"valueName":"search_term_string"}}],"inLanguage":"es"},{"@type":"Person","@id":"https:\/\/quehacerpolitico.mx\/#\/schema\/person\/496d8ad2d1d3f8036101dca7ee39e585","name":"Redacci\u00f3n QP","image":{"@type":"ImageObject","inLanguage":"es","@id":"https:\/\/secure.gravatar.com\/avatar\/c7164ed6fdec453195284ad24a5ae5b6e1eed2b848477fa2a4787ba9adf39a41?s=96&d=mm&r=g","url":"https:\/\/secure.gravatar.com\/avatar\/c7164ed6fdec453195284ad24a5ae5b6e1eed2b848477fa2a4787ba9adf39a41?s=96&d=mm&r=g","contentUrl":"https:\/\/secure.gravatar.com\/avatar\/c7164ed6fdec453195284ad24a5ae5b6e1eed2b848477fa2a4787ba9adf39a41?s=96&d=mm&r=g","caption":"Redacci\u00f3n QP"},"url":"https:\/\/quehacerpolitico.mx\/?author=2"}]}},"featured_image_urls":{"full":["https:\/\/quehacerpolitico.mx\/wp-content\/uploads\/2025\/07\/IMG_1896.jpeg",731,420,false],"thumbnail":["https:\/\/quehacerpolitico.mx\/wp-content\/uploads\/2025\/07\/IMG_1896-150x150.jpeg",150,150,true],"medium":["https:\/\/quehacerpolitico.mx\/wp-content\/uploads\/2025\/07\/IMG_1896-300x172.jpeg",300,172,true],"medium_large":["https:\/\/quehacerpolitico.mx\/wp-content\/uploads\/2025\/07\/IMG_1896.jpeg",640,368,false],"large":["https:\/\/quehacerpolitico.mx\/wp-content\/uploads\/2025\/07\/IMG_1896.jpeg",640,368,false],"1536x1536":["https:\/\/quehacerpolitico.mx\/wp-content\/uploads\/2025\/07\/IMG_1896.jpeg",731,420,false],"2048x2048":["https:\/\/quehacerpolitico.mx\/wp-content\/uploads\/2025\/07\/IMG_1896.jpeg",731,420,false],"covernews-featured":["https:\/\/quehacerpolitico.mx\/wp-content\/uploads\/2025\/07\/IMG_1896.jpeg",731,420,false],"covernews-medium":["https:\/\/quehacerpolitico.mx\/wp-content\/uploads\/2025\/07\/IMG_1896-540x340.jpeg",540,340,true]},"author_info":{"display_name":"Redacci\u00f3n QP","author_link":"https:\/\/quehacerpolitico.mx\/?author=2"},"category_info":"<a href=\"https:\/\/quehacerpolitico.mx\/?cat=58\" rel=\"category\">Cultura y Entretenimiento<\/a>","tag_info":"Cultura y Entretenimiento","comment_count":"0","_links":{"self":[{"href":"https:\/\/quehacerpolitico.mx\/index.php?rest_route=\/wp\/v2\/posts\/117851","targetHints":{"allow":["GET"]}}],"collection":[{"href":"https:\/\/quehacerpolitico.mx\/index.php?rest_route=\/wp\/v2\/posts"}],"about":[{"href":"https:\/\/quehacerpolitico.mx\/index.php?rest_route=\/wp\/v2\/types\/post"}],"author":[{"embeddable":true,"href":"https:\/\/quehacerpolitico.mx\/index.php?rest_route=\/wp\/v2\/users\/2"}],"replies":[{"embeddable":true,"href":"https:\/\/quehacerpolitico.mx\/index.php?rest_route=%2Fwp%2Fv2%2Fcomments&post=117851"}],"version-history":[{"count":1,"href":"https:\/\/quehacerpolitico.mx\/index.php?rest_route=\/wp\/v2\/posts\/117851\/revisions"}],"predecessor-version":[{"id":117853,"href":"https:\/\/quehacerpolitico.mx\/index.php?rest_route=\/wp\/v2\/posts\/117851\/revisions\/117853"}],"wp:featuredmedia":[{"embeddable":true,"href":"https:\/\/quehacerpolitico.mx\/index.php?rest_route=\/wp\/v2\/media\/117852"}],"wp:attachment":[{"href":"https:\/\/quehacerpolitico.mx\/index.php?rest_route=%2Fwp%2Fv2%2Fmedia&parent=117851"}],"wp:term":[{"taxonomy":"category","embeddable":true,"href":"https:\/\/quehacerpolitico.mx\/index.php?rest_route=%2Fwp%2Fv2%2Fcategories&post=117851"},{"taxonomy":"post_tag","embeddable":true,"href":"https:\/\/quehacerpolitico.mx\/index.php?rest_route=%2Fwp%2Fv2%2Ftags&post=117851"}],"curies":[{"name":"wp","href":"https:\/\/api.w.org\/{rel}","templated":true}]}}