{"id":11785,"date":"2018-12-14T18:29:09","date_gmt":"2018-12-14T18:29:09","guid":{"rendered":"http:\/\/quehacerpolitico.mx\/amlo-critica-que-velasco-tenga-seguridad-personal-el-congreso-de-chiapas-puede-derogarlo-responde\/"},"modified":"2018-12-14T18:29:09","modified_gmt":"2018-12-14T18:29:09","slug":"amlo-critica-que-velasco-tenga-seguridad-personal-el-congreso-de-chiapas-puede-derogarlo-responde","status":"publish","type":"post","link":"https:\/\/quehacerpolitico.mx\/?p=11785","title":{"rendered":"AMLO critica que Velasco tenga seguridad personal; \u201cel Congreso de Chiapas puede derogarlo\u201d, responde"},"content":{"rendered":"<h1>AMLO critica que Velasco tenga seguridad personal; \u201cel Congreso de Chiapas puede derogarlo\u201d, responde<\/h1>\n<p>Por Redacci\u00f3n QP<\/p>\n<p>El<strong> Presidente Andr\u00e9s Manuel L\u00f3pez Obrador<\/strong> conden\u00f3 hoy que\u00a0<strong>Manuel Velasco Coello<\/strong>, ex Gobernador de <strong>Chiapas,<\/strong> cuente con un equipo de<strong> seguridad personal<\/strong> durante los pr\u00f3ximos <strong>15 a\u00f1os<\/strong>\u00a0\u201cpor los servicios prestados al estado\u201d, como revel\u00f3 informaci\u00f3n publicada en <em>El Universal<\/em>.<\/p>\n<p>De acuerdo con el diario nacional, <strong>Velasco Coello<\/strong>, del Partido Verde Ecologista (PVEM), dispondr\u00e1 de esta protecci\u00f3n porque as\u00ed lo establece el decreto 223 que fue publicado en el <em>Peri\u00f3dico Oficial del Estado<\/em> el pasado 12 de julio de 2017. El decreto tambi\u00e9n beneficia de la misma forma al Fiscal estatal.<\/p>\n<p>Adem\u00e1s, el art\u00edculo segundo transitorio de dicho mandato indica que \u201cla Secretar\u00eda de Hacienda estatal deber\u00e1\u00a0considerar en su propuesta del Presupuesto de Egresos de cada a\u00f1o una partida donde se asignen recursos para este concepto\u201d, se\u00f1al\u00f3 el peri\u00f3dico.<\/p>\n<p>Sobre esto se pronunci\u00f3 hoy\u00a0<strong>L\u00f3pez Obrador<\/strong>, quien reconoci\u00f3 no tener informaci\u00f3n al respecto, pero externo su desacuerdo al recordar las medidas de austeridad que su Gobierno plantea para este sexenio.<\/p>\n<blockquote>\n<p class=\"p1\">\u201cNo tengo informaci\u00f3n sobre lo de <strong>Chiapas,<\/strong> creo que de ser cierto es un <strong>exceso<\/strong> que no debe de permitirse, sin embargo, eso corresponde al Gobierno de Chiapas, el Gobierno libre y soberano de Chapas. Mi opini\u00f3n es que no debe haber <strong>privilegios,<\/strong> que se debe acabar con los tratos espaciales a los <strong>funcionarios\u201d<\/strong>, dijo durante la conferencia matutina que ofreci\u00f3.<\/p>\n<p>Sobre la resistencia de funcionarios a disminuir sus sueldos extern\u00f3: \u201cSi no les alcanza [el sueldo], pues habr\u00e1 otros que s\u00ed quieran trabajar por ese sueldo que no es poco. Hay personas con maestr\u00edas, doctorados que ganan 80 mil pesos y est\u00e1n bien preparados. El servicio como funcionarios p\u00fablicos deber\u00eda ser una vocaci\u00f3n por servir\u201d.<\/p>\n<p>El decreto que contempla\u00a0la protecci\u00f3n de<strong>Velasco Coello<\/strong>\u00a0tambi\u00e9n incluye al presidente del \u00a0Tribunal Superior de Justicia del Estado y al Secretario de Seguridad y Protecci\u00f3n Ciudadana, pero para ellos el periodo de protecci\u00f3n ser\u00e1 igual al tiempo que trabajen como servidores p\u00fablicos en su \u00faltimo cargo.<\/p>\n<p class=\"p1\"><span class=\"s1\">Al t\u00e9rmino de la conferencia de L\u00f3pez Obrador, el integrante del <\/span><span class=\"s2\"><strong>PVEM<\/strong> emiti\u00f3 un comunicado donde precis\u00f3 la informaci\u00f3n publicada por <em>El Universal<\/em>. Se\u00f1al\u00f3 que el decreto al que se hizo alusi\u00f3n fue publicado el 31 de octubre del 2009 y no durante su mandato, del 2012 al 2018.<\/span><\/p>\n<p class=\"p1\"><span class=\"s2\"><strong>Velasco<\/strong> asegur\u00f3 que el<strong> Congreso chiapaneco<\/strong>est\u00e1 facultado para derogar el decreto.<\/span><\/p>\n<p class=\"p1\"><span class=\"s2\">\u201cEl \u2018Decreto por el que se establecen las mediada de seguridad y custodia para extitulares del Poder Ejecutivo, Poder Judicial, Procuradur\u00eda y Seguridad P\u00fablica\u201d, contenidas en el Tomo III del Peri\u00f3dico Oficial del Estado No. 195 y en la Segunda Secci\u00f3n del Peri\u00f3dico Oficial del Estado No. 306, corresponde a la fecha el 31 de octubre del 2009, por lo que es inexacto adjudi<\/span><span class=\"s1\">dicar su origen a la administraci\u00f3n 2012-2018, que encabec\u00e9\u201d, se lee en el comunicado del<strong> ex gobernante<\/strong>.<\/span><\/p>\n<blockquote class=\"twitter-tweet\" data-width=\"550\" data-dnt=\"true\">\n<p lang=\"es\" dir=\"ltr\">Carta dirigida a la Mesa de Redacci\u00f3n del diario <a href=\"https:\/\/twitter.com\/El_Universal_Mx?ref_src=twsrc%5Etfw\">@El_Universal_Mx<\/a>. <a href=\"https:\/\/t.co\/nl8uNxN9px\">pic.twitter.com\/nl8uNxN9px<\/a><\/p>\n<p>&mdash; Manuel Velasco (@VelascoM_) <a href=\"https:\/\/twitter.com\/VelascoM_\/status\/1073587213022052354?ref_src=twsrc%5Etfw\">December 14, 2018<\/a><\/p><\/blockquote>\n<p><script async src=\"https:\/\/platform.twitter.com\/widgets.js\" charset=\"utf-8\"><\/script><\/p>\n<p><strong>VELASCO COELLO Y AMLO<\/strong><\/p>\n<p>Chiapas le dio a <strong>Andr\u00e9s Manuel L\u00f3pez Obrador<\/strong>\u00a01.5 millones de votos, pero no un cheque en blanco.\u00a0La euforia que se extendi\u00f3\u00a0entre los mexicanos durante la toma de protesta del\u00a0Presidente de M\u00e9xico\u00a0no alcanz\u00f3 a encender de manera generalizada los \u00e1nimos en esta entidad, quiz\u00e1 porque junto al tabasque\u00f1o repite en el Gobierno la clase pol\u00edtica encabezada por\u00a0Manuel Velasco Coello.<\/p>\n<p>Suman tambi\u00e9n otros integrantes de su gabinete que pasaron del\u00a0Gobierno estatal al federal, del Partido Verde Ecologista de M\u00e9xico (PVEM)\u00a0al de Morena. Se trata de la\u00a0clase pol\u00edtica\u00a0cuyo resultado en el Gobierno de los seis a\u00f1os recientes es el\u00a0decrecimiento econ\u00f3mico\u00a0anual del 0.2 por ciento, que en t\u00e9rmino concretos se traduce en que al menos 7 de cada 10 chiapanecos vivan en condiciones de pobreza.<\/p>\n<p>Quiz\u00e1 tampoco se sienta un \u00e1nimo festivo generalizado porque en\u00a0Chiapas 1 de cada 3 habitantes es ind\u00edgena, y en esta regi\u00f3n \u2013al igual que en otras habitadas por una mayor\u00eda de poblaci\u00f3n mestiza- se libra desde hace varios a\u00f1os una batalla para detener proyectos de extracci\u00f3n minera, de hidrocarburos, de construcci\u00f3n de represas y otros que buscan implantarse en sus tierras, y que ahora forman parte del plan de desarrollo de\u00a0L\u00f3pez Obrador para el estado.<\/p>\n<\/blockquote>\n","protected":false},"excerpt":{"rendered":"<p>AMLO critica que Velasco tenga seguridad personal; \u201cel Congreso de Chiapas puede derogarlo\u201d, responde<br \/>\nPor Redacci\u00f3n QP<\/p>\n","protected":false},"author":2,"featured_media":11784,"comment_status":"open","ping_status":"open","sticky":false,"template":"","format":"standard","meta":{"_monsterinsights_skip_tracking":false,"_monsterinsights_sitenote_active":false,"_monsterinsights_sitenote_note":"","_monsterinsights_sitenote_category":0,"footnotes":""},"categories":[2],"tags":[],"class_list":["post-11785","post","type-post","status-publish","format-standard","has-post-thumbnail","hentry","category-noticias"],"yoast_head":"<!-- This site is optimized with the Yoast SEO plugin v27.3 - https:\/\/yoast.com\/product\/yoast-seo-wordpress\/ -->\n<title>AMLO critica que Velasco tenga seguridad personal; \u201cel Congreso de Chiapas puede derogarlo\u201d, responde -<\/title>\n<meta name=\"robots\" content=\"index, follow, max-snippet:-1, max-image-preview:large, max-video-preview:-1\" \/>\n<link rel=\"canonical\" href=\"https:\/\/quehacerpolitico.mx\/?p=11785\" \/>\n<meta property=\"og:locale\" content=\"es_MX\" \/>\n<meta property=\"og:type\" content=\"article\" \/>\n<meta property=\"og:title\" content=\"AMLO critica que Velasco tenga seguridad personal; \u201cel Congreso de Chiapas puede derogarlo\u201d, responde -\" \/>\n<meta property=\"og:description\" content=\"AMLO critica que Velasco tenga seguridad personal; \u201cel Congreso de Chiapas puede derogarlo\u201d, responde Por Redacci\u00f3n QP\" \/>\n<meta property=\"og:url\" content=\"https:\/\/quehacerpolitico.mx\/?p=11785\" \/>\n<meta property=\"article:published_time\" content=\"2018-12-14T18:29:09+00:00\" \/>\n<meta name=\"author\" content=\"Redacci\u00f3n QP\" \/>\n<meta name=\"twitter:card\" content=\"summary_large_image\" \/>\n<meta name=\"twitter:label1\" content=\"Escrito por\" \/>\n\t<meta name=\"twitter:data1\" content=\"Redacci\u00f3n QP\" \/>\n\t<meta name=\"twitter:label2\" content=\"Tiempo de lectura\" \/>\n\t<meta name=\"twitter:data2\" content=\"4 minutos\" \/>\n<script type=\"application\/ld+json\" class=\"yoast-schema-graph\">{\"@context\":\"https:\\\/\\\/schema.org\",\"@graph\":[{\"@type\":\"Article\",\"@id\":\"https:\\\/\\\/quehacerpolitico.mx\\\/?p=11785#article\",\"isPartOf\":{\"@id\":\"https:\\\/\\\/quehacerpolitico.mx\\\/?p=11785\"},\"author\":{\"name\":\"Redacci\u00f3n QP\",\"@id\":\"https:\\\/\\\/quehacerpolitico.mx\\\/#\\\/schema\\\/person\\\/496d8ad2d1d3f8036101dca7ee39e585\"},\"headline\":\"AMLO critica que Velasco tenga seguridad personal; \u201cel Congreso de Chiapas puede derogarlo\u201d, responde\",\"datePublished\":\"2018-12-14T18:29:09+00:00\",\"mainEntityOfPage\":{\"@id\":\"https:\\\/\\\/quehacerpolitico.mx\\\/?p=11785\"},\"wordCount\":757,\"commentCount\":0,\"image\":{\"@id\":\"https:\\\/\\\/quehacerpolitico.mx\\\/?p=11785#primaryimage\"},\"thumbnailUrl\":\"\",\"articleSection\":[\"Noticias\"],\"inLanguage\":\"es\",\"potentialAction\":[{\"@type\":\"CommentAction\",\"name\":\"Comment\",\"target\":[\"https:\\\/\\\/quehacerpolitico.mx\\\/?p=11785#respond\"]}]},{\"@type\":\"WebPage\",\"@id\":\"https:\\\/\\\/quehacerpolitico.mx\\\/?p=11785\",\"url\":\"https:\\\/\\\/quehacerpolitico.mx\\\/?p=11785\",\"name\":\"AMLO critica que Velasco tenga seguridad personal; \u201cel Congreso de Chiapas puede derogarlo\u201d, responde -\",\"isPartOf\":{\"@id\":\"https:\\\/\\\/quehacerpolitico.mx\\\/#website\"},\"primaryImageOfPage\":{\"@id\":\"https:\\\/\\\/quehacerpolitico.mx\\\/?p=11785#primaryimage\"},\"image\":{\"@id\":\"https:\\\/\\\/quehacerpolitico.mx\\\/?p=11785#primaryimage\"},\"thumbnailUrl\":\"\",\"datePublished\":\"2018-12-14T18:29:09+00:00\",\"author\":{\"@id\":\"https:\\\/\\\/quehacerpolitico.mx\\\/#\\\/schema\\\/person\\\/496d8ad2d1d3f8036101dca7ee39e585\"},\"breadcrumb\":{\"@id\":\"https:\\\/\\\/quehacerpolitico.mx\\\/?p=11785#breadcrumb\"},\"inLanguage\":\"es\",\"potentialAction\":[{\"@type\":\"ReadAction\",\"target\":[\"https:\\\/\\\/quehacerpolitico.mx\\\/?p=11785\"]}]},{\"@type\":\"ImageObject\",\"inLanguage\":\"es\",\"@id\":\"https:\\\/\\\/quehacerpolitico.mx\\\/?p=11785#primaryimage\",\"url\":\"\",\"contentUrl\":\"\"},{\"@type\":\"BreadcrumbList\",\"@id\":\"https:\\\/\\\/quehacerpolitico.mx\\\/?p=11785#breadcrumb\",\"itemListElement\":[{\"@type\":\"ListItem\",\"position\":1,\"name\":\"Inicio\",\"item\":\"https:\\\/\\\/quehacerpolitico.mx\\\/\"},{\"@type\":\"ListItem\",\"position\":2,\"name\":\"AMLO critica que Velasco tenga seguridad personal; \u201cel Congreso de Chiapas puede derogarlo\u201d, responde\"}]},{\"@type\":\"WebSite\",\"@id\":\"https:\\\/\\\/quehacerpolitico.mx\\\/#website\",\"url\":\"https:\\\/\\\/quehacerpolitico.mx\\\/\",\"name\":\"\",\"description\":\"\",\"potentialAction\":[{\"@type\":\"SearchAction\",\"target\":{\"@type\":\"EntryPoint\",\"urlTemplate\":\"https:\\\/\\\/quehacerpolitico.mx\\\/?s={search_term_string}\"},\"query-input\":{\"@type\":\"PropertyValueSpecification\",\"valueRequired\":true,\"valueName\":\"search_term_string\"}}],\"inLanguage\":\"es\"},{\"@type\":\"Person\",\"@id\":\"https:\\\/\\\/quehacerpolitico.mx\\\/#\\\/schema\\\/person\\\/496d8ad2d1d3f8036101dca7ee39e585\",\"name\":\"Redacci\u00f3n QP\",\"image\":{\"@type\":\"ImageObject\",\"inLanguage\":\"es\",\"@id\":\"https:\\\/\\\/secure.gravatar.com\\\/avatar\\\/c7164ed6fdec453195284ad24a5ae5b6e1eed2b848477fa2a4787ba9adf39a41?s=96&d=mm&r=g\",\"url\":\"https:\\\/\\\/secure.gravatar.com\\\/avatar\\\/c7164ed6fdec453195284ad24a5ae5b6e1eed2b848477fa2a4787ba9adf39a41?s=96&d=mm&r=g\",\"contentUrl\":\"https:\\\/\\\/secure.gravatar.com\\\/avatar\\\/c7164ed6fdec453195284ad24a5ae5b6e1eed2b848477fa2a4787ba9adf39a41?s=96&d=mm&r=g\",\"caption\":\"Redacci\u00f3n QP\"},\"url\":\"https:\\\/\\\/quehacerpolitico.mx\\\/?author=2\"}]}<\/script>\n<!-- \/ Yoast SEO plugin. -->","yoast_head_json":{"title":"AMLO critica que Velasco tenga seguridad personal; \u201cel Congreso de Chiapas puede derogarlo\u201d, responde -","robots":{"index":"index","follow":"follow","max-snippet":"max-snippet:-1","max-image-preview":"max-image-preview:large","max-video-preview":"max-video-preview:-1"},"canonical":"https:\/\/quehacerpolitico.mx\/?p=11785","og_locale":"es_MX","og_type":"article","og_title":"AMLO critica que Velasco tenga seguridad personal; \u201cel Congreso de Chiapas puede derogarlo\u201d, responde -","og_description":"AMLO critica que Velasco tenga seguridad personal; \u201cel Congreso de Chiapas puede derogarlo\u201d, responde Por Redacci\u00f3n QP","og_url":"https:\/\/quehacerpolitico.mx\/?p=11785","article_published_time":"2018-12-14T18:29:09+00:00","author":"Redacci\u00f3n QP","twitter_card":"summary_large_image","twitter_misc":{"Escrito por":"Redacci\u00f3n QP","Tiempo de lectura":"4 minutos"},"schema":{"@context":"https:\/\/schema.org","@graph":[{"@type":"Article","@id":"https:\/\/quehacerpolitico.mx\/?p=11785#article","isPartOf":{"@id":"https:\/\/quehacerpolitico.mx\/?p=11785"},"author":{"name":"Redacci\u00f3n QP","@id":"https:\/\/quehacerpolitico.mx\/#\/schema\/person\/496d8ad2d1d3f8036101dca7ee39e585"},"headline":"AMLO critica que Velasco tenga seguridad personal; \u201cel Congreso de Chiapas puede derogarlo\u201d, responde","datePublished":"2018-12-14T18:29:09+00:00","mainEntityOfPage":{"@id":"https:\/\/quehacerpolitico.mx\/?p=11785"},"wordCount":757,"commentCount":0,"image":{"@id":"https:\/\/quehacerpolitico.mx\/?p=11785#primaryimage"},"thumbnailUrl":"","articleSection":["Noticias"],"inLanguage":"es","potentialAction":[{"@type":"CommentAction","name":"Comment","target":["https:\/\/quehacerpolitico.mx\/?p=11785#respond"]}]},{"@type":"WebPage","@id":"https:\/\/quehacerpolitico.mx\/?p=11785","url":"https:\/\/quehacerpolitico.mx\/?p=11785","name":"AMLO critica que Velasco tenga seguridad personal; \u201cel Congreso de Chiapas puede derogarlo\u201d, responde -","isPartOf":{"@id":"https:\/\/quehacerpolitico.mx\/#website"},"primaryImageOfPage":{"@id":"https:\/\/quehacerpolitico.mx\/?p=11785#primaryimage"},"image":{"@id":"https:\/\/quehacerpolitico.mx\/?p=11785#primaryimage"},"thumbnailUrl":"","datePublished":"2018-12-14T18:29:09+00:00","author":{"@id":"https:\/\/quehacerpolitico.mx\/#\/schema\/person\/496d8ad2d1d3f8036101dca7ee39e585"},"breadcrumb":{"@id":"https:\/\/quehacerpolitico.mx\/?p=11785#breadcrumb"},"inLanguage":"es","potentialAction":[{"@type":"ReadAction","target":["https:\/\/quehacerpolitico.mx\/?p=11785"]}]},{"@type":"ImageObject","inLanguage":"es","@id":"https:\/\/quehacerpolitico.mx\/?p=11785#primaryimage","url":"","contentUrl":""},{"@type":"BreadcrumbList","@id":"https:\/\/quehacerpolitico.mx\/?p=11785#breadcrumb","itemListElement":[{"@type":"ListItem","position":1,"name":"Inicio","item":"https:\/\/quehacerpolitico.mx\/"},{"@type":"ListItem","position":2,"name":"AMLO critica que Velasco tenga seguridad personal; \u201cel Congreso de Chiapas puede derogarlo\u201d, responde"}]},{"@type":"WebSite","@id":"https:\/\/quehacerpolitico.mx\/#website","url":"https:\/\/quehacerpolitico.mx\/","name":"","description":"","potentialAction":[{"@type":"SearchAction","target":{"@type":"EntryPoint","urlTemplate":"https:\/\/quehacerpolitico.mx\/?s={search_term_string}"},"query-input":{"@type":"PropertyValueSpecification","valueRequired":true,"valueName":"search_term_string"}}],"inLanguage":"es"},{"@type":"Person","@id":"https:\/\/quehacerpolitico.mx\/#\/schema\/person\/496d8ad2d1d3f8036101dca7ee39e585","name":"Redacci\u00f3n QP","image":{"@type":"ImageObject","inLanguage":"es","@id":"https:\/\/secure.gravatar.com\/avatar\/c7164ed6fdec453195284ad24a5ae5b6e1eed2b848477fa2a4787ba9adf39a41?s=96&d=mm&r=g","url":"https:\/\/secure.gravatar.com\/avatar\/c7164ed6fdec453195284ad24a5ae5b6e1eed2b848477fa2a4787ba9adf39a41?s=96&d=mm&r=g","contentUrl":"https:\/\/secure.gravatar.com\/avatar\/c7164ed6fdec453195284ad24a5ae5b6e1eed2b848477fa2a4787ba9adf39a41?s=96&d=mm&r=g","caption":"Redacci\u00f3n QP"},"url":"https:\/\/quehacerpolitico.mx\/?author=2"}]}},"featured_image_urls":{"full":"","thumbnail":"","medium":"","medium_large":"","large":"","1536x1536":"","2048x2048":"","covernews-featured":"","covernews-medium":""},"author_info":{"display_name":"Redacci\u00f3n QP","author_link":"https:\/\/quehacerpolitico.mx\/?author=2"},"category_info":"<a href=\"https:\/\/quehacerpolitico.mx\/?cat=2\" rel=\"category\">Noticias<\/a>","tag_info":"Noticias","comment_count":"0","_links":{"self":[{"href":"https:\/\/quehacerpolitico.mx\/index.php?rest_route=\/wp\/v2\/posts\/11785","targetHints":{"allow":["GET"]}}],"collection":[{"href":"https:\/\/quehacerpolitico.mx\/index.php?rest_route=\/wp\/v2\/posts"}],"about":[{"href":"https:\/\/quehacerpolitico.mx\/index.php?rest_route=\/wp\/v2\/types\/post"}],"author":[{"embeddable":true,"href":"https:\/\/quehacerpolitico.mx\/index.php?rest_route=\/wp\/v2\/users\/2"}],"replies":[{"embeddable":true,"href":"https:\/\/quehacerpolitico.mx\/index.php?rest_route=%2Fwp%2Fv2%2Fcomments&post=11785"}],"version-history":[{"count":0,"href":"https:\/\/quehacerpolitico.mx\/index.php?rest_route=\/wp\/v2\/posts\/11785\/revisions"}],"wp:featuredmedia":[{"embeddable":true,"href":"https:\/\/quehacerpolitico.mx\/index.php?rest_route=\/"}],"wp:attachment":[{"href":"https:\/\/quehacerpolitico.mx\/index.php?rest_route=%2Fwp%2Fv2%2Fmedia&parent=11785"}],"wp:term":[{"taxonomy":"category","embeddable":true,"href":"https:\/\/quehacerpolitico.mx\/index.php?rest_route=%2Fwp%2Fv2%2Fcategories&post=11785"},{"taxonomy":"post_tag","embeddable":true,"href":"https:\/\/quehacerpolitico.mx\/index.php?rest_route=%2Fwp%2Fv2%2Ftags&post=11785"}],"curies":[{"name":"wp","href":"https:\/\/api.w.org\/{rel}","templated":true}]}}