{"id":117834,"date":"2025-07-17T14:07:06","date_gmt":"2025-07-17T20:07:06","guid":{"rendered":"https:\/\/quehacerpolitico.mx\/?p=117834"},"modified":"2025-07-17T14:07:08","modified_gmt":"2025-07-17T20:07:08","slug":"milita-en-morena-exsecretario-de-seguridad-de-adan-augusto-lopez-ligado-a-un-grupo-criminal","status":"publish","type":"post","link":"https:\/\/quehacerpolitico.mx\/?p=117834","title":{"rendered":"Milita en Morena exsecretario de Seguridad de Ad\u00e1n Augusto L\u00f3pez ligado a un grupo criminal"},"content":{"rendered":"\n<p>Por Redacci\u00f3n QP<\/p>\n\n\n\n<p>Hern\u00e1n Berm\u00fadez Requena tiene una orden de aprehensi\u00f3n desde febrero por presuntamente proteger a un brazo del C\u00e1rtel Jalisco Nueva Generaci\u00f3n durante su gesti\u00f3n<\/p>\n\n\n\n<p><strong>Hern\u00e1n Berm\u00fadez Requena<\/strong>, exsecretario de Seguridad en el gobierno de Ad\u00e1n Augusto L\u00f3pez Hern\u00e1ndez en Tabasco, es<strong>&nbsp;militante de Morena&nbsp;<\/strong>desde el 2023.&nbsp;<\/p>\n\n\n\n<p>Berm\u00fadez aparece en el\u00a0<strong>padr\u00f3n de Morena\u00a0<\/strong>ante el Instituto Nacional Electoral (INE) dentro de la militancia en Tabasco.<\/p>\n\n\n\n<figure class=\"wp-block-image size-large\"><img loading=\"lazy\" decoding=\"async\" width=\"903\" height=\"1024\" src=\"https:\/\/quehacerpolitico.mx\/wp-content\/uploads\/2025\/07\/IMG_1876-903x1024.jpeg\" alt=\"\" class=\"wp-image-117835\" srcset=\"https:\/\/quehacerpolitico.mx\/wp-content\/uploads\/2025\/07\/IMG_1876-903x1024.jpeg 903w, https:\/\/quehacerpolitico.mx\/wp-content\/uploads\/2025\/07\/IMG_1876-264x300.jpeg 264w, https:\/\/quehacerpolitico.mx\/wp-content\/uploads\/2025\/07\/IMG_1876-768x871.jpeg 768w, https:\/\/quehacerpolitico.mx\/wp-content\/uploads\/2025\/07\/IMG_1876.jpeg 946w\" sizes=\"auto, (max-width: 903px) 100vw, 903px\" \/><\/figure>\n\n\n\n<p>Bermudez fue designado el 11 de diciembre del 2019 por el entonces gobernador tabasque\u00f1o,\u00a0<strong>Ad\u00e1n Augusto L\u00f3pez<\/strong>, actual coordinador de Morena en el Senado, como secretario de Seguridad estatal. Se mantuvo en el cargo \u2014pese a la salida de L\u00f3pez Hern\u00e1ndez de la gubernatura\u2014 hasta que\u00a0present\u00f3 su\u00a0renuncia\u00a0en enero de 2024,\u00a0ya durante la gesti\u00f3n del mandatario interino\u00a0<strong>Carlos Merino<\/strong>.<\/p>\n\n\n\n<p>Berm\u00fadez se integr\u00f3 a&nbsp;<strong>Morena<\/strong>&nbsp;el 20 de marzo del 2023, cuando todav\u00eda encabezaba la<strong>&nbsp;dependencia de seguridad estatal.<\/strong>&nbsp;&nbsp;<\/p>\n\n\n\n<figure class=\"wp-block-image\"><img decoding=\"async\" src=\"https:\/\/latinus.us\/u\/fotografias\/m\/2025\/7\/17\/f768x1-120386_120513_5050.jpeg\" alt=\"\"\/><\/figure>\n\n\n\n<p><strong>Miguel \u00c1ngel L\u00f3pez Mart\u00ednez,<\/strong>comandante de la 30 zona militar en Tabasco, inform\u00f3 que desde el 14 de febrero de este a\u00f1o, un juez libr\u00f3 una orden de aprehensi\u00f3n contra Berm\u00fadez por presuntamente<strong>&nbsp;proteger al grupo delictivo \u201cLa Barredora\u201d<\/strong>, un brazo del C\u00e1rtel Jalisco Nueva Generaci\u00f3n (CJNG).&nbsp;<\/p>\n\n\n\n<p>Seg\u00fan el comandante, al conocer de esta orden de aprehensi\u00f3n, Berm\u00fadez sali\u00f3 de&nbsp;<strong>M\u00e9rida<\/strong>,&nbsp;<strong>Yucat\u00e1n<\/strong>, presuntamente hacia Panam\u00e1, desde el 26 de enero de este a\u00f1o, por lo que se encuentra&nbsp;<strong>pr\u00f3fugo de la justicia.<\/strong><\/p>\n\n\n\n<p><strong>Javier May,&nbsp;<\/strong>actual gobernador de Tabasco, hab\u00eda se\u00f1alado desde&nbsp;noviembre del a\u00f1o pasado que el exsecretario&nbsp;estaba relacionado con el grupo delictivo.&nbsp;&nbsp;<\/p>\n\n\n\n<p>La Interpol gir\u00f3&nbsp;<strong>ficha<\/strong>&nbsp;<strong>roja<\/strong>&nbsp;y busca a Hern\u00e1n Berm\u00fadez en m\u00e1s de&nbsp;100 pa\u00edses.<\/p>\n","protected":false},"excerpt":{"rendered":"<p>Por Redacci\u00f3n QP Hern\u00e1n Berm\u00fadez Requena tiene una orden de aprehensi\u00f3n desde febrero por presuntamente&#8230;<\/p>\n","protected":false},"author":2,"featured_media":117836,"comment_status":"open","ping_status":"open","sticky":false,"template":"","format":"standard","meta":{"_monsterinsights_skip_tracking":false,"_monsterinsights_sitenote_active":false,"_monsterinsights_sitenote_note":"","_monsterinsights_sitenote_category":0,"footnotes":""},"categories":[280,2],"tags":[],"class_list":["post-117834","post","type-post","status-publish","format-standard","has-post-thumbnail","hentry","category-nacionales","category-noticias"],"yoast_head":"<!-- This site is optimized with the Yoast SEO plugin v27.3 - https:\/\/yoast.com\/product\/yoast-seo-wordpress\/ -->\n<title>Milita en Morena exsecretario de Seguridad de Ad\u00e1n Augusto L\u00f3pez ligado a un grupo criminal -<\/title>\n<meta name=\"robots\" content=\"index, follow, max-snippet:-1, max-image-preview:large, max-video-preview:-1\" \/>\n<link rel=\"canonical\" href=\"https:\/\/quehacerpolitico.mx\/?p=117834\" \/>\n<meta property=\"og:locale\" content=\"es_MX\" \/>\n<meta property=\"og:type\" content=\"article\" \/>\n<meta property=\"og:title\" content=\"Milita en Morena exsecretario de Seguridad de Ad\u00e1n Augusto L\u00f3pez ligado a un grupo criminal -\" \/>\n<meta property=\"og:description\" content=\"Por Redacci\u00f3n QP Hern\u00e1n Berm\u00fadez Requena tiene una orden de aprehensi\u00f3n desde febrero por presuntamente...\" \/>\n<meta property=\"og:url\" content=\"https:\/\/quehacerpolitico.mx\/?p=117834\" \/>\n<meta property=\"article:published_time\" content=\"2025-07-17T20:07:06+00:00\" \/>\n<meta property=\"article:modified_time\" content=\"2025-07-17T20:07:08+00:00\" \/>\n<meta property=\"og:image\" content=\"https:\/\/quehacerpolitico.mx\/wp-content\/uploads\/2025\/07\/IMG_1877.jpeg\" \/>\n\t<meta property=\"og:image:width\" content=\"1179\" \/>\n\t<meta property=\"og:image:height\" content=\"1321\" \/>\n\t<meta property=\"og:image:type\" content=\"image\/jpeg\" \/>\n<meta name=\"author\" content=\"Redacci\u00f3n QP\" \/>\n<meta name=\"twitter:card\" content=\"summary_large_image\" \/>\n<meta name=\"twitter:label1\" content=\"Escrito por\" \/>\n\t<meta name=\"twitter:data1\" content=\"Redacci\u00f3n QP\" \/>\n\t<meta name=\"twitter:label2\" content=\"Tiempo de lectura\" \/>\n\t<meta name=\"twitter:data2\" content=\"2 minutos\" \/>\n<script type=\"application\/ld+json\" class=\"yoast-schema-graph\">{\"@context\":\"https:\\\/\\\/schema.org\",\"@graph\":[{\"@type\":\"Article\",\"@id\":\"https:\\\/\\\/quehacerpolitico.mx\\\/?p=117834#article\",\"isPartOf\":{\"@id\":\"https:\\\/\\\/quehacerpolitico.mx\\\/?p=117834\"},\"author\":{\"name\":\"Redacci\u00f3n QP\",\"@id\":\"https:\\\/\\\/quehacerpolitico.mx\\\/#\\\/schema\\\/person\\\/496d8ad2d1d3f8036101dca7ee39e585\"},\"headline\":\"Milita en Morena exsecretario de Seguridad de Ad\u00e1n Augusto L\u00f3pez ligado a un grupo criminal\",\"datePublished\":\"2025-07-17T20:07:06+00:00\",\"dateModified\":\"2025-07-17T20:07:08+00:00\",\"mainEntityOfPage\":{\"@id\":\"https:\\\/\\\/quehacerpolitico.mx\\\/?p=117834\"},\"wordCount\":341,\"commentCount\":0,\"image\":{\"@id\":\"https:\\\/\\\/quehacerpolitico.mx\\\/?p=117834#primaryimage\"},\"thumbnailUrl\":\"https:\\\/\\\/quehacerpolitico.mx\\\/wp-content\\\/uploads\\\/2025\\\/07\\\/IMG_1877.jpeg\",\"articleSection\":[\"Nacionales\",\"Noticias\"],\"inLanguage\":\"es\",\"potentialAction\":[{\"@type\":\"CommentAction\",\"name\":\"Comment\",\"target\":[\"https:\\\/\\\/quehacerpolitico.mx\\\/?p=117834#respond\"]}]},{\"@type\":\"WebPage\",\"@id\":\"https:\\\/\\\/quehacerpolitico.mx\\\/?p=117834\",\"url\":\"https:\\\/\\\/quehacerpolitico.mx\\\/?p=117834\",\"name\":\"Milita en Morena exsecretario de Seguridad de Ad\u00e1n Augusto L\u00f3pez ligado a un grupo criminal -\",\"isPartOf\":{\"@id\":\"https:\\\/\\\/quehacerpolitico.mx\\\/#website\"},\"primaryImageOfPage\":{\"@id\":\"https:\\\/\\\/quehacerpolitico.mx\\\/?p=117834#primaryimage\"},\"image\":{\"@id\":\"https:\\\/\\\/quehacerpolitico.mx\\\/?p=117834#primaryimage\"},\"thumbnailUrl\":\"https:\\\/\\\/quehacerpolitico.mx\\\/wp-content\\\/uploads\\\/2025\\\/07\\\/IMG_1877.jpeg\",\"datePublished\":\"2025-07-17T20:07:06+00:00\",\"dateModified\":\"2025-07-17T20:07:08+00:00\",\"author\":{\"@id\":\"https:\\\/\\\/quehacerpolitico.mx\\\/#\\\/schema\\\/person\\\/496d8ad2d1d3f8036101dca7ee39e585\"},\"breadcrumb\":{\"@id\":\"https:\\\/\\\/quehacerpolitico.mx\\\/?p=117834#breadcrumb\"},\"inLanguage\":\"es\",\"potentialAction\":[{\"@type\":\"ReadAction\",\"target\":[\"https:\\\/\\\/quehacerpolitico.mx\\\/?p=117834\"]}]},{\"@type\":\"ImageObject\",\"inLanguage\":\"es\",\"@id\":\"https:\\\/\\\/quehacerpolitico.mx\\\/?p=117834#primaryimage\",\"url\":\"https:\\\/\\\/quehacerpolitico.mx\\\/wp-content\\\/uploads\\\/2025\\\/07\\\/IMG_1877.jpeg\",\"contentUrl\":\"https:\\\/\\\/quehacerpolitico.mx\\\/wp-content\\\/uploads\\\/2025\\\/07\\\/IMG_1877.jpeg\",\"width\":1179,\"height\":1321},{\"@type\":\"BreadcrumbList\",\"@id\":\"https:\\\/\\\/quehacerpolitico.mx\\\/?p=117834#breadcrumb\",\"itemListElement\":[{\"@type\":\"ListItem\",\"position\":1,\"name\":\"Inicio\",\"item\":\"https:\\\/\\\/quehacerpolitico.mx\\\/\"},{\"@type\":\"ListItem\",\"position\":2,\"name\":\"Milita en Morena exsecretario de Seguridad de Ad\u00e1n Augusto L\u00f3pez ligado a un grupo criminal\"}]},{\"@type\":\"WebSite\",\"@id\":\"https:\\\/\\\/quehacerpolitico.mx\\\/#website\",\"url\":\"https:\\\/\\\/quehacerpolitico.mx\\\/\",\"name\":\"\",\"description\":\"\",\"potentialAction\":[{\"@type\":\"SearchAction\",\"target\":{\"@type\":\"EntryPoint\",\"urlTemplate\":\"https:\\\/\\\/quehacerpolitico.mx\\\/?s={search_term_string}\"},\"query-input\":{\"@type\":\"PropertyValueSpecification\",\"valueRequired\":true,\"valueName\":\"search_term_string\"}}],\"inLanguage\":\"es\"},{\"@type\":\"Person\",\"@id\":\"https:\\\/\\\/quehacerpolitico.mx\\\/#\\\/schema\\\/person\\\/496d8ad2d1d3f8036101dca7ee39e585\",\"name\":\"Redacci\u00f3n QP\",\"image\":{\"@type\":\"ImageObject\",\"inLanguage\":\"es\",\"@id\":\"https:\\\/\\\/secure.gravatar.com\\\/avatar\\\/c7164ed6fdec453195284ad24a5ae5b6e1eed2b848477fa2a4787ba9adf39a41?s=96&d=mm&r=g\",\"url\":\"https:\\\/\\\/secure.gravatar.com\\\/avatar\\\/c7164ed6fdec453195284ad24a5ae5b6e1eed2b848477fa2a4787ba9adf39a41?s=96&d=mm&r=g\",\"contentUrl\":\"https:\\\/\\\/secure.gravatar.com\\\/avatar\\\/c7164ed6fdec453195284ad24a5ae5b6e1eed2b848477fa2a4787ba9adf39a41?s=96&d=mm&r=g\",\"caption\":\"Redacci\u00f3n QP\"},\"url\":\"https:\\\/\\\/quehacerpolitico.mx\\\/?author=2\"}]}<\/script>\n<!-- \/ Yoast SEO plugin. -->","yoast_head_json":{"title":"Milita en Morena exsecretario de Seguridad de Ad\u00e1n Augusto L\u00f3pez ligado a un grupo criminal -","robots":{"index":"index","follow":"follow","max-snippet":"max-snippet:-1","max-image-preview":"max-image-preview:large","max-video-preview":"max-video-preview:-1"},"canonical":"https:\/\/quehacerpolitico.mx\/?p=117834","og_locale":"es_MX","og_type":"article","og_title":"Milita en Morena exsecretario de Seguridad de Ad\u00e1n Augusto L\u00f3pez ligado a un grupo criminal -","og_description":"Por Redacci\u00f3n QP Hern\u00e1n Berm\u00fadez Requena tiene una orden de aprehensi\u00f3n desde febrero por presuntamente...","og_url":"https:\/\/quehacerpolitico.mx\/?p=117834","article_published_time":"2025-07-17T20:07:06+00:00","article_modified_time":"2025-07-17T20:07:08+00:00","og_image":[{"width":1179,"height":1321,"url":"https:\/\/quehacerpolitico.mx\/wp-content\/uploads\/2025\/07\/IMG_1877.jpeg","type":"image\/jpeg"}],"author":"Redacci\u00f3n QP","twitter_card":"summary_large_image","twitter_misc":{"Escrito por":"Redacci\u00f3n QP","Tiempo de lectura":"2 minutos"},"schema":{"@context":"https:\/\/schema.org","@graph":[{"@type":"Article","@id":"https:\/\/quehacerpolitico.mx\/?p=117834#article","isPartOf":{"@id":"https:\/\/quehacerpolitico.mx\/?p=117834"},"author":{"name":"Redacci\u00f3n QP","@id":"https:\/\/quehacerpolitico.mx\/#\/schema\/person\/496d8ad2d1d3f8036101dca7ee39e585"},"headline":"Milita en Morena exsecretario de Seguridad de Ad\u00e1n Augusto L\u00f3pez ligado a un grupo criminal","datePublished":"2025-07-17T20:07:06+00:00","dateModified":"2025-07-17T20:07:08+00:00","mainEntityOfPage":{"@id":"https:\/\/quehacerpolitico.mx\/?p=117834"},"wordCount":341,"commentCount":0,"image":{"@id":"https:\/\/quehacerpolitico.mx\/?p=117834#primaryimage"},"thumbnailUrl":"https:\/\/quehacerpolitico.mx\/wp-content\/uploads\/2025\/07\/IMG_1877.jpeg","articleSection":["Nacionales","Noticias"],"inLanguage":"es","potentialAction":[{"@type":"CommentAction","name":"Comment","target":["https:\/\/quehacerpolitico.mx\/?p=117834#respond"]}]},{"@type":"WebPage","@id":"https:\/\/quehacerpolitico.mx\/?p=117834","url":"https:\/\/quehacerpolitico.mx\/?p=117834","name":"Milita en Morena exsecretario de Seguridad de Ad\u00e1n Augusto L\u00f3pez ligado a un grupo criminal -","isPartOf":{"@id":"https:\/\/quehacerpolitico.mx\/#website"},"primaryImageOfPage":{"@id":"https:\/\/quehacerpolitico.mx\/?p=117834#primaryimage"},"image":{"@id":"https:\/\/quehacerpolitico.mx\/?p=117834#primaryimage"},"thumbnailUrl":"https:\/\/quehacerpolitico.mx\/wp-content\/uploads\/2025\/07\/IMG_1877.jpeg","datePublished":"2025-07-17T20:07:06+00:00","dateModified":"2025-07-17T20:07:08+00:00","author":{"@id":"https:\/\/quehacerpolitico.mx\/#\/schema\/person\/496d8ad2d1d3f8036101dca7ee39e585"},"breadcrumb":{"@id":"https:\/\/quehacerpolitico.mx\/?p=117834#breadcrumb"},"inLanguage":"es","potentialAction":[{"@type":"ReadAction","target":["https:\/\/quehacerpolitico.mx\/?p=117834"]}]},{"@type":"ImageObject","inLanguage":"es","@id":"https:\/\/quehacerpolitico.mx\/?p=117834#primaryimage","url":"https:\/\/quehacerpolitico.mx\/wp-content\/uploads\/2025\/07\/IMG_1877.jpeg","contentUrl":"https:\/\/quehacerpolitico.mx\/wp-content\/uploads\/2025\/07\/IMG_1877.jpeg","width":1179,"height":1321},{"@type":"BreadcrumbList","@id":"https:\/\/quehacerpolitico.mx\/?p=117834#breadcrumb","itemListElement":[{"@type":"ListItem","position":1,"name":"Inicio","item":"https:\/\/quehacerpolitico.mx\/"},{"@type":"ListItem","position":2,"name":"Milita en Morena exsecretario de Seguridad de Ad\u00e1n Augusto L\u00f3pez ligado a un grupo criminal"}]},{"@type":"WebSite","@id":"https:\/\/quehacerpolitico.mx\/#website","url":"https:\/\/quehacerpolitico.mx\/","name":"","description":"","potentialAction":[{"@type":"SearchAction","target":{"@type":"EntryPoint","urlTemplate":"https:\/\/quehacerpolitico.mx\/?s={search_term_string}"},"query-input":{"@type":"PropertyValueSpecification","valueRequired":true,"valueName":"search_term_string"}}],"inLanguage":"es"},{"@type":"Person","@id":"https:\/\/quehacerpolitico.mx\/#\/schema\/person\/496d8ad2d1d3f8036101dca7ee39e585","name":"Redacci\u00f3n QP","image":{"@type":"ImageObject","inLanguage":"es","@id":"https:\/\/secure.gravatar.com\/avatar\/c7164ed6fdec453195284ad24a5ae5b6e1eed2b848477fa2a4787ba9adf39a41?s=96&d=mm&r=g","url":"https:\/\/secure.gravatar.com\/avatar\/c7164ed6fdec453195284ad24a5ae5b6e1eed2b848477fa2a4787ba9adf39a41?s=96&d=mm&r=g","contentUrl":"https:\/\/secure.gravatar.com\/avatar\/c7164ed6fdec453195284ad24a5ae5b6e1eed2b848477fa2a4787ba9adf39a41?s=96&d=mm&r=g","caption":"Redacci\u00f3n QP"},"url":"https:\/\/quehacerpolitico.mx\/?author=2"}]}},"featured_image_urls":{"full":["https:\/\/quehacerpolitico.mx\/wp-content\/uploads\/2025\/07\/IMG_1877.jpeg",1179,1321,false],"thumbnail":["https:\/\/quehacerpolitico.mx\/wp-content\/uploads\/2025\/07\/IMG_1877-150x150.jpeg",150,150,true],"medium":["https:\/\/quehacerpolitico.mx\/wp-content\/uploads\/2025\/07\/IMG_1877-268x300.jpeg",268,300,true],"medium_large":["https:\/\/quehacerpolitico.mx\/wp-content\/uploads\/2025\/07\/IMG_1877-768x860.jpeg",640,717,true],"large":["https:\/\/quehacerpolitico.mx\/wp-content\/uploads\/2025\/07\/IMG_1877-914x1024.jpeg",640,717,true],"1536x1536":["https:\/\/quehacerpolitico.mx\/wp-content\/uploads\/2025\/07\/IMG_1877.jpeg",1179,1321,false],"2048x2048":["https:\/\/quehacerpolitico.mx\/wp-content\/uploads\/2025\/07\/IMG_1877.jpeg",1179,1321,false],"covernews-featured":["https:\/\/quehacerpolitico.mx\/wp-content\/uploads\/2025\/07\/IMG_1877-1024x1147.jpeg",1024,1147,true],"covernews-medium":["https:\/\/quehacerpolitico.mx\/wp-content\/uploads\/2025\/07\/IMG_1877-540x340.jpeg",540,340,true]},"author_info":{"display_name":"Redacci\u00f3n QP","author_link":"https:\/\/quehacerpolitico.mx\/?author=2"},"category_info":"<a href=\"https:\/\/quehacerpolitico.mx\/?cat=280\" rel=\"category\">Nacionales<\/a> <a href=\"https:\/\/quehacerpolitico.mx\/?cat=2\" rel=\"category\">Noticias<\/a>","tag_info":"Noticias","comment_count":"0","_links":{"self":[{"href":"https:\/\/quehacerpolitico.mx\/index.php?rest_route=\/wp\/v2\/posts\/117834","targetHints":{"allow":["GET"]}}],"collection":[{"href":"https:\/\/quehacerpolitico.mx\/index.php?rest_route=\/wp\/v2\/posts"}],"about":[{"href":"https:\/\/quehacerpolitico.mx\/index.php?rest_route=\/wp\/v2\/types\/post"}],"author":[{"embeddable":true,"href":"https:\/\/quehacerpolitico.mx\/index.php?rest_route=\/wp\/v2\/users\/2"}],"replies":[{"embeddable":true,"href":"https:\/\/quehacerpolitico.mx\/index.php?rest_route=%2Fwp%2Fv2%2Fcomments&post=117834"}],"version-history":[{"count":1,"href":"https:\/\/quehacerpolitico.mx\/index.php?rest_route=\/wp\/v2\/posts\/117834\/revisions"}],"predecessor-version":[{"id":117837,"href":"https:\/\/quehacerpolitico.mx\/index.php?rest_route=\/wp\/v2\/posts\/117834\/revisions\/117837"}],"wp:featuredmedia":[{"embeddable":true,"href":"https:\/\/quehacerpolitico.mx\/index.php?rest_route=\/wp\/v2\/media\/117836"}],"wp:attachment":[{"href":"https:\/\/quehacerpolitico.mx\/index.php?rest_route=%2Fwp%2Fv2%2Fmedia&parent=117834"}],"wp:term":[{"taxonomy":"category","embeddable":true,"href":"https:\/\/quehacerpolitico.mx\/index.php?rest_route=%2Fwp%2Fv2%2Fcategories&post=117834"},{"taxonomy":"post_tag","embeddable":true,"href":"https:\/\/quehacerpolitico.mx\/index.php?rest_route=%2Fwp%2Fv2%2Ftags&post=117834"}],"curies":[{"name":"wp","href":"https:\/\/api.w.org\/{rel}","templated":true}]}}