{"id":117831,"date":"2025-07-17T13:46:05","date_gmt":"2025-07-17T19:46:05","guid":{"rendered":"https:\/\/quehacerpolitico.mx\/?p=117831"},"modified":"2025-07-17T13:46:07","modified_gmt":"2025-07-17T19:46:07","slug":"por-que-incomodo-a-la-iglesia-catolica-el-show-sobre-tenochtitlan","status":"publish","type":"post","link":"https:\/\/quehacerpolitico.mx\/?p=117831","title":{"rendered":"\u00bfPor qu\u00e9 incomod\u00f3 a la Iglesia cat\u00f3lica el show sobre Tenochtitlan?"},"content":{"rendered":"\n<p>Por Redacci\u00f3n QP<\/p>\n\n\n\n<p>La Arquidi\u00f3cesis Primada de M\u00e9xico se pronunci\u00f3 en contra de la proyecci\u00f3n &#8220;Memoria Luminosa. M\u00e9xico Tenochtitlan 700 a\u00f1os&#8221;<\/p>\n\n\n\n<p><strong>El espect\u00e1culo de videomapping &#8220;Memoria Luminosa. M\u00e9xico Tenochtitlan 700 a\u00f1os&#8221;<\/strong>&nbsp;se proyecta en la Catedral Metropolitana del Z\u00f3calo de la Ciudad de M\u00e9xico desde el 11 de julio hasta el 27 de julio de 2025, pero&nbsp;<strong>ha comenzado a generar malestar en la Iglesia cat\u00f3lica<\/strong>.<\/p>\n\n\n\n<figure class=\"wp-block-embed is-type-video is-provider-youtube wp-block-embed-youtube wp-embed-aspect-16-9 wp-has-aspect-ratio\"><div class=\"wp-block-embed__wrapper\">\n<iframe loading=\"lazy\" title=\"Memoria Luminosa M\u00e9xico Tenochtitlan 700 a\u00f1os, parte 1.\" width=\"640\" height=\"360\" src=\"https:\/\/www.youtube.com\/embed\/7yFN7IpOtx8?feature=oembed\" frameborder=\"0\" allow=\"accelerometer; autoplay; clipboard-write; encrypted-media; gyroscope; picture-in-picture; web-share\" referrerpolicy=\"strict-origin-when-cross-origin\" allowfullscreen><\/iframe>\n<\/div><\/figure>\n\n\n\n<p>La exposici\u00f3n audiovisual, que<strong>\u00a0recorre y detalla las vicisitudes de los \u00faltimos siete siglos<\/strong>, desde la migraci\u00f3n en Aztl\u00e1n y la fundaci\u00f3n de M\u00e9xico-Tenochtitlan, hasta la elecci\u00f3n de dos mujeres jefas de Gobierno (Claudia Sheinbaum Pardo y Clara Brugada Molina) y el movimiento feminista,\u00a0<mark><strong>suscit\u00f3 molestia e inconformidad en la comunidad cat\u00f3lica por reconocer la legalizaci\u00f3n del aborto como parte de la historia de la capital<\/strong><\/mark>.<\/p>\n\n\n\n<p>La Arquidi\u00f3cesis Primada de M\u00e9xico se pronunci\u00f3 en contra de la proyecci\u00f3n de &#8220;diversas leyendas e im\u00e1genes que&nbsp;<mark><strong>lastiman profundamente la fe y los principios&#8221; que profesan<\/strong><\/mark>.<\/p>\n\n\n\n<h2 class=\"wp-block-heading\">Catedral pide no proyectar show sobre Tenochtitlan<\/h2>\n\n\n\n<p>La Catedral Metropolitana de la Arquidi\u00f3cesis de M\u00e9xico solicit\u00f3 al Gobierno capitalino dejar de exhibir proyecciones del espect\u00e1culo Memorias Luminosas, que conmemora 700 a\u00f1os de la fundaci\u00f3n de Tenochtitlan, porque &#8220;lastiman profundamente la fe&#8221; de los cat\u00f3licos.<\/p>\n\n\n\n<p>&#8220;Hacemos un llamado a las autoridades de la Ciudad de M\u00e9xico para que, en uso de sus diversas atribuciones, giren las indicaciones necesarias para<strong>\u00a0<\/strong><mark><strong>que sobre la fachada de la Catedral Metropolitana se evite en todo momento la proyecci\u00f3n de mensajes contrarios a la fe cat\u00f3lica, mismos que lastiman en lo m\u00e1s profundo a la devoci\u00f3n del pueblo mexicano&#8221;<\/strong><\/mark>, refiri\u00f3 en un comunicado.<\/p>\n\n\n\n<p>El espect\u00e1culo Memorias Luminosas es proyectado en la fachada de la Catedral Metropolitana desde hace unos d\u00edas, por ser un edificio que forma parte del conjunto arquitect\u00f3nico del Z\u00f3calo; sin embargo,\u00a0<strong>pertenece al Gobierno federal y su uso es exclusivo de la Arquidi\u00f3cesis<\/strong>.<\/p>\n\n\n\n<p>&#8220;La Catedral Metropolitana de la Ciudad de M\u00e9xico es un edificio que pertenece al Gobierno federal, y cuyo uso exclusivo, conforme a la ley de asociaciones religiosas y culto p\u00fablico, corresponde a la Arquidi\u00f3cesis Primada de M\u00e9xico, quien desde luego se mantiene atenta al contenido de los mensajes que dentro de sus instalaciones, fachada y atrios incluidos, se difunden&#8221;, se\u00f1al\u00f3.<\/p>\n\n\n\n<p><mark><strong>La Catedral Metropolitana subray\u00f3 que no particip\u00f3 en la preproducci\u00f3n, ni en el guion de dicho espect\u00e1culo<\/strong><\/mark>.<\/p>\n\n\n\n<p>&#8220;\u00danicamente fuimos informados que en dicha fachada, junto con la del Sagrario Metropolitano, servir\u00edan como lienzos para dicha proyecci\u00f3n, tomando en cuenta el periodo colonial y barroco, que supuestamente se proyectar\u00eda en estos espacios&#8221;.<\/p>\n","protected":false},"excerpt":{"rendered":"<p>Por Redacci\u00f3n QP La Arquidi\u00f3cesis Primada de M\u00e9xico se pronunci\u00f3 en contra de la proyecci\u00f3n&#8230;<\/p>\n","protected":false},"author":2,"featured_media":117832,"comment_status":"open","ping_status":"open","sticky":false,"template":"","format":"standard","meta":{"_monsterinsights_skip_tracking":false,"_monsterinsights_sitenote_active":false,"_monsterinsights_sitenote_note":"","_monsterinsights_sitenote_category":0,"footnotes":""},"categories":[55],"tags":[],"class_list":["post-117831","post","type-post","status-publish","format-standard","has-post-thumbnail","hentry","category-cdmx"],"yoast_head":"<!-- This site is optimized with the Yoast SEO plugin v27.3 - https:\/\/yoast.com\/product\/yoast-seo-wordpress\/ -->\n<title>\u00bfPor qu\u00e9 incomod\u00f3 a la Iglesia cat\u00f3lica el show sobre Tenochtitlan? -<\/title>\n<meta name=\"robots\" content=\"index, follow, max-snippet:-1, max-image-preview:large, max-video-preview:-1\" \/>\n<link rel=\"canonical\" href=\"https:\/\/quehacerpolitico.mx\/?p=117831\" \/>\n<meta property=\"og:locale\" content=\"es_MX\" \/>\n<meta property=\"og:type\" content=\"article\" \/>\n<meta property=\"og:title\" content=\"\u00bfPor qu\u00e9 incomod\u00f3 a la Iglesia cat\u00f3lica el show sobre Tenochtitlan? -\" \/>\n<meta property=\"og:description\" content=\"Por Redacci\u00f3n QP La Arquidi\u00f3cesis Primada de M\u00e9xico se pronunci\u00f3 en contra de la proyecci\u00f3n...\" \/>\n<meta property=\"og:url\" content=\"https:\/\/quehacerpolitico.mx\/?p=117831\" \/>\n<meta property=\"article:published_time\" content=\"2025-07-17T19:46:05+00:00\" \/>\n<meta property=\"article:modified_time\" content=\"2025-07-17T19:46:07+00:00\" \/>\n<meta property=\"og:image\" content=\"https:\/\/quehacerpolitico.mx\/wp-content\/uploads\/2025\/07\/IMG_1874.jpeg\" \/>\n\t<meta property=\"og:image:width\" content=\"713\" \/>\n\t<meta property=\"og:image:height\" content=\"430\" \/>\n\t<meta property=\"og:image:type\" content=\"image\/jpeg\" \/>\n<meta name=\"author\" content=\"Redacci\u00f3n QP\" \/>\n<meta name=\"twitter:card\" content=\"summary_large_image\" \/>\n<meta name=\"twitter:label1\" content=\"Escrito por\" \/>\n\t<meta name=\"twitter:data1\" content=\"Redacci\u00f3n QP\" \/>\n\t<meta name=\"twitter:label2\" content=\"Tiempo de lectura\" \/>\n\t<meta name=\"twitter:data2\" content=\"2 minutos\" \/>\n<script type=\"application\/ld+json\" class=\"yoast-schema-graph\">{\"@context\":\"https:\\\/\\\/schema.org\",\"@graph\":[{\"@type\":\"Article\",\"@id\":\"https:\\\/\\\/quehacerpolitico.mx\\\/?p=117831#article\",\"isPartOf\":{\"@id\":\"https:\\\/\\\/quehacerpolitico.mx\\\/?p=117831\"},\"author\":{\"name\":\"Redacci\u00f3n QP\",\"@id\":\"https:\\\/\\\/quehacerpolitico.mx\\\/#\\\/schema\\\/person\\\/496d8ad2d1d3f8036101dca7ee39e585\"},\"headline\":\"\u00bfPor qu\u00e9 incomod\u00f3 a la Iglesia cat\u00f3lica el show sobre Tenochtitlan?\",\"datePublished\":\"2025-07-17T19:46:05+00:00\",\"dateModified\":\"2025-07-17T19:46:07+00:00\",\"mainEntityOfPage\":{\"@id\":\"https:\\\/\\\/quehacerpolitico.mx\\\/?p=117831\"},\"wordCount\":489,\"commentCount\":0,\"image\":{\"@id\":\"https:\\\/\\\/quehacerpolitico.mx\\\/?p=117831#primaryimage\"},\"thumbnailUrl\":\"https:\\\/\\\/quehacerpolitico.mx\\\/wp-content\\\/uploads\\\/2025\\\/07\\\/IMG_1874.jpeg\",\"articleSection\":[\"CDMX\"],\"inLanguage\":\"es\",\"potentialAction\":[{\"@type\":\"CommentAction\",\"name\":\"Comment\",\"target\":[\"https:\\\/\\\/quehacerpolitico.mx\\\/?p=117831#respond\"]}]},{\"@type\":\"WebPage\",\"@id\":\"https:\\\/\\\/quehacerpolitico.mx\\\/?p=117831\",\"url\":\"https:\\\/\\\/quehacerpolitico.mx\\\/?p=117831\",\"name\":\"\u00bfPor qu\u00e9 incomod\u00f3 a la Iglesia cat\u00f3lica el show sobre Tenochtitlan? -\",\"isPartOf\":{\"@id\":\"https:\\\/\\\/quehacerpolitico.mx\\\/#website\"},\"primaryImageOfPage\":{\"@id\":\"https:\\\/\\\/quehacerpolitico.mx\\\/?p=117831#primaryimage\"},\"image\":{\"@id\":\"https:\\\/\\\/quehacerpolitico.mx\\\/?p=117831#primaryimage\"},\"thumbnailUrl\":\"https:\\\/\\\/quehacerpolitico.mx\\\/wp-content\\\/uploads\\\/2025\\\/07\\\/IMG_1874.jpeg\",\"datePublished\":\"2025-07-17T19:46:05+00:00\",\"dateModified\":\"2025-07-17T19:46:07+00:00\",\"author\":{\"@id\":\"https:\\\/\\\/quehacerpolitico.mx\\\/#\\\/schema\\\/person\\\/496d8ad2d1d3f8036101dca7ee39e585\"},\"breadcrumb\":{\"@id\":\"https:\\\/\\\/quehacerpolitico.mx\\\/?p=117831#breadcrumb\"},\"inLanguage\":\"es\",\"potentialAction\":[{\"@type\":\"ReadAction\",\"target\":[\"https:\\\/\\\/quehacerpolitico.mx\\\/?p=117831\"]}]},{\"@type\":\"ImageObject\",\"inLanguage\":\"es\",\"@id\":\"https:\\\/\\\/quehacerpolitico.mx\\\/?p=117831#primaryimage\",\"url\":\"https:\\\/\\\/quehacerpolitico.mx\\\/wp-content\\\/uploads\\\/2025\\\/07\\\/IMG_1874.jpeg\",\"contentUrl\":\"https:\\\/\\\/quehacerpolitico.mx\\\/wp-content\\\/uploads\\\/2025\\\/07\\\/IMG_1874.jpeg\",\"width\":713,\"height\":430},{\"@type\":\"BreadcrumbList\",\"@id\":\"https:\\\/\\\/quehacerpolitico.mx\\\/?p=117831#breadcrumb\",\"itemListElement\":[{\"@type\":\"ListItem\",\"position\":1,\"name\":\"Inicio\",\"item\":\"https:\\\/\\\/quehacerpolitico.mx\\\/\"},{\"@type\":\"ListItem\",\"position\":2,\"name\":\"\u00bfPor qu\u00e9 incomod\u00f3 a la Iglesia cat\u00f3lica el show sobre Tenochtitlan?\"}]},{\"@type\":\"WebSite\",\"@id\":\"https:\\\/\\\/quehacerpolitico.mx\\\/#website\",\"url\":\"https:\\\/\\\/quehacerpolitico.mx\\\/\",\"name\":\"\",\"description\":\"\",\"potentialAction\":[{\"@type\":\"SearchAction\",\"target\":{\"@type\":\"EntryPoint\",\"urlTemplate\":\"https:\\\/\\\/quehacerpolitico.mx\\\/?s={search_term_string}\"},\"query-input\":{\"@type\":\"PropertyValueSpecification\",\"valueRequired\":true,\"valueName\":\"search_term_string\"}}],\"inLanguage\":\"es\"},{\"@type\":\"Person\",\"@id\":\"https:\\\/\\\/quehacerpolitico.mx\\\/#\\\/schema\\\/person\\\/496d8ad2d1d3f8036101dca7ee39e585\",\"name\":\"Redacci\u00f3n QP\",\"image\":{\"@type\":\"ImageObject\",\"inLanguage\":\"es\",\"@id\":\"https:\\\/\\\/secure.gravatar.com\\\/avatar\\\/c7164ed6fdec453195284ad24a5ae5b6e1eed2b848477fa2a4787ba9adf39a41?s=96&d=mm&r=g\",\"url\":\"https:\\\/\\\/secure.gravatar.com\\\/avatar\\\/c7164ed6fdec453195284ad24a5ae5b6e1eed2b848477fa2a4787ba9adf39a41?s=96&d=mm&r=g\",\"contentUrl\":\"https:\\\/\\\/secure.gravatar.com\\\/avatar\\\/c7164ed6fdec453195284ad24a5ae5b6e1eed2b848477fa2a4787ba9adf39a41?s=96&d=mm&r=g\",\"caption\":\"Redacci\u00f3n QP\"},\"url\":\"https:\\\/\\\/quehacerpolitico.mx\\\/?author=2\"}]}<\/script>\n<!-- \/ Yoast SEO plugin. -->","yoast_head_json":{"title":"\u00bfPor qu\u00e9 incomod\u00f3 a la Iglesia cat\u00f3lica el show sobre Tenochtitlan? -","robots":{"index":"index","follow":"follow","max-snippet":"max-snippet:-1","max-image-preview":"max-image-preview:large","max-video-preview":"max-video-preview:-1"},"canonical":"https:\/\/quehacerpolitico.mx\/?p=117831","og_locale":"es_MX","og_type":"article","og_title":"\u00bfPor qu\u00e9 incomod\u00f3 a la Iglesia cat\u00f3lica el show sobre Tenochtitlan? -","og_description":"Por Redacci\u00f3n QP La Arquidi\u00f3cesis Primada de M\u00e9xico se pronunci\u00f3 en contra de la proyecci\u00f3n...","og_url":"https:\/\/quehacerpolitico.mx\/?p=117831","article_published_time":"2025-07-17T19:46:05+00:00","article_modified_time":"2025-07-17T19:46:07+00:00","og_image":[{"width":713,"height":430,"url":"https:\/\/quehacerpolitico.mx\/wp-content\/uploads\/2025\/07\/IMG_1874.jpeg","type":"image\/jpeg"}],"author":"Redacci\u00f3n QP","twitter_card":"summary_large_image","twitter_misc":{"Escrito por":"Redacci\u00f3n QP","Tiempo de lectura":"2 minutos"},"schema":{"@context":"https:\/\/schema.org","@graph":[{"@type":"Article","@id":"https:\/\/quehacerpolitico.mx\/?p=117831#article","isPartOf":{"@id":"https:\/\/quehacerpolitico.mx\/?p=117831"},"author":{"name":"Redacci\u00f3n QP","@id":"https:\/\/quehacerpolitico.mx\/#\/schema\/person\/496d8ad2d1d3f8036101dca7ee39e585"},"headline":"\u00bfPor qu\u00e9 incomod\u00f3 a la Iglesia cat\u00f3lica el show sobre Tenochtitlan?","datePublished":"2025-07-17T19:46:05+00:00","dateModified":"2025-07-17T19:46:07+00:00","mainEntityOfPage":{"@id":"https:\/\/quehacerpolitico.mx\/?p=117831"},"wordCount":489,"commentCount":0,"image":{"@id":"https:\/\/quehacerpolitico.mx\/?p=117831#primaryimage"},"thumbnailUrl":"https:\/\/quehacerpolitico.mx\/wp-content\/uploads\/2025\/07\/IMG_1874.jpeg","articleSection":["CDMX"],"inLanguage":"es","potentialAction":[{"@type":"CommentAction","name":"Comment","target":["https:\/\/quehacerpolitico.mx\/?p=117831#respond"]}]},{"@type":"WebPage","@id":"https:\/\/quehacerpolitico.mx\/?p=117831","url":"https:\/\/quehacerpolitico.mx\/?p=117831","name":"\u00bfPor qu\u00e9 incomod\u00f3 a la Iglesia cat\u00f3lica el show sobre Tenochtitlan? -","isPartOf":{"@id":"https:\/\/quehacerpolitico.mx\/#website"},"primaryImageOfPage":{"@id":"https:\/\/quehacerpolitico.mx\/?p=117831#primaryimage"},"image":{"@id":"https:\/\/quehacerpolitico.mx\/?p=117831#primaryimage"},"thumbnailUrl":"https:\/\/quehacerpolitico.mx\/wp-content\/uploads\/2025\/07\/IMG_1874.jpeg","datePublished":"2025-07-17T19:46:05+00:00","dateModified":"2025-07-17T19:46:07+00:00","author":{"@id":"https:\/\/quehacerpolitico.mx\/#\/schema\/person\/496d8ad2d1d3f8036101dca7ee39e585"},"breadcrumb":{"@id":"https:\/\/quehacerpolitico.mx\/?p=117831#breadcrumb"},"inLanguage":"es","potentialAction":[{"@type":"ReadAction","target":["https:\/\/quehacerpolitico.mx\/?p=117831"]}]},{"@type":"ImageObject","inLanguage":"es","@id":"https:\/\/quehacerpolitico.mx\/?p=117831#primaryimage","url":"https:\/\/quehacerpolitico.mx\/wp-content\/uploads\/2025\/07\/IMG_1874.jpeg","contentUrl":"https:\/\/quehacerpolitico.mx\/wp-content\/uploads\/2025\/07\/IMG_1874.jpeg","width":713,"height":430},{"@type":"BreadcrumbList","@id":"https:\/\/quehacerpolitico.mx\/?p=117831#breadcrumb","itemListElement":[{"@type":"ListItem","position":1,"name":"Inicio","item":"https:\/\/quehacerpolitico.mx\/"},{"@type":"ListItem","position":2,"name":"\u00bfPor qu\u00e9 incomod\u00f3 a la Iglesia cat\u00f3lica el show sobre Tenochtitlan?"}]},{"@type":"WebSite","@id":"https:\/\/quehacerpolitico.mx\/#website","url":"https:\/\/quehacerpolitico.mx\/","name":"","description":"","potentialAction":[{"@type":"SearchAction","target":{"@type":"EntryPoint","urlTemplate":"https:\/\/quehacerpolitico.mx\/?s={search_term_string}"},"query-input":{"@type":"PropertyValueSpecification","valueRequired":true,"valueName":"search_term_string"}}],"inLanguage":"es"},{"@type":"Person","@id":"https:\/\/quehacerpolitico.mx\/#\/schema\/person\/496d8ad2d1d3f8036101dca7ee39e585","name":"Redacci\u00f3n QP","image":{"@type":"ImageObject","inLanguage":"es","@id":"https:\/\/secure.gravatar.com\/avatar\/c7164ed6fdec453195284ad24a5ae5b6e1eed2b848477fa2a4787ba9adf39a41?s=96&d=mm&r=g","url":"https:\/\/secure.gravatar.com\/avatar\/c7164ed6fdec453195284ad24a5ae5b6e1eed2b848477fa2a4787ba9adf39a41?s=96&d=mm&r=g","contentUrl":"https:\/\/secure.gravatar.com\/avatar\/c7164ed6fdec453195284ad24a5ae5b6e1eed2b848477fa2a4787ba9adf39a41?s=96&d=mm&r=g","caption":"Redacci\u00f3n QP"},"url":"https:\/\/quehacerpolitico.mx\/?author=2"}]}},"featured_image_urls":{"full":["https:\/\/quehacerpolitico.mx\/wp-content\/uploads\/2025\/07\/IMG_1874.jpeg",713,430,false],"thumbnail":["https:\/\/quehacerpolitico.mx\/wp-content\/uploads\/2025\/07\/IMG_1874-150x150.jpeg",150,150,true],"medium":["https:\/\/quehacerpolitico.mx\/wp-content\/uploads\/2025\/07\/IMG_1874-300x181.jpeg",300,181,true],"medium_large":["https:\/\/quehacerpolitico.mx\/wp-content\/uploads\/2025\/07\/IMG_1874.jpeg",640,386,false],"large":["https:\/\/quehacerpolitico.mx\/wp-content\/uploads\/2025\/07\/IMG_1874.jpeg",640,386,false],"1536x1536":["https:\/\/quehacerpolitico.mx\/wp-content\/uploads\/2025\/07\/IMG_1874.jpeg",713,430,false],"2048x2048":["https:\/\/quehacerpolitico.mx\/wp-content\/uploads\/2025\/07\/IMG_1874.jpeg",713,430,false],"covernews-featured":["https:\/\/quehacerpolitico.mx\/wp-content\/uploads\/2025\/07\/IMG_1874.jpeg",713,430,false],"covernews-medium":["https:\/\/quehacerpolitico.mx\/wp-content\/uploads\/2025\/07\/IMG_1874-540x340.jpeg",540,340,true]},"author_info":{"display_name":"Redacci\u00f3n QP","author_link":"https:\/\/quehacerpolitico.mx\/?author=2"},"category_info":"<a href=\"https:\/\/quehacerpolitico.mx\/?cat=55\" rel=\"category\">CDMX<\/a>","tag_info":"CDMX","comment_count":"0","_links":{"self":[{"href":"https:\/\/quehacerpolitico.mx\/index.php?rest_route=\/wp\/v2\/posts\/117831","targetHints":{"allow":["GET"]}}],"collection":[{"href":"https:\/\/quehacerpolitico.mx\/index.php?rest_route=\/wp\/v2\/posts"}],"about":[{"href":"https:\/\/quehacerpolitico.mx\/index.php?rest_route=\/wp\/v2\/types\/post"}],"author":[{"embeddable":true,"href":"https:\/\/quehacerpolitico.mx\/index.php?rest_route=\/wp\/v2\/users\/2"}],"replies":[{"embeddable":true,"href":"https:\/\/quehacerpolitico.mx\/index.php?rest_route=%2Fwp%2Fv2%2Fcomments&post=117831"}],"version-history":[{"count":1,"href":"https:\/\/quehacerpolitico.mx\/index.php?rest_route=\/wp\/v2\/posts\/117831\/revisions"}],"predecessor-version":[{"id":117833,"href":"https:\/\/quehacerpolitico.mx\/index.php?rest_route=\/wp\/v2\/posts\/117831\/revisions\/117833"}],"wp:featuredmedia":[{"embeddable":true,"href":"https:\/\/quehacerpolitico.mx\/index.php?rest_route=\/wp\/v2\/media\/117832"}],"wp:attachment":[{"href":"https:\/\/quehacerpolitico.mx\/index.php?rest_route=%2Fwp%2Fv2%2Fmedia&parent=117831"}],"wp:term":[{"taxonomy":"category","embeddable":true,"href":"https:\/\/quehacerpolitico.mx\/index.php?rest_route=%2Fwp%2Fv2%2Fcategories&post=117831"},{"taxonomy":"post_tag","embeddable":true,"href":"https:\/\/quehacerpolitico.mx\/index.php?rest_route=%2Fwp%2Fv2%2Ftags&post=117831"}],"curies":[{"name":"wp","href":"https:\/\/api.w.org\/{rel}","templated":true}]}}