{"id":117828,"date":"2025-07-17T13:17:21","date_gmt":"2025-07-17T19:17:21","guid":{"rendered":"https:\/\/quehacerpolitico.mx\/?p=117828"},"modified":"2025-07-17T13:17:22","modified_gmt":"2025-07-17T19:17:22","slug":"sheinbaum-pide-pruebas-sobre-adan-augusto-sugiere-que-fue-con-carlos-manuel-merino-cuando-aumento-la-violencia-en-tabasco","status":"publish","type":"post","link":"https:\/\/quehacerpolitico.mx\/?p=117828","title":{"rendered":"Sheinbaum pide pruebas sobre Ad\u00e1n Augusto Sugiere que fue con Carlos Manuel Merino cuando aument\u00f3 la violencia en Tabasco"},"content":{"rendered":"\n<p>Por Redacci\u00f3n QP<\/p>\n\n\n\n<p>La presidenta dijo que a ella y su administraci\u00f3n corresponde informar, a trav\u00e9s del gabinete de Seguridad, los avances sobre la investigaci\u00f3n<\/p>\n\n\n\n<p>La presidenta&nbsp;<strong>Claudia Sheinbaum&nbsp;<\/strong>justific\u00f3 este jueves la ausencia del senador&nbsp;<strong>Ad\u00e1n Augusto L\u00f3pez&nbsp;<\/strong>en medio de la confirmaci\u00f3n de la orden de aprehensi\u00f3n contra su ex secretario de Seguridad, Hern\u00e1n Berm\u00fadez, por nexos con &#8220;La Barredora&#8221;.&nbsp;<\/p>\n\n\n\n<p>La mandataria indic\u00f3 que la fiscal\u00eda debe determinar si hay alguna evidencia que confirme que \u201chubo algo\u201d que implique al tambi\u00e9n ex secretario de Gobernaci\u00f3n de<strong>\u00a0Andr\u00e9s Manuel L\u00f3pez Obrador.<\/strong><\/p>\n\n\n\n<figure class=\"wp-block-embed is-type-rich is-provider-twitter wp-block-embed-twitter\"><div class=\"wp-block-embed__wrapper\">\n<blockquote class=\"twitter-tweet\" data-width=\"550\" data-dnt=\"true\"><p lang=\"es\" dir=\"ltr\">Sheinbaum pide pruebas sobre Ad\u00e1n Augusto.<br><br>Sugiere que fue con Carlos Manuel Merino cuando aument\u00f3 la violencia en Tabasco. <br><br>\u00bfQui\u00e9n es Carlos Manuel Merino?<br><br>Fue gobernador interino y ahora es director de Aeropuertos y Servicios Auxiliares del Gobierno de M\u00e9xico. <a href=\"https:\/\/t.co\/ecYF5ixlA7\">pic.twitter.com\/ecYF5ixlA7<\/a><\/p>&mdash; Manuel Lopez San Martin (@MLopezSanMartin) <a href=\"https:\/\/twitter.com\/MLopezSanMartin\/status\/1945880972441842141?ref_src=twsrc%5Etfw\">July 17, 2025<\/a><\/blockquote><script async src=\"https:\/\/platform.twitter.com\/widgets.js\" charset=\"utf-8\"><\/script>\n<\/div><\/figure>\n\n\n\n<p>\u201cYo no les doy instrucciones para salir a declarar, \u00e9l tiene su propia estrategia de si comunica o no se comunica\u201d, dijo ante la pregunta de la prensa.<\/p>\n\n\n\n<p>Sheinbaum dijo que a ella y su administraci\u00f3n corresponde informar, a trav\u00e9s del&nbsp;<strong>gabinete de Seguridad,&nbsp;<\/strong>el tiempo que lleva la investigaci\u00f3n y los avances.&nbsp;<\/p>\n\n\n\n<p>&#8220;Nosotros no cubrimos a nadie, pero tiene que haber pruebas, no un dicho, no una suposici\u00f3n&nbsp;de cualquier persona y particularmente del senador&nbsp;<strong>Ad\u00e1n Augusto&#8221;<\/strong>, coment\u00f3.&nbsp;<\/p>\n\n\n\n<p>Apenas este martes, la presidenta neg\u00f3 que el morenista&nbsp;Ad\u00e1n Augusto se encuentre bajo investigaci\u00f3n ante la orden de aprehensi\u00f3n del ex secretario de Seguridad.&nbsp;<\/p>\n\n\n\n<p>&#8220;No, no se est\u00e1 investigando,&nbsp;de parte del gobierno no se ha pedido ninguna investigaci\u00f3n y que el gabinete de seguridad explique c\u00f3mo es que esta persona&nbsp;tiene un orden de aprehensi\u00f3n y c\u00f3mo fue este proceso&#8221;, dijo.&nbsp;<\/p>\n","protected":false},"excerpt":{"rendered":"<p>Por Redacci\u00f3n QP La presidenta dijo que a ella y su administraci\u00f3n corresponde informar, a&#8230;<\/p>\n","protected":false},"author":2,"featured_media":117829,"comment_status":"open","ping_status":"open","sticky":false,"template":"","format":"standard","meta":{"_monsterinsights_skip_tracking":false,"_monsterinsights_sitenote_active":false,"_monsterinsights_sitenote_note":"","_monsterinsights_sitenote_category":0,"footnotes":""},"categories":[280,2],"tags":[],"class_list":["post-117828","post","type-post","status-publish","format-standard","has-post-thumbnail","hentry","category-nacionales","category-noticias"],"yoast_head":"<!-- This site is optimized with the Yoast SEO plugin v27.3 - https:\/\/yoast.com\/product\/yoast-seo-wordpress\/ -->\n<title>Sheinbaum pide pruebas sobre Ad\u00e1n Augusto Sugiere que fue con Carlos Manuel Merino cuando aument\u00f3 la violencia en Tabasco -<\/title>\n<meta name=\"robots\" content=\"index, follow, max-snippet:-1, max-image-preview:large, max-video-preview:-1\" \/>\n<link rel=\"canonical\" href=\"https:\/\/quehacerpolitico.mx\/?p=117828\" \/>\n<meta property=\"og:locale\" content=\"es_MX\" \/>\n<meta property=\"og:type\" content=\"article\" \/>\n<meta property=\"og:title\" content=\"Sheinbaum pide pruebas sobre Ad\u00e1n Augusto Sugiere que fue con Carlos Manuel Merino cuando aument\u00f3 la violencia en Tabasco -\" \/>\n<meta property=\"og:description\" content=\"Por Redacci\u00f3n QP La presidenta dijo que a ella y su administraci\u00f3n corresponde informar, a...\" \/>\n<meta property=\"og:url\" content=\"https:\/\/quehacerpolitico.mx\/?p=117828\" \/>\n<meta property=\"article:published_time\" content=\"2025-07-17T19:17:21+00:00\" \/>\n<meta property=\"article:modified_time\" content=\"2025-07-17T19:17:22+00:00\" \/>\n<meta property=\"og:image\" content=\"https:\/\/quehacerpolitico.mx\/wp-content\/uploads\/2025\/07\/IMG_1872.jpeg\" \/>\n\t<meta property=\"og:image:width\" content=\"909\" \/>\n\t<meta property=\"og:image:height\" content=\"516\" \/>\n\t<meta property=\"og:image:type\" content=\"image\/jpeg\" \/>\n<meta name=\"author\" content=\"Redacci\u00f3n QP\" \/>\n<meta name=\"twitter:card\" content=\"summary_large_image\" \/>\n<meta name=\"twitter:label1\" content=\"Escrito por\" \/>\n\t<meta name=\"twitter:data1\" content=\"Redacci\u00f3n QP\" \/>\n\t<meta name=\"twitter:label2\" content=\"Tiempo de lectura\" \/>\n\t<meta name=\"twitter:data2\" content=\"1 minuto\" \/>\n<script type=\"application\/ld+json\" class=\"yoast-schema-graph\">{\"@context\":\"https:\\\/\\\/schema.org\",\"@graph\":[{\"@type\":\"Article\",\"@id\":\"https:\\\/\\\/quehacerpolitico.mx\\\/?p=117828#article\",\"isPartOf\":{\"@id\":\"https:\\\/\\\/quehacerpolitico.mx\\\/?p=117828\"},\"author\":{\"name\":\"Redacci\u00f3n QP\",\"@id\":\"https:\\\/\\\/quehacerpolitico.mx\\\/#\\\/schema\\\/person\\\/496d8ad2d1d3f8036101dca7ee39e585\"},\"headline\":\"Sheinbaum pide pruebas sobre Ad\u00e1n Augusto Sugiere que fue con Carlos Manuel Merino cuando aument\u00f3 la violencia en Tabasco\",\"datePublished\":\"2025-07-17T19:17:21+00:00\",\"dateModified\":\"2025-07-17T19:17:22+00:00\",\"mainEntityOfPage\":{\"@id\":\"https:\\\/\\\/quehacerpolitico.mx\\\/?p=117828\"},\"wordCount\":303,\"commentCount\":0,\"image\":{\"@id\":\"https:\\\/\\\/quehacerpolitico.mx\\\/?p=117828#primaryimage\"},\"thumbnailUrl\":\"https:\\\/\\\/quehacerpolitico.mx\\\/wp-content\\\/uploads\\\/2025\\\/07\\\/IMG_1872.jpeg\",\"articleSection\":[\"Nacionales\",\"Noticias\"],\"inLanguage\":\"es\",\"potentialAction\":[{\"@type\":\"CommentAction\",\"name\":\"Comment\",\"target\":[\"https:\\\/\\\/quehacerpolitico.mx\\\/?p=117828#respond\"]}]},{\"@type\":\"WebPage\",\"@id\":\"https:\\\/\\\/quehacerpolitico.mx\\\/?p=117828\",\"url\":\"https:\\\/\\\/quehacerpolitico.mx\\\/?p=117828\",\"name\":\"Sheinbaum pide pruebas sobre Ad\u00e1n Augusto Sugiere que fue con Carlos Manuel Merino cuando aument\u00f3 la violencia en Tabasco -\",\"isPartOf\":{\"@id\":\"https:\\\/\\\/quehacerpolitico.mx\\\/#website\"},\"primaryImageOfPage\":{\"@id\":\"https:\\\/\\\/quehacerpolitico.mx\\\/?p=117828#primaryimage\"},\"image\":{\"@id\":\"https:\\\/\\\/quehacerpolitico.mx\\\/?p=117828#primaryimage\"},\"thumbnailUrl\":\"https:\\\/\\\/quehacerpolitico.mx\\\/wp-content\\\/uploads\\\/2025\\\/07\\\/IMG_1872.jpeg\",\"datePublished\":\"2025-07-17T19:17:21+00:00\",\"dateModified\":\"2025-07-17T19:17:22+00:00\",\"author\":{\"@id\":\"https:\\\/\\\/quehacerpolitico.mx\\\/#\\\/schema\\\/person\\\/496d8ad2d1d3f8036101dca7ee39e585\"},\"breadcrumb\":{\"@id\":\"https:\\\/\\\/quehacerpolitico.mx\\\/?p=117828#breadcrumb\"},\"inLanguage\":\"es\",\"potentialAction\":[{\"@type\":\"ReadAction\",\"target\":[\"https:\\\/\\\/quehacerpolitico.mx\\\/?p=117828\"]}]},{\"@type\":\"ImageObject\",\"inLanguage\":\"es\",\"@id\":\"https:\\\/\\\/quehacerpolitico.mx\\\/?p=117828#primaryimage\",\"url\":\"https:\\\/\\\/quehacerpolitico.mx\\\/wp-content\\\/uploads\\\/2025\\\/07\\\/IMG_1872.jpeg\",\"contentUrl\":\"https:\\\/\\\/quehacerpolitico.mx\\\/wp-content\\\/uploads\\\/2025\\\/07\\\/IMG_1872.jpeg\",\"width\":909,\"height\":516,\"caption\":\"Screenshot\"},{\"@type\":\"BreadcrumbList\",\"@id\":\"https:\\\/\\\/quehacerpolitico.mx\\\/?p=117828#breadcrumb\",\"itemListElement\":[{\"@type\":\"ListItem\",\"position\":1,\"name\":\"Inicio\",\"item\":\"https:\\\/\\\/quehacerpolitico.mx\\\/\"},{\"@type\":\"ListItem\",\"position\":2,\"name\":\"Sheinbaum pide pruebas sobre Ad\u00e1n Augusto Sugiere que fue con Carlos Manuel Merino cuando aument\u00f3 la violencia en Tabasco\"}]},{\"@type\":\"WebSite\",\"@id\":\"https:\\\/\\\/quehacerpolitico.mx\\\/#website\",\"url\":\"https:\\\/\\\/quehacerpolitico.mx\\\/\",\"name\":\"\",\"description\":\"\",\"potentialAction\":[{\"@type\":\"SearchAction\",\"target\":{\"@type\":\"EntryPoint\",\"urlTemplate\":\"https:\\\/\\\/quehacerpolitico.mx\\\/?s={search_term_string}\"},\"query-input\":{\"@type\":\"PropertyValueSpecification\",\"valueRequired\":true,\"valueName\":\"search_term_string\"}}],\"inLanguage\":\"es\"},{\"@type\":\"Person\",\"@id\":\"https:\\\/\\\/quehacerpolitico.mx\\\/#\\\/schema\\\/person\\\/496d8ad2d1d3f8036101dca7ee39e585\",\"name\":\"Redacci\u00f3n QP\",\"image\":{\"@type\":\"ImageObject\",\"inLanguage\":\"es\",\"@id\":\"https:\\\/\\\/secure.gravatar.com\\\/avatar\\\/c7164ed6fdec453195284ad24a5ae5b6e1eed2b848477fa2a4787ba9adf39a41?s=96&d=mm&r=g\",\"url\":\"https:\\\/\\\/secure.gravatar.com\\\/avatar\\\/c7164ed6fdec453195284ad24a5ae5b6e1eed2b848477fa2a4787ba9adf39a41?s=96&d=mm&r=g\",\"contentUrl\":\"https:\\\/\\\/secure.gravatar.com\\\/avatar\\\/c7164ed6fdec453195284ad24a5ae5b6e1eed2b848477fa2a4787ba9adf39a41?s=96&d=mm&r=g\",\"caption\":\"Redacci\u00f3n QP\"},\"url\":\"https:\\\/\\\/quehacerpolitico.mx\\\/?author=2\"}]}<\/script>\n<!-- \/ Yoast SEO plugin. -->","yoast_head_json":{"title":"Sheinbaum pide pruebas sobre Ad\u00e1n Augusto Sugiere que fue con Carlos Manuel Merino cuando aument\u00f3 la violencia en Tabasco -","robots":{"index":"index","follow":"follow","max-snippet":"max-snippet:-1","max-image-preview":"max-image-preview:large","max-video-preview":"max-video-preview:-1"},"canonical":"https:\/\/quehacerpolitico.mx\/?p=117828","og_locale":"es_MX","og_type":"article","og_title":"Sheinbaum pide pruebas sobre Ad\u00e1n Augusto Sugiere que fue con Carlos Manuel Merino cuando aument\u00f3 la violencia en Tabasco -","og_description":"Por Redacci\u00f3n QP La presidenta dijo que a ella y su administraci\u00f3n corresponde informar, a...","og_url":"https:\/\/quehacerpolitico.mx\/?p=117828","article_published_time":"2025-07-17T19:17:21+00:00","article_modified_time":"2025-07-17T19:17:22+00:00","og_image":[{"width":909,"height":516,"url":"https:\/\/quehacerpolitico.mx\/wp-content\/uploads\/2025\/07\/IMG_1872.jpeg","type":"image\/jpeg"}],"author":"Redacci\u00f3n QP","twitter_card":"summary_large_image","twitter_misc":{"Escrito por":"Redacci\u00f3n QP","Tiempo de lectura":"1 minuto"},"schema":{"@context":"https:\/\/schema.org","@graph":[{"@type":"Article","@id":"https:\/\/quehacerpolitico.mx\/?p=117828#article","isPartOf":{"@id":"https:\/\/quehacerpolitico.mx\/?p=117828"},"author":{"name":"Redacci\u00f3n QP","@id":"https:\/\/quehacerpolitico.mx\/#\/schema\/person\/496d8ad2d1d3f8036101dca7ee39e585"},"headline":"Sheinbaum pide pruebas sobre Ad\u00e1n Augusto Sugiere que fue con Carlos Manuel Merino cuando aument\u00f3 la violencia en Tabasco","datePublished":"2025-07-17T19:17:21+00:00","dateModified":"2025-07-17T19:17:22+00:00","mainEntityOfPage":{"@id":"https:\/\/quehacerpolitico.mx\/?p=117828"},"wordCount":303,"commentCount":0,"image":{"@id":"https:\/\/quehacerpolitico.mx\/?p=117828#primaryimage"},"thumbnailUrl":"https:\/\/quehacerpolitico.mx\/wp-content\/uploads\/2025\/07\/IMG_1872.jpeg","articleSection":["Nacionales","Noticias"],"inLanguage":"es","potentialAction":[{"@type":"CommentAction","name":"Comment","target":["https:\/\/quehacerpolitico.mx\/?p=117828#respond"]}]},{"@type":"WebPage","@id":"https:\/\/quehacerpolitico.mx\/?p=117828","url":"https:\/\/quehacerpolitico.mx\/?p=117828","name":"Sheinbaum pide pruebas sobre Ad\u00e1n Augusto Sugiere que fue con Carlos Manuel Merino cuando aument\u00f3 la violencia en Tabasco -","isPartOf":{"@id":"https:\/\/quehacerpolitico.mx\/#website"},"primaryImageOfPage":{"@id":"https:\/\/quehacerpolitico.mx\/?p=117828#primaryimage"},"image":{"@id":"https:\/\/quehacerpolitico.mx\/?p=117828#primaryimage"},"thumbnailUrl":"https:\/\/quehacerpolitico.mx\/wp-content\/uploads\/2025\/07\/IMG_1872.jpeg","datePublished":"2025-07-17T19:17:21+00:00","dateModified":"2025-07-17T19:17:22+00:00","author":{"@id":"https:\/\/quehacerpolitico.mx\/#\/schema\/person\/496d8ad2d1d3f8036101dca7ee39e585"},"breadcrumb":{"@id":"https:\/\/quehacerpolitico.mx\/?p=117828#breadcrumb"},"inLanguage":"es","potentialAction":[{"@type":"ReadAction","target":["https:\/\/quehacerpolitico.mx\/?p=117828"]}]},{"@type":"ImageObject","inLanguage":"es","@id":"https:\/\/quehacerpolitico.mx\/?p=117828#primaryimage","url":"https:\/\/quehacerpolitico.mx\/wp-content\/uploads\/2025\/07\/IMG_1872.jpeg","contentUrl":"https:\/\/quehacerpolitico.mx\/wp-content\/uploads\/2025\/07\/IMG_1872.jpeg","width":909,"height":516,"caption":"Screenshot"},{"@type":"BreadcrumbList","@id":"https:\/\/quehacerpolitico.mx\/?p=117828#breadcrumb","itemListElement":[{"@type":"ListItem","position":1,"name":"Inicio","item":"https:\/\/quehacerpolitico.mx\/"},{"@type":"ListItem","position":2,"name":"Sheinbaum pide pruebas sobre Ad\u00e1n Augusto Sugiere que fue con Carlos Manuel Merino cuando aument\u00f3 la violencia en Tabasco"}]},{"@type":"WebSite","@id":"https:\/\/quehacerpolitico.mx\/#website","url":"https:\/\/quehacerpolitico.mx\/","name":"","description":"","potentialAction":[{"@type":"SearchAction","target":{"@type":"EntryPoint","urlTemplate":"https:\/\/quehacerpolitico.mx\/?s={search_term_string}"},"query-input":{"@type":"PropertyValueSpecification","valueRequired":true,"valueName":"search_term_string"}}],"inLanguage":"es"},{"@type":"Person","@id":"https:\/\/quehacerpolitico.mx\/#\/schema\/person\/496d8ad2d1d3f8036101dca7ee39e585","name":"Redacci\u00f3n QP","image":{"@type":"ImageObject","inLanguage":"es","@id":"https:\/\/secure.gravatar.com\/avatar\/c7164ed6fdec453195284ad24a5ae5b6e1eed2b848477fa2a4787ba9adf39a41?s=96&d=mm&r=g","url":"https:\/\/secure.gravatar.com\/avatar\/c7164ed6fdec453195284ad24a5ae5b6e1eed2b848477fa2a4787ba9adf39a41?s=96&d=mm&r=g","contentUrl":"https:\/\/secure.gravatar.com\/avatar\/c7164ed6fdec453195284ad24a5ae5b6e1eed2b848477fa2a4787ba9adf39a41?s=96&d=mm&r=g","caption":"Redacci\u00f3n QP"},"url":"https:\/\/quehacerpolitico.mx\/?author=2"}]}},"featured_image_urls":{"full":["https:\/\/quehacerpolitico.mx\/wp-content\/uploads\/2025\/07\/IMG_1872.jpeg",909,516,false],"thumbnail":["https:\/\/quehacerpolitico.mx\/wp-content\/uploads\/2025\/07\/IMG_1872-150x150.jpeg",150,150,true],"medium":["https:\/\/quehacerpolitico.mx\/wp-content\/uploads\/2025\/07\/IMG_1872-300x170.jpeg",300,170,true],"medium_large":["https:\/\/quehacerpolitico.mx\/wp-content\/uploads\/2025\/07\/IMG_1872-768x436.jpeg",640,363,true],"large":["https:\/\/quehacerpolitico.mx\/wp-content\/uploads\/2025\/07\/IMG_1872.jpeg",640,363,false],"1536x1536":["https:\/\/quehacerpolitico.mx\/wp-content\/uploads\/2025\/07\/IMG_1872.jpeg",909,516,false],"2048x2048":["https:\/\/quehacerpolitico.mx\/wp-content\/uploads\/2025\/07\/IMG_1872.jpeg",909,516,false],"covernews-featured":["https:\/\/quehacerpolitico.mx\/wp-content\/uploads\/2025\/07\/IMG_1872.jpeg",909,516,false],"covernews-medium":["https:\/\/quehacerpolitico.mx\/wp-content\/uploads\/2025\/07\/IMG_1872-540x340.jpeg",540,340,true]},"author_info":{"display_name":"Redacci\u00f3n QP","author_link":"https:\/\/quehacerpolitico.mx\/?author=2"},"category_info":"<a href=\"https:\/\/quehacerpolitico.mx\/?cat=280\" rel=\"category\">Nacionales<\/a> <a href=\"https:\/\/quehacerpolitico.mx\/?cat=2\" rel=\"category\">Noticias<\/a>","tag_info":"Noticias","comment_count":"0","_links":{"self":[{"href":"https:\/\/quehacerpolitico.mx\/index.php?rest_route=\/wp\/v2\/posts\/117828","targetHints":{"allow":["GET"]}}],"collection":[{"href":"https:\/\/quehacerpolitico.mx\/index.php?rest_route=\/wp\/v2\/posts"}],"about":[{"href":"https:\/\/quehacerpolitico.mx\/index.php?rest_route=\/wp\/v2\/types\/post"}],"author":[{"embeddable":true,"href":"https:\/\/quehacerpolitico.mx\/index.php?rest_route=\/wp\/v2\/users\/2"}],"replies":[{"embeddable":true,"href":"https:\/\/quehacerpolitico.mx\/index.php?rest_route=%2Fwp%2Fv2%2Fcomments&post=117828"}],"version-history":[{"count":1,"href":"https:\/\/quehacerpolitico.mx\/index.php?rest_route=\/wp\/v2\/posts\/117828\/revisions"}],"predecessor-version":[{"id":117830,"href":"https:\/\/quehacerpolitico.mx\/index.php?rest_route=\/wp\/v2\/posts\/117828\/revisions\/117830"}],"wp:featuredmedia":[{"embeddable":true,"href":"https:\/\/quehacerpolitico.mx\/index.php?rest_route=\/wp\/v2\/media\/117829"}],"wp:attachment":[{"href":"https:\/\/quehacerpolitico.mx\/index.php?rest_route=%2Fwp%2Fv2%2Fmedia&parent=117828"}],"wp:term":[{"taxonomy":"category","embeddable":true,"href":"https:\/\/quehacerpolitico.mx\/index.php?rest_route=%2Fwp%2Fv2%2Fcategories&post=117828"},{"taxonomy":"post_tag","embeddable":true,"href":"https:\/\/quehacerpolitico.mx\/index.php?rest_route=%2Fwp%2Fv2%2Ftags&post=117828"}],"curies":[{"name":"wp","href":"https:\/\/api.w.org\/{rel}","templated":true}]}}