{"id":117825,"date":"2025-07-17T12:53:16","date_gmt":"2025-07-17T18:53:16","guid":{"rendered":"https:\/\/quehacerpolitico.mx\/?p=117825"},"modified":"2025-07-17T12:53:17","modified_gmt":"2025-07-17T18:53:17","slug":"es-un-exceso-el-poder-es-humildad-sheinbaum-critica-disculpas-exigidas-a-ciudadana-en-el-caso-dato-protegido","status":"publish","type":"post","link":"https:\/\/quehacerpolitico.mx\/?p=117825","title":{"rendered":"\u201cEs un exceso, el poder es humildad\u201d: Sheinbaum critica disculpas exigidas a ciudadana en el caso \u201cdato protegido\u201d"},"content":{"rendered":"\n<p>Por Redacci\u00f3n QP<\/p>\n\n\n\n<p>La mandataria conden\u00f3 las ofensas contra las mujeres, pero se\u00f1al\u00f3 que en su gobierno tambi\u00e9n existe el derecho a la cr\u00edtica<\/p>\n\n\n\n<p>La presidenta&nbsp;<strong>Claudia Sheinbaum<\/strong>critic\u00f3 este jueves la sanci\u00f3n impuesta por el Tribunal Electoral del Poder Judicial de la Federaci\u00f3n que obliga a&nbsp;<strong>Karla Mar\u00eda Estrella<\/strong>&nbsp;a pedir disculpas por 30 d\u00edas tras una publicaci\u00f3n en su cuenta de X.&nbsp;<\/p>\n\n\n\n<p>La mandataria conden\u00f3 las ofensas contra las mujeres, pero se\u00f1al\u00f3 que tambi\u00e9n existe el derecho a la cr\u00edtica y tambi\u00e9n de r\u00e9plica.&nbsp;<\/p>\n\n\n\n<p><strong>&#8220;Eso es un exceso, el poder es humildad,<\/strong>\u00a0no es soberbia, no est\u00e1 bien\u00a0esta exigencia de que por 30 d\u00edas te disculpes (&#8230;)\u00a0para todos,\u00a0el poder es humildad, no es soberbia, no es\u00a0abuso, que es lo que ocurr\u00eda tiempo atr\u00e1s&#8221;, dijo ante la pregunta de la prensa.<\/p>\n\n\n\n<figure class=\"wp-block-embed is-type-rich is-provider-twitter wp-block-embed-twitter\"><div class=\"wp-block-embed__wrapper\">\n<blockquote class=\"twitter-tweet\" data-width=\"550\" data-dnt=\"true\"><p lang=\"es\" dir=\"ltr\">\ud83d\udea8 La presidenta Claudia Sheinbaum consider\u00f3 un \u201cexceso\u201d la sanci\u00f3n que el <a href=\"https:\/\/twitter.com\/TEPJF_informa?ref_src=twsrc%5Etfw\">@TEPJF_informa<\/a> impuso a Karla Estrella (<a href=\"https:\/\/twitter.com\/KarlaMaEstrella?ref_src=twsrc%5Etfw\">@KarlaMaEstrella<\/a>) por un tuit dirigido a la diputada del PT, Diana Karina Barreras (<a href=\"https:\/\/twitter.com\/DianaKarinaBa?ref_src=twsrc%5Etfw\">@DianaKarinaBa<\/a>). <br><br>Estrella fue obligada a publicar una disculpa p\u00fablica durante\u2026 <a href=\"https:\/\/t.co\/YNi8LOpSQH\">pic.twitter.com\/YNi8LOpSQH<\/a><\/p>&mdash; Azucena Uresti (@azucenau) <a href=\"https:\/\/twitter.com\/azucenau\/status\/1945860402891444566?ref_src=twsrc%5Etfw\">July 17, 2025<\/a><\/blockquote><script async src=\"https:\/\/platform.twitter.com\/widgets.js\" charset=\"utf-8\"><\/script>\n<\/div><\/figure>\n\n\n\n<p>La diputada petista Diana Karina Samaniego denunci\u00f3 ante el Tribunal Electoral a&nbsp;Karla Mar\u00eda Estrella luego de que escribiera una publicaci\u00f3n en X se\u00f1alando que la&nbsp;candidatura de Barreras&nbsp;fue \u201cobtenida por intervenci\u00f3n de su esposo\u201d.<\/p>\n\n\n\n<p>La sanci\u00f3n confirmada por el TEPJF incluye emitir&nbsp;una disculpa p\u00fablica por 30 d\u00edas a partir del&nbsp;12 de julio.&nbsp;Adem\u00e1s, deber\u00e1 tomar&nbsp;cursos de perspectiva de g\u00e9nero&nbsp;y permanecer inscrita durante 18 meses en el Registro Nacional de Personas Sancionadas del Instituto Nacional Electoral.<\/p>\n\n\n\n<p>En redes sociales, usuarios han considerado\u00a0que la sanci\u00f3n es un\u00a0acto de censura\u00a0promovido por la petista Barreras Samaniego.<\/p>\n","protected":false},"excerpt":{"rendered":"<p>Por Redacci\u00f3n QP La mandataria conden\u00f3 las ofensas contra las mujeres, pero se\u00f1al\u00f3 que en&#8230;<\/p>\n","protected":false},"author":2,"featured_media":117826,"comment_status":"open","ping_status":"open","sticky":false,"template":"","format":"standard","meta":{"_monsterinsights_skip_tracking":false,"_monsterinsights_sitenote_active":false,"_monsterinsights_sitenote_note":"","_monsterinsights_sitenote_category":0,"footnotes":""},"categories":[280,2],"tags":[],"class_list":["post-117825","post","type-post","status-publish","format-standard","has-post-thumbnail","hentry","category-nacionales","category-noticias"],"yoast_head":"<!-- This site is optimized with the Yoast SEO plugin v27.3 - https:\/\/yoast.com\/product\/yoast-seo-wordpress\/ -->\n<title>\u201cEs un exceso, el poder es humildad\u201d: Sheinbaum critica disculpas exigidas a ciudadana en el caso \u201cdato protegido\u201d -<\/title>\n<meta name=\"robots\" content=\"index, follow, max-snippet:-1, max-image-preview:large, max-video-preview:-1\" \/>\n<link rel=\"canonical\" href=\"https:\/\/quehacerpolitico.mx\/?p=117825\" \/>\n<meta property=\"og:locale\" content=\"es_MX\" \/>\n<meta property=\"og:type\" content=\"article\" \/>\n<meta property=\"og:title\" content=\"\u201cEs un exceso, el poder es humildad\u201d: Sheinbaum critica disculpas exigidas a ciudadana en el caso \u201cdato protegido\u201d -\" \/>\n<meta property=\"og:description\" content=\"Por Redacci\u00f3n QP La mandataria conden\u00f3 las ofensas contra las mujeres, pero se\u00f1al\u00f3 que en...\" \/>\n<meta property=\"og:url\" content=\"https:\/\/quehacerpolitico.mx\/?p=117825\" \/>\n<meta property=\"article:published_time\" content=\"2025-07-17T18:53:16+00:00\" \/>\n<meta property=\"article:modified_time\" content=\"2025-07-17T18:53:17+00:00\" \/>\n<meta property=\"og:image\" content=\"https:\/\/quehacerpolitico.mx\/wp-content\/uploads\/2025\/07\/IMG_1867.jpeg\" \/>\n\t<meta property=\"og:image:width\" content=\"627\" \/>\n\t<meta property=\"og:image:height\" content=\"489\" \/>\n\t<meta property=\"og:image:type\" content=\"image\/jpeg\" \/>\n<meta name=\"author\" content=\"Redacci\u00f3n QP\" \/>\n<meta name=\"twitter:card\" content=\"summary_large_image\" \/>\n<meta name=\"twitter:label1\" content=\"Escrito por\" \/>\n\t<meta name=\"twitter:data1\" content=\"Redacci\u00f3n QP\" \/>\n\t<meta name=\"twitter:label2\" content=\"Tiempo de lectura\" \/>\n\t<meta name=\"twitter:data2\" content=\"1 minuto\" \/>\n<script type=\"application\/ld+json\" class=\"yoast-schema-graph\">{\"@context\":\"https:\\\/\\\/schema.org\",\"@graph\":[{\"@type\":\"Article\",\"@id\":\"https:\\\/\\\/quehacerpolitico.mx\\\/?p=117825#article\",\"isPartOf\":{\"@id\":\"https:\\\/\\\/quehacerpolitico.mx\\\/?p=117825\"},\"author\":{\"name\":\"Redacci\u00f3n QP\",\"@id\":\"https:\\\/\\\/quehacerpolitico.mx\\\/#\\\/schema\\\/person\\\/496d8ad2d1d3f8036101dca7ee39e585\"},\"headline\":\"\u201cEs un exceso, el poder es humildad\u201d: Sheinbaum critica disculpas exigidas a ciudadana en el caso \u201cdato protegido\u201d\",\"datePublished\":\"2025-07-17T18:53:16+00:00\",\"dateModified\":\"2025-07-17T18:53:17+00:00\",\"mainEntityOfPage\":{\"@id\":\"https:\\\/\\\/quehacerpolitico.mx\\\/?p=117825\"},\"wordCount\":294,\"commentCount\":0,\"image\":{\"@id\":\"https:\\\/\\\/quehacerpolitico.mx\\\/?p=117825#primaryimage\"},\"thumbnailUrl\":\"https:\\\/\\\/quehacerpolitico.mx\\\/wp-content\\\/uploads\\\/2025\\\/07\\\/IMG_1867.jpeg\",\"articleSection\":[\"Nacionales\",\"Noticias\"],\"inLanguage\":\"es\",\"potentialAction\":[{\"@type\":\"CommentAction\",\"name\":\"Comment\",\"target\":[\"https:\\\/\\\/quehacerpolitico.mx\\\/?p=117825#respond\"]}]},{\"@type\":\"WebPage\",\"@id\":\"https:\\\/\\\/quehacerpolitico.mx\\\/?p=117825\",\"url\":\"https:\\\/\\\/quehacerpolitico.mx\\\/?p=117825\",\"name\":\"\u201cEs un exceso, el poder es humildad\u201d: Sheinbaum critica disculpas exigidas a ciudadana en el caso \u201cdato protegido\u201d -\",\"isPartOf\":{\"@id\":\"https:\\\/\\\/quehacerpolitico.mx\\\/#website\"},\"primaryImageOfPage\":{\"@id\":\"https:\\\/\\\/quehacerpolitico.mx\\\/?p=117825#primaryimage\"},\"image\":{\"@id\":\"https:\\\/\\\/quehacerpolitico.mx\\\/?p=117825#primaryimage\"},\"thumbnailUrl\":\"https:\\\/\\\/quehacerpolitico.mx\\\/wp-content\\\/uploads\\\/2025\\\/07\\\/IMG_1867.jpeg\",\"datePublished\":\"2025-07-17T18:53:16+00:00\",\"dateModified\":\"2025-07-17T18:53:17+00:00\",\"author\":{\"@id\":\"https:\\\/\\\/quehacerpolitico.mx\\\/#\\\/schema\\\/person\\\/496d8ad2d1d3f8036101dca7ee39e585\"},\"breadcrumb\":{\"@id\":\"https:\\\/\\\/quehacerpolitico.mx\\\/?p=117825#breadcrumb\"},\"inLanguage\":\"es\",\"potentialAction\":[{\"@type\":\"ReadAction\",\"target\":[\"https:\\\/\\\/quehacerpolitico.mx\\\/?p=117825\"]}]},{\"@type\":\"ImageObject\",\"inLanguage\":\"es\",\"@id\":\"https:\\\/\\\/quehacerpolitico.mx\\\/?p=117825#primaryimage\",\"url\":\"https:\\\/\\\/quehacerpolitico.mx\\\/wp-content\\\/uploads\\\/2025\\\/07\\\/IMG_1867.jpeg\",\"contentUrl\":\"https:\\\/\\\/quehacerpolitico.mx\\\/wp-content\\\/uploads\\\/2025\\\/07\\\/IMG_1867.jpeg\",\"width\":627,\"height\":489},{\"@type\":\"BreadcrumbList\",\"@id\":\"https:\\\/\\\/quehacerpolitico.mx\\\/?p=117825#breadcrumb\",\"itemListElement\":[{\"@type\":\"ListItem\",\"position\":1,\"name\":\"Inicio\",\"item\":\"https:\\\/\\\/quehacerpolitico.mx\\\/\"},{\"@type\":\"ListItem\",\"position\":2,\"name\":\"\u201cEs un exceso, el poder es humildad\u201d: Sheinbaum critica disculpas exigidas a ciudadana en el caso \u201cdato protegido\u201d\"}]},{\"@type\":\"WebSite\",\"@id\":\"https:\\\/\\\/quehacerpolitico.mx\\\/#website\",\"url\":\"https:\\\/\\\/quehacerpolitico.mx\\\/\",\"name\":\"\",\"description\":\"\",\"potentialAction\":[{\"@type\":\"SearchAction\",\"target\":{\"@type\":\"EntryPoint\",\"urlTemplate\":\"https:\\\/\\\/quehacerpolitico.mx\\\/?s={search_term_string}\"},\"query-input\":{\"@type\":\"PropertyValueSpecification\",\"valueRequired\":true,\"valueName\":\"search_term_string\"}}],\"inLanguage\":\"es\"},{\"@type\":\"Person\",\"@id\":\"https:\\\/\\\/quehacerpolitico.mx\\\/#\\\/schema\\\/person\\\/496d8ad2d1d3f8036101dca7ee39e585\",\"name\":\"Redacci\u00f3n QP\",\"image\":{\"@type\":\"ImageObject\",\"inLanguage\":\"es\",\"@id\":\"https:\\\/\\\/secure.gravatar.com\\\/avatar\\\/c7164ed6fdec453195284ad24a5ae5b6e1eed2b848477fa2a4787ba9adf39a41?s=96&d=mm&r=g\",\"url\":\"https:\\\/\\\/secure.gravatar.com\\\/avatar\\\/c7164ed6fdec453195284ad24a5ae5b6e1eed2b848477fa2a4787ba9adf39a41?s=96&d=mm&r=g\",\"contentUrl\":\"https:\\\/\\\/secure.gravatar.com\\\/avatar\\\/c7164ed6fdec453195284ad24a5ae5b6e1eed2b848477fa2a4787ba9adf39a41?s=96&d=mm&r=g\",\"caption\":\"Redacci\u00f3n QP\"},\"url\":\"https:\\\/\\\/quehacerpolitico.mx\\\/?author=2\"}]}<\/script>\n<!-- \/ Yoast SEO plugin. -->","yoast_head_json":{"title":"\u201cEs un exceso, el poder es humildad\u201d: Sheinbaum critica disculpas exigidas a ciudadana en el caso \u201cdato protegido\u201d -","robots":{"index":"index","follow":"follow","max-snippet":"max-snippet:-1","max-image-preview":"max-image-preview:large","max-video-preview":"max-video-preview:-1"},"canonical":"https:\/\/quehacerpolitico.mx\/?p=117825","og_locale":"es_MX","og_type":"article","og_title":"\u201cEs un exceso, el poder es humildad\u201d: Sheinbaum critica disculpas exigidas a ciudadana en el caso \u201cdato protegido\u201d -","og_description":"Por Redacci\u00f3n QP La mandataria conden\u00f3 las ofensas contra las mujeres, pero se\u00f1al\u00f3 que en...","og_url":"https:\/\/quehacerpolitico.mx\/?p=117825","article_published_time":"2025-07-17T18:53:16+00:00","article_modified_time":"2025-07-17T18:53:17+00:00","og_image":[{"width":627,"height":489,"url":"https:\/\/quehacerpolitico.mx\/wp-content\/uploads\/2025\/07\/IMG_1867.jpeg","type":"image\/jpeg"}],"author":"Redacci\u00f3n QP","twitter_card":"summary_large_image","twitter_misc":{"Escrito por":"Redacci\u00f3n QP","Tiempo de lectura":"1 minuto"},"schema":{"@context":"https:\/\/schema.org","@graph":[{"@type":"Article","@id":"https:\/\/quehacerpolitico.mx\/?p=117825#article","isPartOf":{"@id":"https:\/\/quehacerpolitico.mx\/?p=117825"},"author":{"name":"Redacci\u00f3n QP","@id":"https:\/\/quehacerpolitico.mx\/#\/schema\/person\/496d8ad2d1d3f8036101dca7ee39e585"},"headline":"\u201cEs un exceso, el poder es humildad\u201d: Sheinbaum critica disculpas exigidas a ciudadana en el caso \u201cdato protegido\u201d","datePublished":"2025-07-17T18:53:16+00:00","dateModified":"2025-07-17T18:53:17+00:00","mainEntityOfPage":{"@id":"https:\/\/quehacerpolitico.mx\/?p=117825"},"wordCount":294,"commentCount":0,"image":{"@id":"https:\/\/quehacerpolitico.mx\/?p=117825#primaryimage"},"thumbnailUrl":"https:\/\/quehacerpolitico.mx\/wp-content\/uploads\/2025\/07\/IMG_1867.jpeg","articleSection":["Nacionales","Noticias"],"inLanguage":"es","potentialAction":[{"@type":"CommentAction","name":"Comment","target":["https:\/\/quehacerpolitico.mx\/?p=117825#respond"]}]},{"@type":"WebPage","@id":"https:\/\/quehacerpolitico.mx\/?p=117825","url":"https:\/\/quehacerpolitico.mx\/?p=117825","name":"\u201cEs un exceso, el poder es humildad\u201d: Sheinbaum critica disculpas exigidas a ciudadana en el caso \u201cdato protegido\u201d -","isPartOf":{"@id":"https:\/\/quehacerpolitico.mx\/#website"},"primaryImageOfPage":{"@id":"https:\/\/quehacerpolitico.mx\/?p=117825#primaryimage"},"image":{"@id":"https:\/\/quehacerpolitico.mx\/?p=117825#primaryimage"},"thumbnailUrl":"https:\/\/quehacerpolitico.mx\/wp-content\/uploads\/2025\/07\/IMG_1867.jpeg","datePublished":"2025-07-17T18:53:16+00:00","dateModified":"2025-07-17T18:53:17+00:00","author":{"@id":"https:\/\/quehacerpolitico.mx\/#\/schema\/person\/496d8ad2d1d3f8036101dca7ee39e585"},"breadcrumb":{"@id":"https:\/\/quehacerpolitico.mx\/?p=117825#breadcrumb"},"inLanguage":"es","potentialAction":[{"@type":"ReadAction","target":["https:\/\/quehacerpolitico.mx\/?p=117825"]}]},{"@type":"ImageObject","inLanguage":"es","@id":"https:\/\/quehacerpolitico.mx\/?p=117825#primaryimage","url":"https:\/\/quehacerpolitico.mx\/wp-content\/uploads\/2025\/07\/IMG_1867.jpeg","contentUrl":"https:\/\/quehacerpolitico.mx\/wp-content\/uploads\/2025\/07\/IMG_1867.jpeg","width":627,"height":489},{"@type":"BreadcrumbList","@id":"https:\/\/quehacerpolitico.mx\/?p=117825#breadcrumb","itemListElement":[{"@type":"ListItem","position":1,"name":"Inicio","item":"https:\/\/quehacerpolitico.mx\/"},{"@type":"ListItem","position":2,"name":"\u201cEs un exceso, el poder es humildad\u201d: Sheinbaum critica disculpas exigidas a ciudadana en el caso \u201cdato protegido\u201d"}]},{"@type":"WebSite","@id":"https:\/\/quehacerpolitico.mx\/#website","url":"https:\/\/quehacerpolitico.mx\/","name":"","description":"","potentialAction":[{"@type":"SearchAction","target":{"@type":"EntryPoint","urlTemplate":"https:\/\/quehacerpolitico.mx\/?s={search_term_string}"},"query-input":{"@type":"PropertyValueSpecification","valueRequired":true,"valueName":"search_term_string"}}],"inLanguage":"es"},{"@type":"Person","@id":"https:\/\/quehacerpolitico.mx\/#\/schema\/person\/496d8ad2d1d3f8036101dca7ee39e585","name":"Redacci\u00f3n QP","image":{"@type":"ImageObject","inLanguage":"es","@id":"https:\/\/secure.gravatar.com\/avatar\/c7164ed6fdec453195284ad24a5ae5b6e1eed2b848477fa2a4787ba9adf39a41?s=96&d=mm&r=g","url":"https:\/\/secure.gravatar.com\/avatar\/c7164ed6fdec453195284ad24a5ae5b6e1eed2b848477fa2a4787ba9adf39a41?s=96&d=mm&r=g","contentUrl":"https:\/\/secure.gravatar.com\/avatar\/c7164ed6fdec453195284ad24a5ae5b6e1eed2b848477fa2a4787ba9adf39a41?s=96&d=mm&r=g","caption":"Redacci\u00f3n QP"},"url":"https:\/\/quehacerpolitico.mx\/?author=2"}]}},"featured_image_urls":{"full":["https:\/\/quehacerpolitico.mx\/wp-content\/uploads\/2025\/07\/IMG_1867.jpeg",627,489,false],"thumbnail":["https:\/\/quehacerpolitico.mx\/wp-content\/uploads\/2025\/07\/IMG_1867-150x150.jpeg",150,150,true],"medium":["https:\/\/quehacerpolitico.mx\/wp-content\/uploads\/2025\/07\/IMG_1867-300x234.jpeg",300,234,true],"medium_large":["https:\/\/quehacerpolitico.mx\/wp-content\/uploads\/2025\/07\/IMG_1867.jpeg",627,489,false],"large":["https:\/\/quehacerpolitico.mx\/wp-content\/uploads\/2025\/07\/IMG_1867.jpeg",627,489,false],"1536x1536":["https:\/\/quehacerpolitico.mx\/wp-content\/uploads\/2025\/07\/IMG_1867.jpeg",627,489,false],"2048x2048":["https:\/\/quehacerpolitico.mx\/wp-content\/uploads\/2025\/07\/IMG_1867.jpeg",627,489,false],"covernews-featured":["https:\/\/quehacerpolitico.mx\/wp-content\/uploads\/2025\/07\/IMG_1867.jpeg",627,489,false],"covernews-medium":["https:\/\/quehacerpolitico.mx\/wp-content\/uploads\/2025\/07\/IMG_1867-540x340.jpeg",540,340,true]},"author_info":{"display_name":"Redacci\u00f3n QP","author_link":"https:\/\/quehacerpolitico.mx\/?author=2"},"category_info":"<a href=\"https:\/\/quehacerpolitico.mx\/?cat=280\" rel=\"category\">Nacionales<\/a> <a href=\"https:\/\/quehacerpolitico.mx\/?cat=2\" rel=\"category\">Noticias<\/a>","tag_info":"Noticias","comment_count":"0","_links":{"self":[{"href":"https:\/\/quehacerpolitico.mx\/index.php?rest_route=\/wp\/v2\/posts\/117825","targetHints":{"allow":["GET"]}}],"collection":[{"href":"https:\/\/quehacerpolitico.mx\/index.php?rest_route=\/wp\/v2\/posts"}],"about":[{"href":"https:\/\/quehacerpolitico.mx\/index.php?rest_route=\/wp\/v2\/types\/post"}],"author":[{"embeddable":true,"href":"https:\/\/quehacerpolitico.mx\/index.php?rest_route=\/wp\/v2\/users\/2"}],"replies":[{"embeddable":true,"href":"https:\/\/quehacerpolitico.mx\/index.php?rest_route=%2Fwp%2Fv2%2Fcomments&post=117825"}],"version-history":[{"count":1,"href":"https:\/\/quehacerpolitico.mx\/index.php?rest_route=\/wp\/v2\/posts\/117825\/revisions"}],"predecessor-version":[{"id":117827,"href":"https:\/\/quehacerpolitico.mx\/index.php?rest_route=\/wp\/v2\/posts\/117825\/revisions\/117827"}],"wp:featuredmedia":[{"embeddable":true,"href":"https:\/\/quehacerpolitico.mx\/index.php?rest_route=\/wp\/v2\/media\/117826"}],"wp:attachment":[{"href":"https:\/\/quehacerpolitico.mx\/index.php?rest_route=%2Fwp%2Fv2%2Fmedia&parent=117825"}],"wp:term":[{"taxonomy":"category","embeddable":true,"href":"https:\/\/quehacerpolitico.mx\/index.php?rest_route=%2Fwp%2Fv2%2Fcategories&post=117825"},{"taxonomy":"post_tag","embeddable":true,"href":"https:\/\/quehacerpolitico.mx\/index.php?rest_route=%2Fwp%2Fv2%2Ftags&post=117825"}],"curies":[{"name":"wp","href":"https:\/\/api.w.org\/{rel}","templated":true}]}}