{"id":117819,"date":"2025-07-17T12:06:44","date_gmt":"2025-07-17T18:06:44","guid":{"rendered":"https:\/\/quehacerpolitico.mx\/?p=117819"},"modified":"2025-07-17T12:16:05","modified_gmt":"2025-07-17T18:16:05","slug":"grupo-bimbo-anuncia-inversion-de-2-mil-millones-de-dolares-en-mexico-hasta-2028","status":"publish","type":"post","link":"https:\/\/quehacerpolitico.mx\/?p=117819","title":{"rendered":"Grupo Bimbo anuncia inversi\u00f3n de 2 mil millones de d\u00f3lares en M\u00e9xico hasta 2028"},"content":{"rendered":"\n<p>Por Redacci\u00f3n QP<\/p>\n\n\n\n<p>Los recursos se concentrar\u00e1n en siete estados del pa\u00eds; el director de la compa\u00f1\u00eda indic\u00f3 que se generar\u00e1n 2 mil empleos directos<\/p>\n\n\n\n<p><strong>Grupo Bimbo&nbsp;<\/strong>anunci\u00f3 este jueves que invertir\u00e1 2 mil millones de d\u00f3lares en M\u00e9xico durante los pr\u00f3ximos a\u00f1os hasta 2028 para incrementar su capacidad productiva y tecnol\u00f3gica.&nbsp;<\/p>\n\n\n\n<p>El anuncio se realiz\u00f3 este jueves por el director de la compa\u00f1\u00eda,&nbsp;<strong>Jos\u00e9 Manuel Gonz\u00e1lez Guzm\u00e1n,&nbsp;<\/strong>en la conferencia matutina de la presidenta Claudia Sheinbaum.<\/p>\n\n\n\n<p>&#8220;Con\u00a0la inversi\u00f3n que hoy anunciamos re reafirmamos nuestro respaldo al Plan M\u00e9xico, impulsado por el gobierno federal para detonar el crecimiento y fortalecer la econom\u00eda nacional&#8221;, a\u00f1adi\u00f3.<\/p>\n\n\n\n<figure class=\"wp-block-embed is-type-rich is-provider-twitter wp-block-embed-twitter\"><div class=\"wp-block-embed__wrapper\">\n<blockquote class=\"twitter-tweet\" data-width=\"550\" data-dnt=\"true\"><p lang=\"es\" dir=\"ltr\">\ud83d\udd34<a href=\"https:\/\/twitter.com\/hashtag\/LaMa%C3%B1aneraDelPueblo?src=hash&amp;ref_src=twsrc%5Etfw\">#LaMa\u00f1aneraDelPueblo<\/a> | Grupo Bimbo invertir\u00e1 2 mil millones de d\u00f3lares entre 2025 y 2028 para ampliar su capacidad productiva y modernizar su flota, inform\u00f3 la Secretar\u00eda de Econom\u00eda. <br><br>La inversi\u00f3n generar\u00e1 2,000 empleos directos y m\u00e1s de 10,800 indirectos en 9 municipios de 7\u2026 <a href=\"https:\/\/t.co\/vA2CcWPtZb\">pic.twitter.com\/vA2CcWPtZb<\/a><\/p>&mdash; Azucena Uresti (@azucenau) <a href=\"https:\/\/twitter.com\/azucenau\/status\/1945845104918532152?ref_src=twsrc%5Etfw\">July 17, 2025<\/a><\/blockquote><script async src=\"https:\/\/platform.twitter.com\/widgets.js\" charset=\"utf-8\"><\/script>\n<\/div><\/figure>\n\n\n\n<p>Adem\u00e1s, indic\u00f3 que con esto se generar\u00e1n 2 mil empleos directos y m\u00e1s de 10 mil 800&nbsp;indirectos.<\/p>\n\n\n\n<p>Bimbo tambi\u00e9n descart\u00f3 que a la empresa le vayan a<strong>&nbsp;impactar negativamente&nbsp;los aranceles<\/strong>anunciados por el gobierno de Estados Unidos.<\/p>\n\n\n\n<p>&#8220;Creemos que no nos va a afectar y al final si hubiera alg\u00fan impuesto o hubiera algo tendremos que aceptarlo&#8221;, dijo&nbsp;el director general&nbsp;a la pregunta de la prensa.&nbsp;<\/p>\n\n\n\n<p>El directivo remarc\u00f3 que la empresa sigue exportando normalmente a Estados Unidos, algo que realiza desde hace m\u00e1s de 20 a\u00f1os, y es el productor m\u00e1s grande pan en ese pa\u00eds, donde lo produce con&nbsp;<strong>marcas estadounidenses.<\/strong><\/p>\n\n\n\n<p>Por su parte,&nbsp;Ximena Escobedo, jefa de Unidad de Desarrollo de la Secretar\u00eda de Econom\u00eda, precis\u00f3 que la inversi\u00f3n se concentrar\u00e1 en siete estados del pa\u00eds:&nbsp;Baja California, Yucat\u00e1n,&nbsp;Ciudad de M\u00e9xico,&nbsp;Nuevo Le\u00f3n, Quer\u00e9taro, Puebla,&nbsp;y el Estado de M\u00e9xico.&nbsp;&nbsp;<\/p>\n\n\n\n<p><em>Con informaci\u00f3n de Reuters<\/em><\/p>\n","protected":false},"excerpt":{"rendered":"<p>Por Redacci\u00f3n QP Los recursos se concentrar\u00e1n en siete estados del pa\u00eds; el director de&#8230;<\/p>\n","protected":false},"author":2,"featured_media":117820,"comment_status":"open","ping_status":"open","sticky":false,"template":"","format":"standard","meta":{"_monsterinsights_skip_tracking":false,"_monsterinsights_sitenote_active":false,"_monsterinsights_sitenote_note":"","_monsterinsights_sitenote_category":0,"footnotes":""},"categories":[56],"tags":[],"class_list":["post-117819","post","type-post","status-publish","format-standard","has-post-thumbnail","hentry","category-economia"],"yoast_head":"<!-- This site is optimized with the Yoast SEO plugin v27.3 - https:\/\/yoast.com\/product\/yoast-seo-wordpress\/ -->\n<title>Grupo Bimbo anuncia inversi\u00f3n de 2 mil millones de d\u00f3lares en M\u00e9xico hasta 2028 -<\/title>\n<meta name=\"robots\" content=\"index, follow, max-snippet:-1, max-image-preview:large, max-video-preview:-1\" \/>\n<link rel=\"canonical\" href=\"https:\/\/quehacerpolitico.mx\/?p=117819\" \/>\n<meta property=\"og:locale\" content=\"es_MX\" \/>\n<meta property=\"og:type\" content=\"article\" \/>\n<meta property=\"og:title\" content=\"Grupo Bimbo anuncia inversi\u00f3n de 2 mil millones de d\u00f3lares en M\u00e9xico hasta 2028 -\" \/>\n<meta property=\"og:description\" content=\"Por Redacci\u00f3n QP Los recursos se concentrar\u00e1n en siete estados del pa\u00eds; el director de...\" \/>\n<meta property=\"og:url\" content=\"https:\/\/quehacerpolitico.mx\/?p=117819\" \/>\n<meta property=\"article:published_time\" content=\"2025-07-17T18:06:44+00:00\" \/>\n<meta property=\"article:modified_time\" content=\"2025-07-17T18:16:05+00:00\" \/>\n<meta property=\"og:image\" content=\"https:\/\/quehacerpolitico.mx\/wp-content\/uploads\/2025\/07\/IMG_1863.webp\" \/>\n\t<meta property=\"og:image:width\" content=\"425\" \/>\n\t<meta property=\"og:image:height\" content=\"230\" \/>\n\t<meta property=\"og:image:type\" content=\"image\/webp\" \/>\n<meta name=\"author\" content=\"Redacci\u00f3n QP\" \/>\n<meta name=\"twitter:card\" content=\"summary_large_image\" \/>\n<meta name=\"twitter:label1\" content=\"Escrito por\" \/>\n\t<meta name=\"twitter:data1\" content=\"Redacci\u00f3n QP\" \/>\n\t<meta name=\"twitter:label2\" content=\"Tiempo de lectura\" \/>\n\t<meta name=\"twitter:data2\" content=\"2 minutos\" \/>\n<script type=\"application\/ld+json\" class=\"yoast-schema-graph\">{\"@context\":\"https:\\\/\\\/schema.org\",\"@graph\":[{\"@type\":\"Article\",\"@id\":\"https:\\\/\\\/quehacerpolitico.mx\\\/?p=117819#article\",\"isPartOf\":{\"@id\":\"https:\\\/\\\/quehacerpolitico.mx\\\/?p=117819\"},\"author\":{\"name\":\"Redacci\u00f3n QP\",\"@id\":\"https:\\\/\\\/quehacerpolitico.mx\\\/#\\\/schema\\\/person\\\/496d8ad2d1d3f8036101dca7ee39e585\"},\"headline\":\"Grupo Bimbo anuncia inversi\u00f3n de 2 mil millones de d\u00f3lares en M\u00e9xico hasta 2028\",\"datePublished\":\"2025-07-17T18:06:44+00:00\",\"dateModified\":\"2025-07-17T18:16:05+00:00\",\"mainEntityOfPage\":{\"@id\":\"https:\\\/\\\/quehacerpolitico.mx\\\/?p=117819\"},\"wordCount\":323,\"commentCount\":0,\"image\":{\"@id\":\"https:\\\/\\\/quehacerpolitico.mx\\\/?p=117819#primaryimage\"},\"thumbnailUrl\":\"https:\\\/\\\/quehacerpolitico.mx\\\/wp-content\\\/uploads\\\/2025\\\/07\\\/IMG_1863.webp\",\"articleSection\":[\"Econom\u00eda\"],\"inLanguage\":\"es\",\"potentialAction\":[{\"@type\":\"CommentAction\",\"name\":\"Comment\",\"target\":[\"https:\\\/\\\/quehacerpolitico.mx\\\/?p=117819#respond\"]}]},{\"@type\":\"WebPage\",\"@id\":\"https:\\\/\\\/quehacerpolitico.mx\\\/?p=117819\",\"url\":\"https:\\\/\\\/quehacerpolitico.mx\\\/?p=117819\",\"name\":\"Grupo Bimbo anuncia inversi\u00f3n de 2 mil millones de d\u00f3lares en M\u00e9xico hasta 2028 -\",\"isPartOf\":{\"@id\":\"https:\\\/\\\/quehacerpolitico.mx\\\/#website\"},\"primaryImageOfPage\":{\"@id\":\"https:\\\/\\\/quehacerpolitico.mx\\\/?p=117819#primaryimage\"},\"image\":{\"@id\":\"https:\\\/\\\/quehacerpolitico.mx\\\/?p=117819#primaryimage\"},\"thumbnailUrl\":\"https:\\\/\\\/quehacerpolitico.mx\\\/wp-content\\\/uploads\\\/2025\\\/07\\\/IMG_1863.webp\",\"datePublished\":\"2025-07-17T18:06:44+00:00\",\"dateModified\":\"2025-07-17T18:16:05+00:00\",\"author\":{\"@id\":\"https:\\\/\\\/quehacerpolitico.mx\\\/#\\\/schema\\\/person\\\/496d8ad2d1d3f8036101dca7ee39e585\"},\"breadcrumb\":{\"@id\":\"https:\\\/\\\/quehacerpolitico.mx\\\/?p=117819#breadcrumb\"},\"inLanguage\":\"es\",\"potentialAction\":[{\"@type\":\"ReadAction\",\"target\":[\"https:\\\/\\\/quehacerpolitico.mx\\\/?p=117819\"]}]},{\"@type\":\"ImageObject\",\"inLanguage\":\"es\",\"@id\":\"https:\\\/\\\/quehacerpolitico.mx\\\/?p=117819#primaryimage\",\"url\":\"https:\\\/\\\/quehacerpolitico.mx\\\/wp-content\\\/uploads\\\/2025\\\/07\\\/IMG_1863.webp\",\"contentUrl\":\"https:\\\/\\\/quehacerpolitico.mx\\\/wp-content\\\/uploads\\\/2025\\\/07\\\/IMG_1863.webp\",\"width\":425,\"height\":230},{\"@type\":\"BreadcrumbList\",\"@id\":\"https:\\\/\\\/quehacerpolitico.mx\\\/?p=117819#breadcrumb\",\"itemListElement\":[{\"@type\":\"ListItem\",\"position\":1,\"name\":\"Inicio\",\"item\":\"https:\\\/\\\/quehacerpolitico.mx\\\/\"},{\"@type\":\"ListItem\",\"position\":2,\"name\":\"Grupo Bimbo anuncia inversi\u00f3n de 2 mil millones de d\u00f3lares en M\u00e9xico hasta 2028\"}]},{\"@type\":\"WebSite\",\"@id\":\"https:\\\/\\\/quehacerpolitico.mx\\\/#website\",\"url\":\"https:\\\/\\\/quehacerpolitico.mx\\\/\",\"name\":\"\",\"description\":\"\",\"potentialAction\":[{\"@type\":\"SearchAction\",\"target\":{\"@type\":\"EntryPoint\",\"urlTemplate\":\"https:\\\/\\\/quehacerpolitico.mx\\\/?s={search_term_string}\"},\"query-input\":{\"@type\":\"PropertyValueSpecification\",\"valueRequired\":true,\"valueName\":\"search_term_string\"}}],\"inLanguage\":\"es\"},{\"@type\":\"Person\",\"@id\":\"https:\\\/\\\/quehacerpolitico.mx\\\/#\\\/schema\\\/person\\\/496d8ad2d1d3f8036101dca7ee39e585\",\"name\":\"Redacci\u00f3n QP\",\"image\":{\"@type\":\"ImageObject\",\"inLanguage\":\"es\",\"@id\":\"https:\\\/\\\/secure.gravatar.com\\\/avatar\\\/c7164ed6fdec453195284ad24a5ae5b6e1eed2b848477fa2a4787ba9adf39a41?s=96&d=mm&r=g\",\"url\":\"https:\\\/\\\/secure.gravatar.com\\\/avatar\\\/c7164ed6fdec453195284ad24a5ae5b6e1eed2b848477fa2a4787ba9adf39a41?s=96&d=mm&r=g\",\"contentUrl\":\"https:\\\/\\\/secure.gravatar.com\\\/avatar\\\/c7164ed6fdec453195284ad24a5ae5b6e1eed2b848477fa2a4787ba9adf39a41?s=96&d=mm&r=g\",\"caption\":\"Redacci\u00f3n QP\"},\"url\":\"https:\\\/\\\/quehacerpolitico.mx\\\/?author=2\"}]}<\/script>\n<!-- \/ Yoast SEO plugin. -->","yoast_head_json":{"title":"Grupo Bimbo anuncia inversi\u00f3n de 2 mil millones de d\u00f3lares en M\u00e9xico hasta 2028 -","robots":{"index":"index","follow":"follow","max-snippet":"max-snippet:-1","max-image-preview":"max-image-preview:large","max-video-preview":"max-video-preview:-1"},"canonical":"https:\/\/quehacerpolitico.mx\/?p=117819","og_locale":"es_MX","og_type":"article","og_title":"Grupo Bimbo anuncia inversi\u00f3n de 2 mil millones de d\u00f3lares en M\u00e9xico hasta 2028 -","og_description":"Por Redacci\u00f3n QP Los recursos se concentrar\u00e1n en siete estados del pa\u00eds; el director de...","og_url":"https:\/\/quehacerpolitico.mx\/?p=117819","article_published_time":"2025-07-17T18:06:44+00:00","article_modified_time":"2025-07-17T18:16:05+00:00","og_image":[{"width":425,"height":230,"url":"https:\/\/quehacerpolitico.mx\/wp-content\/uploads\/2025\/07\/IMG_1863.webp","type":"image\/webp"}],"author":"Redacci\u00f3n QP","twitter_card":"summary_large_image","twitter_misc":{"Escrito por":"Redacci\u00f3n QP","Tiempo de lectura":"2 minutos"},"schema":{"@context":"https:\/\/schema.org","@graph":[{"@type":"Article","@id":"https:\/\/quehacerpolitico.mx\/?p=117819#article","isPartOf":{"@id":"https:\/\/quehacerpolitico.mx\/?p=117819"},"author":{"name":"Redacci\u00f3n QP","@id":"https:\/\/quehacerpolitico.mx\/#\/schema\/person\/496d8ad2d1d3f8036101dca7ee39e585"},"headline":"Grupo Bimbo anuncia inversi\u00f3n de 2 mil millones de d\u00f3lares en M\u00e9xico hasta 2028","datePublished":"2025-07-17T18:06:44+00:00","dateModified":"2025-07-17T18:16:05+00:00","mainEntityOfPage":{"@id":"https:\/\/quehacerpolitico.mx\/?p=117819"},"wordCount":323,"commentCount":0,"image":{"@id":"https:\/\/quehacerpolitico.mx\/?p=117819#primaryimage"},"thumbnailUrl":"https:\/\/quehacerpolitico.mx\/wp-content\/uploads\/2025\/07\/IMG_1863.webp","articleSection":["Econom\u00eda"],"inLanguage":"es","potentialAction":[{"@type":"CommentAction","name":"Comment","target":["https:\/\/quehacerpolitico.mx\/?p=117819#respond"]}]},{"@type":"WebPage","@id":"https:\/\/quehacerpolitico.mx\/?p=117819","url":"https:\/\/quehacerpolitico.mx\/?p=117819","name":"Grupo Bimbo anuncia inversi\u00f3n de 2 mil millones de d\u00f3lares en M\u00e9xico hasta 2028 -","isPartOf":{"@id":"https:\/\/quehacerpolitico.mx\/#website"},"primaryImageOfPage":{"@id":"https:\/\/quehacerpolitico.mx\/?p=117819#primaryimage"},"image":{"@id":"https:\/\/quehacerpolitico.mx\/?p=117819#primaryimage"},"thumbnailUrl":"https:\/\/quehacerpolitico.mx\/wp-content\/uploads\/2025\/07\/IMG_1863.webp","datePublished":"2025-07-17T18:06:44+00:00","dateModified":"2025-07-17T18:16:05+00:00","author":{"@id":"https:\/\/quehacerpolitico.mx\/#\/schema\/person\/496d8ad2d1d3f8036101dca7ee39e585"},"breadcrumb":{"@id":"https:\/\/quehacerpolitico.mx\/?p=117819#breadcrumb"},"inLanguage":"es","potentialAction":[{"@type":"ReadAction","target":["https:\/\/quehacerpolitico.mx\/?p=117819"]}]},{"@type":"ImageObject","inLanguage":"es","@id":"https:\/\/quehacerpolitico.mx\/?p=117819#primaryimage","url":"https:\/\/quehacerpolitico.mx\/wp-content\/uploads\/2025\/07\/IMG_1863.webp","contentUrl":"https:\/\/quehacerpolitico.mx\/wp-content\/uploads\/2025\/07\/IMG_1863.webp","width":425,"height":230},{"@type":"BreadcrumbList","@id":"https:\/\/quehacerpolitico.mx\/?p=117819#breadcrumb","itemListElement":[{"@type":"ListItem","position":1,"name":"Inicio","item":"https:\/\/quehacerpolitico.mx\/"},{"@type":"ListItem","position":2,"name":"Grupo Bimbo anuncia inversi\u00f3n de 2 mil millones de d\u00f3lares en M\u00e9xico hasta 2028"}]},{"@type":"WebSite","@id":"https:\/\/quehacerpolitico.mx\/#website","url":"https:\/\/quehacerpolitico.mx\/","name":"","description":"","potentialAction":[{"@type":"SearchAction","target":{"@type":"EntryPoint","urlTemplate":"https:\/\/quehacerpolitico.mx\/?s={search_term_string}"},"query-input":{"@type":"PropertyValueSpecification","valueRequired":true,"valueName":"search_term_string"}}],"inLanguage":"es"},{"@type":"Person","@id":"https:\/\/quehacerpolitico.mx\/#\/schema\/person\/496d8ad2d1d3f8036101dca7ee39e585","name":"Redacci\u00f3n QP","image":{"@type":"ImageObject","inLanguage":"es","@id":"https:\/\/secure.gravatar.com\/avatar\/c7164ed6fdec453195284ad24a5ae5b6e1eed2b848477fa2a4787ba9adf39a41?s=96&d=mm&r=g","url":"https:\/\/secure.gravatar.com\/avatar\/c7164ed6fdec453195284ad24a5ae5b6e1eed2b848477fa2a4787ba9adf39a41?s=96&d=mm&r=g","contentUrl":"https:\/\/secure.gravatar.com\/avatar\/c7164ed6fdec453195284ad24a5ae5b6e1eed2b848477fa2a4787ba9adf39a41?s=96&d=mm&r=g","caption":"Redacci\u00f3n QP"},"url":"https:\/\/quehacerpolitico.mx\/?author=2"}]}},"featured_image_urls":{"full":["https:\/\/quehacerpolitico.mx\/wp-content\/uploads\/2025\/07\/IMG_1863.webp",425,230,false],"thumbnail":["https:\/\/quehacerpolitico.mx\/wp-content\/uploads\/2025\/07\/IMG_1863-150x150.webp",150,150,true],"medium":["https:\/\/quehacerpolitico.mx\/wp-content\/uploads\/2025\/07\/IMG_1863-300x162.webp",300,162,true],"medium_large":["https:\/\/quehacerpolitico.mx\/wp-content\/uploads\/2025\/07\/IMG_1863.webp",425,230,false],"large":["https:\/\/quehacerpolitico.mx\/wp-content\/uploads\/2025\/07\/IMG_1863.webp",425,230,false],"1536x1536":["https:\/\/quehacerpolitico.mx\/wp-content\/uploads\/2025\/07\/IMG_1863.webp",425,230,false],"2048x2048":["https:\/\/quehacerpolitico.mx\/wp-content\/uploads\/2025\/07\/IMG_1863.webp",425,230,false],"covernews-featured":["https:\/\/quehacerpolitico.mx\/wp-content\/uploads\/2025\/07\/IMG_1863.webp",425,230,false],"covernews-medium":["https:\/\/quehacerpolitico.mx\/wp-content\/uploads\/2025\/07\/IMG_1863.webp",425,230,false]},"author_info":{"display_name":"Redacci\u00f3n QP","author_link":"https:\/\/quehacerpolitico.mx\/?author=2"},"category_info":"<a href=\"https:\/\/quehacerpolitico.mx\/?cat=56\" rel=\"category\">Econom\u00eda<\/a>","tag_info":"Econom\u00eda","comment_count":"0","_links":{"self":[{"href":"https:\/\/quehacerpolitico.mx\/index.php?rest_route=\/wp\/v2\/posts\/117819","targetHints":{"allow":["GET"]}}],"collection":[{"href":"https:\/\/quehacerpolitico.mx\/index.php?rest_route=\/wp\/v2\/posts"}],"about":[{"href":"https:\/\/quehacerpolitico.mx\/index.php?rest_route=\/wp\/v2\/types\/post"}],"author":[{"embeddable":true,"href":"https:\/\/quehacerpolitico.mx\/index.php?rest_route=\/wp\/v2\/users\/2"}],"replies":[{"embeddable":true,"href":"https:\/\/quehacerpolitico.mx\/index.php?rest_route=%2Fwp%2Fv2%2Fcomments&post=117819"}],"version-history":[{"count":1,"href":"https:\/\/quehacerpolitico.mx\/index.php?rest_route=\/wp\/v2\/posts\/117819\/revisions"}],"predecessor-version":[{"id":117821,"href":"https:\/\/quehacerpolitico.mx\/index.php?rest_route=\/wp\/v2\/posts\/117819\/revisions\/117821"}],"wp:featuredmedia":[{"embeddable":true,"href":"https:\/\/quehacerpolitico.mx\/index.php?rest_route=\/wp\/v2\/media\/117820"}],"wp:attachment":[{"href":"https:\/\/quehacerpolitico.mx\/index.php?rest_route=%2Fwp%2Fv2%2Fmedia&parent=117819"}],"wp:term":[{"taxonomy":"category","embeddable":true,"href":"https:\/\/quehacerpolitico.mx\/index.php?rest_route=%2Fwp%2Fv2%2Fcategories&post=117819"},{"taxonomy":"post_tag","embeddable":true,"href":"https:\/\/quehacerpolitico.mx\/index.php?rest_route=%2Fwp%2Fv2%2Ftags&post=117819"}],"curies":[{"name":"wp","href":"https:\/\/api.w.org\/{rel}","templated":true}]}}