{"id":117770,"date":"2025-07-16T12:30:47","date_gmt":"2025-07-16T18:30:47","guid":{"rendered":"https:\/\/quehacerpolitico.mx\/?p=117770"},"modified":"2025-07-16T12:30:50","modified_gmt":"2025-07-16T18:30:50","slug":"el-tren-maya-es-rentable-gobierno-de-sheinbaum-asegura-que-no-hay-retrasos-en-la-obra-y-niega-baja-afluencia-de-pasajeros-pero-su-director-desconoce-el-costo-del-proyecto","status":"publish","type":"post","link":"https:\/\/quehacerpolitico.mx\/?p=117770","title":{"rendered":"\u201cEl Tren Maya es rentable\u201d: gobierno de Sheinbaum asegura que no hay retrasos en la obra y niega baja afluencia de pasajeros pero su Director desconoce el costo del proyecto"},"content":{"rendered":"\n<p>Por Redacci\u00f3n QP<\/p>\n\n\n\n<p>La presidenta defendi\u00f3 que el avance del proyecto va conforme a lo planeado; el director \u00d3scar David Lozano asegur\u00f3 que la cantidad ha incrementado mensualmente<\/p>\n\n\n\n<p>La presidenta\u00a0<strong>Claudia Sheinbaum<\/strong> afirm\u00f3 que el Tren Maya es rentable, sin embargo, admiti\u00f3 que se tendr\u00e1n ganancias una vez que la obra est\u00e9 completa.<\/p>\n\n\n\n<figure class=\"wp-block-embed is-type-rich is-provider-twitter wp-block-embed-twitter\"><div class=\"wp-block-embed__wrapper\">\n<blockquote class=\"twitter-tweet\" data-width=\"550\" data-dnt=\"true\"><p lang=\"es\" dir=\"ltr\"><a href=\"https:\/\/twitter.com\/hashtag\/EnLaMa%C3%B1anera?src=hash&amp;ref_src=twsrc%5Etfw\">#EnLaMa\u00f1anera<\/a> | \ud83d\udcb0 Sheinbaum se\u00f1ala que el subsidio en el caso del Tren Maya es para que su operaci\u00f3n sea rentable <a href=\"https:\/\/t.co\/frEAdkeGza\">pic.twitter.com\/frEAdkeGza<\/a><\/p>&mdash; El Financiero (@ElFinanciero_Mx) <a href=\"https:\/\/twitter.com\/ElFinanciero_Mx\/status\/1945548990436581410?ref_src=twsrc%5Etfw\">July 16, 2025<\/a><\/blockquote><script async src=\"https:\/\/platform.twitter.com\/widgets.js\" charset=\"utf-8\"><\/script>\n<\/div><\/figure>\n\n\n\n<p>En su conferencia matutina de este mi\u00e9rcoles, la mandataria asegur\u00f3 que todav\u00eda faltan algunos trenes por llegar para este proyecto porque \u201clleva tiempo construirlos\u201d.&nbsp;<\/p>\n\n\n\n<p>\u201cEl Tren Maya es rentable (\u2026) En el momento que tenga todos los trenes, la rentabilidad pasajeros va a existir y adem\u00e1s va a tener ganancias\u201d, coment\u00f3 a la prensa.<\/p>\n\n\n\n<p>A pregunta expresa de la prensa del costo del Tren Maya dijo desconocer cu\u00e1l era que lo desconoc\u00eda ya que era un proyecto del 2019.<\/p>\n\n\n\n<figure class=\"wp-block-embed is-type-rich is-provider-twitter wp-block-embed-twitter\"><div class=\"wp-block-embed__wrapper\">\n<blockquote class=\"twitter-tweet\" data-width=\"550\" data-dnt=\"true\"><p lang=\"es\" dir=\"ltr\">-\u00bfCu\u00e1nto cost\u00f3 el <a href=\"https:\/\/twitter.com\/hashtag\/TrenMaya?src=hash&amp;ref_src=twsrc%5Etfw\">#TrenMaya<\/a>? \ud83d\udcb8\ud83d\udcb8\ud83d\udcb8<br>-\u201cNo tengo el dato preciso\u201d, admite su director, el general \u00d3scar Lozano.<br><br>Otra megaobra fara\u00f3nica de AMLO que pasar\u00e1 a la historia como un rotundo fracaso econ\u00f3mico para M\u00e9xico. <a href=\"https:\/\/t.co\/V4AgZ3Lh8X\">pic.twitter.com\/V4AgZ3Lh8X<\/a><\/p>&mdash; Manuel Lopez San Martin (@MLopezSanMartin) <a href=\"https:\/\/twitter.com\/MLopezSanMartin\/status\/1945523825266798646?ref_src=twsrc%5Etfw\">July 16, 2025<\/a><\/blockquote><script async src=\"https:\/\/platform.twitter.com\/widgets.js\" charset=\"utf-8\"><\/script>\n<\/div><\/figure>\n\n\n\n<p>No obstante, Sheinbaum defendi\u00f3 que el avance de la obra del Tren Maya va conforme a lo planeado.<\/p>\n\n\n\n<p>Por su parte, el general \u00d3scar David Lozano, director general del Tren Maya, neg\u00f3 que haya una baja cantidad de pasajeros y dijo que esto depende de que la cantidad ha ido incrementando mensualmente.<\/p>\n\n\n\n<p>&#8220;El tren va bajando y subiendo pasajeros en cada una de las estaciones. La demanda, por tanto, no es lineal. Sin embargo, su comportamiento s\u00ed ha sido ascendente (&#8230;)&nbsp;<strong>La&nbsp;demanda no es lineal, l<\/strong>a demanda sube y baja en funci\u00f3n de las necesidades de cada estaci\u00f3n&#8221;, asegur\u00f3.&nbsp;<\/p>\n\n\n\n<p>Adem\u00e1s, dijo que el \u00faltimo d\u00eda que hubo m\u00e1s pasajeros en el Tren Maya fue el pasado 20 de abril con&nbsp;6 mil 641 y estim\u00f3 que en este periodo vacacional, la cifra pueda aumentar hasta los 7 mil.&nbsp;<\/p>\n","protected":false},"excerpt":{"rendered":"<p>Por Redacci\u00f3n QP La presidenta defendi\u00f3 que el avance del proyecto va conforme a lo&#8230;<\/p>\n","protected":false},"author":2,"featured_media":117771,"comment_status":"open","ping_status":"open","sticky":false,"template":"","format":"standard","meta":{"_monsterinsights_skip_tracking":false,"_monsterinsights_sitenote_active":false,"_monsterinsights_sitenote_note":"","_monsterinsights_sitenote_category":0,"footnotes":""},"categories":[280,2],"tags":[],"class_list":["post-117770","post","type-post","status-publish","format-standard","has-post-thumbnail","hentry","category-nacionales","category-noticias"],"yoast_head":"<!-- This site is optimized with the Yoast SEO plugin v27.3 - https:\/\/yoast.com\/product\/yoast-seo-wordpress\/ -->\n<title>\u201cEl Tren Maya es rentable\u201d: gobierno de Sheinbaum asegura que no hay retrasos en la obra y niega baja afluencia de pasajeros pero su Director desconoce el costo del proyecto -<\/title>\n<meta name=\"robots\" content=\"index, follow, max-snippet:-1, max-image-preview:large, max-video-preview:-1\" \/>\n<link rel=\"canonical\" href=\"https:\/\/quehacerpolitico.mx\/?p=117770\" \/>\n<meta property=\"og:locale\" content=\"es_MX\" \/>\n<meta property=\"og:type\" content=\"article\" \/>\n<meta property=\"og:title\" content=\"\u201cEl Tren Maya es rentable\u201d: gobierno de Sheinbaum asegura que no hay retrasos en la obra y niega baja afluencia de pasajeros pero su Director desconoce el costo del proyecto -\" \/>\n<meta property=\"og:description\" content=\"Por Redacci\u00f3n QP La presidenta defendi\u00f3 que el avance del proyecto va conforme a lo...\" \/>\n<meta property=\"og:url\" content=\"https:\/\/quehacerpolitico.mx\/?p=117770\" \/>\n<meta property=\"article:published_time\" content=\"2025-07-16T18:30:47+00:00\" \/>\n<meta property=\"article:modified_time\" content=\"2025-07-16T18:30:50+00:00\" \/>\n<meta property=\"og:image\" content=\"https:\/\/quehacerpolitico.mx\/wp-content\/uploads\/2025\/07\/IMG_1818.jpeg\" \/>\n\t<meta property=\"og:image:width\" content=\"1170\" \/>\n\t<meta property=\"og:image:height\" content=\"637\" \/>\n\t<meta property=\"og:image:type\" content=\"image\/jpeg\" \/>\n<meta name=\"author\" content=\"Redacci\u00f3n QP\" \/>\n<meta name=\"twitter:card\" content=\"summary_large_image\" \/>\n<meta name=\"twitter:label1\" content=\"Escrito por\" \/>\n\t<meta name=\"twitter:data1\" content=\"Redacci\u00f3n QP\" \/>\n\t<meta name=\"twitter:label2\" content=\"Tiempo de lectura\" \/>\n\t<meta name=\"twitter:data2\" content=\"1 minuto\" \/>\n<script type=\"application\/ld+json\" class=\"yoast-schema-graph\">{\"@context\":\"https:\\\/\\\/schema.org\",\"@graph\":[{\"@type\":\"Article\",\"@id\":\"https:\\\/\\\/quehacerpolitico.mx\\\/?p=117770#article\",\"isPartOf\":{\"@id\":\"https:\\\/\\\/quehacerpolitico.mx\\\/?p=117770\"},\"author\":{\"name\":\"Redacci\u00f3n QP\",\"@id\":\"https:\\\/\\\/quehacerpolitico.mx\\\/#\\\/schema\\\/person\\\/496d8ad2d1d3f8036101dca7ee39e585\"},\"headline\":\"\u201cEl Tren Maya es rentable\u201d: gobierno de Sheinbaum asegura que no hay retrasos en la obra y niega baja afluencia de pasajeros pero su Director desconoce el costo del proyecto\",\"datePublished\":\"2025-07-16T18:30:47+00:00\",\"dateModified\":\"2025-07-16T18:30:50+00:00\",\"mainEntityOfPage\":{\"@id\":\"https:\\\/\\\/quehacerpolitico.mx\\\/?p=117770\"},\"wordCount\":325,\"commentCount\":0,\"image\":{\"@id\":\"https:\\\/\\\/quehacerpolitico.mx\\\/?p=117770#primaryimage\"},\"thumbnailUrl\":\"https:\\\/\\\/quehacerpolitico.mx\\\/wp-content\\\/uploads\\\/2025\\\/07\\\/IMG_1818.jpeg\",\"articleSection\":[\"Nacionales\",\"Noticias\"],\"inLanguage\":\"es\",\"potentialAction\":[{\"@type\":\"CommentAction\",\"name\":\"Comment\",\"target\":[\"https:\\\/\\\/quehacerpolitico.mx\\\/?p=117770#respond\"]}]},{\"@type\":\"WebPage\",\"@id\":\"https:\\\/\\\/quehacerpolitico.mx\\\/?p=117770\",\"url\":\"https:\\\/\\\/quehacerpolitico.mx\\\/?p=117770\",\"name\":\"\u201cEl Tren Maya es rentable\u201d: gobierno de Sheinbaum asegura que no hay retrasos en la obra y niega baja afluencia de pasajeros pero su Director desconoce el costo del proyecto -\",\"isPartOf\":{\"@id\":\"https:\\\/\\\/quehacerpolitico.mx\\\/#website\"},\"primaryImageOfPage\":{\"@id\":\"https:\\\/\\\/quehacerpolitico.mx\\\/?p=117770#primaryimage\"},\"image\":{\"@id\":\"https:\\\/\\\/quehacerpolitico.mx\\\/?p=117770#primaryimage\"},\"thumbnailUrl\":\"https:\\\/\\\/quehacerpolitico.mx\\\/wp-content\\\/uploads\\\/2025\\\/07\\\/IMG_1818.jpeg\",\"datePublished\":\"2025-07-16T18:30:47+00:00\",\"dateModified\":\"2025-07-16T18:30:50+00:00\",\"author\":{\"@id\":\"https:\\\/\\\/quehacerpolitico.mx\\\/#\\\/schema\\\/person\\\/496d8ad2d1d3f8036101dca7ee39e585\"},\"breadcrumb\":{\"@id\":\"https:\\\/\\\/quehacerpolitico.mx\\\/?p=117770#breadcrumb\"},\"inLanguage\":\"es\",\"potentialAction\":[{\"@type\":\"ReadAction\",\"target\":[\"https:\\\/\\\/quehacerpolitico.mx\\\/?p=117770\"]}]},{\"@type\":\"ImageObject\",\"inLanguage\":\"es\",\"@id\":\"https:\\\/\\\/quehacerpolitico.mx\\\/?p=117770#primaryimage\",\"url\":\"https:\\\/\\\/quehacerpolitico.mx\\\/wp-content\\\/uploads\\\/2025\\\/07\\\/IMG_1818.jpeg\",\"contentUrl\":\"https:\\\/\\\/quehacerpolitico.mx\\\/wp-content\\\/uploads\\\/2025\\\/07\\\/IMG_1818.jpeg\",\"width\":1170,\"height\":637,\"caption\":\"Screenshot\"},{\"@type\":\"BreadcrumbList\",\"@id\":\"https:\\\/\\\/quehacerpolitico.mx\\\/?p=117770#breadcrumb\",\"itemListElement\":[{\"@type\":\"ListItem\",\"position\":1,\"name\":\"Inicio\",\"item\":\"https:\\\/\\\/quehacerpolitico.mx\\\/\"},{\"@type\":\"ListItem\",\"position\":2,\"name\":\"\u201cEl Tren Maya es rentable\u201d: gobierno de Sheinbaum asegura que no hay retrasos en la obra y niega baja afluencia de pasajeros pero su Director desconoce el costo del proyecto\"}]},{\"@type\":\"WebSite\",\"@id\":\"https:\\\/\\\/quehacerpolitico.mx\\\/#website\",\"url\":\"https:\\\/\\\/quehacerpolitico.mx\\\/\",\"name\":\"\",\"description\":\"\",\"potentialAction\":[{\"@type\":\"SearchAction\",\"target\":{\"@type\":\"EntryPoint\",\"urlTemplate\":\"https:\\\/\\\/quehacerpolitico.mx\\\/?s={search_term_string}\"},\"query-input\":{\"@type\":\"PropertyValueSpecification\",\"valueRequired\":true,\"valueName\":\"search_term_string\"}}],\"inLanguage\":\"es\"},{\"@type\":\"Person\",\"@id\":\"https:\\\/\\\/quehacerpolitico.mx\\\/#\\\/schema\\\/person\\\/496d8ad2d1d3f8036101dca7ee39e585\",\"name\":\"Redacci\u00f3n QP\",\"image\":{\"@type\":\"ImageObject\",\"inLanguage\":\"es\",\"@id\":\"https:\\\/\\\/secure.gravatar.com\\\/avatar\\\/c7164ed6fdec453195284ad24a5ae5b6e1eed2b848477fa2a4787ba9adf39a41?s=96&d=mm&r=g\",\"url\":\"https:\\\/\\\/secure.gravatar.com\\\/avatar\\\/c7164ed6fdec453195284ad24a5ae5b6e1eed2b848477fa2a4787ba9adf39a41?s=96&d=mm&r=g\",\"contentUrl\":\"https:\\\/\\\/secure.gravatar.com\\\/avatar\\\/c7164ed6fdec453195284ad24a5ae5b6e1eed2b848477fa2a4787ba9adf39a41?s=96&d=mm&r=g\",\"caption\":\"Redacci\u00f3n QP\"},\"url\":\"https:\\\/\\\/quehacerpolitico.mx\\\/?author=2\"}]}<\/script>\n<!-- \/ Yoast SEO plugin. -->","yoast_head_json":{"title":"\u201cEl Tren Maya es rentable\u201d: gobierno de Sheinbaum asegura que no hay retrasos en la obra y niega baja afluencia de pasajeros pero su Director desconoce el costo del proyecto -","robots":{"index":"index","follow":"follow","max-snippet":"max-snippet:-1","max-image-preview":"max-image-preview:large","max-video-preview":"max-video-preview:-1"},"canonical":"https:\/\/quehacerpolitico.mx\/?p=117770","og_locale":"es_MX","og_type":"article","og_title":"\u201cEl Tren Maya es rentable\u201d: gobierno de Sheinbaum asegura que no hay retrasos en la obra y niega baja afluencia de pasajeros pero su Director desconoce el costo del proyecto -","og_description":"Por Redacci\u00f3n QP La presidenta defendi\u00f3 que el avance del proyecto va conforme a lo...","og_url":"https:\/\/quehacerpolitico.mx\/?p=117770","article_published_time":"2025-07-16T18:30:47+00:00","article_modified_time":"2025-07-16T18:30:50+00:00","og_image":[{"width":1170,"height":637,"url":"https:\/\/quehacerpolitico.mx\/wp-content\/uploads\/2025\/07\/IMG_1818.jpeg","type":"image\/jpeg"}],"author":"Redacci\u00f3n QP","twitter_card":"summary_large_image","twitter_misc":{"Escrito por":"Redacci\u00f3n QP","Tiempo de lectura":"1 minuto"},"schema":{"@context":"https:\/\/schema.org","@graph":[{"@type":"Article","@id":"https:\/\/quehacerpolitico.mx\/?p=117770#article","isPartOf":{"@id":"https:\/\/quehacerpolitico.mx\/?p=117770"},"author":{"name":"Redacci\u00f3n QP","@id":"https:\/\/quehacerpolitico.mx\/#\/schema\/person\/496d8ad2d1d3f8036101dca7ee39e585"},"headline":"\u201cEl Tren Maya es rentable\u201d: gobierno de Sheinbaum asegura que no hay retrasos en la obra y niega baja afluencia de pasajeros pero su Director desconoce el costo del proyecto","datePublished":"2025-07-16T18:30:47+00:00","dateModified":"2025-07-16T18:30:50+00:00","mainEntityOfPage":{"@id":"https:\/\/quehacerpolitico.mx\/?p=117770"},"wordCount":325,"commentCount":0,"image":{"@id":"https:\/\/quehacerpolitico.mx\/?p=117770#primaryimage"},"thumbnailUrl":"https:\/\/quehacerpolitico.mx\/wp-content\/uploads\/2025\/07\/IMG_1818.jpeg","articleSection":["Nacionales","Noticias"],"inLanguage":"es","potentialAction":[{"@type":"CommentAction","name":"Comment","target":["https:\/\/quehacerpolitico.mx\/?p=117770#respond"]}]},{"@type":"WebPage","@id":"https:\/\/quehacerpolitico.mx\/?p=117770","url":"https:\/\/quehacerpolitico.mx\/?p=117770","name":"\u201cEl Tren Maya es rentable\u201d: gobierno de Sheinbaum asegura que no hay retrasos en la obra y niega baja afluencia de pasajeros pero su Director desconoce el costo del proyecto -","isPartOf":{"@id":"https:\/\/quehacerpolitico.mx\/#website"},"primaryImageOfPage":{"@id":"https:\/\/quehacerpolitico.mx\/?p=117770#primaryimage"},"image":{"@id":"https:\/\/quehacerpolitico.mx\/?p=117770#primaryimage"},"thumbnailUrl":"https:\/\/quehacerpolitico.mx\/wp-content\/uploads\/2025\/07\/IMG_1818.jpeg","datePublished":"2025-07-16T18:30:47+00:00","dateModified":"2025-07-16T18:30:50+00:00","author":{"@id":"https:\/\/quehacerpolitico.mx\/#\/schema\/person\/496d8ad2d1d3f8036101dca7ee39e585"},"breadcrumb":{"@id":"https:\/\/quehacerpolitico.mx\/?p=117770#breadcrumb"},"inLanguage":"es","potentialAction":[{"@type":"ReadAction","target":["https:\/\/quehacerpolitico.mx\/?p=117770"]}]},{"@type":"ImageObject","inLanguage":"es","@id":"https:\/\/quehacerpolitico.mx\/?p=117770#primaryimage","url":"https:\/\/quehacerpolitico.mx\/wp-content\/uploads\/2025\/07\/IMG_1818.jpeg","contentUrl":"https:\/\/quehacerpolitico.mx\/wp-content\/uploads\/2025\/07\/IMG_1818.jpeg","width":1170,"height":637,"caption":"Screenshot"},{"@type":"BreadcrumbList","@id":"https:\/\/quehacerpolitico.mx\/?p=117770#breadcrumb","itemListElement":[{"@type":"ListItem","position":1,"name":"Inicio","item":"https:\/\/quehacerpolitico.mx\/"},{"@type":"ListItem","position":2,"name":"\u201cEl Tren Maya es rentable\u201d: gobierno de Sheinbaum asegura que no hay retrasos en la obra y niega baja afluencia de pasajeros pero su Director desconoce el costo del proyecto"}]},{"@type":"WebSite","@id":"https:\/\/quehacerpolitico.mx\/#website","url":"https:\/\/quehacerpolitico.mx\/","name":"","description":"","potentialAction":[{"@type":"SearchAction","target":{"@type":"EntryPoint","urlTemplate":"https:\/\/quehacerpolitico.mx\/?s={search_term_string}"},"query-input":{"@type":"PropertyValueSpecification","valueRequired":true,"valueName":"search_term_string"}}],"inLanguage":"es"},{"@type":"Person","@id":"https:\/\/quehacerpolitico.mx\/#\/schema\/person\/496d8ad2d1d3f8036101dca7ee39e585","name":"Redacci\u00f3n QP","image":{"@type":"ImageObject","inLanguage":"es","@id":"https:\/\/secure.gravatar.com\/avatar\/c7164ed6fdec453195284ad24a5ae5b6e1eed2b848477fa2a4787ba9adf39a41?s=96&d=mm&r=g","url":"https:\/\/secure.gravatar.com\/avatar\/c7164ed6fdec453195284ad24a5ae5b6e1eed2b848477fa2a4787ba9adf39a41?s=96&d=mm&r=g","contentUrl":"https:\/\/secure.gravatar.com\/avatar\/c7164ed6fdec453195284ad24a5ae5b6e1eed2b848477fa2a4787ba9adf39a41?s=96&d=mm&r=g","caption":"Redacci\u00f3n QP"},"url":"https:\/\/quehacerpolitico.mx\/?author=2"}]}},"featured_image_urls":{"full":["https:\/\/quehacerpolitico.mx\/wp-content\/uploads\/2025\/07\/IMG_1818.jpeg",1170,637,false],"thumbnail":["https:\/\/quehacerpolitico.mx\/wp-content\/uploads\/2025\/07\/IMG_1818-150x150.jpeg",150,150,true],"medium":["https:\/\/quehacerpolitico.mx\/wp-content\/uploads\/2025\/07\/IMG_1818-300x163.jpeg",300,163,true],"medium_large":["https:\/\/quehacerpolitico.mx\/wp-content\/uploads\/2025\/07\/IMG_1818-768x418.jpeg",640,348,true],"large":["https:\/\/quehacerpolitico.mx\/wp-content\/uploads\/2025\/07\/IMG_1818-1024x558.jpeg",640,349,true],"1536x1536":["https:\/\/quehacerpolitico.mx\/wp-content\/uploads\/2025\/07\/IMG_1818.jpeg",1170,637,false],"2048x2048":["https:\/\/quehacerpolitico.mx\/wp-content\/uploads\/2025\/07\/IMG_1818.jpeg",1170,637,false],"covernews-featured":["https:\/\/quehacerpolitico.mx\/wp-content\/uploads\/2025\/07\/IMG_1818-1024x558.jpeg",1024,558,true],"covernews-medium":["https:\/\/quehacerpolitico.mx\/wp-content\/uploads\/2025\/07\/IMG_1818-540x340.jpeg",540,340,true]},"author_info":{"display_name":"Redacci\u00f3n QP","author_link":"https:\/\/quehacerpolitico.mx\/?author=2"},"category_info":"<a href=\"https:\/\/quehacerpolitico.mx\/?cat=280\" rel=\"category\">Nacionales<\/a> <a href=\"https:\/\/quehacerpolitico.mx\/?cat=2\" rel=\"category\">Noticias<\/a>","tag_info":"Noticias","comment_count":"0","_links":{"self":[{"href":"https:\/\/quehacerpolitico.mx\/index.php?rest_route=\/wp\/v2\/posts\/117770","targetHints":{"allow":["GET"]}}],"collection":[{"href":"https:\/\/quehacerpolitico.mx\/index.php?rest_route=\/wp\/v2\/posts"}],"about":[{"href":"https:\/\/quehacerpolitico.mx\/index.php?rest_route=\/wp\/v2\/types\/post"}],"author":[{"embeddable":true,"href":"https:\/\/quehacerpolitico.mx\/index.php?rest_route=\/wp\/v2\/users\/2"}],"replies":[{"embeddable":true,"href":"https:\/\/quehacerpolitico.mx\/index.php?rest_route=%2Fwp%2Fv2%2Fcomments&post=117770"}],"version-history":[{"count":1,"href":"https:\/\/quehacerpolitico.mx\/index.php?rest_route=\/wp\/v2\/posts\/117770\/revisions"}],"predecessor-version":[{"id":117772,"href":"https:\/\/quehacerpolitico.mx\/index.php?rest_route=\/wp\/v2\/posts\/117770\/revisions\/117772"}],"wp:featuredmedia":[{"embeddable":true,"href":"https:\/\/quehacerpolitico.mx\/index.php?rest_route=\/wp\/v2\/media\/117771"}],"wp:attachment":[{"href":"https:\/\/quehacerpolitico.mx\/index.php?rest_route=%2Fwp%2Fv2%2Fmedia&parent=117770"}],"wp:term":[{"taxonomy":"category","embeddable":true,"href":"https:\/\/quehacerpolitico.mx\/index.php?rest_route=%2Fwp%2Fv2%2Fcategories&post=117770"},{"taxonomy":"post_tag","embeddable":true,"href":"https:\/\/quehacerpolitico.mx\/index.php?rest_route=%2Fwp%2Fv2%2Ftags&post=117770"}],"curies":[{"name":"wp","href":"https:\/\/api.w.org\/{rel}","templated":true}]}}