{"id":117767,"date":"2025-07-16T12:02:23","date_gmt":"2025-07-16T18:02:23","guid":{"rendered":"https:\/\/quehacerpolitico.mx\/?p=117767"},"modified":"2025-07-16T12:02:25","modified_gmt":"2025-07-16T18:02:25","slug":"toma-precauciones-habra-lluvias-en-la-cdmx-para-hoy-miercoles-16-de-julio-del-2025","status":"publish","type":"post","link":"https:\/\/quehacerpolitico.mx\/?p=117767","title":{"rendered":"Toma precauciones habr\u00e1 lluvias en la CDMX para hoy mi\u00e9rcoles 16 de julio del 2025"},"content":{"rendered":"\n<p>Por Redacci\u00f3n QP<\/p>\n\n\n\n<p>Se pronostica un ambiente c\u00e1lido a caluroso, con cielo medio nublado a nublado a lo largo del d\u00eda<\/p>\n\n\n\n<p>La&nbsp;Ciudad de M\u00e9xico enfrenta este mi\u00e9rcoles 16 de julio de 2025 un escenario meteorol\u00f3gico complejo, con probabilidad de lluvias fuertes, actividad el\u00e9ctrica y posible ca\u00edda de granizo, de acuerdo con informes del Servicio Meteorol\u00f3gico Nacional (SMN) y la Secretar\u00eda de Gesti\u00f3n Integral de Riesgos y Protecci\u00f3n Civil (SGIRPC).<\/p>\n\n\n\n<figure class=\"wp-block-embed is-type-rich is-provider-twitter wp-block-embed-twitter\"><div class=\"wp-block-embed__wrapper\">\n<blockquote class=\"twitter-tweet\" data-width=\"550\" data-dnt=\"true\"><p lang=\"es\" dir=\"ltr\">Distribuci\u00f3n espacial de las lluvias registradas de las 6:00 horas del 15-07-2025 a las 6:00 horas del 16-07-2025 por las redes de la SGIRPC.<a href=\"https:\/\/twitter.com\/hashtag\/LaPrevenci%C3%B3nEsNuestraFuerza?src=hash&amp;ref_src=twsrc%5Etfw\">#LaPrevenci\u00f3nEsNuestraFuerza<\/a> <a href=\"https:\/\/t.co\/Z8nSU71m1A\">pic.twitter.com\/Z8nSU71m1A<\/a><\/p>&mdash; Secretar\u00eda de Gesti\u00f3n Integral de Riesgos y PC (@SGIRPC_CDMX) <a href=\"https:\/\/twitter.com\/SGIRPC_CDMX\/status\/1945530642986320125?ref_src=twsrc%5Etfw\">July 16, 2025<\/a><\/blockquote><script async src=\"https:\/\/platform.twitter.com\/widgets.js\" charset=\"utf-8\"><\/script>\n<\/div><\/figure>\n\n\n\n<p><mark><strong>Desde las 15:00 hasta las 22:00 horas,<\/strong><\/mark>&nbsp;se prev\u00e9n&nbsp;lluvias&nbsp;fuertes acompa\u00f1adas de descargas el\u00e9ctricas, lo que podr\u00eda provocar encharcamientos, deslaves, inundaciones y reducci\u00f3n de visibilidad. Las precipitaciones est\u00e1n asociadas a un canal de baja presi\u00f3n e inestabilidad atmosf\u00e9rica, combinado con el ingreso de humedad desde el Golfo de M\u00e9xico.<\/p>\n\n\n\n<p>Adem\u00e1s, se pronostica un ambiente c\u00e1lido a caluroso, con cielo medio nublado a nublado a lo largo del d\u00eda. En la CDMX,&nbsp;<mark><strong>las temperaturas oscilar\u00e1n entre los 15 grados Celsius como m\u00ednima y los 25 grados Celsius como m\u00e1xima.<\/strong><\/mark>Los vientos ser\u00e1n de direcci\u00f3n variable, con velocidades de 10 a 25 km\/h y rachas de hasta 50 km\/h, especialmente en zonas de tormenta.<\/p>\n\n\n\n<figure class=\"wp-block-embed is-type-rich is-provider-twitter wp-block-embed-twitter\"><div class=\"wp-block-embed__wrapper\">\n<blockquote class=\"twitter-tweet\" data-width=\"550\" data-dnt=\"true\"><p lang=\"es\" dir=\"ltr\">\u00a1Excelente mi\u00e9rcoles!<br><br>Hoy tendremos ambiente c\u00e1lido a caluroso con cielo medio nublado a nublado en la Ciudad de M\u00e9xico.<br><br>Se pronostican lluvias fuertes e intervalos de chubascos acompa\u00f1ados de actividad el\u00e9ctrica y posible ca\u00edda de granizo.<br><br>Pueden presentarse fuertes rachas de\u2026 <a href=\"https:\/\/t.co\/FBZfxRl7Bf\">pic.twitter.com\/FBZfxRl7Bf<\/a><\/p>&mdash; Secretar\u00eda de Gesti\u00f3n Integral de Riesgos y PC (@SGIRPC_CDMX) <a href=\"https:\/\/twitter.com\/SGIRPC_CDMX\/status\/1945469256638120345?ref_src=twsrc%5Etfw\">July 16, 2025<\/a><\/blockquote><script async src=\"https:\/\/platform.twitter.com\/widgets.js\" charset=\"utf-8\"><\/script>\n<\/div><\/figure>\n\n\n\n<p>De acuerdo con el canal del&nbsp;<em>clima The Weather Channel<\/em>, se esperan chubascos y tormentas el\u00e9ctricas entre las 17:00 y las 22:00 horas, con el pico de precipitaci\u00f3n a las 19:00 horas, cuando se prev\u00e9 un 80% de probabilidad de lluvia.<\/p>\n\n\n\n<h2 class=\"wp-block-heading\">Horas con mayor probabilidad de lluvia seg\u00fan The Weather Channel en CDMX<\/h2>\n\n\n\n<ul class=\"wp-block-list\">\n<li>17:00 \u2013 Tormentas dispersas (38%)<\/li>\n\n\n\n<li>18:00\u2013 Tormentas dispersas (53%)<\/li>\n\n\n\n<li>19:00 \u2013 Lluvia intensa (80%)<\/li>\n\n\n\n<li>20:00 \u2013 Chubascos (50%)<\/li>\n\n\n\n<li>21:00 \u2013 Chubascos (37%)<\/li>\n\n\n\n<li>22:00 \u2013 Algunos chubascos (31%)<\/li>\n<\/ul>\n\n\n\n<p>Estas lluvias estar\u00e1n acompa\u00f1adas de actividad el\u00e9ctrica y granizo, con posibles inundaciones, encharcamientos, deslaves y visibilidad reducida en distintos puntos de la ciudad.<\/p>\n\n\n\n<h2 class=\"wp-block-heading\">El clima en M\u00e9xico para HOY 16 de julio<\/h2>\n\n\n\n<p>El panorama lluvioso, dice la Comisi\u00f3n Nacional del Agua (Conagua) a trav\u00e9s del SMN, tambi\u00e9n afecta a gran parte del pa\u00eds por fen\u00f3menos como el monz\u00f3n mexicano, canales de baja presi\u00f3n y la onda tropical n\u00famero 12, que provocar\u00e1n lluvias intensas en entidades del Pac\u00edfico y del norte y centro de M\u00e9xico, como Chihuahua, Michoac\u00e1n, Jalisco, Puebla, Hidalgo, Guanajuato y Veracruz, entre otras.<\/p>\n","protected":false},"excerpt":{"rendered":"<p>Por Redacci\u00f3n QP Se pronostica un ambiente c\u00e1lido a caluroso, con cielo medio nublado a&#8230;<\/p>\n","protected":false},"author":2,"featured_media":117768,"comment_status":"open","ping_status":"open","sticky":false,"template":"","format":"standard","meta":{"_monsterinsights_skip_tracking":false,"_monsterinsights_sitenote_active":false,"_monsterinsights_sitenote_note":"","_monsterinsights_sitenote_category":0,"footnotes":""},"categories":[55],"tags":[],"class_list":["post-117767","post","type-post","status-publish","format-standard","has-post-thumbnail","hentry","category-cdmx"],"yoast_head":"<!-- This site is optimized with the Yoast SEO plugin v27.3 - https:\/\/yoast.com\/product\/yoast-seo-wordpress\/ -->\n<title>Toma precauciones habr\u00e1 lluvias en la CDMX para hoy mi\u00e9rcoles 16 de julio del 2025 -<\/title>\n<meta name=\"robots\" content=\"index, follow, max-snippet:-1, max-image-preview:large, max-video-preview:-1\" \/>\n<link rel=\"canonical\" href=\"https:\/\/quehacerpolitico.mx\/?p=117767\" \/>\n<meta property=\"og:locale\" content=\"es_MX\" \/>\n<meta property=\"og:type\" content=\"article\" \/>\n<meta property=\"og:title\" content=\"Toma precauciones habr\u00e1 lluvias en la CDMX para hoy mi\u00e9rcoles 16 de julio del 2025 -\" \/>\n<meta property=\"og:description\" content=\"Por Redacci\u00f3n QP Se pronostica un ambiente c\u00e1lido a caluroso, con cielo medio nublado a...\" \/>\n<meta property=\"og:url\" content=\"https:\/\/quehacerpolitico.mx\/?p=117767\" \/>\n<meta property=\"article:published_time\" content=\"2025-07-16T18:02:23+00:00\" \/>\n<meta property=\"article:modified_time\" content=\"2025-07-16T18:02:25+00:00\" \/>\n<meta property=\"og:image\" content=\"https:\/\/quehacerpolitico.mx\/wp-content\/uploads\/2025\/07\/IMG_1816.jpeg\" \/>\n\t<meta property=\"og:image:width\" content=\"678\" \/>\n\t<meta property=\"og:image:height\" content=\"452\" \/>\n\t<meta property=\"og:image:type\" content=\"image\/jpeg\" \/>\n<meta name=\"author\" content=\"Redacci\u00f3n QP\" \/>\n<meta name=\"twitter:card\" content=\"summary_large_image\" \/>\n<meta name=\"twitter:label1\" content=\"Escrito por\" \/>\n\t<meta name=\"twitter:data1\" content=\"Redacci\u00f3n QP\" \/>\n\t<meta name=\"twitter:label2\" content=\"Tiempo de lectura\" \/>\n\t<meta name=\"twitter:data2\" content=\"2 minutos\" \/>\n<script type=\"application\/ld+json\" class=\"yoast-schema-graph\">{\"@context\":\"https:\\\/\\\/schema.org\",\"@graph\":[{\"@type\":\"Article\",\"@id\":\"https:\\\/\\\/quehacerpolitico.mx\\\/?p=117767#article\",\"isPartOf\":{\"@id\":\"https:\\\/\\\/quehacerpolitico.mx\\\/?p=117767\"},\"author\":{\"name\":\"Redacci\u00f3n QP\",\"@id\":\"https:\\\/\\\/quehacerpolitico.mx\\\/#\\\/schema\\\/person\\\/496d8ad2d1d3f8036101dca7ee39e585\"},\"headline\":\"Toma precauciones habr\u00e1 lluvias en la CDMX para hoy mi\u00e9rcoles 16 de julio del 2025\",\"datePublished\":\"2025-07-16T18:02:23+00:00\",\"dateModified\":\"2025-07-16T18:02:25+00:00\",\"mainEntityOfPage\":{\"@id\":\"https:\\\/\\\/quehacerpolitico.mx\\\/?p=117767\"},\"wordCount\":410,\"commentCount\":0,\"image\":{\"@id\":\"https:\\\/\\\/quehacerpolitico.mx\\\/?p=117767#primaryimage\"},\"thumbnailUrl\":\"https:\\\/\\\/quehacerpolitico.mx\\\/wp-content\\\/uploads\\\/2025\\\/07\\\/IMG_1816.jpeg\",\"articleSection\":[\"CDMX\"],\"inLanguage\":\"es\",\"potentialAction\":[{\"@type\":\"CommentAction\",\"name\":\"Comment\",\"target\":[\"https:\\\/\\\/quehacerpolitico.mx\\\/?p=117767#respond\"]}]},{\"@type\":\"WebPage\",\"@id\":\"https:\\\/\\\/quehacerpolitico.mx\\\/?p=117767\",\"url\":\"https:\\\/\\\/quehacerpolitico.mx\\\/?p=117767\",\"name\":\"Toma precauciones habr\u00e1 lluvias en la CDMX para hoy mi\u00e9rcoles 16 de julio del 2025 -\",\"isPartOf\":{\"@id\":\"https:\\\/\\\/quehacerpolitico.mx\\\/#website\"},\"primaryImageOfPage\":{\"@id\":\"https:\\\/\\\/quehacerpolitico.mx\\\/?p=117767#primaryimage\"},\"image\":{\"@id\":\"https:\\\/\\\/quehacerpolitico.mx\\\/?p=117767#primaryimage\"},\"thumbnailUrl\":\"https:\\\/\\\/quehacerpolitico.mx\\\/wp-content\\\/uploads\\\/2025\\\/07\\\/IMG_1816.jpeg\",\"datePublished\":\"2025-07-16T18:02:23+00:00\",\"dateModified\":\"2025-07-16T18:02:25+00:00\",\"author\":{\"@id\":\"https:\\\/\\\/quehacerpolitico.mx\\\/#\\\/schema\\\/person\\\/496d8ad2d1d3f8036101dca7ee39e585\"},\"breadcrumb\":{\"@id\":\"https:\\\/\\\/quehacerpolitico.mx\\\/?p=117767#breadcrumb\"},\"inLanguage\":\"es\",\"potentialAction\":[{\"@type\":\"ReadAction\",\"target\":[\"https:\\\/\\\/quehacerpolitico.mx\\\/?p=117767\"]}]},{\"@type\":\"ImageObject\",\"inLanguage\":\"es\",\"@id\":\"https:\\\/\\\/quehacerpolitico.mx\\\/?p=117767#primaryimage\",\"url\":\"https:\\\/\\\/quehacerpolitico.mx\\\/wp-content\\\/uploads\\\/2025\\\/07\\\/IMG_1816.jpeg\",\"contentUrl\":\"https:\\\/\\\/quehacerpolitico.mx\\\/wp-content\\\/uploads\\\/2025\\\/07\\\/IMG_1816.jpeg\",\"width\":678,\"height\":452},{\"@type\":\"BreadcrumbList\",\"@id\":\"https:\\\/\\\/quehacerpolitico.mx\\\/?p=117767#breadcrumb\",\"itemListElement\":[{\"@type\":\"ListItem\",\"position\":1,\"name\":\"Inicio\",\"item\":\"https:\\\/\\\/quehacerpolitico.mx\\\/\"},{\"@type\":\"ListItem\",\"position\":2,\"name\":\"Toma precauciones habr\u00e1 lluvias en la CDMX para hoy mi\u00e9rcoles 16 de julio del 2025\"}]},{\"@type\":\"WebSite\",\"@id\":\"https:\\\/\\\/quehacerpolitico.mx\\\/#website\",\"url\":\"https:\\\/\\\/quehacerpolitico.mx\\\/\",\"name\":\"\",\"description\":\"\",\"potentialAction\":[{\"@type\":\"SearchAction\",\"target\":{\"@type\":\"EntryPoint\",\"urlTemplate\":\"https:\\\/\\\/quehacerpolitico.mx\\\/?s={search_term_string}\"},\"query-input\":{\"@type\":\"PropertyValueSpecification\",\"valueRequired\":true,\"valueName\":\"search_term_string\"}}],\"inLanguage\":\"es\"},{\"@type\":\"Person\",\"@id\":\"https:\\\/\\\/quehacerpolitico.mx\\\/#\\\/schema\\\/person\\\/496d8ad2d1d3f8036101dca7ee39e585\",\"name\":\"Redacci\u00f3n QP\",\"image\":{\"@type\":\"ImageObject\",\"inLanguage\":\"es\",\"@id\":\"https:\\\/\\\/secure.gravatar.com\\\/avatar\\\/c7164ed6fdec453195284ad24a5ae5b6e1eed2b848477fa2a4787ba9adf39a41?s=96&d=mm&r=g\",\"url\":\"https:\\\/\\\/secure.gravatar.com\\\/avatar\\\/c7164ed6fdec453195284ad24a5ae5b6e1eed2b848477fa2a4787ba9adf39a41?s=96&d=mm&r=g\",\"contentUrl\":\"https:\\\/\\\/secure.gravatar.com\\\/avatar\\\/c7164ed6fdec453195284ad24a5ae5b6e1eed2b848477fa2a4787ba9adf39a41?s=96&d=mm&r=g\",\"caption\":\"Redacci\u00f3n QP\"},\"url\":\"https:\\\/\\\/quehacerpolitico.mx\\\/?author=2\"}]}<\/script>\n<!-- \/ Yoast SEO plugin. -->","yoast_head_json":{"title":"Toma precauciones habr\u00e1 lluvias en la CDMX para hoy mi\u00e9rcoles 16 de julio del 2025 -","robots":{"index":"index","follow":"follow","max-snippet":"max-snippet:-1","max-image-preview":"max-image-preview:large","max-video-preview":"max-video-preview:-1"},"canonical":"https:\/\/quehacerpolitico.mx\/?p=117767","og_locale":"es_MX","og_type":"article","og_title":"Toma precauciones habr\u00e1 lluvias en la CDMX para hoy mi\u00e9rcoles 16 de julio del 2025 -","og_description":"Por Redacci\u00f3n QP Se pronostica un ambiente c\u00e1lido a caluroso, con cielo medio nublado a...","og_url":"https:\/\/quehacerpolitico.mx\/?p=117767","article_published_time":"2025-07-16T18:02:23+00:00","article_modified_time":"2025-07-16T18:02:25+00:00","og_image":[{"width":678,"height":452,"url":"https:\/\/quehacerpolitico.mx\/wp-content\/uploads\/2025\/07\/IMG_1816.jpeg","type":"image\/jpeg"}],"author":"Redacci\u00f3n QP","twitter_card":"summary_large_image","twitter_misc":{"Escrito por":"Redacci\u00f3n QP","Tiempo de lectura":"2 minutos"},"schema":{"@context":"https:\/\/schema.org","@graph":[{"@type":"Article","@id":"https:\/\/quehacerpolitico.mx\/?p=117767#article","isPartOf":{"@id":"https:\/\/quehacerpolitico.mx\/?p=117767"},"author":{"name":"Redacci\u00f3n QP","@id":"https:\/\/quehacerpolitico.mx\/#\/schema\/person\/496d8ad2d1d3f8036101dca7ee39e585"},"headline":"Toma precauciones habr\u00e1 lluvias en la CDMX para hoy mi\u00e9rcoles 16 de julio del 2025","datePublished":"2025-07-16T18:02:23+00:00","dateModified":"2025-07-16T18:02:25+00:00","mainEntityOfPage":{"@id":"https:\/\/quehacerpolitico.mx\/?p=117767"},"wordCount":410,"commentCount":0,"image":{"@id":"https:\/\/quehacerpolitico.mx\/?p=117767#primaryimage"},"thumbnailUrl":"https:\/\/quehacerpolitico.mx\/wp-content\/uploads\/2025\/07\/IMG_1816.jpeg","articleSection":["CDMX"],"inLanguage":"es","potentialAction":[{"@type":"CommentAction","name":"Comment","target":["https:\/\/quehacerpolitico.mx\/?p=117767#respond"]}]},{"@type":"WebPage","@id":"https:\/\/quehacerpolitico.mx\/?p=117767","url":"https:\/\/quehacerpolitico.mx\/?p=117767","name":"Toma precauciones habr\u00e1 lluvias en la CDMX para hoy mi\u00e9rcoles 16 de julio del 2025 -","isPartOf":{"@id":"https:\/\/quehacerpolitico.mx\/#website"},"primaryImageOfPage":{"@id":"https:\/\/quehacerpolitico.mx\/?p=117767#primaryimage"},"image":{"@id":"https:\/\/quehacerpolitico.mx\/?p=117767#primaryimage"},"thumbnailUrl":"https:\/\/quehacerpolitico.mx\/wp-content\/uploads\/2025\/07\/IMG_1816.jpeg","datePublished":"2025-07-16T18:02:23+00:00","dateModified":"2025-07-16T18:02:25+00:00","author":{"@id":"https:\/\/quehacerpolitico.mx\/#\/schema\/person\/496d8ad2d1d3f8036101dca7ee39e585"},"breadcrumb":{"@id":"https:\/\/quehacerpolitico.mx\/?p=117767#breadcrumb"},"inLanguage":"es","potentialAction":[{"@type":"ReadAction","target":["https:\/\/quehacerpolitico.mx\/?p=117767"]}]},{"@type":"ImageObject","inLanguage":"es","@id":"https:\/\/quehacerpolitico.mx\/?p=117767#primaryimage","url":"https:\/\/quehacerpolitico.mx\/wp-content\/uploads\/2025\/07\/IMG_1816.jpeg","contentUrl":"https:\/\/quehacerpolitico.mx\/wp-content\/uploads\/2025\/07\/IMG_1816.jpeg","width":678,"height":452},{"@type":"BreadcrumbList","@id":"https:\/\/quehacerpolitico.mx\/?p=117767#breadcrumb","itemListElement":[{"@type":"ListItem","position":1,"name":"Inicio","item":"https:\/\/quehacerpolitico.mx\/"},{"@type":"ListItem","position":2,"name":"Toma precauciones habr\u00e1 lluvias en la CDMX para hoy mi\u00e9rcoles 16 de julio del 2025"}]},{"@type":"WebSite","@id":"https:\/\/quehacerpolitico.mx\/#website","url":"https:\/\/quehacerpolitico.mx\/","name":"","description":"","potentialAction":[{"@type":"SearchAction","target":{"@type":"EntryPoint","urlTemplate":"https:\/\/quehacerpolitico.mx\/?s={search_term_string}"},"query-input":{"@type":"PropertyValueSpecification","valueRequired":true,"valueName":"search_term_string"}}],"inLanguage":"es"},{"@type":"Person","@id":"https:\/\/quehacerpolitico.mx\/#\/schema\/person\/496d8ad2d1d3f8036101dca7ee39e585","name":"Redacci\u00f3n QP","image":{"@type":"ImageObject","inLanguage":"es","@id":"https:\/\/secure.gravatar.com\/avatar\/c7164ed6fdec453195284ad24a5ae5b6e1eed2b848477fa2a4787ba9adf39a41?s=96&d=mm&r=g","url":"https:\/\/secure.gravatar.com\/avatar\/c7164ed6fdec453195284ad24a5ae5b6e1eed2b848477fa2a4787ba9adf39a41?s=96&d=mm&r=g","contentUrl":"https:\/\/secure.gravatar.com\/avatar\/c7164ed6fdec453195284ad24a5ae5b6e1eed2b848477fa2a4787ba9adf39a41?s=96&d=mm&r=g","caption":"Redacci\u00f3n QP"},"url":"https:\/\/quehacerpolitico.mx\/?author=2"}]}},"featured_image_urls":{"full":["https:\/\/quehacerpolitico.mx\/wp-content\/uploads\/2025\/07\/IMG_1816.jpeg",678,452,false],"thumbnail":["https:\/\/quehacerpolitico.mx\/wp-content\/uploads\/2025\/07\/IMG_1816-150x150.jpeg",150,150,true],"medium":["https:\/\/quehacerpolitico.mx\/wp-content\/uploads\/2025\/07\/IMG_1816-300x200.jpeg",300,200,true],"medium_large":["https:\/\/quehacerpolitico.mx\/wp-content\/uploads\/2025\/07\/IMG_1816.jpeg",640,427,false],"large":["https:\/\/quehacerpolitico.mx\/wp-content\/uploads\/2025\/07\/IMG_1816.jpeg",640,427,false],"1536x1536":["https:\/\/quehacerpolitico.mx\/wp-content\/uploads\/2025\/07\/IMG_1816.jpeg",678,452,false],"2048x2048":["https:\/\/quehacerpolitico.mx\/wp-content\/uploads\/2025\/07\/IMG_1816.jpeg",678,452,false],"covernews-featured":["https:\/\/quehacerpolitico.mx\/wp-content\/uploads\/2025\/07\/IMG_1816.jpeg",678,452,false],"covernews-medium":["https:\/\/quehacerpolitico.mx\/wp-content\/uploads\/2025\/07\/IMG_1816-540x340.jpeg",540,340,true]},"author_info":{"display_name":"Redacci\u00f3n QP","author_link":"https:\/\/quehacerpolitico.mx\/?author=2"},"category_info":"<a href=\"https:\/\/quehacerpolitico.mx\/?cat=55\" rel=\"category\">CDMX<\/a>","tag_info":"CDMX","comment_count":"0","_links":{"self":[{"href":"https:\/\/quehacerpolitico.mx\/index.php?rest_route=\/wp\/v2\/posts\/117767","targetHints":{"allow":["GET"]}}],"collection":[{"href":"https:\/\/quehacerpolitico.mx\/index.php?rest_route=\/wp\/v2\/posts"}],"about":[{"href":"https:\/\/quehacerpolitico.mx\/index.php?rest_route=\/wp\/v2\/types\/post"}],"author":[{"embeddable":true,"href":"https:\/\/quehacerpolitico.mx\/index.php?rest_route=\/wp\/v2\/users\/2"}],"replies":[{"embeddable":true,"href":"https:\/\/quehacerpolitico.mx\/index.php?rest_route=%2Fwp%2Fv2%2Fcomments&post=117767"}],"version-history":[{"count":1,"href":"https:\/\/quehacerpolitico.mx\/index.php?rest_route=\/wp\/v2\/posts\/117767\/revisions"}],"predecessor-version":[{"id":117769,"href":"https:\/\/quehacerpolitico.mx\/index.php?rest_route=\/wp\/v2\/posts\/117767\/revisions\/117769"}],"wp:featuredmedia":[{"embeddable":true,"href":"https:\/\/quehacerpolitico.mx\/index.php?rest_route=\/wp\/v2\/media\/117768"}],"wp:attachment":[{"href":"https:\/\/quehacerpolitico.mx\/index.php?rest_route=%2Fwp%2Fv2%2Fmedia&parent=117767"}],"wp:term":[{"taxonomy":"category","embeddable":true,"href":"https:\/\/quehacerpolitico.mx\/index.php?rest_route=%2Fwp%2Fv2%2Fcategories&post=117767"},{"taxonomy":"post_tag","embeddable":true,"href":"https:\/\/quehacerpolitico.mx\/index.php?rest_route=%2Fwp%2Fv2%2Ftags&post=117767"}],"curies":[{"name":"wp","href":"https:\/\/api.w.org\/{rel}","templated":true}]}}