{"id":117764,"date":"2025-07-16T11:24:50","date_gmt":"2025-07-16T17:24:50","guid":{"rendered":"https:\/\/quehacerpolitico.mx\/?p=117764"},"modified":"2025-07-16T11:24:53","modified_gmt":"2025-07-16T17:24:53","slug":"el-quehacer-politico-internacional-a-traves-de-la-opinion-carolina-alonso-romei-israel-ataca-siria-se-reportan-bombardeos-contra-el-ministerio-de-defensa-en-damasco-y-en-sweida","status":"publish","type":"post","link":"https:\/\/quehacerpolitico.mx\/?p=117764","title":{"rendered":"El Quehacer Pol\u00edtico Internacional a trav\u00e9s de la opini\u00f3n\/\/\/Carolina Alonso Romei\/\/\/Israel ataca Siria: se reportan bombardeos contra el ministerio de Defensa en Damasco y en Sweida"},"content":{"rendered":"\n<p>Por Carolina Alonso Romei<\/p>\n\n\n\n<p>Internacionalista <\/p>\n\n\n\n<p>El Ej\u00e9rcito israel\u00ed ha lanzado una serie de bombardeos sobre convoyes de fuerzas gubernamentales en el sur de Siria desde que estall\u00f3 la violencia y ha reforzado su contingente en la frontera, con el argumento de que act\u00faa para proteger a los drusos<\/p>\n\n\n\n<p>El Ej\u00e9rcito israel\u00ed dijo este mi\u00e9rcoles que hab\u00eda realizado un ataque cerca de la entrada de<strong>l Ministerio sirio de Defensa en Damasco<\/strong>.<\/p>\n\n\n\n<figure class=\"wp-block-embed is-type-rich is-provider-twitter wp-block-embed-twitter\"><div class=\"wp-block-embed__wrapper\">\n<blockquote class=\"twitter-tweet\" data-width=\"550\" data-dnt=\"true\"><p lang=\"es\" dir=\"ltr\">\ud83c\uddee\ud83c\uddf1\ud83c\uddf8\ud83c\uddfe | Momento del bombardeo israel\u00ed al cuartel general del Estado Mayor sirio en Damasco. <a href=\"https:\/\/t.co\/jLWpMAa1DL\">pic.twitter.com\/jLWpMAa1DL<\/a><\/p>&mdash; Alerta Mundial (@AlertaMundoNews) <a href=\"https:\/\/twitter.com\/AlertaMundoNews\/status\/1945477182442111028?ref_src=twsrc%5Etfw\">July 16, 2025<\/a><\/blockquote><script async src=\"https:\/\/platform.twitter.com\/widgets.js\" charset=\"utf-8\"><\/script>\n<\/div><\/figure>\n\n\n\n<p>Israel ha lanzado una serie de bombardeos sobre convoyes de fuerzas gubernamentales en el sur de Siria desde que estall\u00f3 la violencia y ha reforzado su contingente en la frontera, con el argumento de que act\u00faa para proteger a los drusos.<\/p>\n\n\n\n<p>Un reportero de&nbsp;<em>Reuters<\/em>&nbsp;escuch\u00f3 al menos&nbsp;<strong>cuatro ataques m<\/strong>ientras se o\u00edan drones sobre la ciudad de&nbsp;<strong>Sweida<\/strong>, de mayor\u00eda drusa, y vio c\u00f3mo remolcaban un tanque da\u00f1ado. Se oyeron r\u00e1fagas de disparos y se vieron tres cad\u00e1veres en el suelo. Decenas de personas han muerto en combates en la regi\u00f3n desde el domingo.<\/p>\n\n\n\n<p>El recrudecimiento de la&nbsp;violencia subraya los retos a los que se enfrenta el presidente interino,&nbsp;<strong>Ahmed al-Sharaa<\/strong>, que ha luchado por imponer su<strong>&nbsp;control sobre la zona pr\u00f3xima a la frontera israel\u00ed&nbsp;<\/strong>desde que derroc\u00f3 a Bashar al-Assad en diciembre.<\/p>\n\n\n\n<p>Aunque Sharaa se ha visto favorecido por la r\u00e1pida mejora de los lazos con la administraci\u00f3n del presidente estadounidense<strong>, Donald Trump<\/strong>, la violencia ha puesto de relieve las persistentes tensiones sectarias y la<strong>desconfianza entre los grupos minoritarios&nbsp;<\/strong>hacia su gobierno, liderado por islamistas, desconfianza que se vio agravada por los asesinatos masivos de alau\u00edes en marzo.<\/p>\n\n\n\n<figure class=\"wp-block-embed is-type-rich is-provider-twitter wp-block-embed-twitter\"><div class=\"wp-block-embed__wrapper\">\n<blockquote class=\"twitter-tweet\" data-width=\"550\" data-dnt=\"true\"><p lang=\"es\" dir=\"ltr\">\ud83c\uddee\ud83c\uddf1\ud83c\uddf8\ud83c\uddfe | El ej\u00e9rcito israel\u00ed difundi\u00f3 im\u00e1genes de los recientes bombardeos en Damasco, que destruyeron el edificio del Estado Mayor sirio y un sitio cercano al Palacio Presidencial. Seg\u00fan el IDF, el cuartel serv\u00eda como base de tropas enviadas a Suwayda. <a href=\"https:\/\/t.co\/yCCpHef4vz\">pic.twitter.com\/yCCpHef4vz<\/a><\/p>&mdash; UHN Plus (@UHN_Plus) <a href=\"https:\/\/twitter.com\/UHN_Plus\/status\/1945479720738464152?ref_src=twsrc%5Etfw\">July 16, 2025<\/a><\/blockquote><script async src=\"https:\/\/platform.twitter.com\/widgets.js\" charset=\"utf-8\"><\/script>\n<\/div><\/figure>\n\n\n\n<p>Israel, que ha atacado&nbsp;Siria&nbsp;en varias ocasiones en nombre de la<strong>&nbsp;protecci\u00f3n de los drusos<\/strong>, llev\u00f3 a cabo sus \u00faltimos ataques despu\u00e9s de que el influyente jeque druso<strong>&nbsp;Hikmat al-Hajri<\/strong>&nbsp;emitiera un comunicado en el que acusaba a las tropas gubernamentales de incumplir el alto el fuego e instaba a los combatientes a hacer frente a lo que calificaba de b\u00e1rbaro ataque.<\/p>\n\n\n\n<p>Tras la comparecencia de&nbsp;Al-Hajiri&nbsp;en una declaraci\u00f3n grabada, el ministro de Defensa sirio, Murhaf Abu Qasra, emiti\u00f3 un comunicado en el que dec\u00eda que se hab\u00eda instaurado un alto el fuego total y afirmaba que las fuerzas gubernamentales s\u00f3lo abrir\u00edan fuego si se les disparaba.<\/p>\n\n\n\n<p>Abu Qasra dijo tambi\u00e9n que se hab\u00eda ordenado a la polic\u00eda militar que se desplegara en&nbsp;<strong>Sweida<\/strong>&nbsp;para &#8220;controlar el comportamiento de los militares y exigir responsabilidades a los infractores&#8221;, inform\u00f3 la agencia estatal de noticias SANA.&nbsp;<\/p>\n\n\n\n<p>El reportero de&nbsp;<em>Reuters<\/em>&nbsp;vio a hombres en uniforme de faena quemando y saqueando casas y tiendas y prendiendo fuego a una tienda que vend\u00eda alcohol.<\/p>\n\n\n\n<figure class=\"wp-block-embed is-type-rich is-provider-twitter wp-block-embed-twitter\"><div class=\"wp-block-embed__wrapper\">\n<blockquote class=\"twitter-tweet\" data-width=\"550\" data-dnt=\"true\"><p lang=\"es\" dir=\"ltr\">\ud83c\uddee\ud83c\uddf1\ud83c\uddf8\ud83c\uddfe | La televisi\u00f3n siria ha captado en directo el momento del ataque israel\u00ed contra el cuartel general del ej\u00e9rcito en Damasco. <a href=\"https:\/\/t.co\/HXyOzqVyV7\">pic.twitter.com\/HXyOzqVyV7<\/a><\/p>&mdash; Alerta Mundial (@AlertaMundoNews) <a href=\"https:\/\/twitter.com\/AlertaMundoNews\/status\/1945474301160718531?ref_src=twsrc%5Etfw\">July 16, 2025<\/a><\/blockquote><script async src=\"https:\/\/platform.twitter.com\/widgets.js\" charset=\"utf-8\"><\/script>\n<\/div><\/figure>\n\n\n\n<p>Los drusos son un grupo minoritario cuya fe es una rama del islam y<strong>&nbsp;tiene seguidores en Israel,&nbsp;Siria&nbsp;y L\u00edbano.<\/strong><\/p>\n\n\n\n<h2 class=\"wp-block-heading\">&#8220;Profunda alianza de hermandad&#8221;<\/h2>\n\n\n\n<p>El primer ministro israel\u00ed,&nbsp;<strong>Benjam\u00edn Netanyahu<\/strong>, y el ministro de Defensa,&nbsp;<strong>Israel<\/strong>&nbsp;<strong>Katz<\/strong>, dijeron que hab\u00edan ordenado a los militares israel\u00edes que atacaran a las &#8220;fuerzas del r\u00e9gimen&#8221; y el armamento llevado a Sweida para ser utilizado contra los drusos.&nbsp;<\/p>\n\n\n\n<p>En un comunicado, afirmaron que el despliegue de fuerzas gubernamentales violaba una&nbsp;<strong>medida de desmilitarizaci\u00f3n<\/strong>&nbsp;que hab\u00eda pedido a Damasco para que se abstuviera de introducir en el sur de&nbsp;Siria&nbsp;fuerzas y armas que supusieran una amenaza para Israel.&nbsp;<\/p>\n\n\n\n<p>&#8220;Israel se compromete a impedir que se cause da\u00f1o a los drusos en&nbsp;Siria&nbsp;debido a la profunda alianza de hermandad con nuestros ciudadanos drusos de Israel&#8221;, afirmaron. &#8220;Estamos actuando para impedir que el r\u00e9gimen sirio los perjudique y para garantizar la desmilitarizaci\u00f3n de la zona adyacente a nuestra frontera con&nbsp;Siria.&#8221;<\/p>\n\n\n\n<figure class=\"wp-block-embed is-type-rich is-provider-twitter wp-block-embed-twitter\"><div class=\"wp-block-embed__wrapper\">\n<blockquote class=\"twitter-tweet\" data-width=\"550\" data-dnt=\"true\"><p lang=\"es\" dir=\"ltr\">\ud83c\uddee\ud83c\uddf1\ud83c\uddf8\ud83c\uddfe | As\u00ed qued\u00f3 el edificio del Estado Mayor del Ej\u00e9rcito sirio en Damasco tras el ataque a\u00e9reo israel\u00ed. <a href=\"https:\/\/t.co\/lQHd4Jmjph\">pic.twitter.com\/lQHd4Jmjph<\/a><\/p>&mdash; UHN Plus (@UHN_Plus) <a href=\"https:\/\/twitter.com\/UHN_Plus\/status\/1945497444961202680?ref_src=twsrc%5Etfw\">July 16, 2025<\/a><\/blockquote><script async src=\"https:\/\/platform.twitter.com\/widgets.js\" charset=\"utf-8\"><\/script>\n<\/div><\/figure>\n\n\n\n<p><em>Reuters<\/em>&nbsp;inform\u00f3 en mayo de que Israel y las autoridades&nbsp;sirias hab\u00edan mantenido conversaciones directas centradas en la seguridad.&nbsp;<\/p>\n\n\n\n<p>Los \u00faltimos actos de violencia comenzaron el domingo con enfrentamientos entre grupos armados drusos y combatientes beduinos en la provincia de Sweida, que desplazaron a miles de personas.&nbsp;<\/p>\n\n\n\n<p><em>Con informaci\u00f3n de AP y Reuters<\/em><\/p>\n","protected":false},"excerpt":{"rendered":"<p>Por Carolina Alonso Romei Internacionalista El Ej\u00e9rcito israel\u00ed ha lanzado una serie de bombardeos sobre&#8230;<\/p>\n","protected":false},"author":2,"featured_media":117765,"comment_status":"open","ping_status":"open","sticky":false,"template":"","format":"standard","meta":{"_monsterinsights_skip_tracking":false,"_monsterinsights_sitenote_active":false,"_monsterinsights_sitenote_note":"","_monsterinsights_sitenote_category":0,"footnotes":""},"categories":[1],"tags":[],"class_list":["post-117764","post","type-post","status-publish","format-standard","has-post-thumbnail","hentry","category-sin-categoria"],"yoast_head":"<!-- This site is optimized with the Yoast SEO plugin v27.3 - https:\/\/yoast.com\/product\/yoast-seo-wordpress\/ -->\n<title>El Quehacer Pol\u00edtico Internacional a trav\u00e9s de la opini\u00f3n\/\/\/Carolina Alonso Romei\/\/\/Israel ataca Siria: se reportan bombardeos contra el ministerio de Defensa en Damasco y en Sweida -<\/title>\n<meta name=\"robots\" content=\"index, follow, max-snippet:-1, max-image-preview:large, max-video-preview:-1\" \/>\n<link rel=\"canonical\" href=\"https:\/\/quehacerpolitico.mx\/?p=117764\" \/>\n<meta property=\"og:locale\" content=\"es_MX\" \/>\n<meta property=\"og:type\" content=\"article\" \/>\n<meta property=\"og:title\" content=\"El Quehacer Pol\u00edtico Internacional a trav\u00e9s de la opini\u00f3n\/\/\/Carolina Alonso Romei\/\/\/Israel ataca Siria: se reportan bombardeos contra el ministerio de Defensa en Damasco y en Sweida -\" \/>\n<meta property=\"og:description\" content=\"Por Carolina Alonso Romei Internacionalista El Ej\u00e9rcito israel\u00ed ha lanzado una serie de bombardeos sobre...\" \/>\n<meta property=\"og:url\" content=\"https:\/\/quehacerpolitico.mx\/?p=117764\" \/>\n<meta property=\"article:published_time\" content=\"2025-07-16T17:24:50+00:00\" \/>\n<meta property=\"article:modified_time\" content=\"2025-07-16T17:24:53+00:00\" \/>\n<meta property=\"og:image\" content=\"https:\/\/quehacerpolitico.mx\/wp-content\/uploads\/2025\/07\/03fa6135-c3fe-44b7-8e96-c6ca323ffebb-7.jpeg\" \/>\n\t<meta property=\"og:image:width\" content=\"963\" \/>\n\t<meta property=\"og:image:height\" content=\"493\" \/>\n\t<meta property=\"og:image:type\" content=\"image\/jpeg\" \/>\n<meta name=\"author\" content=\"Redacci\u00f3n QP\" \/>\n<meta name=\"twitter:card\" content=\"summary_large_image\" \/>\n<meta name=\"twitter:label1\" content=\"Escrito por\" \/>\n\t<meta name=\"twitter:data1\" content=\"Redacci\u00f3n QP\" \/>\n\t<meta name=\"twitter:label2\" content=\"Tiempo de lectura\" \/>\n\t<meta name=\"twitter:data2\" content=\"4 minutos\" \/>\n<script type=\"application\/ld+json\" class=\"yoast-schema-graph\">{\"@context\":\"https:\\\/\\\/schema.org\",\"@graph\":[{\"@type\":\"Article\",\"@id\":\"https:\\\/\\\/quehacerpolitico.mx\\\/?p=117764#article\",\"isPartOf\":{\"@id\":\"https:\\\/\\\/quehacerpolitico.mx\\\/?p=117764\"},\"author\":{\"name\":\"Redacci\u00f3n QP\",\"@id\":\"https:\\\/\\\/quehacerpolitico.mx\\\/#\\\/schema\\\/person\\\/496d8ad2d1d3f8036101dca7ee39e585\"},\"headline\":\"El Quehacer Pol\u00edtico Internacional a trav\u00e9s de la opini\u00f3n\\\/\\\/\\\/Carolina Alonso Romei\\\/\\\/\\\/Israel ataca Siria: se reportan bombardeos contra el ministerio de Defensa en Damasco y en Sweida\",\"datePublished\":\"2025-07-16T17:24:50+00:00\",\"dateModified\":\"2025-07-16T17:24:53+00:00\",\"mainEntityOfPage\":{\"@id\":\"https:\\\/\\\/quehacerpolitico.mx\\\/?p=117764\"},\"wordCount\":782,\"commentCount\":0,\"image\":{\"@id\":\"https:\\\/\\\/quehacerpolitico.mx\\\/?p=117764#primaryimage\"},\"thumbnailUrl\":\"https:\\\/\\\/quehacerpolitico.mx\\\/wp-content\\\/uploads\\\/2025\\\/07\\\/03fa6135-c3fe-44b7-8e96-c6ca323ffebb-7.jpeg\",\"articleSection\":[\"Internacionales\"],\"inLanguage\":\"es\",\"potentialAction\":[{\"@type\":\"CommentAction\",\"name\":\"Comment\",\"target\":[\"https:\\\/\\\/quehacerpolitico.mx\\\/?p=117764#respond\"]}]},{\"@type\":\"WebPage\",\"@id\":\"https:\\\/\\\/quehacerpolitico.mx\\\/?p=117764\",\"url\":\"https:\\\/\\\/quehacerpolitico.mx\\\/?p=117764\",\"name\":\"El Quehacer Pol\u00edtico Internacional a trav\u00e9s de la opini\u00f3n\\\/\\\/\\\/Carolina Alonso Romei\\\/\\\/\\\/Israel ataca Siria: se reportan bombardeos contra el ministerio de Defensa en Damasco y en Sweida -\",\"isPartOf\":{\"@id\":\"https:\\\/\\\/quehacerpolitico.mx\\\/#website\"},\"primaryImageOfPage\":{\"@id\":\"https:\\\/\\\/quehacerpolitico.mx\\\/?p=117764#primaryimage\"},\"image\":{\"@id\":\"https:\\\/\\\/quehacerpolitico.mx\\\/?p=117764#primaryimage\"},\"thumbnailUrl\":\"https:\\\/\\\/quehacerpolitico.mx\\\/wp-content\\\/uploads\\\/2025\\\/07\\\/03fa6135-c3fe-44b7-8e96-c6ca323ffebb-7.jpeg\",\"datePublished\":\"2025-07-16T17:24:50+00:00\",\"dateModified\":\"2025-07-16T17:24:53+00:00\",\"author\":{\"@id\":\"https:\\\/\\\/quehacerpolitico.mx\\\/#\\\/schema\\\/person\\\/496d8ad2d1d3f8036101dca7ee39e585\"},\"breadcrumb\":{\"@id\":\"https:\\\/\\\/quehacerpolitico.mx\\\/?p=117764#breadcrumb\"},\"inLanguage\":\"es\",\"potentialAction\":[{\"@type\":\"ReadAction\",\"target\":[\"https:\\\/\\\/quehacerpolitico.mx\\\/?p=117764\"]}]},{\"@type\":\"ImageObject\",\"inLanguage\":\"es\",\"@id\":\"https:\\\/\\\/quehacerpolitico.mx\\\/?p=117764#primaryimage\",\"url\":\"https:\\\/\\\/quehacerpolitico.mx\\\/wp-content\\\/uploads\\\/2025\\\/07\\\/03fa6135-c3fe-44b7-8e96-c6ca323ffebb-7.jpeg\",\"contentUrl\":\"https:\\\/\\\/quehacerpolitico.mx\\\/wp-content\\\/uploads\\\/2025\\\/07\\\/03fa6135-c3fe-44b7-8e96-c6ca323ffebb-7.jpeg\",\"width\":963,\"height\":493},{\"@type\":\"BreadcrumbList\",\"@id\":\"https:\\\/\\\/quehacerpolitico.mx\\\/?p=117764#breadcrumb\",\"itemListElement\":[{\"@type\":\"ListItem\",\"position\":1,\"name\":\"Inicio\",\"item\":\"https:\\\/\\\/quehacerpolitico.mx\\\/\"},{\"@type\":\"ListItem\",\"position\":2,\"name\":\"El Quehacer Pol\u00edtico Internacional a trav\u00e9s de la opini\u00f3n\\\/\\\/\\\/Carolina Alonso Romei\\\/\\\/\\\/Israel ataca Siria: se reportan bombardeos contra el ministerio de Defensa en Damasco y en Sweida\"}]},{\"@type\":\"WebSite\",\"@id\":\"https:\\\/\\\/quehacerpolitico.mx\\\/#website\",\"url\":\"https:\\\/\\\/quehacerpolitico.mx\\\/\",\"name\":\"\",\"description\":\"\",\"potentialAction\":[{\"@type\":\"SearchAction\",\"target\":{\"@type\":\"EntryPoint\",\"urlTemplate\":\"https:\\\/\\\/quehacerpolitico.mx\\\/?s={search_term_string}\"},\"query-input\":{\"@type\":\"PropertyValueSpecification\",\"valueRequired\":true,\"valueName\":\"search_term_string\"}}],\"inLanguage\":\"es\"},{\"@type\":\"Person\",\"@id\":\"https:\\\/\\\/quehacerpolitico.mx\\\/#\\\/schema\\\/person\\\/496d8ad2d1d3f8036101dca7ee39e585\",\"name\":\"Redacci\u00f3n QP\",\"image\":{\"@type\":\"ImageObject\",\"inLanguage\":\"es\",\"@id\":\"https:\\\/\\\/secure.gravatar.com\\\/avatar\\\/c7164ed6fdec453195284ad24a5ae5b6e1eed2b848477fa2a4787ba9adf39a41?s=96&d=mm&r=g\",\"url\":\"https:\\\/\\\/secure.gravatar.com\\\/avatar\\\/c7164ed6fdec453195284ad24a5ae5b6e1eed2b848477fa2a4787ba9adf39a41?s=96&d=mm&r=g\",\"contentUrl\":\"https:\\\/\\\/secure.gravatar.com\\\/avatar\\\/c7164ed6fdec453195284ad24a5ae5b6e1eed2b848477fa2a4787ba9adf39a41?s=96&d=mm&r=g\",\"caption\":\"Redacci\u00f3n QP\"},\"url\":\"https:\\\/\\\/quehacerpolitico.mx\\\/?author=2\"}]}<\/script>\n<!-- \/ Yoast SEO plugin. -->","yoast_head_json":{"title":"El Quehacer Pol\u00edtico Internacional a trav\u00e9s de la opini\u00f3n\/\/\/Carolina Alonso Romei\/\/\/Israel ataca Siria: se reportan bombardeos contra el ministerio de Defensa en Damasco y en Sweida -","robots":{"index":"index","follow":"follow","max-snippet":"max-snippet:-1","max-image-preview":"max-image-preview:large","max-video-preview":"max-video-preview:-1"},"canonical":"https:\/\/quehacerpolitico.mx\/?p=117764","og_locale":"es_MX","og_type":"article","og_title":"El Quehacer Pol\u00edtico Internacional a trav\u00e9s de la opini\u00f3n\/\/\/Carolina Alonso Romei\/\/\/Israel ataca Siria: se reportan bombardeos contra el ministerio de Defensa en Damasco y en Sweida -","og_description":"Por Carolina Alonso Romei Internacionalista El Ej\u00e9rcito israel\u00ed ha lanzado una serie de bombardeos sobre...","og_url":"https:\/\/quehacerpolitico.mx\/?p=117764","article_published_time":"2025-07-16T17:24:50+00:00","article_modified_time":"2025-07-16T17:24:53+00:00","og_image":[{"width":963,"height":493,"url":"https:\/\/quehacerpolitico.mx\/wp-content\/uploads\/2025\/07\/03fa6135-c3fe-44b7-8e96-c6ca323ffebb-7.jpeg","type":"image\/jpeg"}],"author":"Redacci\u00f3n QP","twitter_card":"summary_large_image","twitter_misc":{"Escrito por":"Redacci\u00f3n QP","Tiempo de lectura":"4 minutos"},"schema":{"@context":"https:\/\/schema.org","@graph":[{"@type":"Article","@id":"https:\/\/quehacerpolitico.mx\/?p=117764#article","isPartOf":{"@id":"https:\/\/quehacerpolitico.mx\/?p=117764"},"author":{"name":"Redacci\u00f3n QP","@id":"https:\/\/quehacerpolitico.mx\/#\/schema\/person\/496d8ad2d1d3f8036101dca7ee39e585"},"headline":"El Quehacer Pol\u00edtico Internacional a trav\u00e9s de la opini\u00f3n\/\/\/Carolina Alonso Romei\/\/\/Israel ataca Siria: se reportan bombardeos contra el ministerio de Defensa en Damasco y en Sweida","datePublished":"2025-07-16T17:24:50+00:00","dateModified":"2025-07-16T17:24:53+00:00","mainEntityOfPage":{"@id":"https:\/\/quehacerpolitico.mx\/?p=117764"},"wordCount":782,"commentCount":0,"image":{"@id":"https:\/\/quehacerpolitico.mx\/?p=117764#primaryimage"},"thumbnailUrl":"https:\/\/quehacerpolitico.mx\/wp-content\/uploads\/2025\/07\/03fa6135-c3fe-44b7-8e96-c6ca323ffebb-7.jpeg","articleSection":["Internacionales"],"inLanguage":"es","potentialAction":[{"@type":"CommentAction","name":"Comment","target":["https:\/\/quehacerpolitico.mx\/?p=117764#respond"]}]},{"@type":"WebPage","@id":"https:\/\/quehacerpolitico.mx\/?p=117764","url":"https:\/\/quehacerpolitico.mx\/?p=117764","name":"El Quehacer Pol\u00edtico Internacional a trav\u00e9s de la opini\u00f3n\/\/\/Carolina Alonso Romei\/\/\/Israel ataca Siria: se reportan bombardeos contra el ministerio de Defensa en Damasco y en Sweida -","isPartOf":{"@id":"https:\/\/quehacerpolitico.mx\/#website"},"primaryImageOfPage":{"@id":"https:\/\/quehacerpolitico.mx\/?p=117764#primaryimage"},"image":{"@id":"https:\/\/quehacerpolitico.mx\/?p=117764#primaryimage"},"thumbnailUrl":"https:\/\/quehacerpolitico.mx\/wp-content\/uploads\/2025\/07\/03fa6135-c3fe-44b7-8e96-c6ca323ffebb-7.jpeg","datePublished":"2025-07-16T17:24:50+00:00","dateModified":"2025-07-16T17:24:53+00:00","author":{"@id":"https:\/\/quehacerpolitico.mx\/#\/schema\/person\/496d8ad2d1d3f8036101dca7ee39e585"},"breadcrumb":{"@id":"https:\/\/quehacerpolitico.mx\/?p=117764#breadcrumb"},"inLanguage":"es","potentialAction":[{"@type":"ReadAction","target":["https:\/\/quehacerpolitico.mx\/?p=117764"]}]},{"@type":"ImageObject","inLanguage":"es","@id":"https:\/\/quehacerpolitico.mx\/?p=117764#primaryimage","url":"https:\/\/quehacerpolitico.mx\/wp-content\/uploads\/2025\/07\/03fa6135-c3fe-44b7-8e96-c6ca323ffebb-7.jpeg","contentUrl":"https:\/\/quehacerpolitico.mx\/wp-content\/uploads\/2025\/07\/03fa6135-c3fe-44b7-8e96-c6ca323ffebb-7.jpeg","width":963,"height":493},{"@type":"BreadcrumbList","@id":"https:\/\/quehacerpolitico.mx\/?p=117764#breadcrumb","itemListElement":[{"@type":"ListItem","position":1,"name":"Inicio","item":"https:\/\/quehacerpolitico.mx\/"},{"@type":"ListItem","position":2,"name":"El Quehacer Pol\u00edtico Internacional a trav\u00e9s de la opini\u00f3n\/\/\/Carolina Alonso Romei\/\/\/Israel ataca Siria: se reportan bombardeos contra el ministerio de Defensa en Damasco y en Sweida"}]},{"@type":"WebSite","@id":"https:\/\/quehacerpolitico.mx\/#website","url":"https:\/\/quehacerpolitico.mx\/","name":"","description":"","potentialAction":[{"@type":"SearchAction","target":{"@type":"EntryPoint","urlTemplate":"https:\/\/quehacerpolitico.mx\/?s={search_term_string}"},"query-input":{"@type":"PropertyValueSpecification","valueRequired":true,"valueName":"search_term_string"}}],"inLanguage":"es"},{"@type":"Person","@id":"https:\/\/quehacerpolitico.mx\/#\/schema\/person\/496d8ad2d1d3f8036101dca7ee39e585","name":"Redacci\u00f3n QP","image":{"@type":"ImageObject","inLanguage":"es","@id":"https:\/\/secure.gravatar.com\/avatar\/c7164ed6fdec453195284ad24a5ae5b6e1eed2b848477fa2a4787ba9adf39a41?s=96&d=mm&r=g","url":"https:\/\/secure.gravatar.com\/avatar\/c7164ed6fdec453195284ad24a5ae5b6e1eed2b848477fa2a4787ba9adf39a41?s=96&d=mm&r=g","contentUrl":"https:\/\/secure.gravatar.com\/avatar\/c7164ed6fdec453195284ad24a5ae5b6e1eed2b848477fa2a4787ba9adf39a41?s=96&d=mm&r=g","caption":"Redacci\u00f3n QP"},"url":"https:\/\/quehacerpolitico.mx\/?author=2"}]}},"featured_image_urls":{"full":["https:\/\/quehacerpolitico.mx\/wp-content\/uploads\/2025\/07\/03fa6135-c3fe-44b7-8e96-c6ca323ffebb-7.jpeg",963,493,false],"thumbnail":["https:\/\/quehacerpolitico.mx\/wp-content\/uploads\/2025\/07\/03fa6135-c3fe-44b7-8e96-c6ca323ffebb-7-150x150.jpeg",150,150,true],"medium":["https:\/\/quehacerpolitico.mx\/wp-content\/uploads\/2025\/07\/03fa6135-c3fe-44b7-8e96-c6ca323ffebb-7-300x154.jpeg",300,154,true],"medium_large":["https:\/\/quehacerpolitico.mx\/wp-content\/uploads\/2025\/07\/03fa6135-c3fe-44b7-8e96-c6ca323ffebb-7-768x393.jpeg",640,328,true],"large":["https:\/\/quehacerpolitico.mx\/wp-content\/uploads\/2025\/07\/03fa6135-c3fe-44b7-8e96-c6ca323ffebb-7.jpeg",640,328,false],"1536x1536":["https:\/\/quehacerpolitico.mx\/wp-content\/uploads\/2025\/07\/03fa6135-c3fe-44b7-8e96-c6ca323ffebb-7.jpeg",963,493,false],"2048x2048":["https:\/\/quehacerpolitico.mx\/wp-content\/uploads\/2025\/07\/03fa6135-c3fe-44b7-8e96-c6ca323ffebb-7.jpeg",963,493,false],"covernews-featured":["https:\/\/quehacerpolitico.mx\/wp-content\/uploads\/2025\/07\/03fa6135-c3fe-44b7-8e96-c6ca323ffebb-7.jpeg",963,493,false],"covernews-medium":["https:\/\/quehacerpolitico.mx\/wp-content\/uploads\/2025\/07\/03fa6135-c3fe-44b7-8e96-c6ca323ffebb-7-540x340.jpeg",540,340,true]},"author_info":{"display_name":"Redacci\u00f3n QP","author_link":"https:\/\/quehacerpolitico.mx\/?author=2"},"category_info":"<a href=\"https:\/\/quehacerpolitico.mx\/?cat=1\" rel=\"category\">Internacionales<\/a>","tag_info":"Internacionales","comment_count":"0","_links":{"self":[{"href":"https:\/\/quehacerpolitico.mx\/index.php?rest_route=\/wp\/v2\/posts\/117764","targetHints":{"allow":["GET"]}}],"collection":[{"href":"https:\/\/quehacerpolitico.mx\/index.php?rest_route=\/wp\/v2\/posts"}],"about":[{"href":"https:\/\/quehacerpolitico.mx\/index.php?rest_route=\/wp\/v2\/types\/post"}],"author":[{"embeddable":true,"href":"https:\/\/quehacerpolitico.mx\/index.php?rest_route=\/wp\/v2\/users\/2"}],"replies":[{"embeddable":true,"href":"https:\/\/quehacerpolitico.mx\/index.php?rest_route=%2Fwp%2Fv2%2Fcomments&post=117764"}],"version-history":[{"count":1,"href":"https:\/\/quehacerpolitico.mx\/index.php?rest_route=\/wp\/v2\/posts\/117764\/revisions"}],"predecessor-version":[{"id":117766,"href":"https:\/\/quehacerpolitico.mx\/index.php?rest_route=\/wp\/v2\/posts\/117764\/revisions\/117766"}],"wp:featuredmedia":[{"embeddable":true,"href":"https:\/\/quehacerpolitico.mx\/index.php?rest_route=\/wp\/v2\/media\/117765"}],"wp:attachment":[{"href":"https:\/\/quehacerpolitico.mx\/index.php?rest_route=%2Fwp%2Fv2%2Fmedia&parent=117764"}],"wp:term":[{"taxonomy":"category","embeddable":true,"href":"https:\/\/quehacerpolitico.mx\/index.php?rest_route=%2Fwp%2Fv2%2Fcategories&post=117764"},{"taxonomy":"post_tag","embeddable":true,"href":"https:\/\/quehacerpolitico.mx\/index.php?rest_route=%2Fwp%2Fv2%2Ftags&post=117764"}],"curies":[{"name":"wp","href":"https:\/\/api.w.org\/{rel}","templated":true}]}}