{"id":117758,"date":"2025-07-15T15:03:24","date_gmt":"2025-07-15T21:03:24","guid":{"rendered":"https:\/\/quehacerpolitico.mx\/?p=117758"},"modified":"2025-07-15T15:03:26","modified_gmt":"2025-07-15T21:03:26","slug":"el-quehacerpolitico-internacional-a-traves-de-la-opinion-carolina-alonso-romei-eu-no-descansara-hasta-que-los-carteles-sean-eliminados-pam-bondi","status":"publish","type":"post","link":"https:\/\/quehacerpolitico.mx\/?p=117758","title":{"rendered":"El QuehacerPolitico Internacional a trav\u00e9s de la opini\u00f3n\/\/\/Carolina Alonso Romei\/\/\/&#8221;EU no descansar\u00e1 hasta que los c\u00e1rteles sean eliminados&#8221;: Pam Bondi"},"content":{"rendered":"\n<p>Por Carolina Alonso Romei<\/p>\n\n\n\n<p>Internacionalista <\/p>\n\n\n\n<p>La funcionaria asegur\u00f3 que busca que los\u00a0miembros de estas organizaciones terroristas extranjeras &#8220;sean procesados o deportados&#8221;<\/p>\n\n\n\n<p>La fiscal general de Estados Unidos,\u00a0<strong>Pam<\/strong>\u00a0<strong>Bondi<\/strong>, asegur\u00f3 que no descansar\u00e1 hasta que las organizaciones terroristas extranjeras, como c\u00e1rteles de droga mexicanos, &#8220;sean eliminados&#8221; de\u00a0<strong>Estados<\/strong>\u00a0<strong>Unidos<\/strong>.<\/p>\n\n\n\n<figure class=\"wp-block-embed is-type-rich is-provider-twitter wp-block-embed-twitter\"><div class=\"wp-block-embed__wrapper\">\n<blockquote class=\"twitter-tweet\" data-width=\"550\" data-dnt=\"true\"><p lang=\"es\" dir=\"ltr\">\ud83c\uddfa\ud83c\uddf8 Fiscal de EU: &quot;no descansaremos hasta eliminar a los c\u00e1rteles&quot;<br><br>La fiscal general Pam Bondi (<a href=\"https:\/\/twitter.com\/AGPamBondi?ref_src=twsrc%5Etfw\">@AGPamBondi<\/a>) respald\u00f3 las acciones de la DEA contra los c\u00e1rteles de droga:<br><br>&quot;No descansaremos hasta que estas [Organizaciones Terroristas Extranjeras] sean eliminadas, sus miembros\u2026 <a href=\"https:\/\/t.co\/sZak2xQsxD\">pic.twitter.com\/sZak2xQsxD<\/a><\/p>&mdash; Azucena Uresti (@azucenau) <a href=\"https:\/\/twitter.com\/azucenau\/status\/1945192350248030344?ref_src=twsrc%5Etfw\">July 15, 2025<\/a><\/blockquote><script async src=\"https:\/\/platform.twitter.com\/widgets.js\" charset=\"utf-8\"><\/script>\n<\/div><\/figure>\n\n\n\n<p>La funcionaria de la administraci\u00f3n Trump se\u00f1al\u00f3 ante medios que busca que los&nbsp;miembros de estas organizaciones &#8220;sean procesados o deportados&#8221;, a fin de que los ciudadanos estadounidenses&nbsp;&#8220;vuelvan a estar seguros&#8221;.<\/p>\n\n\n\n<p>&#8220;Gracias al presidente Trump por quitarle las esposas a nuestros agentes de polic\u00eda&#8221;, dijo Bondi al alabar el trabajo de elementos de la Administraci\u00f3n para el Control de Drogas (<strong>DEA<\/strong>\u00a0en ingl\u00e9s).<\/p>\n\n\n\n<p>En su declaraci\u00f3n, la fiscal resalt\u00f3 el aseguramiento de m\u00e1s de 10 kilos de carfentanilo disfrazado como pastillas con prescripci\u00f3n de oxicodona, un opioide de venta legal que se utiliza para tratar dolores fuertes.&nbsp;<\/p>\n\n\n\n<p>Esta declaraci\u00f3n se da luego que<strong>&nbsp;Pam Bondi<\/strong>&nbsp;fuera criticada por los propios seguidores del gabinete de&nbsp;<strong>Donald Trump<\/strong>&nbsp;debido al manejo que ha realizado del caso del financiero Jeffrey Epstein.<\/p>\n\n\n\n<p>Trump pidi\u00f3 unidad a sus seguidores mientras creadores de contenido de su movimiento&nbsp;piden la dimisi\u00f3n de Bondi tras difundirse la semana pasada un memorando en el que el Departamento de Jusitica (<strong>DOJ<\/strong>) y el&nbsp;<strong>FBI<\/strong>&nbsp;concluyen que no hay evidencia sobre que Epstein, acusado de tr\u00e1fico sexual de menores, mantuviera una &#8220;lista de clientes&#8221; famosos.<\/p>\n\n\n\n<p>&#8220;\u00bfQu\u00e9 est\u00e1 pasando con mis chicos y, en algunos casos, chicas? Todos est\u00e1n y\u00e9ndose en contra de la fiscal general&nbsp;<strong>Pam Bondi<\/strong>, quien est\u00e1 haciendo un fant\u00e1stico trabajo. Todos estamos en un equipo, y no me gusta lo que est\u00e1 pasando&#8221;, escribi\u00f3 en su red Truth Social.<\/p>\n\n\n\n<p>Con informaci\u00f3n de EFE.<\/p>\n","protected":false},"excerpt":{"rendered":"<p>Por Carolina Alonso Romei Internacionalista La funcionaria asegur\u00f3 que busca que los\u00a0miembros de estas organizaciones&#8230;<\/p>\n","protected":false},"author":2,"featured_media":117759,"comment_status":"open","ping_status":"open","sticky":false,"template":"","format":"standard","meta":{"_monsterinsights_skip_tracking":false,"_monsterinsights_sitenote_active":false,"_monsterinsights_sitenote_note":"","_monsterinsights_sitenote_category":0,"footnotes":""},"categories":[1],"tags":[],"class_list":["post-117758","post","type-post","status-publish","format-standard","has-post-thumbnail","hentry","category-sin-categoria"],"yoast_head":"<!-- This site is optimized with the Yoast SEO plugin v27.3 - https:\/\/yoast.com\/product\/yoast-seo-wordpress\/ -->\n<title>El QuehacerPolitico Internacional a trav\u00e9s de la opini\u00f3n\/\/\/Carolina Alonso Romei\/\/\/&quot;EU no descansar\u00e1 hasta que los c\u00e1rteles sean eliminados&quot;: Pam Bondi -<\/title>\n<meta name=\"robots\" content=\"index, follow, max-snippet:-1, max-image-preview:large, max-video-preview:-1\" \/>\n<link rel=\"canonical\" href=\"https:\/\/quehacerpolitico.mx\/?p=117758\" \/>\n<meta property=\"og:locale\" content=\"es_MX\" \/>\n<meta property=\"og:type\" content=\"article\" \/>\n<meta property=\"og:title\" content=\"El QuehacerPolitico Internacional a trav\u00e9s de la opini\u00f3n\/\/\/Carolina Alonso Romei\/\/\/&quot;EU no descansar\u00e1 hasta que los c\u00e1rteles sean eliminados&quot;: Pam Bondi -\" \/>\n<meta property=\"og:description\" content=\"Por Carolina Alonso Romei Internacionalista La funcionaria asegur\u00f3 que busca que los\u00a0miembros de estas organizaciones...\" \/>\n<meta property=\"og:url\" content=\"https:\/\/quehacerpolitico.mx\/?p=117758\" \/>\n<meta property=\"article:published_time\" content=\"2025-07-15T21:03:24+00:00\" \/>\n<meta property=\"article:modified_time\" content=\"2025-07-15T21:03:26+00:00\" \/>\n<meta property=\"og:image\" content=\"https:\/\/quehacerpolitico.mx\/wp-content\/uploads\/2025\/07\/03fa6135-c3fe-44b7-8e96-c6ca323ffebb-6.jpeg\" \/>\n\t<meta property=\"og:image:width\" content=\"963\" \/>\n\t<meta property=\"og:image:height\" content=\"493\" \/>\n\t<meta property=\"og:image:type\" content=\"image\/jpeg\" \/>\n<meta name=\"author\" content=\"Redacci\u00f3n QP\" \/>\n<meta name=\"twitter:card\" content=\"summary_large_image\" \/>\n<meta name=\"twitter:label1\" content=\"Escrito por\" \/>\n\t<meta name=\"twitter:data1\" content=\"Redacci\u00f3n QP\" \/>\n\t<meta name=\"twitter:label2\" content=\"Tiempo de lectura\" \/>\n\t<meta name=\"twitter:data2\" content=\"2 minutos\" \/>\n<script type=\"application\/ld+json\" class=\"yoast-schema-graph\">{\"@context\":\"https:\\\/\\\/schema.org\",\"@graph\":[{\"@type\":\"Article\",\"@id\":\"https:\\\/\\\/quehacerpolitico.mx\\\/?p=117758#article\",\"isPartOf\":{\"@id\":\"https:\\\/\\\/quehacerpolitico.mx\\\/?p=117758\"},\"author\":{\"name\":\"Redacci\u00f3n QP\",\"@id\":\"https:\\\/\\\/quehacerpolitico.mx\\\/#\\\/schema\\\/person\\\/496d8ad2d1d3f8036101dca7ee39e585\"},\"headline\":\"El QuehacerPolitico Internacional a trav\u00e9s de la opini\u00f3n\\\/\\\/\\\/Carolina Alonso Romei\\\/\\\/\\\/&#8221;EU no descansar\u00e1 hasta que los c\u00e1rteles sean eliminados&#8221;: Pam Bondi\",\"datePublished\":\"2025-07-15T21:03:24+00:00\",\"dateModified\":\"2025-07-15T21:03:26+00:00\",\"mainEntityOfPage\":{\"@id\":\"https:\\\/\\\/quehacerpolitico.mx\\\/?p=117758\"},\"wordCount\":343,\"commentCount\":0,\"image\":{\"@id\":\"https:\\\/\\\/quehacerpolitico.mx\\\/?p=117758#primaryimage\"},\"thumbnailUrl\":\"https:\\\/\\\/quehacerpolitico.mx\\\/wp-content\\\/uploads\\\/2025\\\/07\\\/03fa6135-c3fe-44b7-8e96-c6ca323ffebb-6.jpeg\",\"articleSection\":[\"Internacionales\"],\"inLanguage\":\"es\",\"potentialAction\":[{\"@type\":\"CommentAction\",\"name\":\"Comment\",\"target\":[\"https:\\\/\\\/quehacerpolitico.mx\\\/?p=117758#respond\"]}]},{\"@type\":\"WebPage\",\"@id\":\"https:\\\/\\\/quehacerpolitico.mx\\\/?p=117758\",\"url\":\"https:\\\/\\\/quehacerpolitico.mx\\\/?p=117758\",\"name\":\"El QuehacerPolitico Internacional a trav\u00e9s de la opini\u00f3n\\\/\\\/\\\/Carolina Alonso Romei\\\/\\\/\\\/\\\"EU no descansar\u00e1 hasta que los c\u00e1rteles sean eliminados\\\": Pam Bondi -\",\"isPartOf\":{\"@id\":\"https:\\\/\\\/quehacerpolitico.mx\\\/#website\"},\"primaryImageOfPage\":{\"@id\":\"https:\\\/\\\/quehacerpolitico.mx\\\/?p=117758#primaryimage\"},\"image\":{\"@id\":\"https:\\\/\\\/quehacerpolitico.mx\\\/?p=117758#primaryimage\"},\"thumbnailUrl\":\"https:\\\/\\\/quehacerpolitico.mx\\\/wp-content\\\/uploads\\\/2025\\\/07\\\/03fa6135-c3fe-44b7-8e96-c6ca323ffebb-6.jpeg\",\"datePublished\":\"2025-07-15T21:03:24+00:00\",\"dateModified\":\"2025-07-15T21:03:26+00:00\",\"author\":{\"@id\":\"https:\\\/\\\/quehacerpolitico.mx\\\/#\\\/schema\\\/person\\\/496d8ad2d1d3f8036101dca7ee39e585\"},\"breadcrumb\":{\"@id\":\"https:\\\/\\\/quehacerpolitico.mx\\\/?p=117758#breadcrumb\"},\"inLanguage\":\"es\",\"potentialAction\":[{\"@type\":\"ReadAction\",\"target\":[\"https:\\\/\\\/quehacerpolitico.mx\\\/?p=117758\"]}]},{\"@type\":\"ImageObject\",\"inLanguage\":\"es\",\"@id\":\"https:\\\/\\\/quehacerpolitico.mx\\\/?p=117758#primaryimage\",\"url\":\"https:\\\/\\\/quehacerpolitico.mx\\\/wp-content\\\/uploads\\\/2025\\\/07\\\/03fa6135-c3fe-44b7-8e96-c6ca323ffebb-6.jpeg\",\"contentUrl\":\"https:\\\/\\\/quehacerpolitico.mx\\\/wp-content\\\/uploads\\\/2025\\\/07\\\/03fa6135-c3fe-44b7-8e96-c6ca323ffebb-6.jpeg\",\"width\":963,\"height\":493},{\"@type\":\"BreadcrumbList\",\"@id\":\"https:\\\/\\\/quehacerpolitico.mx\\\/?p=117758#breadcrumb\",\"itemListElement\":[{\"@type\":\"ListItem\",\"position\":1,\"name\":\"Inicio\",\"item\":\"https:\\\/\\\/quehacerpolitico.mx\\\/\"},{\"@type\":\"ListItem\",\"position\":2,\"name\":\"El QuehacerPolitico Internacional a trav\u00e9s de la opini\u00f3n\\\/\\\/\\\/Carolina Alonso Romei\\\/\\\/\\\/&#8221;EU no descansar\u00e1 hasta que los c\u00e1rteles sean eliminados&#8221;: Pam Bondi\"}]},{\"@type\":\"WebSite\",\"@id\":\"https:\\\/\\\/quehacerpolitico.mx\\\/#website\",\"url\":\"https:\\\/\\\/quehacerpolitico.mx\\\/\",\"name\":\"\",\"description\":\"\",\"potentialAction\":[{\"@type\":\"SearchAction\",\"target\":{\"@type\":\"EntryPoint\",\"urlTemplate\":\"https:\\\/\\\/quehacerpolitico.mx\\\/?s={search_term_string}\"},\"query-input\":{\"@type\":\"PropertyValueSpecification\",\"valueRequired\":true,\"valueName\":\"search_term_string\"}}],\"inLanguage\":\"es\"},{\"@type\":\"Person\",\"@id\":\"https:\\\/\\\/quehacerpolitico.mx\\\/#\\\/schema\\\/person\\\/496d8ad2d1d3f8036101dca7ee39e585\",\"name\":\"Redacci\u00f3n QP\",\"image\":{\"@type\":\"ImageObject\",\"inLanguage\":\"es\",\"@id\":\"https:\\\/\\\/secure.gravatar.com\\\/avatar\\\/c7164ed6fdec453195284ad24a5ae5b6e1eed2b848477fa2a4787ba9adf39a41?s=96&d=mm&r=g\",\"url\":\"https:\\\/\\\/secure.gravatar.com\\\/avatar\\\/c7164ed6fdec453195284ad24a5ae5b6e1eed2b848477fa2a4787ba9adf39a41?s=96&d=mm&r=g\",\"contentUrl\":\"https:\\\/\\\/secure.gravatar.com\\\/avatar\\\/c7164ed6fdec453195284ad24a5ae5b6e1eed2b848477fa2a4787ba9adf39a41?s=96&d=mm&r=g\",\"caption\":\"Redacci\u00f3n QP\"},\"url\":\"https:\\\/\\\/quehacerpolitico.mx\\\/?author=2\"}]}<\/script>\n<!-- \/ Yoast SEO plugin. -->","yoast_head_json":{"title":"El QuehacerPolitico Internacional a trav\u00e9s de la opini\u00f3n\/\/\/Carolina Alonso Romei\/\/\/\"EU no descansar\u00e1 hasta que los c\u00e1rteles sean eliminados\": Pam Bondi -","robots":{"index":"index","follow":"follow","max-snippet":"max-snippet:-1","max-image-preview":"max-image-preview:large","max-video-preview":"max-video-preview:-1"},"canonical":"https:\/\/quehacerpolitico.mx\/?p=117758","og_locale":"es_MX","og_type":"article","og_title":"El QuehacerPolitico Internacional a trav\u00e9s de la opini\u00f3n\/\/\/Carolina Alonso Romei\/\/\/\"EU no descansar\u00e1 hasta que los c\u00e1rteles sean eliminados\": Pam Bondi -","og_description":"Por Carolina Alonso Romei Internacionalista La funcionaria asegur\u00f3 que busca que los\u00a0miembros de estas organizaciones...","og_url":"https:\/\/quehacerpolitico.mx\/?p=117758","article_published_time":"2025-07-15T21:03:24+00:00","article_modified_time":"2025-07-15T21:03:26+00:00","og_image":[{"width":963,"height":493,"url":"https:\/\/quehacerpolitico.mx\/wp-content\/uploads\/2025\/07\/03fa6135-c3fe-44b7-8e96-c6ca323ffebb-6.jpeg","type":"image\/jpeg"}],"author":"Redacci\u00f3n QP","twitter_card":"summary_large_image","twitter_misc":{"Escrito por":"Redacci\u00f3n QP","Tiempo de lectura":"2 minutos"},"schema":{"@context":"https:\/\/schema.org","@graph":[{"@type":"Article","@id":"https:\/\/quehacerpolitico.mx\/?p=117758#article","isPartOf":{"@id":"https:\/\/quehacerpolitico.mx\/?p=117758"},"author":{"name":"Redacci\u00f3n QP","@id":"https:\/\/quehacerpolitico.mx\/#\/schema\/person\/496d8ad2d1d3f8036101dca7ee39e585"},"headline":"El QuehacerPolitico Internacional a trav\u00e9s de la opini\u00f3n\/\/\/Carolina Alonso Romei\/\/\/&#8221;EU no descansar\u00e1 hasta que los c\u00e1rteles sean eliminados&#8221;: Pam Bondi","datePublished":"2025-07-15T21:03:24+00:00","dateModified":"2025-07-15T21:03:26+00:00","mainEntityOfPage":{"@id":"https:\/\/quehacerpolitico.mx\/?p=117758"},"wordCount":343,"commentCount":0,"image":{"@id":"https:\/\/quehacerpolitico.mx\/?p=117758#primaryimage"},"thumbnailUrl":"https:\/\/quehacerpolitico.mx\/wp-content\/uploads\/2025\/07\/03fa6135-c3fe-44b7-8e96-c6ca323ffebb-6.jpeg","articleSection":["Internacionales"],"inLanguage":"es","potentialAction":[{"@type":"CommentAction","name":"Comment","target":["https:\/\/quehacerpolitico.mx\/?p=117758#respond"]}]},{"@type":"WebPage","@id":"https:\/\/quehacerpolitico.mx\/?p=117758","url":"https:\/\/quehacerpolitico.mx\/?p=117758","name":"El QuehacerPolitico Internacional a trav\u00e9s de la opini\u00f3n\/\/\/Carolina Alonso Romei\/\/\/\"EU no descansar\u00e1 hasta que los c\u00e1rteles sean eliminados\": Pam Bondi -","isPartOf":{"@id":"https:\/\/quehacerpolitico.mx\/#website"},"primaryImageOfPage":{"@id":"https:\/\/quehacerpolitico.mx\/?p=117758#primaryimage"},"image":{"@id":"https:\/\/quehacerpolitico.mx\/?p=117758#primaryimage"},"thumbnailUrl":"https:\/\/quehacerpolitico.mx\/wp-content\/uploads\/2025\/07\/03fa6135-c3fe-44b7-8e96-c6ca323ffebb-6.jpeg","datePublished":"2025-07-15T21:03:24+00:00","dateModified":"2025-07-15T21:03:26+00:00","author":{"@id":"https:\/\/quehacerpolitico.mx\/#\/schema\/person\/496d8ad2d1d3f8036101dca7ee39e585"},"breadcrumb":{"@id":"https:\/\/quehacerpolitico.mx\/?p=117758#breadcrumb"},"inLanguage":"es","potentialAction":[{"@type":"ReadAction","target":["https:\/\/quehacerpolitico.mx\/?p=117758"]}]},{"@type":"ImageObject","inLanguage":"es","@id":"https:\/\/quehacerpolitico.mx\/?p=117758#primaryimage","url":"https:\/\/quehacerpolitico.mx\/wp-content\/uploads\/2025\/07\/03fa6135-c3fe-44b7-8e96-c6ca323ffebb-6.jpeg","contentUrl":"https:\/\/quehacerpolitico.mx\/wp-content\/uploads\/2025\/07\/03fa6135-c3fe-44b7-8e96-c6ca323ffebb-6.jpeg","width":963,"height":493},{"@type":"BreadcrumbList","@id":"https:\/\/quehacerpolitico.mx\/?p=117758#breadcrumb","itemListElement":[{"@type":"ListItem","position":1,"name":"Inicio","item":"https:\/\/quehacerpolitico.mx\/"},{"@type":"ListItem","position":2,"name":"El QuehacerPolitico Internacional a trav\u00e9s de la opini\u00f3n\/\/\/Carolina Alonso Romei\/\/\/&#8221;EU no descansar\u00e1 hasta que los c\u00e1rteles sean eliminados&#8221;: Pam Bondi"}]},{"@type":"WebSite","@id":"https:\/\/quehacerpolitico.mx\/#website","url":"https:\/\/quehacerpolitico.mx\/","name":"","description":"","potentialAction":[{"@type":"SearchAction","target":{"@type":"EntryPoint","urlTemplate":"https:\/\/quehacerpolitico.mx\/?s={search_term_string}"},"query-input":{"@type":"PropertyValueSpecification","valueRequired":true,"valueName":"search_term_string"}}],"inLanguage":"es"},{"@type":"Person","@id":"https:\/\/quehacerpolitico.mx\/#\/schema\/person\/496d8ad2d1d3f8036101dca7ee39e585","name":"Redacci\u00f3n QP","image":{"@type":"ImageObject","inLanguage":"es","@id":"https:\/\/secure.gravatar.com\/avatar\/c7164ed6fdec453195284ad24a5ae5b6e1eed2b848477fa2a4787ba9adf39a41?s=96&d=mm&r=g","url":"https:\/\/secure.gravatar.com\/avatar\/c7164ed6fdec453195284ad24a5ae5b6e1eed2b848477fa2a4787ba9adf39a41?s=96&d=mm&r=g","contentUrl":"https:\/\/secure.gravatar.com\/avatar\/c7164ed6fdec453195284ad24a5ae5b6e1eed2b848477fa2a4787ba9adf39a41?s=96&d=mm&r=g","caption":"Redacci\u00f3n QP"},"url":"https:\/\/quehacerpolitico.mx\/?author=2"}]}},"featured_image_urls":{"full":["https:\/\/quehacerpolitico.mx\/wp-content\/uploads\/2025\/07\/03fa6135-c3fe-44b7-8e96-c6ca323ffebb-6.jpeg",963,493,false],"thumbnail":["https:\/\/quehacerpolitico.mx\/wp-content\/uploads\/2025\/07\/03fa6135-c3fe-44b7-8e96-c6ca323ffebb-6-150x150.jpeg",150,150,true],"medium":["https:\/\/quehacerpolitico.mx\/wp-content\/uploads\/2025\/07\/03fa6135-c3fe-44b7-8e96-c6ca323ffebb-6-300x154.jpeg",300,154,true],"medium_large":["https:\/\/quehacerpolitico.mx\/wp-content\/uploads\/2025\/07\/03fa6135-c3fe-44b7-8e96-c6ca323ffebb-6-768x393.jpeg",640,328,true],"large":["https:\/\/quehacerpolitico.mx\/wp-content\/uploads\/2025\/07\/03fa6135-c3fe-44b7-8e96-c6ca323ffebb-6.jpeg",640,328,false],"1536x1536":["https:\/\/quehacerpolitico.mx\/wp-content\/uploads\/2025\/07\/03fa6135-c3fe-44b7-8e96-c6ca323ffebb-6.jpeg",963,493,false],"2048x2048":["https:\/\/quehacerpolitico.mx\/wp-content\/uploads\/2025\/07\/03fa6135-c3fe-44b7-8e96-c6ca323ffebb-6.jpeg",963,493,false],"covernews-featured":["https:\/\/quehacerpolitico.mx\/wp-content\/uploads\/2025\/07\/03fa6135-c3fe-44b7-8e96-c6ca323ffebb-6.jpeg",963,493,false],"covernews-medium":["https:\/\/quehacerpolitico.mx\/wp-content\/uploads\/2025\/07\/03fa6135-c3fe-44b7-8e96-c6ca323ffebb-6-540x340.jpeg",540,340,true]},"author_info":{"display_name":"Redacci\u00f3n QP","author_link":"https:\/\/quehacerpolitico.mx\/?author=2"},"category_info":"<a href=\"https:\/\/quehacerpolitico.mx\/?cat=1\" rel=\"category\">Internacionales<\/a>","tag_info":"Internacionales","comment_count":"0","_links":{"self":[{"href":"https:\/\/quehacerpolitico.mx\/index.php?rest_route=\/wp\/v2\/posts\/117758","targetHints":{"allow":["GET"]}}],"collection":[{"href":"https:\/\/quehacerpolitico.mx\/index.php?rest_route=\/wp\/v2\/posts"}],"about":[{"href":"https:\/\/quehacerpolitico.mx\/index.php?rest_route=\/wp\/v2\/types\/post"}],"author":[{"embeddable":true,"href":"https:\/\/quehacerpolitico.mx\/index.php?rest_route=\/wp\/v2\/users\/2"}],"replies":[{"embeddable":true,"href":"https:\/\/quehacerpolitico.mx\/index.php?rest_route=%2Fwp%2Fv2%2Fcomments&post=117758"}],"version-history":[{"count":1,"href":"https:\/\/quehacerpolitico.mx\/index.php?rest_route=\/wp\/v2\/posts\/117758\/revisions"}],"predecessor-version":[{"id":117760,"href":"https:\/\/quehacerpolitico.mx\/index.php?rest_route=\/wp\/v2\/posts\/117758\/revisions\/117760"}],"wp:featuredmedia":[{"embeddable":true,"href":"https:\/\/quehacerpolitico.mx\/index.php?rest_route=\/wp\/v2\/media\/117759"}],"wp:attachment":[{"href":"https:\/\/quehacerpolitico.mx\/index.php?rest_route=%2Fwp%2Fv2%2Fmedia&parent=117758"}],"wp:term":[{"taxonomy":"category","embeddable":true,"href":"https:\/\/quehacerpolitico.mx\/index.php?rest_route=%2Fwp%2Fv2%2Fcategories&post=117758"},{"taxonomy":"post_tag","embeddable":true,"href":"https:\/\/quehacerpolitico.mx\/index.php?rest_route=%2Fwp%2Fv2%2Ftags&post=117758"}],"curies":[{"name":"wp","href":"https:\/\/api.w.org\/{rel}","templated":true}]}}