{"id":117745,"date":"2025-07-15T13:08:58","date_gmt":"2025-07-15T19:08:58","guid":{"rendered":"https:\/\/quehacerpolitico.mx\/?p=117745"},"modified":"2025-07-15T13:09:01","modified_gmt":"2025-07-15T19:09:01","slug":"salud-presenta-plataforma-para-monitorear-el-abasto-de-medicamentos-afirma-que-ya-compro-98-de-farmacos-oncologicos","status":"publish","type":"post","link":"https:\/\/quehacerpolitico.mx\/?p=117745","title":{"rendered":"Salud presenta plataforma para monitorear el abasto de medicamentos; afirma que ya compr\u00f3 98% de f\u00e1rmacos oncol\u00f3gicos"},"content":{"rendered":"\n<p>Por Redacci\u00f3n QP<\/p>\n\n\n\n<p>El subsecretario Eduardo Clark detall\u00f3 que la informaci\u00f3n se actualizar\u00e1 cada lunes y est\u00e1 disponible para que los ciudadanos sepan si los insumos han llegado a su entidad<\/p>\n\n\n\n<p>El subsecretario de Salud,&nbsp;<strong>Eduardo Clark<\/strong>, present\u00f3 este martes una plataforma digital para consultar el abasto de medicamentos y afirm\u00f3 que el gobierno ya realiz\u00f3 la compra del 98% de los insumos oncol\u00f3gicos requeridos.<\/p>\n\n\n\n<figure class=\"wp-block-embed is-type-rich is-provider-twitter wp-block-embed-twitter\"><div class=\"wp-block-embed__wrapper\">\n<blockquote class=\"twitter-tweet\" data-width=\"550\" data-dnt=\"true\"><p lang=\"es\" dir=\"ltr\"><a href=\"https:\/\/twitter.com\/hashtag\/Ma%C3%B1aneraDelPueblo?src=hash&amp;ref_src=twsrc%5Etfw\">#Ma\u00f1aneraDelPueblo<\/a> \ud83d\udcf0 | En agosto inician las \u201cRutas de la Salud\u201d, para trasladar medicamentos a todos  los centros de salud en toda la Rep\u00fablica, inform\u00f3 Eduardo Clark Garc\u00eda, subsecretario de Integraci\u00f3n y Desarrollo del Sector Salud, <br><br>Israel Aldave, v\u00eda <a href=\"https:\/\/twitter.com\/Radio_Formula?ref_src=twsrc%5Etfw\">@Radio_Formula<\/a> <a href=\"https:\/\/t.co\/FLRRm2X4fd\">pic.twitter.com\/FLRRm2X4fd<\/a><\/p>&mdash; Azucena Uresti (@azucenau) <a href=\"https:\/\/twitter.com\/azucenau\/status\/1945126315721413070?ref_src=twsrc%5Etfw\">July 15, 2025<\/a><\/blockquote><script async src=\"https:\/\/platform.twitter.com\/widgets.js\" charset=\"utf-8\"><\/script>\n<\/div><\/figure>\n\n\n\n<p>El funcionario explic\u00f3 que esto permitir\u00e1 a los ciudadanos conocer si en su estado<strong>&nbsp;han llegado los insumos<\/strong>&nbsp;que se requieran en el sector salud.&nbsp;<\/p>\n\n\n\n<p>Y dijo que la plataforma&nbsp;<a href=\"https:\/\/entregamedicamentos.salud.gob.mx\/insumos\/\">entregamedicamentos.salud.gob.mx<\/a>&nbsp;ya se encuentra disponible; la informaci\u00f3n no se actualizar\u00e1 en tiempo real, sino que se compartir\u00e1n los datos cada lunes<\/p>\n\n\n\n<p>Adem\u00e1s, asegur\u00f3 que el gobierno federal ya ha adquirido contratos para la compra de&nbsp;<strong>cerca&nbsp;del 100% de medicamentos<\/strong>&nbsp;para tratamientos de c\u00e1ncer que se necesitar\u00e1n en los pr\u00f3ximos dos a\u00f1os en el pa\u00eds.<\/p>\n\n\n\n<p>\u201cYa se compraron m\u00e1s del&nbsp;<strong>98% de las piezas&nbsp;<\/strong>de medicamentos oncol\u00f3gicos\u201d, se\u00f1ala la diapositiva con la que el subsecretario acompa\u00f1\u00f3 su presentaci\u00f3n en la conferencia matutina.&nbsp;<\/p>\n\n\n\n<p>Clark se\u00f1al\u00f3 que este 98% representa cerca de<strong>&nbsp;207 tipos de insumos oncol\u00f3gicos<\/strong>; &#8220;seguimos trabajando en ese 2% que nos resta por adjudicar&#8221;, a\u00f1adi\u00f3.&nbsp;<\/p>\n\n\n\n<p>La presidenta Claudia Sheinbaum prometi\u00f3 hace unas semanas&nbsp;\u2014por d\u00e9cima ocasi\u00f3n\u2014&nbsp;que en el mes de julio se normalizar\u00eda el suministro de medicamentos oncol\u00f3gicos en el pa\u00eds; los pap\u00e1s de los ni\u00f1os con c\u00e1ncer llevan una cuenta regresiva diaria ante el&nbsp;&#8220;desbasto de quimios y medicinas que ustedes provocaron durante seis&nbsp;a\u00f1os&#8221;.<\/p>\n\n\n\n<figure class=\"wp-block-embed is-type-rich is-provider-twitter wp-block-embed-twitter\"><div class=\"wp-block-embed__wrapper\">\n<blockquote class=\"twitter-tweet\" data-width=\"550\" data-dnt=\"true\"><p lang=\"es\" dir=\"ltr\">Tras la ocurrencia de la <a href=\"https:\/\/twitter.com\/hashtag\/megafarmacia?src=hash&amp;ref_src=twsrc%5Etfw\">#megafarmacia<\/a>, ahora llegan las &quot;camionetitas&quot; y las rutas de la salud.<br><br>La presidenta vuelve a prometer, por en\u00e9sima vez, que todos los medicamentos llegar\u00e1n y que se normalizar\u00e1 el abasto. <a href=\"https:\/\/t.co\/0N5OzMIyAg\">pic.twitter.com\/0N5OzMIyAg<\/a><\/p>&mdash; Manuel Lopez San Martin (@MLopezSanMartin) <a href=\"https:\/\/twitter.com\/MLopezSanMartin\/status\/1945142797348028760?ref_src=twsrc%5Etfw\">July 15, 2025<\/a><\/blockquote><script async src=\"https:\/\/platform.twitter.com\/widgets.js\" charset=\"utf-8\"><\/script>\n<\/div><\/figure>\n\n\n\n<figure class=\"wp-block-embed is-type-rich is-provider-twitter wp-block-embed-twitter\"><div class=\"wp-block-embed__wrapper\">\n<blockquote class=\"twitter-tweet\" data-width=\"550\" data-dnt=\"true\"><p lang=\"es\" dir=\"ltr\"><a href=\"https:\/\/twitter.com\/hashtag\/Ma%C3%B1aneraDelPueblo?src=hash&amp;ref_src=twsrc%5Etfw\">#Ma\u00f1aneraDelPueblo<\/a> \ud83d\udcf0 | Para fin de a\u00f1o se habr\u00e1n inaugurado 19 hospitales y seis unidades m\u00e9dicas m\u00e1s, afirm\u00f3 la presidenta Claudia Sheinbaum. <br><br>\u27a1\ufe0f Inform\u00f3 que ya se compraron el 96 por ciento de todos los medicamentos que llegar\u00e1n este mes.<br><br>\ud83d\uddde\ufe0f Israel Aldave v\u00eda <a href=\"https:\/\/twitter.com\/Radio_Formula?ref_src=twsrc%5Etfw\">@Radio_Formula<\/a> <a href=\"https:\/\/t.co\/pZ3CNZg3ct\">pic.twitter.com\/pZ3CNZg3ct<\/a><\/p>&mdash; Azucena Uresti (@azucenau) <a href=\"https:\/\/twitter.com\/azucenau\/status\/1945128969012945174?ref_src=twsrc%5Etfw\">July 15, 2025<\/a><\/blockquote><script async src=\"https:\/\/platform.twitter.com\/widgets.js\" charset=\"utf-8\"><\/script>\n<\/div><\/figure>\n\n\n\n<h2 class=\"wp-block-heading\">\u00bfCu\u00e1ntas veces Sheinbaum ha prometido la normalizaci\u00f3n del abasto?<\/h2>\n\n\n\n<p>En junio&nbsp;fue&nbsp;la d\u00e9cima ocasi\u00f3n en 10 meses en la que la mandataria asegur\u00f3&nbsp;que se resolver\u00eda el desabasto de medicamentos.&nbsp;<\/p>\n\n\n\n<p>El 12 de octubre de 2024, como presidenta electa, declar\u00f3 que la megafarmacia de Huehuetoca, ubicada en el&nbsp;Estado de M\u00e9xico, seguir\u00eda operando y que se implementar\u00eda m\u00e1s tecnolog\u00eda para la compra y distribuci\u00f3n de medicamentos.&nbsp;<\/p>\n\n\n\n<p>El 31 de octubre de ese a\u00f1o&nbsp;anunci\u00f3 un nuevo mecanismo para la compra de medicamentos.&nbsp;<\/p>\n\n\n\n<p>El 26 de noviembre de 2024 se dijo que las entregas m\u00e1s urgentes se realizar\u00edan en diciembre de 2024.&nbsp;<\/p>\n\n\n\n<p>El 13 de diciembre pasado asegur\u00f3 que el IMSS estaba trabajando para garantizar el abasto de medicamentos.&nbsp;<\/p>\n\n\n\n<p>El 30 de diciembre proyect\u00f3 que a mediados de 2025 se iniciar\u00edan las construcciones de farmacias junto a los bancos del Bienestar para proporcionar medicamentos gratuitos.&nbsp;<\/p>\n\n\n\n<p>El 15 de enero de 2025 se anunci\u00f3 que se regresar\u00eda al modelo de compras consolidadas de medicamentos.&nbsp;<\/p>\n\n\n\n<p>En marzo, proyect\u00f3 que comenzar\u00eda la distribuci\u00f3n de la compra consolidada de medicamentos 2025-2026.&nbsp;<\/p>\n\n\n\n<p>El 7 de abril, dijo que se fortalecer\u00eda a la industria farmac\u00e9utica nacional.&nbsp;<\/p>\n\n\n\n<p>El 27 de mayo de 2025 anunci\u00f3 que las Farmacias del Bienestar comenzar\u00edan su instalaci\u00f3n en agosto de 2025 en 5 mil localidades, para distribuir gratuitamente medicamentos b\u00e1sicos.&nbsp;<\/p>\n\n\n\n<p>El 3 de junio se inform\u00f3 sobre una subasta de medicamentos que gener\u00f3 ahorros y que los medicamentos adquiridos comenzar\u00edan a ser surtidos en las pr\u00f3ximas semanas.<\/p>\n","protected":false},"excerpt":{"rendered":"<p>Por Redacci\u00f3n QP El subsecretario Eduardo Clark detall\u00f3 que la informaci\u00f3n se actualizar\u00e1 cada lunes&#8230;<\/p>\n","protected":false},"author":2,"featured_media":117746,"comment_status":"open","ping_status":"open","sticky":false,"template":"","format":"standard","meta":{"_monsterinsights_skip_tracking":false,"_monsterinsights_sitenote_active":false,"_monsterinsights_sitenote_note":"","_monsterinsights_sitenote_category":0,"footnotes":""},"categories":[280,2],"tags":[],"class_list":["post-117745","post","type-post","status-publish","format-standard","has-post-thumbnail","hentry","category-nacionales","category-noticias"],"yoast_head":"<!-- This site is optimized with the Yoast SEO plugin v27.3 - https:\/\/yoast.com\/product\/yoast-seo-wordpress\/ -->\n<title>Salud presenta plataforma para monitorear el abasto de medicamentos; afirma que ya compr\u00f3 98% de f\u00e1rmacos oncol\u00f3gicos -<\/title>\n<meta name=\"robots\" content=\"index, follow, max-snippet:-1, max-image-preview:large, max-video-preview:-1\" \/>\n<link rel=\"canonical\" href=\"https:\/\/quehacerpolitico.mx\/?p=117745\" \/>\n<meta property=\"og:locale\" content=\"es_MX\" \/>\n<meta property=\"og:type\" content=\"article\" \/>\n<meta property=\"og:title\" content=\"Salud presenta plataforma para monitorear el abasto de medicamentos; afirma que ya compr\u00f3 98% de f\u00e1rmacos oncol\u00f3gicos -\" \/>\n<meta property=\"og:description\" content=\"Por Redacci\u00f3n QP El subsecretario Eduardo Clark detall\u00f3 que la informaci\u00f3n se actualizar\u00e1 cada lunes...\" \/>\n<meta property=\"og:url\" content=\"https:\/\/quehacerpolitico.mx\/?p=117745\" \/>\n<meta property=\"article:published_time\" content=\"2025-07-15T19:08:58+00:00\" \/>\n<meta property=\"article:modified_time\" content=\"2025-07-15T19:09:01+00:00\" \/>\n<meta property=\"og:image\" content=\"https:\/\/quehacerpolitico.mx\/wp-content\/uploads\/2025\/07\/photo-output-1.png\" \/>\n\t<meta property=\"og:image:width\" content=\"2048\" \/>\n\t<meta property=\"og:image:height\" content=\"1134\" \/>\n\t<meta property=\"og:image:type\" content=\"image\/png\" \/>\n<meta name=\"author\" content=\"Redacci\u00f3n QP\" \/>\n<meta name=\"twitter:card\" content=\"summary_large_image\" \/>\n<meta name=\"twitter:label1\" content=\"Escrito por\" \/>\n\t<meta name=\"twitter:data1\" content=\"Redacci\u00f3n QP\" \/>\n\t<meta name=\"twitter:label2\" content=\"Tiempo de lectura\" \/>\n\t<meta name=\"twitter:data2\" content=\"3 minutos\" \/>\n<script type=\"application\/ld+json\" class=\"yoast-schema-graph\">{\"@context\":\"https:\\\/\\\/schema.org\",\"@graph\":[{\"@type\":\"Article\",\"@id\":\"https:\\\/\\\/quehacerpolitico.mx\\\/?p=117745#article\",\"isPartOf\":{\"@id\":\"https:\\\/\\\/quehacerpolitico.mx\\\/?p=117745\"},\"author\":{\"name\":\"Redacci\u00f3n QP\",\"@id\":\"https:\\\/\\\/quehacerpolitico.mx\\\/#\\\/schema\\\/person\\\/496d8ad2d1d3f8036101dca7ee39e585\"},\"headline\":\"Salud presenta plataforma para monitorear el abasto de medicamentos; afirma que ya compr\u00f3 98% de f\u00e1rmacos oncol\u00f3gicos\",\"datePublished\":\"2025-07-15T19:08:58+00:00\",\"dateModified\":\"2025-07-15T19:09:01+00:00\",\"mainEntityOfPage\":{\"@id\":\"https:\\\/\\\/quehacerpolitico.mx\\\/?p=117745\"},\"wordCount\":598,\"commentCount\":0,\"image\":{\"@id\":\"https:\\\/\\\/quehacerpolitico.mx\\\/?p=117745#primaryimage\"},\"thumbnailUrl\":\"https:\\\/\\\/quehacerpolitico.mx\\\/wp-content\\\/uploads\\\/2025\\\/07\\\/photo-output-1.png\",\"articleSection\":[\"Nacionales\",\"Noticias\"],\"inLanguage\":\"es\",\"potentialAction\":[{\"@type\":\"CommentAction\",\"name\":\"Comment\",\"target\":[\"https:\\\/\\\/quehacerpolitico.mx\\\/?p=117745#respond\"]}]},{\"@type\":\"WebPage\",\"@id\":\"https:\\\/\\\/quehacerpolitico.mx\\\/?p=117745\",\"url\":\"https:\\\/\\\/quehacerpolitico.mx\\\/?p=117745\",\"name\":\"Salud presenta plataforma para monitorear el abasto de medicamentos; afirma que ya compr\u00f3 98% de f\u00e1rmacos oncol\u00f3gicos -\",\"isPartOf\":{\"@id\":\"https:\\\/\\\/quehacerpolitico.mx\\\/#website\"},\"primaryImageOfPage\":{\"@id\":\"https:\\\/\\\/quehacerpolitico.mx\\\/?p=117745#primaryimage\"},\"image\":{\"@id\":\"https:\\\/\\\/quehacerpolitico.mx\\\/?p=117745#primaryimage\"},\"thumbnailUrl\":\"https:\\\/\\\/quehacerpolitico.mx\\\/wp-content\\\/uploads\\\/2025\\\/07\\\/photo-output-1.png\",\"datePublished\":\"2025-07-15T19:08:58+00:00\",\"dateModified\":\"2025-07-15T19:09:01+00:00\",\"author\":{\"@id\":\"https:\\\/\\\/quehacerpolitico.mx\\\/#\\\/schema\\\/person\\\/496d8ad2d1d3f8036101dca7ee39e585\"},\"breadcrumb\":{\"@id\":\"https:\\\/\\\/quehacerpolitico.mx\\\/?p=117745#breadcrumb\"},\"inLanguage\":\"es\",\"potentialAction\":[{\"@type\":\"ReadAction\",\"target\":[\"https:\\\/\\\/quehacerpolitico.mx\\\/?p=117745\"]}]},{\"@type\":\"ImageObject\",\"inLanguage\":\"es\",\"@id\":\"https:\\\/\\\/quehacerpolitico.mx\\\/?p=117745#primaryimage\",\"url\":\"https:\\\/\\\/quehacerpolitico.mx\\\/wp-content\\\/uploads\\\/2025\\\/07\\\/photo-output-1.png\",\"contentUrl\":\"https:\\\/\\\/quehacerpolitico.mx\\\/wp-content\\\/uploads\\\/2025\\\/07\\\/photo-output-1.png\",\"width\":2048,\"height\":1134},{\"@type\":\"BreadcrumbList\",\"@id\":\"https:\\\/\\\/quehacerpolitico.mx\\\/?p=117745#breadcrumb\",\"itemListElement\":[{\"@type\":\"ListItem\",\"position\":1,\"name\":\"Inicio\",\"item\":\"https:\\\/\\\/quehacerpolitico.mx\\\/\"},{\"@type\":\"ListItem\",\"position\":2,\"name\":\"Salud presenta plataforma para monitorear el abasto de medicamentos; afirma que ya compr\u00f3 98% de f\u00e1rmacos oncol\u00f3gicos\"}]},{\"@type\":\"WebSite\",\"@id\":\"https:\\\/\\\/quehacerpolitico.mx\\\/#website\",\"url\":\"https:\\\/\\\/quehacerpolitico.mx\\\/\",\"name\":\"\",\"description\":\"\",\"potentialAction\":[{\"@type\":\"SearchAction\",\"target\":{\"@type\":\"EntryPoint\",\"urlTemplate\":\"https:\\\/\\\/quehacerpolitico.mx\\\/?s={search_term_string}\"},\"query-input\":{\"@type\":\"PropertyValueSpecification\",\"valueRequired\":true,\"valueName\":\"search_term_string\"}}],\"inLanguage\":\"es\"},{\"@type\":\"Person\",\"@id\":\"https:\\\/\\\/quehacerpolitico.mx\\\/#\\\/schema\\\/person\\\/496d8ad2d1d3f8036101dca7ee39e585\",\"name\":\"Redacci\u00f3n QP\",\"image\":{\"@type\":\"ImageObject\",\"inLanguage\":\"es\",\"@id\":\"https:\\\/\\\/secure.gravatar.com\\\/avatar\\\/c7164ed6fdec453195284ad24a5ae5b6e1eed2b848477fa2a4787ba9adf39a41?s=96&d=mm&r=g\",\"url\":\"https:\\\/\\\/secure.gravatar.com\\\/avatar\\\/c7164ed6fdec453195284ad24a5ae5b6e1eed2b848477fa2a4787ba9adf39a41?s=96&d=mm&r=g\",\"contentUrl\":\"https:\\\/\\\/secure.gravatar.com\\\/avatar\\\/c7164ed6fdec453195284ad24a5ae5b6e1eed2b848477fa2a4787ba9adf39a41?s=96&d=mm&r=g\",\"caption\":\"Redacci\u00f3n QP\"},\"url\":\"https:\\\/\\\/quehacerpolitico.mx\\\/?author=2\"}]}<\/script>\n<!-- \/ Yoast SEO plugin. -->","yoast_head_json":{"title":"Salud presenta plataforma para monitorear el abasto de medicamentos; afirma que ya compr\u00f3 98% de f\u00e1rmacos oncol\u00f3gicos -","robots":{"index":"index","follow":"follow","max-snippet":"max-snippet:-1","max-image-preview":"max-image-preview:large","max-video-preview":"max-video-preview:-1"},"canonical":"https:\/\/quehacerpolitico.mx\/?p=117745","og_locale":"es_MX","og_type":"article","og_title":"Salud presenta plataforma para monitorear el abasto de medicamentos; afirma que ya compr\u00f3 98% de f\u00e1rmacos oncol\u00f3gicos -","og_description":"Por Redacci\u00f3n QP El subsecretario Eduardo Clark detall\u00f3 que la informaci\u00f3n se actualizar\u00e1 cada lunes...","og_url":"https:\/\/quehacerpolitico.mx\/?p=117745","article_published_time":"2025-07-15T19:08:58+00:00","article_modified_time":"2025-07-15T19:09:01+00:00","og_image":[{"width":2048,"height":1134,"url":"https:\/\/quehacerpolitico.mx\/wp-content\/uploads\/2025\/07\/photo-output-1.png","type":"image\/png"}],"author":"Redacci\u00f3n QP","twitter_card":"summary_large_image","twitter_misc":{"Escrito por":"Redacci\u00f3n QP","Tiempo de lectura":"3 minutos"},"schema":{"@context":"https:\/\/schema.org","@graph":[{"@type":"Article","@id":"https:\/\/quehacerpolitico.mx\/?p=117745#article","isPartOf":{"@id":"https:\/\/quehacerpolitico.mx\/?p=117745"},"author":{"name":"Redacci\u00f3n QP","@id":"https:\/\/quehacerpolitico.mx\/#\/schema\/person\/496d8ad2d1d3f8036101dca7ee39e585"},"headline":"Salud presenta plataforma para monitorear el abasto de medicamentos; afirma que ya compr\u00f3 98% de f\u00e1rmacos oncol\u00f3gicos","datePublished":"2025-07-15T19:08:58+00:00","dateModified":"2025-07-15T19:09:01+00:00","mainEntityOfPage":{"@id":"https:\/\/quehacerpolitico.mx\/?p=117745"},"wordCount":598,"commentCount":0,"image":{"@id":"https:\/\/quehacerpolitico.mx\/?p=117745#primaryimage"},"thumbnailUrl":"https:\/\/quehacerpolitico.mx\/wp-content\/uploads\/2025\/07\/photo-output-1.png","articleSection":["Nacionales","Noticias"],"inLanguage":"es","potentialAction":[{"@type":"CommentAction","name":"Comment","target":["https:\/\/quehacerpolitico.mx\/?p=117745#respond"]}]},{"@type":"WebPage","@id":"https:\/\/quehacerpolitico.mx\/?p=117745","url":"https:\/\/quehacerpolitico.mx\/?p=117745","name":"Salud presenta plataforma para monitorear el abasto de medicamentos; afirma que ya compr\u00f3 98% de f\u00e1rmacos oncol\u00f3gicos -","isPartOf":{"@id":"https:\/\/quehacerpolitico.mx\/#website"},"primaryImageOfPage":{"@id":"https:\/\/quehacerpolitico.mx\/?p=117745#primaryimage"},"image":{"@id":"https:\/\/quehacerpolitico.mx\/?p=117745#primaryimage"},"thumbnailUrl":"https:\/\/quehacerpolitico.mx\/wp-content\/uploads\/2025\/07\/photo-output-1.png","datePublished":"2025-07-15T19:08:58+00:00","dateModified":"2025-07-15T19:09:01+00:00","author":{"@id":"https:\/\/quehacerpolitico.mx\/#\/schema\/person\/496d8ad2d1d3f8036101dca7ee39e585"},"breadcrumb":{"@id":"https:\/\/quehacerpolitico.mx\/?p=117745#breadcrumb"},"inLanguage":"es","potentialAction":[{"@type":"ReadAction","target":["https:\/\/quehacerpolitico.mx\/?p=117745"]}]},{"@type":"ImageObject","inLanguage":"es","@id":"https:\/\/quehacerpolitico.mx\/?p=117745#primaryimage","url":"https:\/\/quehacerpolitico.mx\/wp-content\/uploads\/2025\/07\/photo-output-1.png","contentUrl":"https:\/\/quehacerpolitico.mx\/wp-content\/uploads\/2025\/07\/photo-output-1.png","width":2048,"height":1134},{"@type":"BreadcrumbList","@id":"https:\/\/quehacerpolitico.mx\/?p=117745#breadcrumb","itemListElement":[{"@type":"ListItem","position":1,"name":"Inicio","item":"https:\/\/quehacerpolitico.mx\/"},{"@type":"ListItem","position":2,"name":"Salud presenta plataforma para monitorear el abasto de medicamentos; afirma que ya compr\u00f3 98% de f\u00e1rmacos oncol\u00f3gicos"}]},{"@type":"WebSite","@id":"https:\/\/quehacerpolitico.mx\/#website","url":"https:\/\/quehacerpolitico.mx\/","name":"","description":"","potentialAction":[{"@type":"SearchAction","target":{"@type":"EntryPoint","urlTemplate":"https:\/\/quehacerpolitico.mx\/?s={search_term_string}"},"query-input":{"@type":"PropertyValueSpecification","valueRequired":true,"valueName":"search_term_string"}}],"inLanguage":"es"},{"@type":"Person","@id":"https:\/\/quehacerpolitico.mx\/#\/schema\/person\/496d8ad2d1d3f8036101dca7ee39e585","name":"Redacci\u00f3n QP","image":{"@type":"ImageObject","inLanguage":"es","@id":"https:\/\/secure.gravatar.com\/avatar\/c7164ed6fdec453195284ad24a5ae5b6e1eed2b848477fa2a4787ba9adf39a41?s=96&d=mm&r=g","url":"https:\/\/secure.gravatar.com\/avatar\/c7164ed6fdec453195284ad24a5ae5b6e1eed2b848477fa2a4787ba9adf39a41?s=96&d=mm&r=g","contentUrl":"https:\/\/secure.gravatar.com\/avatar\/c7164ed6fdec453195284ad24a5ae5b6e1eed2b848477fa2a4787ba9adf39a41?s=96&d=mm&r=g","caption":"Redacci\u00f3n QP"},"url":"https:\/\/quehacerpolitico.mx\/?author=2"}]}},"featured_image_urls":{"full":["https:\/\/quehacerpolitico.mx\/wp-content\/uploads\/2025\/07\/photo-output-1.png",2048,1134,false],"thumbnail":["https:\/\/quehacerpolitico.mx\/wp-content\/uploads\/2025\/07\/photo-output-1-150x150.png",150,150,true],"medium":["https:\/\/quehacerpolitico.mx\/wp-content\/uploads\/2025\/07\/photo-output-1-300x166.png",300,166,true],"medium_large":["https:\/\/quehacerpolitico.mx\/wp-content\/uploads\/2025\/07\/photo-output-1-768x425.png",640,354,true],"large":["https:\/\/quehacerpolitico.mx\/wp-content\/uploads\/2025\/07\/photo-output-1-1024x567.png",640,354,true],"1536x1536":["https:\/\/quehacerpolitico.mx\/wp-content\/uploads\/2025\/07\/photo-output-1-1536x851.png",1536,851,true],"2048x2048":["https:\/\/quehacerpolitico.mx\/wp-content\/uploads\/2025\/07\/photo-output-1.png",2048,1134,false],"covernews-featured":["https:\/\/quehacerpolitico.mx\/wp-content\/uploads\/2025\/07\/photo-output-1-1024x567.png",1024,567,true],"covernews-medium":["https:\/\/quehacerpolitico.mx\/wp-content\/uploads\/2025\/07\/photo-output-1-540x340.png",540,340,true]},"author_info":{"display_name":"Redacci\u00f3n QP","author_link":"https:\/\/quehacerpolitico.mx\/?author=2"},"category_info":"<a href=\"https:\/\/quehacerpolitico.mx\/?cat=280\" rel=\"category\">Nacionales<\/a> <a href=\"https:\/\/quehacerpolitico.mx\/?cat=2\" rel=\"category\">Noticias<\/a>","tag_info":"Noticias","comment_count":"0","_links":{"self":[{"href":"https:\/\/quehacerpolitico.mx\/index.php?rest_route=\/wp\/v2\/posts\/117745","targetHints":{"allow":["GET"]}}],"collection":[{"href":"https:\/\/quehacerpolitico.mx\/index.php?rest_route=\/wp\/v2\/posts"}],"about":[{"href":"https:\/\/quehacerpolitico.mx\/index.php?rest_route=\/wp\/v2\/types\/post"}],"author":[{"embeddable":true,"href":"https:\/\/quehacerpolitico.mx\/index.php?rest_route=\/wp\/v2\/users\/2"}],"replies":[{"embeddable":true,"href":"https:\/\/quehacerpolitico.mx\/index.php?rest_route=%2Fwp%2Fv2%2Fcomments&post=117745"}],"version-history":[{"count":1,"href":"https:\/\/quehacerpolitico.mx\/index.php?rest_route=\/wp\/v2\/posts\/117745\/revisions"}],"predecessor-version":[{"id":117747,"href":"https:\/\/quehacerpolitico.mx\/index.php?rest_route=\/wp\/v2\/posts\/117745\/revisions\/117747"}],"wp:featuredmedia":[{"embeddable":true,"href":"https:\/\/quehacerpolitico.mx\/index.php?rest_route=\/wp\/v2\/media\/117746"}],"wp:attachment":[{"href":"https:\/\/quehacerpolitico.mx\/index.php?rest_route=%2Fwp%2Fv2%2Fmedia&parent=117745"}],"wp:term":[{"taxonomy":"category","embeddable":true,"href":"https:\/\/quehacerpolitico.mx\/index.php?rest_route=%2Fwp%2Fv2%2Fcategories&post=117745"},{"taxonomy":"post_tag","embeddable":true,"href":"https:\/\/quehacerpolitico.mx\/index.php?rest_route=%2Fwp%2Fv2%2Ftags&post=117745"}],"curies":[{"name":"wp","href":"https:\/\/api.w.org\/{rel}","templated":true}]}}