{"id":117742,"date":"2025-07-15T12:30:43","date_gmt":"2025-07-15T18:30:43","guid":{"rendered":"https:\/\/quehacerpolitico.mx\/?p=117742"},"modified":"2025-07-15T12:30:47","modified_gmt":"2025-07-15T18:30:47","slug":"inflacion-en-eu-mantiene-tendencia-al-alza-y-alcanza-un-2-7-interanual-en-junio","status":"publish","type":"post","link":"https:\/\/quehacerpolitico.mx\/?p=117742","title":{"rendered":"Inflaci\u00f3n en EU mantiene tendencia al alza y alcanza un 2.7% interanual en junio"},"content":{"rendered":"\n<p>Por Redacci\u00f3n QP<\/p>\n\n\n\n<p>De acuerdo con analistas, este podr\u00eda ser el inicio de una tendencia ascendente consistente con los impactos esperados por la imposici\u00f3n de aranceles de Trump<\/p>\n\n\n\n<p>El&nbsp;<strong>\u00cdndice de Precios de Consumo<\/strong>(IPC) de Estados Unidos&nbsp;<strong>subi\u00f3 un 2.7%<\/strong>interanual en junio, un aumento de tres d\u00e9cimas con respecto al dato de mayo, seg\u00fan inform\u00f3 este martes el Bur\u00f3 de Estad\u00edsticas Laborales (BLS).<\/p>\n\n\n\n<p>La&nbsp;<strong>inflaci\u00f3n subyacente<\/strong>, que excluye la energ\u00eda y los alimentos, los elementos m\u00e1s vol\u00e1tiles, se situ\u00f3 en el&nbsp;<strong>2.9%<\/strong>, a tono con lo pronosticado por los analistas, en lo que podr\u00eda ser el inicio de una&nbsp;<strong>tendencia ascendente<\/strong>&nbsp;y un indicio de los impactos de los aranceles anunciados en abril por el presidente estadounidense, Donald Trump.<\/p>\n\n\n\n<p>En comparaci\u00f3n con el mes previo, la inflaci\u00f3n\u00a0<strong>subi\u00f3 un 0.3%<\/strong>\u00a0mientras que el dato subyacente aument\u00f3\u00a0<strong>0.2%<\/strong>, despu\u00e9s de que ambos se elevaran solo un\u00a0<strong>0.1%<\/strong>\u00a0<strong>en mayo<\/strong>, indicadores que permitir\u00edan a la Reserva Federal mantener su posici\u00f3n de cautela antes de decidir una reducci\u00f3n en los tipos de inter\u00e9s pese a las presiones de la Casa Blanca.<\/p>\n\n\n\n<p>El&nbsp;<strong>\u00edndice de vivienda<\/strong>&nbsp;subi\u00f3 un&nbsp;<strong>0.2% en junio<\/strong>&nbsp;y se mantiene como el factor principal que influye en las subidas mensuales de todos los art\u00edculos en los \u00faltimos meses, seg\u00fan el BLS.<\/p>\n\n\n\n<p>El&nbsp;<strong>precio de los alimentos<\/strong>&nbsp;tambi\u00e9n repunt\u00f3 un&nbsp;<strong>0.3% en junio<\/strong>, un dato similar al de mayo, impulsado por un alza del 1.4% en los costos de las bebidas no alcoh\u00f3licas, un&nbsp;<strong>aumento del 2.2% del caf\u00e9<\/strong>&nbsp;(un rubro altamente expuesto a la&nbsp;<strong>relaci\u00f3n con Brasil<\/strong>), un 0.9% en las frutas y verduras.<\/p>\n\n\n\n<p>Por otro lado, los&nbsp;<strong>cereales y productos de panader\u00eda cayeron un 0.2%<\/strong>&nbsp;tras la subida del 1.1% del mes anterior, mientras que el \u00edndice de las&nbsp;<strong>carnes, aves, pescado y huevos disminuy\u00f3 un 0.1%<\/strong>.<\/p>\n\n\n\n<p>El \u00edndice de&nbsp;<strong>energ\u00eda subi\u00f3 un 0.9%<\/strong>&nbsp;en junio, despu\u00e9s de disminuir un 1% en mayo, debido sobre todo al incremento del 1% en los costes de la gasolina.<\/p>\n\n\n\n<p>En t\u00e9rminos&nbsp;<strong>interanuales<\/strong>, la&nbsp;<strong>energ\u00eda disminuy\u00f3 hasta un 0.8%<\/strong>&nbsp;con respecto al mismo mes de 2024, mientras que el \u00edndice de alimentos aument\u00f3 un 3% en el mismo periodo.&nbsp;<\/p>\n\n\n\n<p>La atenci\u00f3n m\u00e9dica, los seguros de autom\u00f3viles, el mobiliario para el hogar, los art\u00edculos de cuidado personal y educaci\u00f3n estuvieron entre los indicadores que aumentaron en junio, en una tendencia al alza que se ha mantenido constante en los \u00faltimos meses.&nbsp;<\/p>\n\n\n\n<p>Entre los que disminuyeron est\u00e1n las tarifas a\u00e9reas, los autos usados, los veh\u00edculos nuevos y las prendas de vestir.&nbsp;<\/p>\n\n\n\n<p>El Comit\u00e9 de Mercado Abierto de la Reserva Federal (Fed) se reunir\u00e1 los pr\u00f3ximos 29 y 30 de julio para decidir sobre los tipos de inter\u00e9s, que se han mantenido en un rango del 4.25 al 4.5% desde el recorte de diciembre de 2024.<\/p>\n\n\n\n<p>Con informaci\u00f3n de EFE<\/p>\n","protected":false},"excerpt":{"rendered":"<p>Por Redacci\u00f3n QP De acuerdo con analistas, este podr\u00eda ser el inicio de una tendencia&#8230;<\/p>\n","protected":false},"author":2,"featured_media":117743,"comment_status":"open","ping_status":"open","sticky":false,"template":"","format":"standard","meta":{"_monsterinsights_skip_tracking":false,"_monsterinsights_sitenote_active":false,"_monsterinsights_sitenote_note":"","_monsterinsights_sitenote_category":0,"footnotes":""},"categories":[56],"tags":[],"class_list":["post-117742","post","type-post","status-publish","format-standard","has-post-thumbnail","hentry","category-economia"],"yoast_head":"<!-- This site is optimized with the Yoast SEO plugin v27.3 - https:\/\/yoast.com\/product\/yoast-seo-wordpress\/ -->\n<title>Inflaci\u00f3n en EU mantiene tendencia al alza y alcanza un 2.7% interanual en junio -<\/title>\n<meta name=\"robots\" content=\"index, follow, max-snippet:-1, max-image-preview:large, max-video-preview:-1\" \/>\n<link rel=\"canonical\" href=\"https:\/\/quehacerpolitico.mx\/?p=117742\" \/>\n<meta property=\"og:locale\" content=\"es_MX\" \/>\n<meta property=\"og:type\" content=\"article\" \/>\n<meta property=\"og:title\" content=\"Inflaci\u00f3n en EU mantiene tendencia al alza y alcanza un 2.7% interanual en junio -\" \/>\n<meta property=\"og:description\" content=\"Por Redacci\u00f3n QP De acuerdo con analistas, este podr\u00eda ser el inicio de una tendencia...\" \/>\n<meta property=\"og:url\" content=\"https:\/\/quehacerpolitico.mx\/?p=117742\" \/>\n<meta property=\"article:published_time\" content=\"2025-07-15T18:30:43+00:00\" \/>\n<meta property=\"article:modified_time\" content=\"2025-07-15T18:30:47+00:00\" \/>\n<meta property=\"og:image\" content=\"https:\/\/quehacerpolitico.mx\/wp-content\/uploads\/2025\/07\/IMG_1772.jpeg\" \/>\n\t<meta property=\"og:image:width\" content=\"715\" \/>\n\t<meta property=\"og:image:height\" content=\"429\" \/>\n\t<meta property=\"og:image:type\" content=\"image\/jpeg\" \/>\n<meta name=\"author\" content=\"Redacci\u00f3n QP\" \/>\n<meta name=\"twitter:card\" content=\"summary_large_image\" \/>\n<meta name=\"twitter:label1\" content=\"Escrito por\" \/>\n\t<meta name=\"twitter:data1\" content=\"Redacci\u00f3n QP\" \/>\n\t<meta name=\"twitter:label2\" content=\"Tiempo de lectura\" \/>\n\t<meta name=\"twitter:data2\" content=\"3 minutos\" \/>\n<script type=\"application\/ld+json\" class=\"yoast-schema-graph\">{\"@context\":\"https:\\\/\\\/schema.org\",\"@graph\":[{\"@type\":\"Article\",\"@id\":\"https:\\\/\\\/quehacerpolitico.mx\\\/?p=117742#article\",\"isPartOf\":{\"@id\":\"https:\\\/\\\/quehacerpolitico.mx\\\/?p=117742\"},\"author\":{\"name\":\"Redacci\u00f3n QP\",\"@id\":\"https:\\\/\\\/quehacerpolitico.mx\\\/#\\\/schema\\\/person\\\/496d8ad2d1d3f8036101dca7ee39e585\"},\"headline\":\"Inflaci\u00f3n en EU mantiene tendencia al alza y alcanza un 2.7% interanual en junio\",\"datePublished\":\"2025-07-15T18:30:43+00:00\",\"dateModified\":\"2025-07-15T18:30:47+00:00\",\"mainEntityOfPage\":{\"@id\":\"https:\\\/\\\/quehacerpolitico.mx\\\/?p=117742\"},\"wordCount\":522,\"commentCount\":0,\"image\":{\"@id\":\"https:\\\/\\\/quehacerpolitico.mx\\\/?p=117742#primaryimage\"},\"thumbnailUrl\":\"https:\\\/\\\/quehacerpolitico.mx\\\/wp-content\\\/uploads\\\/2025\\\/07\\\/IMG_1772.jpeg\",\"articleSection\":[\"Econom\u00eda\"],\"inLanguage\":\"es\",\"potentialAction\":[{\"@type\":\"CommentAction\",\"name\":\"Comment\",\"target\":[\"https:\\\/\\\/quehacerpolitico.mx\\\/?p=117742#respond\"]}]},{\"@type\":\"WebPage\",\"@id\":\"https:\\\/\\\/quehacerpolitico.mx\\\/?p=117742\",\"url\":\"https:\\\/\\\/quehacerpolitico.mx\\\/?p=117742\",\"name\":\"Inflaci\u00f3n en EU mantiene tendencia al alza y alcanza un 2.7% interanual en junio -\",\"isPartOf\":{\"@id\":\"https:\\\/\\\/quehacerpolitico.mx\\\/#website\"},\"primaryImageOfPage\":{\"@id\":\"https:\\\/\\\/quehacerpolitico.mx\\\/?p=117742#primaryimage\"},\"image\":{\"@id\":\"https:\\\/\\\/quehacerpolitico.mx\\\/?p=117742#primaryimage\"},\"thumbnailUrl\":\"https:\\\/\\\/quehacerpolitico.mx\\\/wp-content\\\/uploads\\\/2025\\\/07\\\/IMG_1772.jpeg\",\"datePublished\":\"2025-07-15T18:30:43+00:00\",\"dateModified\":\"2025-07-15T18:30:47+00:00\",\"author\":{\"@id\":\"https:\\\/\\\/quehacerpolitico.mx\\\/#\\\/schema\\\/person\\\/496d8ad2d1d3f8036101dca7ee39e585\"},\"breadcrumb\":{\"@id\":\"https:\\\/\\\/quehacerpolitico.mx\\\/?p=117742#breadcrumb\"},\"inLanguage\":\"es\",\"potentialAction\":[{\"@type\":\"ReadAction\",\"target\":[\"https:\\\/\\\/quehacerpolitico.mx\\\/?p=117742\"]}]},{\"@type\":\"ImageObject\",\"inLanguage\":\"es\",\"@id\":\"https:\\\/\\\/quehacerpolitico.mx\\\/?p=117742#primaryimage\",\"url\":\"https:\\\/\\\/quehacerpolitico.mx\\\/wp-content\\\/uploads\\\/2025\\\/07\\\/IMG_1772.jpeg\",\"contentUrl\":\"https:\\\/\\\/quehacerpolitico.mx\\\/wp-content\\\/uploads\\\/2025\\\/07\\\/IMG_1772.jpeg\",\"width\":715,\"height\":429},{\"@type\":\"BreadcrumbList\",\"@id\":\"https:\\\/\\\/quehacerpolitico.mx\\\/?p=117742#breadcrumb\",\"itemListElement\":[{\"@type\":\"ListItem\",\"position\":1,\"name\":\"Inicio\",\"item\":\"https:\\\/\\\/quehacerpolitico.mx\\\/\"},{\"@type\":\"ListItem\",\"position\":2,\"name\":\"Inflaci\u00f3n en EU mantiene tendencia al alza y alcanza un 2.7% interanual en junio\"}]},{\"@type\":\"WebSite\",\"@id\":\"https:\\\/\\\/quehacerpolitico.mx\\\/#website\",\"url\":\"https:\\\/\\\/quehacerpolitico.mx\\\/\",\"name\":\"\",\"description\":\"\",\"potentialAction\":[{\"@type\":\"SearchAction\",\"target\":{\"@type\":\"EntryPoint\",\"urlTemplate\":\"https:\\\/\\\/quehacerpolitico.mx\\\/?s={search_term_string}\"},\"query-input\":{\"@type\":\"PropertyValueSpecification\",\"valueRequired\":true,\"valueName\":\"search_term_string\"}}],\"inLanguage\":\"es\"},{\"@type\":\"Person\",\"@id\":\"https:\\\/\\\/quehacerpolitico.mx\\\/#\\\/schema\\\/person\\\/496d8ad2d1d3f8036101dca7ee39e585\",\"name\":\"Redacci\u00f3n QP\",\"image\":{\"@type\":\"ImageObject\",\"inLanguage\":\"es\",\"@id\":\"https:\\\/\\\/secure.gravatar.com\\\/avatar\\\/c7164ed6fdec453195284ad24a5ae5b6e1eed2b848477fa2a4787ba9adf39a41?s=96&d=mm&r=g\",\"url\":\"https:\\\/\\\/secure.gravatar.com\\\/avatar\\\/c7164ed6fdec453195284ad24a5ae5b6e1eed2b848477fa2a4787ba9adf39a41?s=96&d=mm&r=g\",\"contentUrl\":\"https:\\\/\\\/secure.gravatar.com\\\/avatar\\\/c7164ed6fdec453195284ad24a5ae5b6e1eed2b848477fa2a4787ba9adf39a41?s=96&d=mm&r=g\",\"caption\":\"Redacci\u00f3n QP\"},\"url\":\"https:\\\/\\\/quehacerpolitico.mx\\\/?author=2\"}]}<\/script>\n<!-- \/ Yoast SEO plugin. -->","yoast_head_json":{"title":"Inflaci\u00f3n en EU mantiene tendencia al alza y alcanza un 2.7% interanual en junio -","robots":{"index":"index","follow":"follow","max-snippet":"max-snippet:-1","max-image-preview":"max-image-preview:large","max-video-preview":"max-video-preview:-1"},"canonical":"https:\/\/quehacerpolitico.mx\/?p=117742","og_locale":"es_MX","og_type":"article","og_title":"Inflaci\u00f3n en EU mantiene tendencia al alza y alcanza un 2.7% interanual en junio -","og_description":"Por Redacci\u00f3n QP De acuerdo con analistas, este podr\u00eda ser el inicio de una tendencia...","og_url":"https:\/\/quehacerpolitico.mx\/?p=117742","article_published_time":"2025-07-15T18:30:43+00:00","article_modified_time":"2025-07-15T18:30:47+00:00","og_image":[{"width":715,"height":429,"url":"https:\/\/quehacerpolitico.mx\/wp-content\/uploads\/2025\/07\/IMG_1772.jpeg","type":"image\/jpeg"}],"author":"Redacci\u00f3n QP","twitter_card":"summary_large_image","twitter_misc":{"Escrito por":"Redacci\u00f3n QP","Tiempo de lectura":"3 minutos"},"schema":{"@context":"https:\/\/schema.org","@graph":[{"@type":"Article","@id":"https:\/\/quehacerpolitico.mx\/?p=117742#article","isPartOf":{"@id":"https:\/\/quehacerpolitico.mx\/?p=117742"},"author":{"name":"Redacci\u00f3n QP","@id":"https:\/\/quehacerpolitico.mx\/#\/schema\/person\/496d8ad2d1d3f8036101dca7ee39e585"},"headline":"Inflaci\u00f3n en EU mantiene tendencia al alza y alcanza un 2.7% interanual en junio","datePublished":"2025-07-15T18:30:43+00:00","dateModified":"2025-07-15T18:30:47+00:00","mainEntityOfPage":{"@id":"https:\/\/quehacerpolitico.mx\/?p=117742"},"wordCount":522,"commentCount":0,"image":{"@id":"https:\/\/quehacerpolitico.mx\/?p=117742#primaryimage"},"thumbnailUrl":"https:\/\/quehacerpolitico.mx\/wp-content\/uploads\/2025\/07\/IMG_1772.jpeg","articleSection":["Econom\u00eda"],"inLanguage":"es","potentialAction":[{"@type":"CommentAction","name":"Comment","target":["https:\/\/quehacerpolitico.mx\/?p=117742#respond"]}]},{"@type":"WebPage","@id":"https:\/\/quehacerpolitico.mx\/?p=117742","url":"https:\/\/quehacerpolitico.mx\/?p=117742","name":"Inflaci\u00f3n en EU mantiene tendencia al alza y alcanza un 2.7% interanual en junio -","isPartOf":{"@id":"https:\/\/quehacerpolitico.mx\/#website"},"primaryImageOfPage":{"@id":"https:\/\/quehacerpolitico.mx\/?p=117742#primaryimage"},"image":{"@id":"https:\/\/quehacerpolitico.mx\/?p=117742#primaryimage"},"thumbnailUrl":"https:\/\/quehacerpolitico.mx\/wp-content\/uploads\/2025\/07\/IMG_1772.jpeg","datePublished":"2025-07-15T18:30:43+00:00","dateModified":"2025-07-15T18:30:47+00:00","author":{"@id":"https:\/\/quehacerpolitico.mx\/#\/schema\/person\/496d8ad2d1d3f8036101dca7ee39e585"},"breadcrumb":{"@id":"https:\/\/quehacerpolitico.mx\/?p=117742#breadcrumb"},"inLanguage":"es","potentialAction":[{"@type":"ReadAction","target":["https:\/\/quehacerpolitico.mx\/?p=117742"]}]},{"@type":"ImageObject","inLanguage":"es","@id":"https:\/\/quehacerpolitico.mx\/?p=117742#primaryimage","url":"https:\/\/quehacerpolitico.mx\/wp-content\/uploads\/2025\/07\/IMG_1772.jpeg","contentUrl":"https:\/\/quehacerpolitico.mx\/wp-content\/uploads\/2025\/07\/IMG_1772.jpeg","width":715,"height":429},{"@type":"BreadcrumbList","@id":"https:\/\/quehacerpolitico.mx\/?p=117742#breadcrumb","itemListElement":[{"@type":"ListItem","position":1,"name":"Inicio","item":"https:\/\/quehacerpolitico.mx\/"},{"@type":"ListItem","position":2,"name":"Inflaci\u00f3n en EU mantiene tendencia al alza y alcanza un 2.7% interanual en junio"}]},{"@type":"WebSite","@id":"https:\/\/quehacerpolitico.mx\/#website","url":"https:\/\/quehacerpolitico.mx\/","name":"","description":"","potentialAction":[{"@type":"SearchAction","target":{"@type":"EntryPoint","urlTemplate":"https:\/\/quehacerpolitico.mx\/?s={search_term_string}"},"query-input":{"@type":"PropertyValueSpecification","valueRequired":true,"valueName":"search_term_string"}}],"inLanguage":"es"},{"@type":"Person","@id":"https:\/\/quehacerpolitico.mx\/#\/schema\/person\/496d8ad2d1d3f8036101dca7ee39e585","name":"Redacci\u00f3n QP","image":{"@type":"ImageObject","inLanguage":"es","@id":"https:\/\/secure.gravatar.com\/avatar\/c7164ed6fdec453195284ad24a5ae5b6e1eed2b848477fa2a4787ba9adf39a41?s=96&d=mm&r=g","url":"https:\/\/secure.gravatar.com\/avatar\/c7164ed6fdec453195284ad24a5ae5b6e1eed2b848477fa2a4787ba9adf39a41?s=96&d=mm&r=g","contentUrl":"https:\/\/secure.gravatar.com\/avatar\/c7164ed6fdec453195284ad24a5ae5b6e1eed2b848477fa2a4787ba9adf39a41?s=96&d=mm&r=g","caption":"Redacci\u00f3n QP"},"url":"https:\/\/quehacerpolitico.mx\/?author=2"}]}},"featured_image_urls":{"full":["https:\/\/quehacerpolitico.mx\/wp-content\/uploads\/2025\/07\/IMG_1772.jpeg",715,429,false],"thumbnail":["https:\/\/quehacerpolitico.mx\/wp-content\/uploads\/2025\/07\/IMG_1772-150x150.jpeg",150,150,true],"medium":["https:\/\/quehacerpolitico.mx\/wp-content\/uploads\/2025\/07\/IMG_1772-300x180.jpeg",300,180,true],"medium_large":["https:\/\/quehacerpolitico.mx\/wp-content\/uploads\/2025\/07\/IMG_1772.jpeg",640,384,false],"large":["https:\/\/quehacerpolitico.mx\/wp-content\/uploads\/2025\/07\/IMG_1772.jpeg",640,384,false],"1536x1536":["https:\/\/quehacerpolitico.mx\/wp-content\/uploads\/2025\/07\/IMG_1772.jpeg",715,429,false],"2048x2048":["https:\/\/quehacerpolitico.mx\/wp-content\/uploads\/2025\/07\/IMG_1772.jpeg",715,429,false],"covernews-featured":["https:\/\/quehacerpolitico.mx\/wp-content\/uploads\/2025\/07\/IMG_1772.jpeg",715,429,false],"covernews-medium":["https:\/\/quehacerpolitico.mx\/wp-content\/uploads\/2025\/07\/IMG_1772-540x340.jpeg",540,340,true]},"author_info":{"display_name":"Redacci\u00f3n QP","author_link":"https:\/\/quehacerpolitico.mx\/?author=2"},"category_info":"<a href=\"https:\/\/quehacerpolitico.mx\/?cat=56\" rel=\"category\">Econom\u00eda<\/a>","tag_info":"Econom\u00eda","comment_count":"0","_links":{"self":[{"href":"https:\/\/quehacerpolitico.mx\/index.php?rest_route=\/wp\/v2\/posts\/117742","targetHints":{"allow":["GET"]}}],"collection":[{"href":"https:\/\/quehacerpolitico.mx\/index.php?rest_route=\/wp\/v2\/posts"}],"about":[{"href":"https:\/\/quehacerpolitico.mx\/index.php?rest_route=\/wp\/v2\/types\/post"}],"author":[{"embeddable":true,"href":"https:\/\/quehacerpolitico.mx\/index.php?rest_route=\/wp\/v2\/users\/2"}],"replies":[{"embeddable":true,"href":"https:\/\/quehacerpolitico.mx\/index.php?rest_route=%2Fwp%2Fv2%2Fcomments&post=117742"}],"version-history":[{"count":1,"href":"https:\/\/quehacerpolitico.mx\/index.php?rest_route=\/wp\/v2\/posts\/117742\/revisions"}],"predecessor-version":[{"id":117744,"href":"https:\/\/quehacerpolitico.mx\/index.php?rest_route=\/wp\/v2\/posts\/117742\/revisions\/117744"}],"wp:featuredmedia":[{"embeddable":true,"href":"https:\/\/quehacerpolitico.mx\/index.php?rest_route=\/wp\/v2\/media\/117743"}],"wp:attachment":[{"href":"https:\/\/quehacerpolitico.mx\/index.php?rest_route=%2Fwp%2Fv2%2Fmedia&parent=117742"}],"wp:term":[{"taxonomy":"category","embeddable":true,"href":"https:\/\/quehacerpolitico.mx\/index.php?rest_route=%2Fwp%2Fv2%2Fcategories&post=117742"},{"taxonomy":"post_tag","embeddable":true,"href":"https:\/\/quehacerpolitico.mx\/index.php?rest_route=%2Fwp%2Fv2%2Ftags&post=117742"}],"curies":[{"name":"wp","href":"https:\/\/api.w.org\/{rel}","templated":true}]}}