{"id":11773,"date":"2018-12-14T14:55:19","date_gmt":"2018-12-14T14:55:19","guid":{"rendered":"http:\/\/quehacerpolitico.mx\/a-media-noche-casi-a-escondidas-martha-erika-protesta-como-gobernadora-de-puebla-en-el-tsj\/"},"modified":"2018-12-14T14:55:19","modified_gmt":"2018-12-14T14:55:19","slug":"a-media-noche-casi-a-escondidas-martha-erika-protesta-como-gobernadora-de-puebla-en-el-tsj","status":"publish","type":"post","link":"https:\/\/quehacerpolitico.mx\/?p=11773","title":{"rendered":"A media noche, casi a escondidas, Martha Erika protesta como Gobernadora de Puebla en el TSJ"},"content":{"rendered":"<h1>A media noche, casi a escondidas, Martha Erika protesta como Gobernadora de Puebla en el TSJ<\/h1>\n<p>Por Redacci\u00f3n QP<\/p>\n<p><strong>Martha Erika Alonso Hidalgo rindi\u00f3 protesta<\/strong> el d\u00eda de ayer\u00a0 como<strong>Gobernadora del Estado de Puebla<\/strong> en una sesi\u00f3n extraordinaria celebrada minutos antes de la media noche en las instalaciones del <strong>Tribunal Superior de Justicia de Puebla<\/strong>. En la ceremonia s\u00f3lo estuvieron la esposa de Rafael Moreno Valle y Antonio Gali Fayad, mandatario saliente, as\u00ed como los jueces del tribunal.<\/p>\n<p>El Partido Acci\u00f3n Nacional (PAN) retiene as\u00ed el poder en la entidad, a pesar de las protestas de la oposici\u00f3n sobre la legalidad en la elecci\u00f3n. Alonso fue Primera Dama antes de convertirse en Gobernadora.<\/p>\n<p>Luego de que Alonso Hidalgo rindiera protesta, el\u00a0Magistrado presidente del TSJ del estado,\u00a0H\u00e9ctor S\u00e1nchez S\u00e1nchez, hizo uso de la palabra felicitar a la panista por\u00a0 su triunfo en las urnas y desearle \u00e9xito durante su administraci\u00f3n.<\/p>\n<blockquote class=\"twitter-tweet\" data-width=\"550\" data-dnt=\"true\">\n<p lang=\"es\" dir=\"ltr\">Durante sesi\u00f3n p\u00fablica extraordinaria del PJ, se llev\u00f3 a cabo la toma de protesta de <a href=\"https:\/\/twitter.com\/MarthaErikaA?ref_src=twsrc%5Etfw\">@MarthaErikaA<\/a> como Gobernadora del Estado, ante el Magistrado Hector Sanchez Presidente del <a href=\"https:\/\/twitter.com\/hashtag\/HTSJPuebla?src=hash&amp;ref_src=twsrc%5Etfw\">#HTSJPuebla<\/a>; contando con la asistencia de <a href=\"https:\/\/twitter.com\/TonyGali?ref_src=twsrc%5Etfw\">@TonyGali<\/a> y magistrados del Poder Judicial. <a href=\"https:\/\/t.co\/VaW2AZHOh7\">pic.twitter.com\/VaW2AZHOh7<\/a><\/p>\n<p>&mdash; Poder Judicial Puebla (@PodJudPue) <a href=\"https:\/\/twitter.com\/PodJudPue\/status\/1073479750411317248?ref_src=twsrc%5Etfw\">December 14, 2018<\/a><\/p><\/blockquote>\n<p><script async src=\"https:\/\/platform.twitter.com\/widgets.js\" charset=\"utf-8\"><\/script><\/p>\n<p>El magistrado asegur\u00f3 que el<strong> Tribunal Electoral<\/strong> local vio con agrado que \u201cse respet\u00f3 el estado de derecho\u201d en el pasado proceso electoral, lo cual ha derivado en la ratificaci\u00f3n de Alonso como nueva mandataria estatal. Por ello, no dud\u00f3 que con su liderazgo en el\u00a0poder ejecutivo ser\u00e1 posible fortalecer el respeto entre poderes, siempre con la mira en el bienestar de la ciudadan\u00eda.<\/p>\n<blockquote>\n<p>\u201c\u00a1En hora buena por su gesti\u00f3n! \u00a1En hora buena por la primera Gobernadora de Puebla!\u00a0 \u00a1En hora buena por Puebla!\u201d, expres\u00f3 el magistrado al final de su discurso.<\/p>\n<\/blockquote>\n<p>Enseguida toco turno a <strong>Marta Erika,<\/strong> quien agradeci\u00f3\u00a0la presencia de los magistrados y del ahora ex Gobernador Gali Fayad.<\/p>\n<p>Asegur\u00f3 que ser ratificada el d\u00eda de hoy como Gobernadora \u201ces el m\u00e1s alto honor que me han conferido los poblanos y las poblanas\u201d, por lo que procurar\u00e1 responder a esa confianza con su trabajo durante su administraci\u00f3n.<\/p>\n<p>Se dijo consciente de que los \u201cretos que enfrenta el estado exigen la coordinaci\u00f3n entre \u00f3rganos de gobierno y los actores p\u00fablicos\u201d, por lo que lanz\u00f3 un llamado a la reconciliaci\u00f3n para trabajar en conjunto durante los pr\u00f3ximos seis a\u00f1os.<\/p>\n<p>La toma de protesta de la panista tuvo que trasladarse a las instalaciones del Tribunal Superior de Justicia del Estado, debido a que no exist\u00edan condiciones para que la ceremonia se llevara a cabo en el el Congreso local como lo marca la constituci\u00f3n de Puebla.<\/p>\n","protected":false},"excerpt":{"rendered":"<p>A media noche, casi a escondidas, Martha Erika protesta como Gobernadora de Puebla en el TSJ<br \/>\nPor Redacci\u00f3n QP<\/p>\n","protected":false},"author":2,"featured_media":11772,"comment_status":"open","ping_status":"open","sticky":false,"template":"","format":"standard","meta":{"_monsterinsights_skip_tracking":false,"_monsterinsights_sitenote_active":false,"_monsterinsights_sitenote_note":"","_monsterinsights_sitenote_category":0,"footnotes":""},"categories":[2],"tags":[],"class_list":["post-11773","post","type-post","status-publish","format-standard","has-post-thumbnail","hentry","category-noticias"],"yoast_head":"<!-- This site is optimized with the Yoast SEO plugin v27.3 - https:\/\/yoast.com\/product\/yoast-seo-wordpress\/ -->\n<title>A media noche, casi a escondidas, Martha Erika protesta como Gobernadora de Puebla en el TSJ -<\/title>\n<meta name=\"robots\" content=\"index, follow, max-snippet:-1, max-image-preview:large, max-video-preview:-1\" \/>\n<link rel=\"canonical\" href=\"https:\/\/quehacerpolitico.mx\/?p=11773\" \/>\n<meta property=\"og:locale\" content=\"es_MX\" \/>\n<meta property=\"og:type\" content=\"article\" \/>\n<meta property=\"og:title\" content=\"A media noche, casi a escondidas, Martha Erika protesta como Gobernadora de Puebla en el TSJ -\" \/>\n<meta property=\"og:description\" content=\"A media noche, casi a escondidas, Martha Erika protesta como Gobernadora de Puebla en el TSJ Por Redacci\u00f3n QP\" \/>\n<meta property=\"og:url\" content=\"https:\/\/quehacerpolitico.mx\/?p=11773\" \/>\n<meta property=\"article:published_time\" content=\"2018-12-14T14:55:19+00:00\" \/>\n<meta name=\"author\" content=\"Redacci\u00f3n QP\" \/>\n<meta name=\"twitter:card\" content=\"summary_large_image\" \/>\n<meta name=\"twitter:label1\" content=\"Escrito por\" \/>\n\t<meta name=\"twitter:data1\" content=\"Redacci\u00f3n QP\" \/>\n\t<meta name=\"twitter:label2\" content=\"Tiempo de lectura\" \/>\n\t<meta name=\"twitter:data2\" content=\"2 minutos\" \/>\n<script type=\"application\/ld+json\" class=\"yoast-schema-graph\">{\"@context\":\"https:\\\/\\\/schema.org\",\"@graph\":[{\"@type\":\"Article\",\"@id\":\"https:\\\/\\\/quehacerpolitico.mx\\\/?p=11773#article\",\"isPartOf\":{\"@id\":\"https:\\\/\\\/quehacerpolitico.mx\\\/?p=11773\"},\"author\":{\"name\":\"Redacci\u00f3n QP\",\"@id\":\"https:\\\/\\\/quehacerpolitico.mx\\\/#\\\/schema\\\/person\\\/496d8ad2d1d3f8036101dca7ee39e585\"},\"headline\":\"A media noche, casi a escondidas, Martha Erika protesta como Gobernadora de Puebla en el TSJ\",\"datePublished\":\"2018-12-14T14:55:19+00:00\",\"mainEntityOfPage\":{\"@id\":\"https:\\\/\\\/quehacerpolitico.mx\\\/?p=11773\"},\"wordCount\":434,\"commentCount\":0,\"image\":{\"@id\":\"https:\\\/\\\/quehacerpolitico.mx\\\/?p=11773#primaryimage\"},\"thumbnailUrl\":\"\",\"articleSection\":[\"Noticias\"],\"inLanguage\":\"es\",\"potentialAction\":[{\"@type\":\"CommentAction\",\"name\":\"Comment\",\"target\":[\"https:\\\/\\\/quehacerpolitico.mx\\\/?p=11773#respond\"]}]},{\"@type\":\"WebPage\",\"@id\":\"https:\\\/\\\/quehacerpolitico.mx\\\/?p=11773\",\"url\":\"https:\\\/\\\/quehacerpolitico.mx\\\/?p=11773\",\"name\":\"A media noche, casi a escondidas, Martha Erika protesta como Gobernadora de Puebla en el TSJ -\",\"isPartOf\":{\"@id\":\"https:\\\/\\\/quehacerpolitico.mx\\\/#website\"},\"primaryImageOfPage\":{\"@id\":\"https:\\\/\\\/quehacerpolitico.mx\\\/?p=11773#primaryimage\"},\"image\":{\"@id\":\"https:\\\/\\\/quehacerpolitico.mx\\\/?p=11773#primaryimage\"},\"thumbnailUrl\":\"\",\"datePublished\":\"2018-12-14T14:55:19+00:00\",\"author\":{\"@id\":\"https:\\\/\\\/quehacerpolitico.mx\\\/#\\\/schema\\\/person\\\/496d8ad2d1d3f8036101dca7ee39e585\"},\"breadcrumb\":{\"@id\":\"https:\\\/\\\/quehacerpolitico.mx\\\/?p=11773#breadcrumb\"},\"inLanguage\":\"es\",\"potentialAction\":[{\"@type\":\"ReadAction\",\"target\":[\"https:\\\/\\\/quehacerpolitico.mx\\\/?p=11773\"]}]},{\"@type\":\"ImageObject\",\"inLanguage\":\"es\",\"@id\":\"https:\\\/\\\/quehacerpolitico.mx\\\/?p=11773#primaryimage\",\"url\":\"\",\"contentUrl\":\"\"},{\"@type\":\"BreadcrumbList\",\"@id\":\"https:\\\/\\\/quehacerpolitico.mx\\\/?p=11773#breadcrumb\",\"itemListElement\":[{\"@type\":\"ListItem\",\"position\":1,\"name\":\"Inicio\",\"item\":\"https:\\\/\\\/quehacerpolitico.mx\\\/\"},{\"@type\":\"ListItem\",\"position\":2,\"name\":\"A media noche, casi a escondidas, Martha Erika protesta como Gobernadora de Puebla en el TSJ\"}]},{\"@type\":\"WebSite\",\"@id\":\"https:\\\/\\\/quehacerpolitico.mx\\\/#website\",\"url\":\"https:\\\/\\\/quehacerpolitico.mx\\\/\",\"name\":\"\",\"description\":\"\",\"potentialAction\":[{\"@type\":\"SearchAction\",\"target\":{\"@type\":\"EntryPoint\",\"urlTemplate\":\"https:\\\/\\\/quehacerpolitico.mx\\\/?s={search_term_string}\"},\"query-input\":{\"@type\":\"PropertyValueSpecification\",\"valueRequired\":true,\"valueName\":\"search_term_string\"}}],\"inLanguage\":\"es\"},{\"@type\":\"Person\",\"@id\":\"https:\\\/\\\/quehacerpolitico.mx\\\/#\\\/schema\\\/person\\\/496d8ad2d1d3f8036101dca7ee39e585\",\"name\":\"Redacci\u00f3n QP\",\"image\":{\"@type\":\"ImageObject\",\"inLanguage\":\"es\",\"@id\":\"https:\\\/\\\/secure.gravatar.com\\\/avatar\\\/c7164ed6fdec453195284ad24a5ae5b6e1eed2b848477fa2a4787ba9adf39a41?s=96&d=mm&r=g\",\"url\":\"https:\\\/\\\/secure.gravatar.com\\\/avatar\\\/c7164ed6fdec453195284ad24a5ae5b6e1eed2b848477fa2a4787ba9adf39a41?s=96&d=mm&r=g\",\"contentUrl\":\"https:\\\/\\\/secure.gravatar.com\\\/avatar\\\/c7164ed6fdec453195284ad24a5ae5b6e1eed2b848477fa2a4787ba9adf39a41?s=96&d=mm&r=g\",\"caption\":\"Redacci\u00f3n QP\"},\"url\":\"https:\\\/\\\/quehacerpolitico.mx\\\/?author=2\"}]}<\/script>\n<!-- \/ Yoast SEO plugin. -->","yoast_head_json":{"title":"A media noche, casi a escondidas, Martha Erika protesta como Gobernadora de Puebla en el TSJ -","robots":{"index":"index","follow":"follow","max-snippet":"max-snippet:-1","max-image-preview":"max-image-preview:large","max-video-preview":"max-video-preview:-1"},"canonical":"https:\/\/quehacerpolitico.mx\/?p=11773","og_locale":"es_MX","og_type":"article","og_title":"A media noche, casi a escondidas, Martha Erika protesta como Gobernadora de Puebla en el TSJ -","og_description":"A media noche, casi a escondidas, Martha Erika protesta como Gobernadora de Puebla en el TSJ Por Redacci\u00f3n QP","og_url":"https:\/\/quehacerpolitico.mx\/?p=11773","article_published_time":"2018-12-14T14:55:19+00:00","author":"Redacci\u00f3n QP","twitter_card":"summary_large_image","twitter_misc":{"Escrito por":"Redacci\u00f3n QP","Tiempo de lectura":"2 minutos"},"schema":{"@context":"https:\/\/schema.org","@graph":[{"@type":"Article","@id":"https:\/\/quehacerpolitico.mx\/?p=11773#article","isPartOf":{"@id":"https:\/\/quehacerpolitico.mx\/?p=11773"},"author":{"name":"Redacci\u00f3n QP","@id":"https:\/\/quehacerpolitico.mx\/#\/schema\/person\/496d8ad2d1d3f8036101dca7ee39e585"},"headline":"A media noche, casi a escondidas, Martha Erika protesta como Gobernadora de Puebla en el TSJ","datePublished":"2018-12-14T14:55:19+00:00","mainEntityOfPage":{"@id":"https:\/\/quehacerpolitico.mx\/?p=11773"},"wordCount":434,"commentCount":0,"image":{"@id":"https:\/\/quehacerpolitico.mx\/?p=11773#primaryimage"},"thumbnailUrl":"","articleSection":["Noticias"],"inLanguage":"es","potentialAction":[{"@type":"CommentAction","name":"Comment","target":["https:\/\/quehacerpolitico.mx\/?p=11773#respond"]}]},{"@type":"WebPage","@id":"https:\/\/quehacerpolitico.mx\/?p=11773","url":"https:\/\/quehacerpolitico.mx\/?p=11773","name":"A media noche, casi a escondidas, Martha Erika protesta como Gobernadora de Puebla en el TSJ -","isPartOf":{"@id":"https:\/\/quehacerpolitico.mx\/#website"},"primaryImageOfPage":{"@id":"https:\/\/quehacerpolitico.mx\/?p=11773#primaryimage"},"image":{"@id":"https:\/\/quehacerpolitico.mx\/?p=11773#primaryimage"},"thumbnailUrl":"","datePublished":"2018-12-14T14:55:19+00:00","author":{"@id":"https:\/\/quehacerpolitico.mx\/#\/schema\/person\/496d8ad2d1d3f8036101dca7ee39e585"},"breadcrumb":{"@id":"https:\/\/quehacerpolitico.mx\/?p=11773#breadcrumb"},"inLanguage":"es","potentialAction":[{"@type":"ReadAction","target":["https:\/\/quehacerpolitico.mx\/?p=11773"]}]},{"@type":"ImageObject","inLanguage":"es","@id":"https:\/\/quehacerpolitico.mx\/?p=11773#primaryimage","url":"","contentUrl":""},{"@type":"BreadcrumbList","@id":"https:\/\/quehacerpolitico.mx\/?p=11773#breadcrumb","itemListElement":[{"@type":"ListItem","position":1,"name":"Inicio","item":"https:\/\/quehacerpolitico.mx\/"},{"@type":"ListItem","position":2,"name":"A media noche, casi a escondidas, Martha Erika protesta como Gobernadora de Puebla en el TSJ"}]},{"@type":"WebSite","@id":"https:\/\/quehacerpolitico.mx\/#website","url":"https:\/\/quehacerpolitico.mx\/","name":"","description":"","potentialAction":[{"@type":"SearchAction","target":{"@type":"EntryPoint","urlTemplate":"https:\/\/quehacerpolitico.mx\/?s={search_term_string}"},"query-input":{"@type":"PropertyValueSpecification","valueRequired":true,"valueName":"search_term_string"}}],"inLanguage":"es"},{"@type":"Person","@id":"https:\/\/quehacerpolitico.mx\/#\/schema\/person\/496d8ad2d1d3f8036101dca7ee39e585","name":"Redacci\u00f3n QP","image":{"@type":"ImageObject","inLanguage":"es","@id":"https:\/\/secure.gravatar.com\/avatar\/c7164ed6fdec453195284ad24a5ae5b6e1eed2b848477fa2a4787ba9adf39a41?s=96&d=mm&r=g","url":"https:\/\/secure.gravatar.com\/avatar\/c7164ed6fdec453195284ad24a5ae5b6e1eed2b848477fa2a4787ba9adf39a41?s=96&d=mm&r=g","contentUrl":"https:\/\/secure.gravatar.com\/avatar\/c7164ed6fdec453195284ad24a5ae5b6e1eed2b848477fa2a4787ba9adf39a41?s=96&d=mm&r=g","caption":"Redacci\u00f3n QP"},"url":"https:\/\/quehacerpolitico.mx\/?author=2"}]}},"featured_image_urls":{"full":"","thumbnail":"","medium":"","medium_large":"","large":"","1536x1536":"","2048x2048":"","covernews-featured":"","covernews-medium":""},"author_info":{"display_name":"Redacci\u00f3n QP","author_link":"https:\/\/quehacerpolitico.mx\/?author=2"},"category_info":"<a href=\"https:\/\/quehacerpolitico.mx\/?cat=2\" rel=\"category\">Noticias<\/a>","tag_info":"Noticias","comment_count":"0","_links":{"self":[{"href":"https:\/\/quehacerpolitico.mx\/index.php?rest_route=\/wp\/v2\/posts\/11773","targetHints":{"allow":["GET"]}}],"collection":[{"href":"https:\/\/quehacerpolitico.mx\/index.php?rest_route=\/wp\/v2\/posts"}],"about":[{"href":"https:\/\/quehacerpolitico.mx\/index.php?rest_route=\/wp\/v2\/types\/post"}],"author":[{"embeddable":true,"href":"https:\/\/quehacerpolitico.mx\/index.php?rest_route=\/wp\/v2\/users\/2"}],"replies":[{"embeddable":true,"href":"https:\/\/quehacerpolitico.mx\/index.php?rest_route=%2Fwp%2Fv2%2Fcomments&post=11773"}],"version-history":[{"count":0,"href":"https:\/\/quehacerpolitico.mx\/index.php?rest_route=\/wp\/v2\/posts\/11773\/revisions"}],"wp:featuredmedia":[{"embeddable":true,"href":"https:\/\/quehacerpolitico.mx\/index.php?rest_route=\/"}],"wp:attachment":[{"href":"https:\/\/quehacerpolitico.mx\/index.php?rest_route=%2Fwp%2Fv2%2Fmedia&parent=11773"}],"wp:term":[{"taxonomy":"category","embeddable":true,"href":"https:\/\/quehacerpolitico.mx\/index.php?rest_route=%2Fwp%2Fv2%2Fcategories&post=11773"},{"taxonomy":"post_tag","embeddable":true,"href":"https:\/\/quehacerpolitico.mx\/index.php?rest_route=%2Fwp%2Fv2%2Ftags&post=11773"}],"curies":[{"name":"wp","href":"https:\/\/api.w.org\/{rel}","templated":true}]}}