{"id":117720,"date":"2025-07-14T14:35:34","date_gmt":"2025-07-14T20:35:34","guid":{"rendered":"https:\/\/quehacerpolitico.mx\/?p=117720"},"modified":"2025-07-14T14:48:20","modified_gmt":"2025-07-14T20:48:20","slug":"clara-brugada-jefa-de-gabinete-vieron-de-la-cdmx-entrega-el-programa-desde-la-cuna-a-22-mil-beneficiarias-y-beneficiarios-que-tendran-cubiertos-los-primeros-1000-dias-de-su-vida","status":"publish","type":"post","link":"https:\/\/quehacerpolitico.mx\/?p=117720","title":{"rendered":"Clara Brugada Jefa de Gobierno de la CDMX entrega el programa Desde la Cuna a 22 mil beneficiarias y beneficiarios que tendr\u00e1n cubiertos los primeros 1,000 d\u00edas de su vida"},"content":{"rendered":"\n<p>Por Redacci\u00f3n QP<\/p>\n\n\n\n<p>La meta es de 85 mil beb\u00e9s, que reciben mil 200 pesos bimestrales<\/p>\n\n\n\n<p><strong>Suman unos 66 mil menores de tres a\u00f1os que son beneficiados<\/strong>&nbsp;con un apoyo econ\u00f3mico en la Ciudad de M\u00e9xico&nbsp;<strong>como parte del programa&nbsp;<\/strong>Desde la Cuna<strong>.<\/strong>&nbsp;<\/p>\n\n\n\n<p><strong>Este lunes en la Plaza de la Constituci\u00f3n<\/strong>, la jefa de Gobierno,&nbsp;Clara Brugada, encabez\u00f3 la entrega de m\u00e1s de 22 mil apoyos con lo que suman m\u00e1s de 66 mil de la meta de 2025 que es de 85 mil menores beneficiarios.<\/p>\n\n\n\n<figure class=\"wp-block-gallery has-nested-images columns-default is-cropped wp-block-gallery-1 is-layout-flex wp-block-gallery-is-layout-flex\">\n<figure class=\"wp-block-image size-large\"><img loading=\"lazy\" decoding=\"async\" width=\"1024\" height=\"787\" data-id=\"117721\" src=\"https:\/\/quehacerpolitico.mx\/wp-content\/uploads\/2025\/07\/IMG_1760-1024x787.jpeg\" alt=\"\" class=\"wp-image-117721\" srcset=\"https:\/\/quehacerpolitico.mx\/wp-content\/uploads\/2025\/07\/IMG_1760-1024x787.jpeg 1024w, https:\/\/quehacerpolitico.mx\/wp-content\/uploads\/2025\/07\/IMG_1760-300x231.jpeg 300w, https:\/\/quehacerpolitico.mx\/wp-content\/uploads\/2025\/07\/IMG_1760-768x590.jpeg 768w, https:\/\/quehacerpolitico.mx\/wp-content\/uploads\/2025\/07\/IMG_1760-1536x1181.jpeg 1536w, https:\/\/quehacerpolitico.mx\/wp-content\/uploads\/2025\/07\/IMG_1760.jpeg 1599w\" sizes=\"auto, (max-width: 1024px) 100vw, 1024px\" \/><\/figure>\n\n\n\n<figure class=\"wp-block-image size-large\"><img loading=\"lazy\" decoding=\"async\" width=\"1024\" height=\"832\" data-id=\"117722\" src=\"https:\/\/quehacerpolitico.mx\/wp-content\/uploads\/2025\/07\/IMG_1759-1024x832.jpeg\" alt=\"\" class=\"wp-image-117722\" srcset=\"https:\/\/quehacerpolitico.mx\/wp-content\/uploads\/2025\/07\/IMG_1759-1024x832.jpeg 1024w, https:\/\/quehacerpolitico.mx\/wp-content\/uploads\/2025\/07\/IMG_1759-300x244.jpeg 300w, https:\/\/quehacerpolitico.mx\/wp-content\/uploads\/2025\/07\/IMG_1759-768x624.jpeg 768w, https:\/\/quehacerpolitico.mx\/wp-content\/uploads\/2025\/07\/IMG_1759-1536x1248.jpeg 1536w, https:\/\/quehacerpolitico.mx\/wp-content\/uploads\/2025\/07\/IMG_1759.jpeg 1600w\" sizes=\"auto, (max-width: 1024px) 100vw, 1024px\" \/><\/figure>\n<\/figure>\n\n\n\n<p>La mandataria capitalina indic\u00f3 que en 2026 se lograr\u00e1 la universalidad del programa que entrega mil 200 pesos bimestrales.&nbsp;<\/p>\n\n\n\n<p>Adem\u00e1s, se imparten talleres sobre crianza, se ofrece seguimiento m\u00e9dico, estimulaci\u00f3n temprana,&nbsp;<strong>entre otros beneficios para los beb\u00e9s y sus padres.<\/strong><\/p>\n\n\n\n<h2 class=\"wp-block-heading\">Nuevo programa beneficiar\u00e1 a mujeres embarazadas<\/h2>\n\n\n\n<p>Brugada anunci\u00f3 un nuevo programa que&nbsp;<strong>pr\u00f3ximamente apoyar\u00e1 a las mujeres embarazadas<\/strong>.<\/p>\n\n\n\n<p>Destac\u00f3 que en la capital existen programas para beneficiar a las personas desde la infancia hasta la vejez y a\u00f1adi\u00f3 que ello caracteriza a las pol\u00edticas sociales de los gobiernos de la 4T.&nbsp;<\/p>\n\n\n\n<p>Incluso, dijo, que su administraci\u00f3n est\u00e1 esperando que nazcan nuevos capitalinos para apoyarlos.<\/p>\n\n\n\n<p><strong>Hoy decimos que, en esta ciudad, y lo podemos decir, y nos sentimos muy orgullosos, que en esta Ciudad de M\u00e9xico los que nacen tienen derechos, los estamos esperando a los reci\u00e9n nacidos para apoyarlos en su vida, desde peque\u00f1itos, es m\u00e1s desde antes que nazcan\u201d, expres\u00f3.<\/strong><\/p>\n\n\n\n<figure class=\"wp-block-embed is-type-rich is-provider-twitter wp-block-embed-twitter\"><div class=\"wp-block-embed__wrapper\">\n<blockquote class=\"twitter-tweet\" data-width=\"550\" data-dnt=\"true\"><p lang=\"es\" dir=\"ltr\"><a href=\"https:\/\/twitter.com\/hashtag\/EnVivo?src=hash&amp;ref_src=twsrc%5Etfw\">#EnVivo<\/a> \u25b6\ufe0f La <a href=\"https:\/\/twitter.com\/hashtag\/JefaDeGobierno?src=hash&amp;ref_src=twsrc%5Etfw\">#JefaDeGobierno<\/a>, <a href=\"https:\/\/twitter.com\/ClaraBrugadaM?ref_src=twsrc%5Etfw\">@ClaraBrugadaM<\/a>, preside la entrega del programa <a href=\"https:\/\/twitter.com\/hashtag\/DesdeLaCuna?src=hash&amp;ref_src=twsrc%5Etfw\">#DesdeLaCuna<\/a>. <a href=\"https:\/\/t.co\/NBJiUVcwqo\">https:\/\/t.co\/NBJiUVcwqo<\/a><\/p>&mdash; Gobierno de la Ciudad de M\u00e9xico (@GobCDMX) <a href=\"https:\/\/twitter.com\/GobCDMX\/status\/1944790348821401850?ref_src=twsrc%5Etfw\">July 14, 2025<\/a><\/blockquote><script async src=\"https:\/\/platform.twitter.com\/widgets.js\" charset=\"utf-8\"><\/script>\n<\/div><\/figure>\n","protected":false},"excerpt":{"rendered":"<p>Por Redacci\u00f3n QP La meta es de 85 mil beb\u00e9s, que reciben mil 200 pesos&#8230;<\/p>\n","protected":false},"author":2,"featured_media":117723,"comment_status":"open","ping_status":"open","sticky":false,"template":"","format":"standard","meta":{"_monsterinsights_skip_tracking":false,"_monsterinsights_sitenote_active":false,"_monsterinsights_sitenote_note":"","_monsterinsights_sitenote_category":0,"footnotes":""},"categories":[55],"tags":[],"class_list":["post-117720","post","type-post","status-publish","format-standard","has-post-thumbnail","hentry","category-cdmx"],"yoast_head":"<!-- This site is optimized with the Yoast SEO plugin v27.3 - https:\/\/yoast.com\/product\/yoast-seo-wordpress\/ -->\n<title>Clara Brugada Jefa de Gobierno de la CDMX entrega el programa Desde la Cuna a 22 mil beneficiarias y beneficiarios que tendr\u00e1n cubiertos los primeros 1,000 d\u00edas de su vida -<\/title>\n<meta name=\"robots\" content=\"index, follow, max-snippet:-1, max-image-preview:large, max-video-preview:-1\" \/>\n<link rel=\"canonical\" href=\"https:\/\/quehacerpolitico.mx\/?p=117720\" \/>\n<meta property=\"og:locale\" content=\"es_MX\" \/>\n<meta property=\"og:type\" content=\"article\" \/>\n<meta property=\"og:title\" content=\"Clara Brugada Jefa de Gobierno de la CDMX entrega el programa Desde la Cuna a 22 mil beneficiarias y beneficiarios que tendr\u00e1n cubiertos los primeros 1,000 d\u00edas de su vida -\" \/>\n<meta property=\"og:description\" content=\"Por Redacci\u00f3n QP La meta es de 85 mil beb\u00e9s, que reciben mil 200 pesos...\" \/>\n<meta property=\"og:url\" content=\"https:\/\/quehacerpolitico.mx\/?p=117720\" \/>\n<meta property=\"article:published_time\" content=\"2025-07-14T20:35:34+00:00\" \/>\n<meta property=\"article:modified_time\" content=\"2025-07-14T20:48:20+00:00\" \/>\n<meta property=\"og:image\" content=\"https:\/\/quehacerpolitico.mx\/wp-content\/uploads\/2025\/07\/IMG_1758.jpeg\" \/>\n\t<meta property=\"og:image:width\" content=\"1600\" \/>\n\t<meta property=\"og:image:height\" content=\"1159\" \/>\n\t<meta property=\"og:image:type\" content=\"image\/jpeg\" \/>\n<meta name=\"author\" content=\"Redacci\u00f3n QP\" \/>\n<meta name=\"twitter:card\" content=\"summary_large_image\" \/>\n<meta name=\"twitter:label1\" content=\"Escrito por\" \/>\n\t<meta name=\"twitter:data1\" content=\"Redacci\u00f3n QP\" \/>\n\t<meta name=\"twitter:label2\" content=\"Tiempo de lectura\" \/>\n\t<meta name=\"twitter:data2\" content=\"1 minuto\" \/>\n<script type=\"application\/ld+json\" class=\"yoast-schema-graph\">{\"@context\":\"https:\\\/\\\/schema.org\",\"@graph\":[{\"@type\":\"Article\",\"@id\":\"https:\\\/\\\/quehacerpolitico.mx\\\/?p=117720#article\",\"isPartOf\":{\"@id\":\"https:\\\/\\\/quehacerpolitico.mx\\\/?p=117720\"},\"author\":{\"name\":\"Redacci\u00f3n QP\",\"@id\":\"https:\\\/\\\/quehacerpolitico.mx\\\/#\\\/schema\\\/person\\\/496d8ad2d1d3f8036101dca7ee39e585\"},\"headline\":\"Clara Brugada Jefa de Gobierno de la CDMX entrega el programa Desde la Cuna a 22 mil beneficiarias y beneficiarios que tendr\u00e1n cubiertos los primeros 1,000 d\u00edas de su vida\",\"datePublished\":\"2025-07-14T20:35:34+00:00\",\"dateModified\":\"2025-07-14T20:48:20+00:00\",\"mainEntityOfPage\":{\"@id\":\"https:\\\/\\\/quehacerpolitico.mx\\\/?p=117720\"},\"wordCount\":293,\"commentCount\":0,\"image\":{\"@id\":\"https:\\\/\\\/quehacerpolitico.mx\\\/?p=117720#primaryimage\"},\"thumbnailUrl\":\"https:\\\/\\\/quehacerpolitico.mx\\\/wp-content\\\/uploads\\\/2025\\\/07\\\/IMG_1758.jpeg\",\"articleSection\":[\"CDMX\"],\"inLanguage\":\"es\",\"potentialAction\":[{\"@type\":\"CommentAction\",\"name\":\"Comment\",\"target\":[\"https:\\\/\\\/quehacerpolitico.mx\\\/?p=117720#respond\"]}]},{\"@type\":\"WebPage\",\"@id\":\"https:\\\/\\\/quehacerpolitico.mx\\\/?p=117720\",\"url\":\"https:\\\/\\\/quehacerpolitico.mx\\\/?p=117720\",\"name\":\"Clara Brugada Jefa de Gobierno de la CDMX entrega el programa Desde la Cuna a 22 mil beneficiarias y beneficiarios que tendr\u00e1n cubiertos los primeros 1,000 d\u00edas de su vida -\",\"isPartOf\":{\"@id\":\"https:\\\/\\\/quehacerpolitico.mx\\\/#website\"},\"primaryImageOfPage\":{\"@id\":\"https:\\\/\\\/quehacerpolitico.mx\\\/?p=117720#primaryimage\"},\"image\":{\"@id\":\"https:\\\/\\\/quehacerpolitico.mx\\\/?p=117720#primaryimage\"},\"thumbnailUrl\":\"https:\\\/\\\/quehacerpolitico.mx\\\/wp-content\\\/uploads\\\/2025\\\/07\\\/IMG_1758.jpeg\",\"datePublished\":\"2025-07-14T20:35:34+00:00\",\"dateModified\":\"2025-07-14T20:48:20+00:00\",\"author\":{\"@id\":\"https:\\\/\\\/quehacerpolitico.mx\\\/#\\\/schema\\\/person\\\/496d8ad2d1d3f8036101dca7ee39e585\"},\"breadcrumb\":{\"@id\":\"https:\\\/\\\/quehacerpolitico.mx\\\/?p=117720#breadcrumb\"},\"inLanguage\":\"es\",\"potentialAction\":[{\"@type\":\"ReadAction\",\"target\":[\"https:\\\/\\\/quehacerpolitico.mx\\\/?p=117720\"]}]},{\"@type\":\"ImageObject\",\"inLanguage\":\"es\",\"@id\":\"https:\\\/\\\/quehacerpolitico.mx\\\/?p=117720#primaryimage\",\"url\":\"https:\\\/\\\/quehacerpolitico.mx\\\/wp-content\\\/uploads\\\/2025\\\/07\\\/IMG_1758.jpeg\",\"contentUrl\":\"https:\\\/\\\/quehacerpolitico.mx\\\/wp-content\\\/uploads\\\/2025\\\/07\\\/IMG_1758.jpeg\",\"width\":1600,\"height\":1159},{\"@type\":\"BreadcrumbList\",\"@id\":\"https:\\\/\\\/quehacerpolitico.mx\\\/?p=117720#breadcrumb\",\"itemListElement\":[{\"@type\":\"ListItem\",\"position\":1,\"name\":\"Inicio\",\"item\":\"https:\\\/\\\/quehacerpolitico.mx\\\/\"},{\"@type\":\"ListItem\",\"position\":2,\"name\":\"Clara Brugada Jefa de Gobierno de la CDMX entrega el programa Desde la Cuna a 22 mil beneficiarias y beneficiarios que tendr\u00e1n cubiertos los primeros 1,000 d\u00edas de su vida\"}]},{\"@type\":\"WebSite\",\"@id\":\"https:\\\/\\\/quehacerpolitico.mx\\\/#website\",\"url\":\"https:\\\/\\\/quehacerpolitico.mx\\\/\",\"name\":\"\",\"description\":\"\",\"potentialAction\":[{\"@type\":\"SearchAction\",\"target\":{\"@type\":\"EntryPoint\",\"urlTemplate\":\"https:\\\/\\\/quehacerpolitico.mx\\\/?s={search_term_string}\"},\"query-input\":{\"@type\":\"PropertyValueSpecification\",\"valueRequired\":true,\"valueName\":\"search_term_string\"}}],\"inLanguage\":\"es\"},{\"@type\":\"Person\",\"@id\":\"https:\\\/\\\/quehacerpolitico.mx\\\/#\\\/schema\\\/person\\\/496d8ad2d1d3f8036101dca7ee39e585\",\"name\":\"Redacci\u00f3n QP\",\"image\":{\"@type\":\"ImageObject\",\"inLanguage\":\"es\",\"@id\":\"https:\\\/\\\/secure.gravatar.com\\\/avatar\\\/c7164ed6fdec453195284ad24a5ae5b6e1eed2b848477fa2a4787ba9adf39a41?s=96&d=mm&r=g\",\"url\":\"https:\\\/\\\/secure.gravatar.com\\\/avatar\\\/c7164ed6fdec453195284ad24a5ae5b6e1eed2b848477fa2a4787ba9adf39a41?s=96&d=mm&r=g\",\"contentUrl\":\"https:\\\/\\\/secure.gravatar.com\\\/avatar\\\/c7164ed6fdec453195284ad24a5ae5b6e1eed2b848477fa2a4787ba9adf39a41?s=96&d=mm&r=g\",\"caption\":\"Redacci\u00f3n QP\"},\"url\":\"https:\\\/\\\/quehacerpolitico.mx\\\/?author=2\"}]}<\/script>\n<!-- \/ Yoast SEO plugin. -->","yoast_head_json":{"title":"Clara Brugada Jefa de Gobierno de la CDMX entrega el programa Desde la Cuna a 22 mil beneficiarias y beneficiarios que tendr\u00e1n cubiertos los primeros 1,000 d\u00edas de su vida -","robots":{"index":"index","follow":"follow","max-snippet":"max-snippet:-1","max-image-preview":"max-image-preview:large","max-video-preview":"max-video-preview:-1"},"canonical":"https:\/\/quehacerpolitico.mx\/?p=117720","og_locale":"es_MX","og_type":"article","og_title":"Clara Brugada Jefa de Gobierno de la CDMX entrega el programa Desde la Cuna a 22 mil beneficiarias y beneficiarios que tendr\u00e1n cubiertos los primeros 1,000 d\u00edas de su vida -","og_description":"Por Redacci\u00f3n QP La meta es de 85 mil beb\u00e9s, que reciben mil 200 pesos...","og_url":"https:\/\/quehacerpolitico.mx\/?p=117720","article_published_time":"2025-07-14T20:35:34+00:00","article_modified_time":"2025-07-14T20:48:20+00:00","og_image":[{"width":1600,"height":1159,"url":"https:\/\/quehacerpolitico.mx\/wp-content\/uploads\/2025\/07\/IMG_1758.jpeg","type":"image\/jpeg"}],"author":"Redacci\u00f3n QP","twitter_card":"summary_large_image","twitter_misc":{"Escrito por":"Redacci\u00f3n QP","Tiempo de lectura":"1 minuto"},"schema":{"@context":"https:\/\/schema.org","@graph":[{"@type":"Article","@id":"https:\/\/quehacerpolitico.mx\/?p=117720#article","isPartOf":{"@id":"https:\/\/quehacerpolitico.mx\/?p=117720"},"author":{"name":"Redacci\u00f3n QP","@id":"https:\/\/quehacerpolitico.mx\/#\/schema\/person\/496d8ad2d1d3f8036101dca7ee39e585"},"headline":"Clara Brugada Jefa de Gobierno de la CDMX entrega el programa Desde la Cuna a 22 mil beneficiarias y beneficiarios que tendr\u00e1n cubiertos los primeros 1,000 d\u00edas de su vida","datePublished":"2025-07-14T20:35:34+00:00","dateModified":"2025-07-14T20:48:20+00:00","mainEntityOfPage":{"@id":"https:\/\/quehacerpolitico.mx\/?p=117720"},"wordCount":293,"commentCount":0,"image":{"@id":"https:\/\/quehacerpolitico.mx\/?p=117720#primaryimage"},"thumbnailUrl":"https:\/\/quehacerpolitico.mx\/wp-content\/uploads\/2025\/07\/IMG_1758.jpeg","articleSection":["CDMX"],"inLanguage":"es","potentialAction":[{"@type":"CommentAction","name":"Comment","target":["https:\/\/quehacerpolitico.mx\/?p=117720#respond"]}]},{"@type":"WebPage","@id":"https:\/\/quehacerpolitico.mx\/?p=117720","url":"https:\/\/quehacerpolitico.mx\/?p=117720","name":"Clara Brugada Jefa de Gobierno de la CDMX entrega el programa Desde la Cuna a 22 mil beneficiarias y beneficiarios que tendr\u00e1n cubiertos los primeros 1,000 d\u00edas de su vida -","isPartOf":{"@id":"https:\/\/quehacerpolitico.mx\/#website"},"primaryImageOfPage":{"@id":"https:\/\/quehacerpolitico.mx\/?p=117720#primaryimage"},"image":{"@id":"https:\/\/quehacerpolitico.mx\/?p=117720#primaryimage"},"thumbnailUrl":"https:\/\/quehacerpolitico.mx\/wp-content\/uploads\/2025\/07\/IMG_1758.jpeg","datePublished":"2025-07-14T20:35:34+00:00","dateModified":"2025-07-14T20:48:20+00:00","author":{"@id":"https:\/\/quehacerpolitico.mx\/#\/schema\/person\/496d8ad2d1d3f8036101dca7ee39e585"},"breadcrumb":{"@id":"https:\/\/quehacerpolitico.mx\/?p=117720#breadcrumb"},"inLanguage":"es","potentialAction":[{"@type":"ReadAction","target":["https:\/\/quehacerpolitico.mx\/?p=117720"]}]},{"@type":"ImageObject","inLanguage":"es","@id":"https:\/\/quehacerpolitico.mx\/?p=117720#primaryimage","url":"https:\/\/quehacerpolitico.mx\/wp-content\/uploads\/2025\/07\/IMG_1758.jpeg","contentUrl":"https:\/\/quehacerpolitico.mx\/wp-content\/uploads\/2025\/07\/IMG_1758.jpeg","width":1600,"height":1159},{"@type":"BreadcrumbList","@id":"https:\/\/quehacerpolitico.mx\/?p=117720#breadcrumb","itemListElement":[{"@type":"ListItem","position":1,"name":"Inicio","item":"https:\/\/quehacerpolitico.mx\/"},{"@type":"ListItem","position":2,"name":"Clara Brugada Jefa de Gobierno de la CDMX entrega el programa Desde la Cuna a 22 mil beneficiarias y beneficiarios que tendr\u00e1n cubiertos los primeros 1,000 d\u00edas de su vida"}]},{"@type":"WebSite","@id":"https:\/\/quehacerpolitico.mx\/#website","url":"https:\/\/quehacerpolitico.mx\/","name":"","description":"","potentialAction":[{"@type":"SearchAction","target":{"@type":"EntryPoint","urlTemplate":"https:\/\/quehacerpolitico.mx\/?s={search_term_string}"},"query-input":{"@type":"PropertyValueSpecification","valueRequired":true,"valueName":"search_term_string"}}],"inLanguage":"es"},{"@type":"Person","@id":"https:\/\/quehacerpolitico.mx\/#\/schema\/person\/496d8ad2d1d3f8036101dca7ee39e585","name":"Redacci\u00f3n QP","image":{"@type":"ImageObject","inLanguage":"es","@id":"https:\/\/secure.gravatar.com\/avatar\/c7164ed6fdec453195284ad24a5ae5b6e1eed2b848477fa2a4787ba9adf39a41?s=96&d=mm&r=g","url":"https:\/\/secure.gravatar.com\/avatar\/c7164ed6fdec453195284ad24a5ae5b6e1eed2b848477fa2a4787ba9adf39a41?s=96&d=mm&r=g","contentUrl":"https:\/\/secure.gravatar.com\/avatar\/c7164ed6fdec453195284ad24a5ae5b6e1eed2b848477fa2a4787ba9adf39a41?s=96&d=mm&r=g","caption":"Redacci\u00f3n QP"},"url":"https:\/\/quehacerpolitico.mx\/?author=2"}]}},"featured_image_urls":{"full":["https:\/\/quehacerpolitico.mx\/wp-content\/uploads\/2025\/07\/IMG_1758.jpeg",1600,1159,false],"thumbnail":["https:\/\/quehacerpolitico.mx\/wp-content\/uploads\/2025\/07\/IMG_1758-150x150.jpeg",150,150,true],"medium":["https:\/\/quehacerpolitico.mx\/wp-content\/uploads\/2025\/07\/IMG_1758-300x217.jpeg",300,217,true],"medium_large":["https:\/\/quehacerpolitico.mx\/wp-content\/uploads\/2025\/07\/IMG_1758-768x556.jpeg",640,463,true],"large":["https:\/\/quehacerpolitico.mx\/wp-content\/uploads\/2025\/07\/IMG_1758-1024x742.jpeg",640,464,true],"1536x1536":["https:\/\/quehacerpolitico.mx\/wp-content\/uploads\/2025\/07\/IMG_1758-1536x1113.jpeg",1536,1113,true],"2048x2048":["https:\/\/quehacerpolitico.mx\/wp-content\/uploads\/2025\/07\/IMG_1758.jpeg",1600,1159,false],"covernews-featured":["https:\/\/quehacerpolitico.mx\/wp-content\/uploads\/2025\/07\/IMG_1758-1024x742.jpeg",1024,742,true],"covernews-medium":["https:\/\/quehacerpolitico.mx\/wp-content\/uploads\/2025\/07\/IMG_1758-540x340.jpeg",540,340,true]},"author_info":{"display_name":"Redacci\u00f3n QP","author_link":"https:\/\/quehacerpolitico.mx\/?author=2"},"category_info":"<a href=\"https:\/\/quehacerpolitico.mx\/?cat=55\" rel=\"category\">CDMX<\/a>","tag_info":"CDMX","comment_count":"0","_links":{"self":[{"href":"https:\/\/quehacerpolitico.mx\/index.php?rest_route=\/wp\/v2\/posts\/117720","targetHints":{"allow":["GET"]}}],"collection":[{"href":"https:\/\/quehacerpolitico.mx\/index.php?rest_route=\/wp\/v2\/posts"}],"about":[{"href":"https:\/\/quehacerpolitico.mx\/index.php?rest_route=\/wp\/v2\/types\/post"}],"author":[{"embeddable":true,"href":"https:\/\/quehacerpolitico.mx\/index.php?rest_route=\/wp\/v2\/users\/2"}],"replies":[{"embeddable":true,"href":"https:\/\/quehacerpolitico.mx\/index.php?rest_route=%2Fwp%2Fv2%2Fcomments&post=117720"}],"version-history":[{"count":2,"href":"https:\/\/quehacerpolitico.mx\/index.php?rest_route=\/wp\/v2\/posts\/117720\/revisions"}],"predecessor-version":[{"id":117725,"href":"https:\/\/quehacerpolitico.mx\/index.php?rest_route=\/wp\/v2\/posts\/117720\/revisions\/117725"}],"wp:featuredmedia":[{"embeddable":true,"href":"https:\/\/quehacerpolitico.mx\/index.php?rest_route=\/wp\/v2\/media\/117723"}],"wp:attachment":[{"href":"https:\/\/quehacerpolitico.mx\/index.php?rest_route=%2Fwp%2Fv2%2Fmedia&parent=117720"}],"wp:term":[{"taxonomy":"category","embeddable":true,"href":"https:\/\/quehacerpolitico.mx\/index.php?rest_route=%2Fwp%2Fv2%2Fcategories&post=117720"},{"taxonomy":"post_tag","embeddable":true,"href":"https:\/\/quehacerpolitico.mx\/index.php?rest_route=%2Fwp%2Fv2%2Ftags&post=117720"}],"curies":[{"name":"wp","href":"https:\/\/api.w.org\/{rel}","templated":true}]}}