{"id":117717,"date":"2025-07-14T13:57:27","date_gmt":"2025-07-14T19:57:27","guid":{"rendered":"https:\/\/quehacerpolitico.mx\/?p=117717"},"modified":"2025-07-14T13:57:29","modified_gmt":"2025-07-14T19:57:29","slug":"eu-pone-en-marcha-arancel-de-casi-21-al-jitomate-importado-desde-mexico-preven-aumento-de-precio","status":"publish","type":"post","link":"https:\/\/quehacerpolitico.mx\/?p=117717","title":{"rendered":"EU pone en marcha arancel de casi 21% al jitomate importado desde M\u00e9xico; prev\u00e9n aumento de precio"},"content":{"rendered":"\n<p>Por Redacci\u00f3n QP<\/p>\n\n\n\n<p>La decisi\u00f3n fue comunicada por el Departamento de Comercio desde abril pasado tras retirarse de un acuerdo comercial porque afirm\u00f3 que no se protegi\u00f3 a los productores locales<\/p>\n\n\n\n<p>Este lunes entraron en vigor los aranceles del&nbsp;<strong>20.91% al jitomate importado desde M\u00e9xico,<\/strong>&nbsp;anunciados por el Departamento de Comercio de Estados Unidos.&nbsp;<\/p>\n\n\n\n<p>La decisi\u00f3n fue comunicada por el&nbsp;<strong>gobierno de Trump<\/strong>&nbsp;desde abril pasado luego de que Estados Unidos se retirara de un acuerdo porque afirm\u00f3&nbsp;que no se protegi\u00f3 a sus productores nacionales.&nbsp;<\/p>\n\n\n\n<p>M\u00e9xico actualmente suministra&nbsp;alrededor&nbsp;del&nbsp;<strong>70%&nbsp;del mercado de jitomates de&nbsp;Estados Unidos,<\/strong>&nbsp;frente al 30% de hace dos d\u00e9cadas, seg\u00fan el Florida Tomato Exchange.<\/p>\n\n\n\n<p>Los defensores dicen que el impuesto a la importaci\u00f3n ayudar\u00e1 a reconstruir la menguante&nbsp;<strong>industria del jitomate&nbsp;<\/strong>en&nbsp;Estados Unidos&nbsp;y garantizar\u00e1 que los productos consumidos en el pa\u00eds tambi\u00e9n se cultiven all\u00ed.<\/p>\n\n\n\n<p>Los opositores dicen que el impuesto har\u00e1 que los&nbsp;jitomates sean m\u00e1s caros para los compradores en&nbsp;Estados Unidos.<\/p>\n\n\n\n<p>Tim Richards, profesor en la Escuela de Agronegocios Morrison de la Universidad Estatal de Arizona, prev\u00e9 que los precios minoristas de los tomates en&nbsp;Estados Unidos&nbsp;aumenten alrededor del&nbsp;<strong>10.5% si se aplica el arancel.<\/strong><\/p>\n\n\n\n<p>En 2019, los productores mexicanos de jitomate llegaron a un acuerdo con la primera administraci\u00f3n del presidente&nbsp;<strong>Donald Trump&nbsp;<\/strong>para evitar una investigaci\u00f3n antidumping y poner fin a una disputa arancelaria.<\/p>\n\n\n\n<p>En aquel momento,&nbsp;Estados Unidos&nbsp;afirm\u00f3 que el acuerdo cerraba lagunas legales e inclu\u00eda un mecanismo de inspecci\u00f3n.&nbsp;<\/p>\n\n\n\n<p>De acuerdo con la&nbsp;Secretar\u00eda de Agricultura y Desarrollo Rural (Sader), la industria del jitomate &#8220;genera m\u00e1s de 400 mil empleos directos y un mill\u00f3n de empleos indirectos en&nbsp;M\u00e9xico. Con una producci\u00f3n superior a tres millones 461 mil 766 toneladas&#8221;.&nbsp;&nbsp;<\/p>\n\n\n\n<p><em>Con informaci\u00f3n de Reuters<\/em><\/p>\n","protected":false},"excerpt":{"rendered":"<p>Por Redacci\u00f3n QP La decisi\u00f3n fue comunicada por el Departamento de Comercio desde abril pasado&#8230;<\/p>\n","protected":false},"author":2,"featured_media":117718,"comment_status":"open","ping_status":"open","sticky":false,"template":"","format":"standard","meta":{"_monsterinsights_skip_tracking":false,"_monsterinsights_sitenote_active":false,"_monsterinsights_sitenote_note":"","_monsterinsights_sitenote_category":0,"footnotes":""},"categories":[56],"tags":[],"class_list":["post-117717","post","type-post","status-publish","format-standard","has-post-thumbnail","hentry","category-economia"],"yoast_head":"<!-- This site is optimized with the Yoast SEO plugin v27.3 - https:\/\/yoast.com\/product\/yoast-seo-wordpress\/ -->\n<title>EU pone en marcha arancel de casi 21% al jitomate importado desde M\u00e9xico; prev\u00e9n aumento de precio -<\/title>\n<meta name=\"robots\" content=\"index, follow, max-snippet:-1, max-image-preview:large, max-video-preview:-1\" \/>\n<link rel=\"canonical\" href=\"https:\/\/quehacerpolitico.mx\/?p=117717\" \/>\n<meta property=\"og:locale\" content=\"es_MX\" \/>\n<meta property=\"og:type\" content=\"article\" \/>\n<meta property=\"og:title\" content=\"EU pone en marcha arancel de casi 21% al jitomate importado desde M\u00e9xico; prev\u00e9n aumento de precio -\" \/>\n<meta property=\"og:description\" content=\"Por Redacci\u00f3n QP La decisi\u00f3n fue comunicada por el Departamento de Comercio desde abril pasado...\" \/>\n<meta property=\"og:url\" content=\"https:\/\/quehacerpolitico.mx\/?p=117717\" \/>\n<meta property=\"article:published_time\" content=\"2025-07-14T19:57:27+00:00\" \/>\n<meta property=\"article:modified_time\" content=\"2025-07-14T19:57:29+00:00\" \/>\n<meta property=\"og:image\" content=\"https:\/\/quehacerpolitico.mx\/wp-content\/uploads\/2025\/07\/IMG_1756.jpeg\" \/>\n\t<meta property=\"og:image:width\" content=\"678\" \/>\n\t<meta property=\"og:image:height\" content=\"452\" \/>\n\t<meta property=\"og:image:type\" content=\"image\/jpeg\" \/>\n<meta name=\"author\" content=\"Redacci\u00f3n QP\" \/>\n<meta name=\"twitter:card\" content=\"summary_large_image\" \/>\n<meta name=\"twitter:label1\" content=\"Escrito por\" \/>\n\t<meta name=\"twitter:data1\" content=\"Redacci\u00f3n QP\" \/>\n\t<meta name=\"twitter:label2\" content=\"Tiempo de lectura\" \/>\n\t<meta name=\"twitter:data2\" content=\"2 minutos\" \/>\n<script type=\"application\/ld+json\" class=\"yoast-schema-graph\">{\"@context\":\"https:\\\/\\\/schema.org\",\"@graph\":[{\"@type\":\"Article\",\"@id\":\"https:\\\/\\\/quehacerpolitico.mx\\\/?p=117717#article\",\"isPartOf\":{\"@id\":\"https:\\\/\\\/quehacerpolitico.mx\\\/?p=117717\"},\"author\":{\"name\":\"Redacci\u00f3n QP\",\"@id\":\"https:\\\/\\\/quehacerpolitico.mx\\\/#\\\/schema\\\/person\\\/496d8ad2d1d3f8036101dca7ee39e585\"},\"headline\":\"EU pone en marcha arancel de casi 21% al jitomate importado desde M\u00e9xico; prev\u00e9n aumento de precio\",\"datePublished\":\"2025-07-14T19:57:27+00:00\",\"dateModified\":\"2025-07-14T19:57:29+00:00\",\"mainEntityOfPage\":{\"@id\":\"https:\\\/\\\/quehacerpolitico.mx\\\/?p=117717\"},\"wordCount\":354,\"commentCount\":0,\"image\":{\"@id\":\"https:\\\/\\\/quehacerpolitico.mx\\\/?p=117717#primaryimage\"},\"thumbnailUrl\":\"https:\\\/\\\/quehacerpolitico.mx\\\/wp-content\\\/uploads\\\/2025\\\/07\\\/IMG_1756.jpeg\",\"articleSection\":[\"Econom\u00eda\"],\"inLanguage\":\"es\",\"potentialAction\":[{\"@type\":\"CommentAction\",\"name\":\"Comment\",\"target\":[\"https:\\\/\\\/quehacerpolitico.mx\\\/?p=117717#respond\"]}]},{\"@type\":\"WebPage\",\"@id\":\"https:\\\/\\\/quehacerpolitico.mx\\\/?p=117717\",\"url\":\"https:\\\/\\\/quehacerpolitico.mx\\\/?p=117717\",\"name\":\"EU pone en marcha arancel de casi 21% al jitomate importado desde M\u00e9xico; prev\u00e9n aumento de precio -\",\"isPartOf\":{\"@id\":\"https:\\\/\\\/quehacerpolitico.mx\\\/#website\"},\"primaryImageOfPage\":{\"@id\":\"https:\\\/\\\/quehacerpolitico.mx\\\/?p=117717#primaryimage\"},\"image\":{\"@id\":\"https:\\\/\\\/quehacerpolitico.mx\\\/?p=117717#primaryimage\"},\"thumbnailUrl\":\"https:\\\/\\\/quehacerpolitico.mx\\\/wp-content\\\/uploads\\\/2025\\\/07\\\/IMG_1756.jpeg\",\"datePublished\":\"2025-07-14T19:57:27+00:00\",\"dateModified\":\"2025-07-14T19:57:29+00:00\",\"author\":{\"@id\":\"https:\\\/\\\/quehacerpolitico.mx\\\/#\\\/schema\\\/person\\\/496d8ad2d1d3f8036101dca7ee39e585\"},\"breadcrumb\":{\"@id\":\"https:\\\/\\\/quehacerpolitico.mx\\\/?p=117717#breadcrumb\"},\"inLanguage\":\"es\",\"potentialAction\":[{\"@type\":\"ReadAction\",\"target\":[\"https:\\\/\\\/quehacerpolitico.mx\\\/?p=117717\"]}]},{\"@type\":\"ImageObject\",\"inLanguage\":\"es\",\"@id\":\"https:\\\/\\\/quehacerpolitico.mx\\\/?p=117717#primaryimage\",\"url\":\"https:\\\/\\\/quehacerpolitico.mx\\\/wp-content\\\/uploads\\\/2025\\\/07\\\/IMG_1756.jpeg\",\"contentUrl\":\"https:\\\/\\\/quehacerpolitico.mx\\\/wp-content\\\/uploads\\\/2025\\\/07\\\/IMG_1756.jpeg\",\"width\":678,\"height\":452},{\"@type\":\"BreadcrumbList\",\"@id\":\"https:\\\/\\\/quehacerpolitico.mx\\\/?p=117717#breadcrumb\",\"itemListElement\":[{\"@type\":\"ListItem\",\"position\":1,\"name\":\"Inicio\",\"item\":\"https:\\\/\\\/quehacerpolitico.mx\\\/\"},{\"@type\":\"ListItem\",\"position\":2,\"name\":\"EU pone en marcha arancel de casi 21% al jitomate importado desde M\u00e9xico; prev\u00e9n aumento de precio\"}]},{\"@type\":\"WebSite\",\"@id\":\"https:\\\/\\\/quehacerpolitico.mx\\\/#website\",\"url\":\"https:\\\/\\\/quehacerpolitico.mx\\\/\",\"name\":\"\",\"description\":\"\",\"potentialAction\":[{\"@type\":\"SearchAction\",\"target\":{\"@type\":\"EntryPoint\",\"urlTemplate\":\"https:\\\/\\\/quehacerpolitico.mx\\\/?s={search_term_string}\"},\"query-input\":{\"@type\":\"PropertyValueSpecification\",\"valueRequired\":true,\"valueName\":\"search_term_string\"}}],\"inLanguage\":\"es\"},{\"@type\":\"Person\",\"@id\":\"https:\\\/\\\/quehacerpolitico.mx\\\/#\\\/schema\\\/person\\\/496d8ad2d1d3f8036101dca7ee39e585\",\"name\":\"Redacci\u00f3n QP\",\"image\":{\"@type\":\"ImageObject\",\"inLanguage\":\"es\",\"@id\":\"https:\\\/\\\/secure.gravatar.com\\\/avatar\\\/c7164ed6fdec453195284ad24a5ae5b6e1eed2b848477fa2a4787ba9adf39a41?s=96&d=mm&r=g\",\"url\":\"https:\\\/\\\/secure.gravatar.com\\\/avatar\\\/c7164ed6fdec453195284ad24a5ae5b6e1eed2b848477fa2a4787ba9adf39a41?s=96&d=mm&r=g\",\"contentUrl\":\"https:\\\/\\\/secure.gravatar.com\\\/avatar\\\/c7164ed6fdec453195284ad24a5ae5b6e1eed2b848477fa2a4787ba9adf39a41?s=96&d=mm&r=g\",\"caption\":\"Redacci\u00f3n QP\"},\"url\":\"https:\\\/\\\/quehacerpolitico.mx\\\/?author=2\"}]}<\/script>\n<!-- \/ Yoast SEO plugin. -->","yoast_head_json":{"title":"EU pone en marcha arancel de casi 21% al jitomate importado desde M\u00e9xico; prev\u00e9n aumento de precio -","robots":{"index":"index","follow":"follow","max-snippet":"max-snippet:-1","max-image-preview":"max-image-preview:large","max-video-preview":"max-video-preview:-1"},"canonical":"https:\/\/quehacerpolitico.mx\/?p=117717","og_locale":"es_MX","og_type":"article","og_title":"EU pone en marcha arancel de casi 21% al jitomate importado desde M\u00e9xico; prev\u00e9n aumento de precio -","og_description":"Por Redacci\u00f3n QP La decisi\u00f3n fue comunicada por el Departamento de Comercio desde abril pasado...","og_url":"https:\/\/quehacerpolitico.mx\/?p=117717","article_published_time":"2025-07-14T19:57:27+00:00","article_modified_time":"2025-07-14T19:57:29+00:00","og_image":[{"width":678,"height":452,"url":"https:\/\/quehacerpolitico.mx\/wp-content\/uploads\/2025\/07\/IMG_1756.jpeg","type":"image\/jpeg"}],"author":"Redacci\u00f3n QP","twitter_card":"summary_large_image","twitter_misc":{"Escrito por":"Redacci\u00f3n QP","Tiempo de lectura":"2 minutos"},"schema":{"@context":"https:\/\/schema.org","@graph":[{"@type":"Article","@id":"https:\/\/quehacerpolitico.mx\/?p=117717#article","isPartOf":{"@id":"https:\/\/quehacerpolitico.mx\/?p=117717"},"author":{"name":"Redacci\u00f3n QP","@id":"https:\/\/quehacerpolitico.mx\/#\/schema\/person\/496d8ad2d1d3f8036101dca7ee39e585"},"headline":"EU pone en marcha arancel de casi 21% al jitomate importado desde M\u00e9xico; prev\u00e9n aumento de precio","datePublished":"2025-07-14T19:57:27+00:00","dateModified":"2025-07-14T19:57:29+00:00","mainEntityOfPage":{"@id":"https:\/\/quehacerpolitico.mx\/?p=117717"},"wordCount":354,"commentCount":0,"image":{"@id":"https:\/\/quehacerpolitico.mx\/?p=117717#primaryimage"},"thumbnailUrl":"https:\/\/quehacerpolitico.mx\/wp-content\/uploads\/2025\/07\/IMG_1756.jpeg","articleSection":["Econom\u00eda"],"inLanguage":"es","potentialAction":[{"@type":"CommentAction","name":"Comment","target":["https:\/\/quehacerpolitico.mx\/?p=117717#respond"]}]},{"@type":"WebPage","@id":"https:\/\/quehacerpolitico.mx\/?p=117717","url":"https:\/\/quehacerpolitico.mx\/?p=117717","name":"EU pone en marcha arancel de casi 21% al jitomate importado desde M\u00e9xico; prev\u00e9n aumento de precio -","isPartOf":{"@id":"https:\/\/quehacerpolitico.mx\/#website"},"primaryImageOfPage":{"@id":"https:\/\/quehacerpolitico.mx\/?p=117717#primaryimage"},"image":{"@id":"https:\/\/quehacerpolitico.mx\/?p=117717#primaryimage"},"thumbnailUrl":"https:\/\/quehacerpolitico.mx\/wp-content\/uploads\/2025\/07\/IMG_1756.jpeg","datePublished":"2025-07-14T19:57:27+00:00","dateModified":"2025-07-14T19:57:29+00:00","author":{"@id":"https:\/\/quehacerpolitico.mx\/#\/schema\/person\/496d8ad2d1d3f8036101dca7ee39e585"},"breadcrumb":{"@id":"https:\/\/quehacerpolitico.mx\/?p=117717#breadcrumb"},"inLanguage":"es","potentialAction":[{"@type":"ReadAction","target":["https:\/\/quehacerpolitico.mx\/?p=117717"]}]},{"@type":"ImageObject","inLanguage":"es","@id":"https:\/\/quehacerpolitico.mx\/?p=117717#primaryimage","url":"https:\/\/quehacerpolitico.mx\/wp-content\/uploads\/2025\/07\/IMG_1756.jpeg","contentUrl":"https:\/\/quehacerpolitico.mx\/wp-content\/uploads\/2025\/07\/IMG_1756.jpeg","width":678,"height":452},{"@type":"BreadcrumbList","@id":"https:\/\/quehacerpolitico.mx\/?p=117717#breadcrumb","itemListElement":[{"@type":"ListItem","position":1,"name":"Inicio","item":"https:\/\/quehacerpolitico.mx\/"},{"@type":"ListItem","position":2,"name":"EU pone en marcha arancel de casi 21% al jitomate importado desde M\u00e9xico; prev\u00e9n aumento de precio"}]},{"@type":"WebSite","@id":"https:\/\/quehacerpolitico.mx\/#website","url":"https:\/\/quehacerpolitico.mx\/","name":"","description":"","potentialAction":[{"@type":"SearchAction","target":{"@type":"EntryPoint","urlTemplate":"https:\/\/quehacerpolitico.mx\/?s={search_term_string}"},"query-input":{"@type":"PropertyValueSpecification","valueRequired":true,"valueName":"search_term_string"}}],"inLanguage":"es"},{"@type":"Person","@id":"https:\/\/quehacerpolitico.mx\/#\/schema\/person\/496d8ad2d1d3f8036101dca7ee39e585","name":"Redacci\u00f3n QP","image":{"@type":"ImageObject","inLanguage":"es","@id":"https:\/\/secure.gravatar.com\/avatar\/c7164ed6fdec453195284ad24a5ae5b6e1eed2b848477fa2a4787ba9adf39a41?s=96&d=mm&r=g","url":"https:\/\/secure.gravatar.com\/avatar\/c7164ed6fdec453195284ad24a5ae5b6e1eed2b848477fa2a4787ba9adf39a41?s=96&d=mm&r=g","contentUrl":"https:\/\/secure.gravatar.com\/avatar\/c7164ed6fdec453195284ad24a5ae5b6e1eed2b848477fa2a4787ba9adf39a41?s=96&d=mm&r=g","caption":"Redacci\u00f3n QP"},"url":"https:\/\/quehacerpolitico.mx\/?author=2"}]}},"featured_image_urls":{"full":["https:\/\/quehacerpolitico.mx\/wp-content\/uploads\/2025\/07\/IMG_1756.jpeg",678,452,false],"thumbnail":["https:\/\/quehacerpolitico.mx\/wp-content\/uploads\/2025\/07\/IMG_1756-150x150.jpeg",150,150,true],"medium":["https:\/\/quehacerpolitico.mx\/wp-content\/uploads\/2025\/07\/IMG_1756-300x200.jpeg",300,200,true],"medium_large":["https:\/\/quehacerpolitico.mx\/wp-content\/uploads\/2025\/07\/IMG_1756.jpeg",640,427,false],"large":["https:\/\/quehacerpolitico.mx\/wp-content\/uploads\/2025\/07\/IMG_1756.jpeg",640,427,false],"1536x1536":["https:\/\/quehacerpolitico.mx\/wp-content\/uploads\/2025\/07\/IMG_1756.jpeg",678,452,false],"2048x2048":["https:\/\/quehacerpolitico.mx\/wp-content\/uploads\/2025\/07\/IMG_1756.jpeg",678,452,false],"covernews-featured":["https:\/\/quehacerpolitico.mx\/wp-content\/uploads\/2025\/07\/IMG_1756.jpeg",678,452,false],"covernews-medium":["https:\/\/quehacerpolitico.mx\/wp-content\/uploads\/2025\/07\/IMG_1756-540x340.jpeg",540,340,true]},"author_info":{"display_name":"Redacci\u00f3n QP","author_link":"https:\/\/quehacerpolitico.mx\/?author=2"},"category_info":"<a href=\"https:\/\/quehacerpolitico.mx\/?cat=56\" rel=\"category\">Econom\u00eda<\/a>","tag_info":"Econom\u00eda","comment_count":"0","_links":{"self":[{"href":"https:\/\/quehacerpolitico.mx\/index.php?rest_route=\/wp\/v2\/posts\/117717","targetHints":{"allow":["GET"]}}],"collection":[{"href":"https:\/\/quehacerpolitico.mx\/index.php?rest_route=\/wp\/v2\/posts"}],"about":[{"href":"https:\/\/quehacerpolitico.mx\/index.php?rest_route=\/wp\/v2\/types\/post"}],"author":[{"embeddable":true,"href":"https:\/\/quehacerpolitico.mx\/index.php?rest_route=\/wp\/v2\/users\/2"}],"replies":[{"embeddable":true,"href":"https:\/\/quehacerpolitico.mx\/index.php?rest_route=%2Fwp%2Fv2%2Fcomments&post=117717"}],"version-history":[{"count":1,"href":"https:\/\/quehacerpolitico.mx\/index.php?rest_route=\/wp\/v2\/posts\/117717\/revisions"}],"predecessor-version":[{"id":117719,"href":"https:\/\/quehacerpolitico.mx\/index.php?rest_route=\/wp\/v2\/posts\/117717\/revisions\/117719"}],"wp:featuredmedia":[{"embeddable":true,"href":"https:\/\/quehacerpolitico.mx\/index.php?rest_route=\/wp\/v2\/media\/117718"}],"wp:attachment":[{"href":"https:\/\/quehacerpolitico.mx\/index.php?rest_route=%2Fwp%2Fv2%2Fmedia&parent=117717"}],"wp:term":[{"taxonomy":"category","embeddable":true,"href":"https:\/\/quehacerpolitico.mx\/index.php?rest_route=%2Fwp%2Fv2%2Fcategories&post=117717"},{"taxonomy":"post_tag","embeddable":true,"href":"https:\/\/quehacerpolitico.mx\/index.php?rest_route=%2Fwp%2Fv2%2Ftags&post=117717"}],"curies":[{"name":"wp","href":"https:\/\/api.w.org\/{rel}","templated":true}]}}