{"id":117710,"date":"2025-07-14T13:40:45","date_gmt":"2025-07-14T19:40:45","guid":{"rendered":"https:\/\/quehacerpolitico.mx\/?p=117710"},"modified":"2025-07-14T13:40:46","modified_gmt":"2025-07-14T19:40:46","slug":"las-mexicanas-alegna-gonzalez-y-ximena-serrano-logran-el-1-2-en-los-35-kilometros-de-marcha-en-dublin-e-imponen-nuevo-record-nacional","status":"publish","type":"post","link":"https:\/\/quehacerpolitico.mx\/?p=117710","title":{"rendered":"Las mexicanas Alegna Gonz\u00e1lez y Ximena Serrano logran el 1-2 en los 35 kil\u00f3metros de marcha en Dubl\u00edn e imponen nuevo r\u00e9cord nacional"},"content":{"rendered":"\n<p>Por Redacci\u00f3n QP<\/p>\n\n\n\n<p>Hicieron 2:44.28 y 2:44.45 horas, de forma respectiva, para superar la marca anterior de 2:50.44; tambi\u00e9n calificaron al Mundial de Tokio.<\/p>\n\n\n\n<p>La marcha femenil mexicana obtuvo un gran logro luego de que<strong>&nbsp;Alegna Gonz\u00e1lez y Ximena Serrano hicieran el 1-2 para ganar medallas de oro y plata<\/strong>en los 35 kil\u00f3metros del Dublin Race Walking Summer Challenge.<\/p>\n\n\n\n<p>Pero eso no fue todo, ya que<strong>&nbsp;las mexicanas consiguieron tiempos de 2:44.28 y 2:44.45 horas,<\/strong>&nbsp;de forma respectiva, con lo que&nbsp;<strong>rompieron el anterior r\u00e9cord nacional de 2:50.44<\/strong>que le pertenec\u00eda a Alejandra Ortega. La nueva marca a vencer fue la impuesta por Alegna Gonz\u00e1lez.<\/p>\n\n\n\n<figure class=\"wp-block-embed is-type-rich is-provider-twitter wp-block-embed-twitter\"><div class=\"wp-block-embed__wrapper\">\n<blockquote class=\"twitter-tweet\" data-width=\"550\" data-dnt=\"true\"><p lang=\"es\" dir=\"ltr\">En \u00c9ll Dublin Race Walking Summer Challenge Alegna Gonz\u00e1lez y Ximena Serrano hicieron el 1-2 en la distancia de los 35km con tiempo de 2:44.28 y 2:44.45 hrs. <br>Adem\u00e1s Gonz\u00e1lez impuso nuevo r\u00e9cord mexicano en la distancia.<a href=\"https:\/\/twitter.com\/hashtag\/TodosSomosOl%C3%ADmpicos?src=hash&amp;ref_src=twsrc%5Etfw\">#TodosSomosOl\u00edmpicos<\/a> <a href=\"https:\/\/t.co\/KUAXvbGfzg\">pic.twitter.com\/KUAXvbGfzg<\/a><\/p>&mdash; Comit\u00e9 Ol\u00edmpico Mexicano (@COM_Mexico) <a href=\"https:\/\/twitter.com\/COM_Mexico\/status\/1944476217576652951?ref_src=twsrc%5Etfw\">July 13, 2025<\/a><\/blockquote><script async src=\"https:\/\/platform.twitter.com\/widgets.js\" charset=\"utf-8\"><\/script>\n<\/div><\/figure>\n\n\n\n<p>Adem\u00e1s, con las marcas que dieron tanto Gonz\u00e1lez como Serrano,<strong>&nbsp;tambi\u00e9n lograron su boleto al Campeonato Mundial de Atletismo Tokio 2025,<\/strong>&nbsp;ya que ambas destrozaron la marca de 2:48.00 que es requisito de World Athletics para calificar al certamen.<\/p>\n\n\n\n<p>Con este 1-2,&nbsp;<strong>Alegna Gonz\u00e1lez de 27 a\u00f1os y Ximena Serrano de 24 se perfilan como las cartas fuertes<\/strong>&nbsp;de la marcha femenil mexicana de cara a los Juegos Ol\u00edmpicos de Los \u00c1ngeles 2028.<\/p>\n\n\n\n<figure class=\"wp-block-gallery has-nested-images columns-default is-cropped wp-block-gallery-1 is-layout-flex wp-block-gallery-is-layout-flex\">\n<figure class=\"wp-block-image size-large\"><img loading=\"lazy\" decoding=\"async\" width=\"782\" height=\"1024\" data-id=\"117712\" src=\"https:\/\/quehacerpolitico.mx\/wp-content\/uploads\/2025\/07\/IMG_1753-782x1024.jpeg\" alt=\"\" class=\"wp-image-117712\" srcset=\"https:\/\/quehacerpolitico.mx\/wp-content\/uploads\/2025\/07\/IMG_1753-782x1024.jpeg 782w, https:\/\/quehacerpolitico.mx\/wp-content\/uploads\/2025\/07\/IMG_1753-229x300.jpeg 229w, https:\/\/quehacerpolitico.mx\/wp-content\/uploads\/2025\/07\/IMG_1753-768x1006.jpeg 768w, https:\/\/quehacerpolitico.mx\/wp-content\/uploads\/2025\/07\/IMG_1753-1024x1342.jpeg 1024w, https:\/\/quehacerpolitico.mx\/wp-content\/uploads\/2025\/07\/IMG_1753.jpeg 1170w\" sizes=\"auto, (max-width: 782px) 100vw, 782px\" \/><figcaption class=\"wp-element-caption\">Screenshot<\/figcaption><\/figure>\n\n\n\n<figure class=\"wp-block-image size-large\"><img loading=\"lazy\" decoding=\"async\" width=\"796\" height=\"1024\" data-id=\"117713\" src=\"https:\/\/quehacerpolitico.mx\/wp-content\/uploads\/2025\/07\/IMG_1752-796x1024.jpeg\" alt=\"\" class=\"wp-image-117713\" srcset=\"https:\/\/quehacerpolitico.mx\/wp-content\/uploads\/2025\/07\/IMG_1752-796x1024.jpeg 796w, https:\/\/quehacerpolitico.mx\/wp-content\/uploads\/2025\/07\/IMG_1752-233x300.jpeg 233w, https:\/\/quehacerpolitico.mx\/wp-content\/uploads\/2025\/07\/IMG_1752-768x988.jpeg 768w, https:\/\/quehacerpolitico.mx\/wp-content\/uploads\/2025\/07\/IMG_1752-1024x1317.jpeg 1024w, https:\/\/quehacerpolitico.mx\/wp-content\/uploads\/2025\/07\/IMG_1752.jpeg 1170w\" sizes=\"auto, (max-width: 796px) 100vw, 796px\" \/><figcaption class=\"wp-element-caption\">Screenshot<\/figcaption><\/figure>\n\n\n\n<figure class=\"wp-block-image size-large\"><img loading=\"lazy\" decoding=\"async\" width=\"791\" height=\"1024\" data-id=\"117714\" src=\"https:\/\/quehacerpolitico.mx\/wp-content\/uploads\/2025\/07\/IMG_1751-791x1024.jpeg\" alt=\"\" class=\"wp-image-117714\" srcset=\"https:\/\/quehacerpolitico.mx\/wp-content\/uploads\/2025\/07\/IMG_1751-791x1024.jpeg 791w, https:\/\/quehacerpolitico.mx\/wp-content\/uploads\/2025\/07\/IMG_1751-232x300.jpeg 232w, https:\/\/quehacerpolitico.mx\/wp-content\/uploads\/2025\/07\/IMG_1751-768x994.jpeg 768w, https:\/\/quehacerpolitico.mx\/wp-content\/uploads\/2025\/07\/IMG_1751-1024x1325.jpeg 1024w, https:\/\/quehacerpolitico.mx\/wp-content\/uploads\/2025\/07\/IMG_1751.jpeg 1170w\" sizes=\"auto, (max-width: 791px) 100vw, 791px\" \/><figcaption class=\"wp-element-caption\">Screenshot<\/figcaption><\/figure>\n\n\n\n<figure class=\"wp-block-image size-large\"><img loading=\"lazy\" decoding=\"async\" width=\"854\" height=\"1024\" data-id=\"117715\" src=\"https:\/\/quehacerpolitico.mx\/wp-content\/uploads\/2025\/07\/IMG_1750-854x1024.jpeg\" alt=\"\" class=\"wp-image-117715\" srcset=\"https:\/\/quehacerpolitico.mx\/wp-content\/uploads\/2025\/07\/IMG_1750-854x1024.jpeg 854w, https:\/\/quehacerpolitico.mx\/wp-content\/uploads\/2025\/07\/IMG_1750-250x300.jpeg 250w, https:\/\/quehacerpolitico.mx\/wp-content\/uploads\/2025\/07\/IMG_1750-768x921.jpeg 768w, https:\/\/quehacerpolitico.mx\/wp-content\/uploads\/2025\/07\/IMG_1750-1024x1228.jpeg 1024w, https:\/\/quehacerpolitico.mx\/wp-content\/uploads\/2025\/07\/IMG_1750.jpeg 1170w\" sizes=\"auto, (max-width: 854px) 100vw, 854px\" \/><figcaption class=\"wp-element-caption\">Screenshot<\/figcaption><\/figure>\n<\/figure>\n","protected":false},"excerpt":{"rendered":"<p>Por Redacci\u00f3n QP Hicieron 2:44.28 y 2:44.45 horas, de forma respectiva, para superar la marca&#8230;<\/p>\n","protected":false},"author":2,"featured_media":117711,"comment_status":"open","ping_status":"open","sticky":false,"template":"","format":"standard","meta":{"_monsterinsights_skip_tracking":false,"_monsterinsights_sitenote_active":false,"_monsterinsights_sitenote_note":"","_monsterinsights_sitenote_category":0,"footnotes":""},"categories":[54],"tags":[],"class_list":["post-117710","post","type-post","status-publish","format-standard","has-post-thumbnail","hentry","category-deportes"],"yoast_head":"<!-- This site is optimized with the Yoast SEO plugin v27.3 - https:\/\/yoast.com\/product\/yoast-seo-wordpress\/ -->\n<title>Las mexicanas Alegna Gonz\u00e1lez y Ximena Serrano logran el 1-2 en los 35 kil\u00f3metros de marcha en Dubl\u00edn e imponen nuevo r\u00e9cord nacional -<\/title>\n<meta name=\"robots\" content=\"index, follow, max-snippet:-1, max-image-preview:large, max-video-preview:-1\" \/>\n<link rel=\"canonical\" href=\"https:\/\/quehacerpolitico.mx\/?p=117710\" \/>\n<meta property=\"og:locale\" content=\"es_MX\" \/>\n<meta property=\"og:type\" content=\"article\" \/>\n<meta property=\"og:title\" content=\"Las mexicanas Alegna Gonz\u00e1lez y Ximena Serrano logran el 1-2 en los 35 kil\u00f3metros de marcha en Dubl\u00edn e imponen nuevo r\u00e9cord nacional -\" \/>\n<meta property=\"og:description\" content=\"Por Redacci\u00f3n QP Hicieron 2:44.28 y 2:44.45 horas, de forma respectiva, para superar la marca...\" \/>\n<meta property=\"og:url\" content=\"https:\/\/quehacerpolitico.mx\/?p=117710\" \/>\n<meta property=\"article:published_time\" content=\"2025-07-14T19:40:45+00:00\" \/>\n<meta property=\"article:modified_time\" content=\"2025-07-14T19:40:46+00:00\" \/>\n<meta property=\"og:image\" content=\"https:\/\/quehacerpolitico.mx\/wp-content\/uploads\/2025\/07\/IMG_1754.jpeg\" \/>\n\t<meta property=\"og:image:width\" content=\"720\" \/>\n\t<meta property=\"og:image:height\" content=\"479\" \/>\n\t<meta property=\"og:image:type\" content=\"image\/jpeg\" \/>\n<meta name=\"author\" content=\"Redacci\u00f3n QP\" \/>\n<meta name=\"twitter:card\" content=\"summary_large_image\" \/>\n<meta name=\"twitter:label1\" content=\"Escrito por\" \/>\n\t<meta name=\"twitter:data1\" content=\"Redacci\u00f3n QP\" \/>\n\t<meta name=\"twitter:label2\" content=\"Tiempo de lectura\" \/>\n\t<meta name=\"twitter:data2\" content=\"1 minuto\" \/>\n<script type=\"application\/ld+json\" class=\"yoast-schema-graph\">{\"@context\":\"https:\\\/\\\/schema.org\",\"@graph\":[{\"@type\":\"Article\",\"@id\":\"https:\\\/\\\/quehacerpolitico.mx\\\/?p=117710#article\",\"isPartOf\":{\"@id\":\"https:\\\/\\\/quehacerpolitico.mx\\\/?p=117710\"},\"author\":{\"name\":\"Redacci\u00f3n QP\",\"@id\":\"https:\\\/\\\/quehacerpolitico.mx\\\/#\\\/schema\\\/person\\\/496d8ad2d1d3f8036101dca7ee39e585\"},\"headline\":\"Las mexicanas Alegna Gonz\u00e1lez y Ximena Serrano logran el 1-2 en los 35 kil\u00f3metros de marcha en Dubl\u00edn e imponen nuevo r\u00e9cord nacional\",\"datePublished\":\"2025-07-14T19:40:45+00:00\",\"dateModified\":\"2025-07-14T19:40:46+00:00\",\"mainEntityOfPage\":{\"@id\":\"https:\\\/\\\/quehacerpolitico.mx\\\/?p=117710\"},\"wordCount\":224,\"commentCount\":0,\"image\":{\"@id\":\"https:\\\/\\\/quehacerpolitico.mx\\\/?p=117710#primaryimage\"},\"thumbnailUrl\":\"https:\\\/\\\/quehacerpolitico.mx\\\/wp-content\\\/uploads\\\/2025\\\/07\\\/IMG_1754.jpeg\",\"articleSection\":[\"Deportes\"],\"inLanguage\":\"es\",\"potentialAction\":[{\"@type\":\"CommentAction\",\"name\":\"Comment\",\"target\":[\"https:\\\/\\\/quehacerpolitico.mx\\\/?p=117710#respond\"]}]},{\"@type\":\"WebPage\",\"@id\":\"https:\\\/\\\/quehacerpolitico.mx\\\/?p=117710\",\"url\":\"https:\\\/\\\/quehacerpolitico.mx\\\/?p=117710\",\"name\":\"Las mexicanas Alegna Gonz\u00e1lez y Ximena Serrano logran el 1-2 en los 35 kil\u00f3metros de marcha en Dubl\u00edn e imponen nuevo r\u00e9cord nacional -\",\"isPartOf\":{\"@id\":\"https:\\\/\\\/quehacerpolitico.mx\\\/#website\"},\"primaryImageOfPage\":{\"@id\":\"https:\\\/\\\/quehacerpolitico.mx\\\/?p=117710#primaryimage\"},\"image\":{\"@id\":\"https:\\\/\\\/quehacerpolitico.mx\\\/?p=117710#primaryimage\"},\"thumbnailUrl\":\"https:\\\/\\\/quehacerpolitico.mx\\\/wp-content\\\/uploads\\\/2025\\\/07\\\/IMG_1754.jpeg\",\"datePublished\":\"2025-07-14T19:40:45+00:00\",\"dateModified\":\"2025-07-14T19:40:46+00:00\",\"author\":{\"@id\":\"https:\\\/\\\/quehacerpolitico.mx\\\/#\\\/schema\\\/person\\\/496d8ad2d1d3f8036101dca7ee39e585\"},\"breadcrumb\":{\"@id\":\"https:\\\/\\\/quehacerpolitico.mx\\\/?p=117710#breadcrumb\"},\"inLanguage\":\"es\",\"potentialAction\":[{\"@type\":\"ReadAction\",\"target\":[\"https:\\\/\\\/quehacerpolitico.mx\\\/?p=117710\"]}]},{\"@type\":\"ImageObject\",\"inLanguage\":\"es\",\"@id\":\"https:\\\/\\\/quehacerpolitico.mx\\\/?p=117710#primaryimage\",\"url\":\"https:\\\/\\\/quehacerpolitico.mx\\\/wp-content\\\/uploads\\\/2025\\\/07\\\/IMG_1754.jpeg\",\"contentUrl\":\"https:\\\/\\\/quehacerpolitico.mx\\\/wp-content\\\/uploads\\\/2025\\\/07\\\/IMG_1754.jpeg\",\"width\":720,\"height\":479},{\"@type\":\"BreadcrumbList\",\"@id\":\"https:\\\/\\\/quehacerpolitico.mx\\\/?p=117710#breadcrumb\",\"itemListElement\":[{\"@type\":\"ListItem\",\"position\":1,\"name\":\"Inicio\",\"item\":\"https:\\\/\\\/quehacerpolitico.mx\\\/\"},{\"@type\":\"ListItem\",\"position\":2,\"name\":\"Las mexicanas Alegna Gonz\u00e1lez y Ximena Serrano logran el 1-2 en los 35 kil\u00f3metros de marcha en Dubl\u00edn e imponen nuevo r\u00e9cord nacional\"}]},{\"@type\":\"WebSite\",\"@id\":\"https:\\\/\\\/quehacerpolitico.mx\\\/#website\",\"url\":\"https:\\\/\\\/quehacerpolitico.mx\\\/\",\"name\":\"\",\"description\":\"\",\"potentialAction\":[{\"@type\":\"SearchAction\",\"target\":{\"@type\":\"EntryPoint\",\"urlTemplate\":\"https:\\\/\\\/quehacerpolitico.mx\\\/?s={search_term_string}\"},\"query-input\":{\"@type\":\"PropertyValueSpecification\",\"valueRequired\":true,\"valueName\":\"search_term_string\"}}],\"inLanguage\":\"es\"},{\"@type\":\"Person\",\"@id\":\"https:\\\/\\\/quehacerpolitico.mx\\\/#\\\/schema\\\/person\\\/496d8ad2d1d3f8036101dca7ee39e585\",\"name\":\"Redacci\u00f3n QP\",\"image\":{\"@type\":\"ImageObject\",\"inLanguage\":\"es\",\"@id\":\"https:\\\/\\\/secure.gravatar.com\\\/avatar\\\/c7164ed6fdec453195284ad24a5ae5b6e1eed2b848477fa2a4787ba9adf39a41?s=96&d=mm&r=g\",\"url\":\"https:\\\/\\\/secure.gravatar.com\\\/avatar\\\/c7164ed6fdec453195284ad24a5ae5b6e1eed2b848477fa2a4787ba9adf39a41?s=96&d=mm&r=g\",\"contentUrl\":\"https:\\\/\\\/secure.gravatar.com\\\/avatar\\\/c7164ed6fdec453195284ad24a5ae5b6e1eed2b848477fa2a4787ba9adf39a41?s=96&d=mm&r=g\",\"caption\":\"Redacci\u00f3n QP\"},\"url\":\"https:\\\/\\\/quehacerpolitico.mx\\\/?author=2\"}]}<\/script>\n<!-- \/ Yoast SEO plugin. -->","yoast_head_json":{"title":"Las mexicanas Alegna Gonz\u00e1lez y Ximena Serrano logran el 1-2 en los 35 kil\u00f3metros de marcha en Dubl\u00edn e imponen nuevo r\u00e9cord nacional -","robots":{"index":"index","follow":"follow","max-snippet":"max-snippet:-1","max-image-preview":"max-image-preview:large","max-video-preview":"max-video-preview:-1"},"canonical":"https:\/\/quehacerpolitico.mx\/?p=117710","og_locale":"es_MX","og_type":"article","og_title":"Las mexicanas Alegna Gonz\u00e1lez y Ximena Serrano logran el 1-2 en los 35 kil\u00f3metros de marcha en Dubl\u00edn e imponen nuevo r\u00e9cord nacional -","og_description":"Por Redacci\u00f3n QP Hicieron 2:44.28 y 2:44.45 horas, de forma respectiva, para superar la marca...","og_url":"https:\/\/quehacerpolitico.mx\/?p=117710","article_published_time":"2025-07-14T19:40:45+00:00","article_modified_time":"2025-07-14T19:40:46+00:00","og_image":[{"width":720,"height":479,"url":"https:\/\/quehacerpolitico.mx\/wp-content\/uploads\/2025\/07\/IMG_1754.jpeg","type":"image\/jpeg"}],"author":"Redacci\u00f3n QP","twitter_card":"summary_large_image","twitter_misc":{"Escrito por":"Redacci\u00f3n QP","Tiempo de lectura":"1 minuto"},"schema":{"@context":"https:\/\/schema.org","@graph":[{"@type":"Article","@id":"https:\/\/quehacerpolitico.mx\/?p=117710#article","isPartOf":{"@id":"https:\/\/quehacerpolitico.mx\/?p=117710"},"author":{"name":"Redacci\u00f3n QP","@id":"https:\/\/quehacerpolitico.mx\/#\/schema\/person\/496d8ad2d1d3f8036101dca7ee39e585"},"headline":"Las mexicanas Alegna Gonz\u00e1lez y Ximena Serrano logran el 1-2 en los 35 kil\u00f3metros de marcha en Dubl\u00edn e imponen nuevo r\u00e9cord nacional","datePublished":"2025-07-14T19:40:45+00:00","dateModified":"2025-07-14T19:40:46+00:00","mainEntityOfPage":{"@id":"https:\/\/quehacerpolitico.mx\/?p=117710"},"wordCount":224,"commentCount":0,"image":{"@id":"https:\/\/quehacerpolitico.mx\/?p=117710#primaryimage"},"thumbnailUrl":"https:\/\/quehacerpolitico.mx\/wp-content\/uploads\/2025\/07\/IMG_1754.jpeg","articleSection":["Deportes"],"inLanguage":"es","potentialAction":[{"@type":"CommentAction","name":"Comment","target":["https:\/\/quehacerpolitico.mx\/?p=117710#respond"]}]},{"@type":"WebPage","@id":"https:\/\/quehacerpolitico.mx\/?p=117710","url":"https:\/\/quehacerpolitico.mx\/?p=117710","name":"Las mexicanas Alegna Gonz\u00e1lez y Ximena Serrano logran el 1-2 en los 35 kil\u00f3metros de marcha en Dubl\u00edn e imponen nuevo r\u00e9cord nacional -","isPartOf":{"@id":"https:\/\/quehacerpolitico.mx\/#website"},"primaryImageOfPage":{"@id":"https:\/\/quehacerpolitico.mx\/?p=117710#primaryimage"},"image":{"@id":"https:\/\/quehacerpolitico.mx\/?p=117710#primaryimage"},"thumbnailUrl":"https:\/\/quehacerpolitico.mx\/wp-content\/uploads\/2025\/07\/IMG_1754.jpeg","datePublished":"2025-07-14T19:40:45+00:00","dateModified":"2025-07-14T19:40:46+00:00","author":{"@id":"https:\/\/quehacerpolitico.mx\/#\/schema\/person\/496d8ad2d1d3f8036101dca7ee39e585"},"breadcrumb":{"@id":"https:\/\/quehacerpolitico.mx\/?p=117710#breadcrumb"},"inLanguage":"es","potentialAction":[{"@type":"ReadAction","target":["https:\/\/quehacerpolitico.mx\/?p=117710"]}]},{"@type":"ImageObject","inLanguage":"es","@id":"https:\/\/quehacerpolitico.mx\/?p=117710#primaryimage","url":"https:\/\/quehacerpolitico.mx\/wp-content\/uploads\/2025\/07\/IMG_1754.jpeg","contentUrl":"https:\/\/quehacerpolitico.mx\/wp-content\/uploads\/2025\/07\/IMG_1754.jpeg","width":720,"height":479},{"@type":"BreadcrumbList","@id":"https:\/\/quehacerpolitico.mx\/?p=117710#breadcrumb","itemListElement":[{"@type":"ListItem","position":1,"name":"Inicio","item":"https:\/\/quehacerpolitico.mx\/"},{"@type":"ListItem","position":2,"name":"Las mexicanas Alegna Gonz\u00e1lez y Ximena Serrano logran el 1-2 en los 35 kil\u00f3metros de marcha en Dubl\u00edn e imponen nuevo r\u00e9cord nacional"}]},{"@type":"WebSite","@id":"https:\/\/quehacerpolitico.mx\/#website","url":"https:\/\/quehacerpolitico.mx\/","name":"","description":"","potentialAction":[{"@type":"SearchAction","target":{"@type":"EntryPoint","urlTemplate":"https:\/\/quehacerpolitico.mx\/?s={search_term_string}"},"query-input":{"@type":"PropertyValueSpecification","valueRequired":true,"valueName":"search_term_string"}}],"inLanguage":"es"},{"@type":"Person","@id":"https:\/\/quehacerpolitico.mx\/#\/schema\/person\/496d8ad2d1d3f8036101dca7ee39e585","name":"Redacci\u00f3n QP","image":{"@type":"ImageObject","inLanguage":"es","@id":"https:\/\/secure.gravatar.com\/avatar\/c7164ed6fdec453195284ad24a5ae5b6e1eed2b848477fa2a4787ba9adf39a41?s=96&d=mm&r=g","url":"https:\/\/secure.gravatar.com\/avatar\/c7164ed6fdec453195284ad24a5ae5b6e1eed2b848477fa2a4787ba9adf39a41?s=96&d=mm&r=g","contentUrl":"https:\/\/secure.gravatar.com\/avatar\/c7164ed6fdec453195284ad24a5ae5b6e1eed2b848477fa2a4787ba9adf39a41?s=96&d=mm&r=g","caption":"Redacci\u00f3n QP"},"url":"https:\/\/quehacerpolitico.mx\/?author=2"}]}},"featured_image_urls":{"full":["https:\/\/quehacerpolitico.mx\/wp-content\/uploads\/2025\/07\/IMG_1754.jpeg",720,479,false],"thumbnail":["https:\/\/quehacerpolitico.mx\/wp-content\/uploads\/2025\/07\/IMG_1754-150x150.jpeg",150,150,true],"medium":["https:\/\/quehacerpolitico.mx\/wp-content\/uploads\/2025\/07\/IMG_1754-300x200.jpeg",300,200,true],"medium_large":["https:\/\/quehacerpolitico.mx\/wp-content\/uploads\/2025\/07\/IMG_1754.jpeg",640,426,false],"large":["https:\/\/quehacerpolitico.mx\/wp-content\/uploads\/2025\/07\/IMG_1754.jpeg",640,426,false],"1536x1536":["https:\/\/quehacerpolitico.mx\/wp-content\/uploads\/2025\/07\/IMG_1754.jpeg",720,479,false],"2048x2048":["https:\/\/quehacerpolitico.mx\/wp-content\/uploads\/2025\/07\/IMG_1754.jpeg",720,479,false],"covernews-featured":["https:\/\/quehacerpolitico.mx\/wp-content\/uploads\/2025\/07\/IMG_1754.jpeg",720,479,false],"covernews-medium":["https:\/\/quehacerpolitico.mx\/wp-content\/uploads\/2025\/07\/IMG_1754-540x340.jpeg",540,340,true]},"author_info":{"display_name":"Redacci\u00f3n QP","author_link":"https:\/\/quehacerpolitico.mx\/?author=2"},"category_info":"<a href=\"https:\/\/quehacerpolitico.mx\/?cat=54\" rel=\"category\">Deportes<\/a>","tag_info":"Deportes","comment_count":"0","_links":{"self":[{"href":"https:\/\/quehacerpolitico.mx\/index.php?rest_route=\/wp\/v2\/posts\/117710","targetHints":{"allow":["GET"]}}],"collection":[{"href":"https:\/\/quehacerpolitico.mx\/index.php?rest_route=\/wp\/v2\/posts"}],"about":[{"href":"https:\/\/quehacerpolitico.mx\/index.php?rest_route=\/wp\/v2\/types\/post"}],"author":[{"embeddable":true,"href":"https:\/\/quehacerpolitico.mx\/index.php?rest_route=\/wp\/v2\/users\/2"}],"replies":[{"embeddable":true,"href":"https:\/\/quehacerpolitico.mx\/index.php?rest_route=%2Fwp%2Fv2%2Fcomments&post=117710"}],"version-history":[{"count":1,"href":"https:\/\/quehacerpolitico.mx\/index.php?rest_route=\/wp\/v2\/posts\/117710\/revisions"}],"predecessor-version":[{"id":117716,"href":"https:\/\/quehacerpolitico.mx\/index.php?rest_route=\/wp\/v2\/posts\/117710\/revisions\/117716"}],"wp:featuredmedia":[{"embeddable":true,"href":"https:\/\/quehacerpolitico.mx\/index.php?rest_route=\/wp\/v2\/media\/117711"}],"wp:attachment":[{"href":"https:\/\/quehacerpolitico.mx\/index.php?rest_route=%2Fwp%2Fv2%2Fmedia&parent=117710"}],"wp:term":[{"taxonomy":"category","embeddable":true,"href":"https:\/\/quehacerpolitico.mx\/index.php?rest_route=%2Fwp%2Fv2%2Fcategories&post=117710"},{"taxonomy":"post_tag","embeddable":true,"href":"https:\/\/quehacerpolitico.mx\/index.php?rest_route=%2Fwp%2Fv2%2Ftags&post=117710"}],"curies":[{"name":"wp","href":"https:\/\/api.w.org\/{rel}","templated":true}]}}