{"id":11771,"date":"2018-12-14T14:46:49","date_gmt":"2018-12-14T14:46:49","guid":{"rendered":"http:\/\/quehacerpolitico.mx\/seguridad-social-gratuita-a-traves-del-seguro-popular-anuncia-amlo\/"},"modified":"2018-12-14T14:46:49","modified_gmt":"2018-12-14T14:46:49","slug":"seguridad-social-gratuita-a-traves-del-seguro-popular-anuncia-amlo","status":"publish","type":"post","link":"https:\/\/quehacerpolitico.mx\/?p=11771","title":{"rendered":"Seguridad Social gratuita a trav\u00e9s del Seguro Popular anuncia AMLO"},"content":{"rendered":"<h1>Seguridad Social gratuita a trav\u00e9s del Seguro Popular anuncia AMLO<\/h1>\n<p>Por Redacci\u00f3n QP<\/p>\n<p>En su conferencia ma\u00f1anera, el Presidente Andr\u00e9s Manuel L\u00f3pez Obrador anunci\u00f3 un nuevo sistema de salud p\u00fablica que iniciar\u00e1 con 8 estados. Los servicios de las entidades ser\u00e1n trasladados a la federaci\u00f3n, dijo. Este mismo viernes viajar\u00e1 a Yucat\u00e1n para reunirse con ocho gobernadores con el objetivo de firmar el plan de salud integral. Agreg\u00f3 que los recursos que reciben esas entidades \u201cse van a federalizar\u201d. Implicar\u00e1 cambios a leyes y leyes secundarias.<\/p>\n<p><strong>SOBRE LA SALUD:<\/strong> Dijo que \u201ces evidente que el Seguro Popular no ha funcionado. Ni es seguro, ni es popular. Ser\u00e1 sustituido por un sistema de salud p\u00fablica que garantice un servicio de calidad y medicamentos gratuitos\u201d.\u00a0El nuevo sistema de salud buscar\u00e1 integrar a la gente que no tiene seguridad social. \u201cLa palabra bienestar va a ser el distintivo del nuevo Gobierno, que como su nombre lo indica es estar bien\u201d, dijo.\u00a0\u201cA mitad de a\u00f1o van a entrar ocho estados m\u00e1s y se les va a destinar una cantidad similar. [\u2026] Estamos conscientes de que no se est\u00e1 dando un buen servicio de salud, por eso est\u00e1 esa intervenci\u00f3n\u201d.<\/p>\n<blockquote>\n<p>\u201cSe va a hacer cargo la federaci\u00f3n del tema de salud. Uno de los problemas fundamentales es la desintegraci\u00f3n del sector salud. Ahora lo que queremos es integrar los sistemas de salud y comenzar dando atenci\u00f3n especial a la poblaci\u00f3n que no tiene seguridad social\u201d, precis\u00f3.\u00a0El tabasque\u00f1o reconoci\u00f3 que el sistema de salud actual no ha funcionado.<\/p>\n<p>Desde Palacio Nacional, el mandatario asegur\u00f3 que se garantizar\u00e1 una atenci\u00f3n de primer nivel en las unidades m\u00e9dicas y que en las cl\u00ednicas del Instituto de Seguridad y Servicios Sociales de los Trabajadores del Estado (ISSSTE) y del Instituto Mexicano del Seguro Social (IMSS) se van a atender emergencias, incluso si no son derechohabientes.<\/p>\n<p>Record\u00f3 que hay un fondo de salud de 90 mil millones de pesos, el cual se emplear\u00e1 para los primeros ocho estados, adem\u00e1s de una inversi\u00f3n adicional de 25 mil millones de pesos. \u201cA mitad de a\u00f1o van a entrar ocho estados m\u00e1s y se les va a destinar una cantidad similar. [\u2026] Estamos conscientes de que no se est\u00e1 dando un buen servicio de salud, por eso est\u00e1 esa inversi\u00f3n\u201d. L\u00f3pez Obrador dijo que no se puede hablar de derechos humanos si no se garantiza la vida y la salud de la gente.<\/p>\n<p>El tabasque\u00f1o aclar\u00f3 que todo el sector salud va a tener m\u00e1s presupuesto, al igual que la ciencia, la innovaci\u00f3n cient\u00edfica y tecnol\u00f3gica. \u201cLos centros de investigaci\u00f3n van a tener todo nuestro apoyo\u201d, agreg\u00f3. A\u00f1adi\u00f3 que necesitan empezar con una serie de censos para homologar sueldos en salud, as\u00ed como en la educaci\u00f3n, en Petr\u00f3leos Mexicanos (Pemex). \u201cTenemos que hacer un plan y de acuerdo a las posibilidades econ\u00f3micas. Va a haber crecimiento econ\u00f3mico y entre m\u00e1s tengamos, significa m\u00e1s ingresos, m\u00e1s recaudaci\u00f3n. Eso nos va a permitir disponer de m\u00e1s recursos\u201d, asegur\u00f3.<\/p>\n<p><strong>SOBRE LAS PROTESTAS HACIA EL PODER JUDICIAL:<\/strong> \u201cYo sostengo lo que siempre he dicho: nada por la fuerza, no a la violencia. Que podamos tener diferencias y dirimirlas de manera pac\u00edfica, con respeto a los adversarios, que no se agreda a nadie, que no se humille a nadie\u201d, sostuvo.\u00a0Ayer, el auto en el que viajaba\u00a0Jorge Camargo, director de comunicaci\u00f3n social del\u00a0Consejo de la Judicatura Federal, fue atacado por personas que se manifestaban contra los sueldos de\u00a0los jueces y ministros.<\/p>\n<p>Camargo abandon\u00f3 las instalaciones de la\u00a0Suprema Corte de Justicia de la Naci\u00f3n\u00a0(SCJN), en la\u00a0Ciudad de M\u00e9xico, y los inconformes\u00a0interceptaron su veh\u00edculo. \u201cPor dignidad, renuncia\u201d, dec\u00eda uno de los mensajes que cargaban los manifestantes, quienes arrojaron basura al carro. Camargo confirm\u00f3 a<em>\u00a0El Financiero<\/em>\u00a0que s\u00ed viajaba en el auto que termin\u00f3 rodeado en la calle Venustiano Carranza, en la Alcald\u00eda de Cuauht\u00e9moc. Parece que los manifestantes creyeron que en el auto iba alg\u00fan juez o ministro.<\/p>\n<p><strong>SOBRE EL TREN MAYA:<\/strong> L\u00f3pez Obrador dijo que ya se tienen los estudios de impacto ambiental para su construcci\u00f3n. Sin embargo, record\u00f3 que la v\u00eda por donde pasar\u00e1 ya existe. \u201cNo se va a tirar un solo \u00e1rbol, es sobre la v\u00eda donde se va a construir\u201d, destac\u00f3. \u201cLa gente quiere que se lleven a cabo estas obras\u201d, dijo.<\/p>\n<p><strong>SOBRE MANUEL VELASCO:\u00a0<\/strong>El peri\u00f3dico <em>El Universal<\/em>\u00a0public\u00f3 que Manuel Velasco (PVEM), cuyo mandato concluy\u00f3 el pasado 8 de diciembre, \u201cdispone de un equipo de seguridad para su protecci\u00f3n personal por un lapso de 15 a\u00f1os despu\u00e9s de concluido su mandato \u2018por los servicios prestados al estado\u2019\u201d. El diario dice que as\u00ed lo establece el decreto 223 \u2014publicado en el Peri\u00f3dico Oficial del Estado el 12 de julio de 2017\u2014, el cual beneficia en los mismos t\u00e9rminos al Fiscal estatal.<\/p>\n<p>El Jefe del Ejecutivo federal emiti\u00f3 hoy un voto de censura a Manuel Velasco, quien es ubicado como nuevo aliado de Morena y del mismo Presidente. Dijo que Chiapas es soberano, pero que ve mal que algo as\u00ed est\u00e9 sucediendo.\u00a0 \u201cSi no les alcanza [el sueldo], pues habr\u00e1 otros que s\u00ed quieran trabajar por ese sueldo que no es poco\u201d, reiter\u00f3. Destac\u00f3 que el corte es para ajustar el presupuesto, a fin de que puedan destinarse los recursos necesarios para becar a los j\u00f3venes.<\/p>\n<blockquote>\n<p>\u201cNo tengo informaci\u00f3n sobre lo de Chiapas. Creo que de ser cierto es un exceso que no debe de permitirse. Sin embargo, eso corresponde al Gobierno de Chiapas, el Gobierno libre y soberano de Chapas. Mi opini\u00f3n es que no debe haber privilegios, que se debe acabar con los tratos espaciales a los funcionarios\u201d, dijo.<\/p>\n<\/blockquote>\n<p><strong>SOBRE EL PRESUPUESTO 2019:<\/strong> Adem\u00e1s, dio a conocer que ma\u00f1ana a las 17:00 horas se presenta el presupuesto del siguiente a\u00f1o a la C\u00e1mara de Diputados, donde van contemplados los recursos destinados para cumplir con los resultados que hizo durante su campa\u00f1a.\u00a0El Presidente acus\u00f3 que los recursos p\u00fablicos se van en los edificios lujosos de las dependencias, como los que se encuentran sobre avenida Paseo de la Reforma. Critic\u00f3 que desde all\u00ed se quiera atender a los pobres.<\/p>\n<p><strong>SOBRE LA CREACI\u00d3N DE 100 UNIVERSIDADES:<\/strong> L\u00f3pez Obrador detall\u00f3 que los terrenos para al menos 50 de las 100 universidades que se construir\u00e1n en su sexenio, ya los tienen, debido a que fueron donados por comuneros o ejidatarios. El pr\u00f3ximo martes viajar\u00e1 a Hidalgo para iniciar el programa de las 100 universidades.<\/p>\n<p><strong>SOBRE LA FINAL DEL FUTBOL MEXICANO:<\/strong> El Presidente descart\u00f3 que vaya a poder estar el pr\u00f3ximo domingo en la final del Torneo Apertura 2018, la cual se disputar\u00e1 entre Am\u00e9rica y Cruz Azul en el Estadio Azteca, por lo que no entregar\u00e1 el t\u00edtulo al campe\u00f3n.<\/p>\n<p>https:\/\/www.facebook.com\/lopezobrador.org.mx\/videos\/569199323552895\/<\/p>\n<\/blockquote>\n","protected":false},"excerpt":{"rendered":"<p>Seguridad Social gratuita a trav\u00e9s del Seguro Popular anuncia AMLO<br \/>\nPor Redacci\u00f3n QP<\/p>\n","protected":false},"author":2,"featured_media":11770,"comment_status":"open","ping_status":"open","sticky":false,"template":"","format":"standard","meta":{"_monsterinsights_skip_tracking":false,"_monsterinsights_sitenote_active":false,"_monsterinsights_sitenote_note":"","_monsterinsights_sitenote_category":0,"footnotes":""},"categories":[2],"tags":[],"class_list":["post-11771","post","type-post","status-publish","format-standard","has-post-thumbnail","hentry","category-noticias"],"yoast_head":"<!-- This site is optimized with the Yoast SEO plugin v27.3 - https:\/\/yoast.com\/product\/yoast-seo-wordpress\/ -->\n<title>Seguridad Social gratuita a trav\u00e9s del Seguro Popular anuncia AMLO -<\/title>\n<meta name=\"robots\" content=\"index, follow, max-snippet:-1, max-image-preview:large, max-video-preview:-1\" \/>\n<link rel=\"canonical\" href=\"https:\/\/quehacerpolitico.mx\/?p=11771\" \/>\n<meta property=\"og:locale\" content=\"es_MX\" \/>\n<meta property=\"og:type\" content=\"article\" \/>\n<meta property=\"og:title\" content=\"Seguridad Social gratuita a trav\u00e9s del Seguro Popular anuncia AMLO -\" \/>\n<meta property=\"og:description\" content=\"Seguridad Social gratuita a trav\u00e9s del Seguro Popular anuncia AMLO Por Redacci\u00f3n QP\" \/>\n<meta property=\"og:url\" content=\"https:\/\/quehacerpolitico.mx\/?p=11771\" \/>\n<meta property=\"article:published_time\" content=\"2018-12-14T14:46:49+00:00\" \/>\n<meta name=\"author\" content=\"Redacci\u00f3n QP\" \/>\n<meta name=\"twitter:card\" content=\"summary_large_image\" \/>\n<meta name=\"twitter:label1\" content=\"Escrito por\" \/>\n\t<meta name=\"twitter:data1\" content=\"Redacci\u00f3n QP\" \/>\n\t<meta name=\"twitter:label2\" content=\"Tiempo de lectura\" \/>\n\t<meta name=\"twitter:data2\" content=\"6 minutos\" \/>\n<script type=\"application\/ld+json\" class=\"yoast-schema-graph\">{\"@context\":\"https:\\\/\\\/schema.org\",\"@graph\":[{\"@type\":\"Article\",\"@id\":\"https:\\\/\\\/quehacerpolitico.mx\\\/?p=11771#article\",\"isPartOf\":{\"@id\":\"https:\\\/\\\/quehacerpolitico.mx\\\/?p=11771\"},\"author\":{\"name\":\"Redacci\u00f3n QP\",\"@id\":\"https:\\\/\\\/quehacerpolitico.mx\\\/#\\\/schema\\\/person\\\/496d8ad2d1d3f8036101dca7ee39e585\"},\"headline\":\"Seguridad Social gratuita a trav\u00e9s del Seguro Popular anuncia AMLO\",\"datePublished\":\"2018-12-14T14:46:49+00:00\",\"mainEntityOfPage\":{\"@id\":\"https:\\\/\\\/quehacerpolitico.mx\\\/?p=11771\"},\"wordCount\":1195,\"commentCount\":0,\"image\":{\"@id\":\"https:\\\/\\\/quehacerpolitico.mx\\\/?p=11771#primaryimage\"},\"thumbnailUrl\":\"\",\"articleSection\":[\"Noticias\"],\"inLanguage\":\"es\",\"potentialAction\":[{\"@type\":\"CommentAction\",\"name\":\"Comment\",\"target\":[\"https:\\\/\\\/quehacerpolitico.mx\\\/?p=11771#respond\"]}]},{\"@type\":\"WebPage\",\"@id\":\"https:\\\/\\\/quehacerpolitico.mx\\\/?p=11771\",\"url\":\"https:\\\/\\\/quehacerpolitico.mx\\\/?p=11771\",\"name\":\"Seguridad Social gratuita a trav\u00e9s del Seguro Popular anuncia AMLO -\",\"isPartOf\":{\"@id\":\"https:\\\/\\\/quehacerpolitico.mx\\\/#website\"},\"primaryImageOfPage\":{\"@id\":\"https:\\\/\\\/quehacerpolitico.mx\\\/?p=11771#primaryimage\"},\"image\":{\"@id\":\"https:\\\/\\\/quehacerpolitico.mx\\\/?p=11771#primaryimage\"},\"thumbnailUrl\":\"\",\"datePublished\":\"2018-12-14T14:46:49+00:00\",\"author\":{\"@id\":\"https:\\\/\\\/quehacerpolitico.mx\\\/#\\\/schema\\\/person\\\/496d8ad2d1d3f8036101dca7ee39e585\"},\"breadcrumb\":{\"@id\":\"https:\\\/\\\/quehacerpolitico.mx\\\/?p=11771#breadcrumb\"},\"inLanguage\":\"es\",\"potentialAction\":[{\"@type\":\"ReadAction\",\"target\":[\"https:\\\/\\\/quehacerpolitico.mx\\\/?p=11771\"]}]},{\"@type\":\"ImageObject\",\"inLanguage\":\"es\",\"@id\":\"https:\\\/\\\/quehacerpolitico.mx\\\/?p=11771#primaryimage\",\"url\":\"\",\"contentUrl\":\"\"},{\"@type\":\"BreadcrumbList\",\"@id\":\"https:\\\/\\\/quehacerpolitico.mx\\\/?p=11771#breadcrumb\",\"itemListElement\":[{\"@type\":\"ListItem\",\"position\":1,\"name\":\"Inicio\",\"item\":\"https:\\\/\\\/quehacerpolitico.mx\\\/\"},{\"@type\":\"ListItem\",\"position\":2,\"name\":\"Seguridad Social gratuita a trav\u00e9s del Seguro Popular anuncia AMLO\"}]},{\"@type\":\"WebSite\",\"@id\":\"https:\\\/\\\/quehacerpolitico.mx\\\/#website\",\"url\":\"https:\\\/\\\/quehacerpolitico.mx\\\/\",\"name\":\"\",\"description\":\"\",\"potentialAction\":[{\"@type\":\"SearchAction\",\"target\":{\"@type\":\"EntryPoint\",\"urlTemplate\":\"https:\\\/\\\/quehacerpolitico.mx\\\/?s={search_term_string}\"},\"query-input\":{\"@type\":\"PropertyValueSpecification\",\"valueRequired\":true,\"valueName\":\"search_term_string\"}}],\"inLanguage\":\"es\"},{\"@type\":\"Person\",\"@id\":\"https:\\\/\\\/quehacerpolitico.mx\\\/#\\\/schema\\\/person\\\/496d8ad2d1d3f8036101dca7ee39e585\",\"name\":\"Redacci\u00f3n QP\",\"image\":{\"@type\":\"ImageObject\",\"inLanguage\":\"es\",\"@id\":\"https:\\\/\\\/secure.gravatar.com\\\/avatar\\\/c7164ed6fdec453195284ad24a5ae5b6e1eed2b848477fa2a4787ba9adf39a41?s=96&d=mm&r=g\",\"url\":\"https:\\\/\\\/secure.gravatar.com\\\/avatar\\\/c7164ed6fdec453195284ad24a5ae5b6e1eed2b848477fa2a4787ba9adf39a41?s=96&d=mm&r=g\",\"contentUrl\":\"https:\\\/\\\/secure.gravatar.com\\\/avatar\\\/c7164ed6fdec453195284ad24a5ae5b6e1eed2b848477fa2a4787ba9adf39a41?s=96&d=mm&r=g\",\"caption\":\"Redacci\u00f3n QP\"},\"url\":\"https:\\\/\\\/quehacerpolitico.mx\\\/?author=2\"}]}<\/script>\n<!-- \/ Yoast SEO plugin. -->","yoast_head_json":{"title":"Seguridad Social gratuita a trav\u00e9s del Seguro Popular anuncia AMLO -","robots":{"index":"index","follow":"follow","max-snippet":"max-snippet:-1","max-image-preview":"max-image-preview:large","max-video-preview":"max-video-preview:-1"},"canonical":"https:\/\/quehacerpolitico.mx\/?p=11771","og_locale":"es_MX","og_type":"article","og_title":"Seguridad Social gratuita a trav\u00e9s del Seguro Popular anuncia AMLO -","og_description":"Seguridad Social gratuita a trav\u00e9s del Seguro Popular anuncia AMLO Por Redacci\u00f3n QP","og_url":"https:\/\/quehacerpolitico.mx\/?p=11771","article_published_time":"2018-12-14T14:46:49+00:00","author":"Redacci\u00f3n QP","twitter_card":"summary_large_image","twitter_misc":{"Escrito por":"Redacci\u00f3n QP","Tiempo de lectura":"6 minutos"},"schema":{"@context":"https:\/\/schema.org","@graph":[{"@type":"Article","@id":"https:\/\/quehacerpolitico.mx\/?p=11771#article","isPartOf":{"@id":"https:\/\/quehacerpolitico.mx\/?p=11771"},"author":{"name":"Redacci\u00f3n QP","@id":"https:\/\/quehacerpolitico.mx\/#\/schema\/person\/496d8ad2d1d3f8036101dca7ee39e585"},"headline":"Seguridad Social gratuita a trav\u00e9s del Seguro Popular anuncia AMLO","datePublished":"2018-12-14T14:46:49+00:00","mainEntityOfPage":{"@id":"https:\/\/quehacerpolitico.mx\/?p=11771"},"wordCount":1195,"commentCount":0,"image":{"@id":"https:\/\/quehacerpolitico.mx\/?p=11771#primaryimage"},"thumbnailUrl":"","articleSection":["Noticias"],"inLanguage":"es","potentialAction":[{"@type":"CommentAction","name":"Comment","target":["https:\/\/quehacerpolitico.mx\/?p=11771#respond"]}]},{"@type":"WebPage","@id":"https:\/\/quehacerpolitico.mx\/?p=11771","url":"https:\/\/quehacerpolitico.mx\/?p=11771","name":"Seguridad Social gratuita a trav\u00e9s del Seguro Popular anuncia AMLO -","isPartOf":{"@id":"https:\/\/quehacerpolitico.mx\/#website"},"primaryImageOfPage":{"@id":"https:\/\/quehacerpolitico.mx\/?p=11771#primaryimage"},"image":{"@id":"https:\/\/quehacerpolitico.mx\/?p=11771#primaryimage"},"thumbnailUrl":"","datePublished":"2018-12-14T14:46:49+00:00","author":{"@id":"https:\/\/quehacerpolitico.mx\/#\/schema\/person\/496d8ad2d1d3f8036101dca7ee39e585"},"breadcrumb":{"@id":"https:\/\/quehacerpolitico.mx\/?p=11771#breadcrumb"},"inLanguage":"es","potentialAction":[{"@type":"ReadAction","target":["https:\/\/quehacerpolitico.mx\/?p=11771"]}]},{"@type":"ImageObject","inLanguage":"es","@id":"https:\/\/quehacerpolitico.mx\/?p=11771#primaryimage","url":"","contentUrl":""},{"@type":"BreadcrumbList","@id":"https:\/\/quehacerpolitico.mx\/?p=11771#breadcrumb","itemListElement":[{"@type":"ListItem","position":1,"name":"Inicio","item":"https:\/\/quehacerpolitico.mx\/"},{"@type":"ListItem","position":2,"name":"Seguridad Social gratuita a trav\u00e9s del Seguro Popular anuncia AMLO"}]},{"@type":"WebSite","@id":"https:\/\/quehacerpolitico.mx\/#website","url":"https:\/\/quehacerpolitico.mx\/","name":"","description":"","potentialAction":[{"@type":"SearchAction","target":{"@type":"EntryPoint","urlTemplate":"https:\/\/quehacerpolitico.mx\/?s={search_term_string}"},"query-input":{"@type":"PropertyValueSpecification","valueRequired":true,"valueName":"search_term_string"}}],"inLanguage":"es"},{"@type":"Person","@id":"https:\/\/quehacerpolitico.mx\/#\/schema\/person\/496d8ad2d1d3f8036101dca7ee39e585","name":"Redacci\u00f3n QP","image":{"@type":"ImageObject","inLanguage":"es","@id":"https:\/\/secure.gravatar.com\/avatar\/c7164ed6fdec453195284ad24a5ae5b6e1eed2b848477fa2a4787ba9adf39a41?s=96&d=mm&r=g","url":"https:\/\/secure.gravatar.com\/avatar\/c7164ed6fdec453195284ad24a5ae5b6e1eed2b848477fa2a4787ba9adf39a41?s=96&d=mm&r=g","contentUrl":"https:\/\/secure.gravatar.com\/avatar\/c7164ed6fdec453195284ad24a5ae5b6e1eed2b848477fa2a4787ba9adf39a41?s=96&d=mm&r=g","caption":"Redacci\u00f3n QP"},"url":"https:\/\/quehacerpolitico.mx\/?author=2"}]}},"featured_image_urls":{"full":"","thumbnail":"","medium":"","medium_large":"","large":"","1536x1536":"","2048x2048":"","covernews-featured":"","covernews-medium":""},"author_info":{"display_name":"Redacci\u00f3n QP","author_link":"https:\/\/quehacerpolitico.mx\/?author=2"},"category_info":"<a href=\"https:\/\/quehacerpolitico.mx\/?cat=2\" rel=\"category\">Noticias<\/a>","tag_info":"Noticias","comment_count":"0","_links":{"self":[{"href":"https:\/\/quehacerpolitico.mx\/index.php?rest_route=\/wp\/v2\/posts\/11771","targetHints":{"allow":["GET"]}}],"collection":[{"href":"https:\/\/quehacerpolitico.mx\/index.php?rest_route=\/wp\/v2\/posts"}],"about":[{"href":"https:\/\/quehacerpolitico.mx\/index.php?rest_route=\/wp\/v2\/types\/post"}],"author":[{"embeddable":true,"href":"https:\/\/quehacerpolitico.mx\/index.php?rest_route=\/wp\/v2\/users\/2"}],"replies":[{"embeddable":true,"href":"https:\/\/quehacerpolitico.mx\/index.php?rest_route=%2Fwp%2Fv2%2Fcomments&post=11771"}],"version-history":[{"count":0,"href":"https:\/\/quehacerpolitico.mx\/index.php?rest_route=\/wp\/v2\/posts\/11771\/revisions"}],"wp:featuredmedia":[{"embeddable":true,"href":"https:\/\/quehacerpolitico.mx\/index.php?rest_route=\/"}],"wp:attachment":[{"href":"https:\/\/quehacerpolitico.mx\/index.php?rest_route=%2Fwp%2Fv2%2Fmedia&parent=11771"}],"wp:term":[{"taxonomy":"category","embeddable":true,"href":"https:\/\/quehacerpolitico.mx\/index.php?rest_route=%2Fwp%2Fv2%2Fcategories&post=11771"},{"taxonomy":"post_tag","embeddable":true,"href":"https:\/\/quehacerpolitico.mx\/index.php?rest_route=%2Fwp%2Fv2%2Ftags&post=11771"}],"curies":[{"name":"wp","href":"https:\/\/api.w.org\/{rel}","templated":true}]}}