{"id":117707,"date":"2025-07-14T12:28:29","date_gmt":"2025-07-14T18:28:29","guid":{"rendered":"https:\/\/quehacerpolitico.mx\/?p=117707"},"modified":"2025-07-14T12:28:34","modified_gmt":"2025-07-14T18:28:34","slug":"sheinbaum-da-la-razon-a-los-profesionales-que-se-dedican-al-doblaje-de-voz-y-que-estan-siendo-afectados-por-el-uso-de-tecnologia-de-inteligencia-artificial","status":"publish","type":"post","link":"https:\/\/quehacerpolitico.mx\/?p=117707","title":{"rendered":"Sheinbaum da la raz\u00f3n a los profesionales que se dedican al \u201cdoblaje\u201d de voz y que est\u00e1n siendo afectados por el uso de tecnolog\u00eda de inteligencia artificial"},"content":{"rendered":"\n<p>Por Redacci\u00f3n QP<\/p>\n\n\n\n<p>La presidenta dijo que buscar\u00e1 entablar una conversaci\u00f3n con el gremio a trav\u00e9s de la Secretar\u00eda de Cultura y la Consejer\u00eda Jur\u00eddica de Presidencia<\/p>\n\n\n\n<p>La presidenta&nbsp;<strong>Claudia Sheinbaum&nbsp;<\/strong>afirm\u00f3 este lunes que apoyar\u00e1 la&nbsp;<strong>regulaci\u00f3n de la inteligencia artificial&nbsp;<\/strong>en la industria del doblaje en M\u00e9xico luego de la protesta de este fin de semana.&nbsp;<\/p>\n\n\n\n<p>La mandataria dijo en su conferencia matutina que a trav\u00e9s de la&nbsp;<strong>Secretar\u00eda de Cultura y la Consejer\u00eda Jur\u00eddica&nbsp;<\/strong>de Presidencia, su gobierno tendr\u00e1 un encuentro con los profesionales de doblaje que protestaron recientemente.&nbsp;<\/p>\n\n\n\n<p>&#8220;Tienen raz\u00f3n, son personas que se dedican principalmente al doblaje&nbsp;a trav\u00e9s de la inteligencia artificial, de acuerdo con lo que ellos plantean,&nbsp;se han estado utilizando voces,<strong>&nbsp;incluso de personas que ya fallecieron<\/strong>, entonces, esto no es correcto&#8221;, expres\u00f3.<\/p>\n\n\n\n<figure class=\"wp-block-embed is-type-rich is-provider-twitter wp-block-embed-twitter\"><div class=\"wp-block-embed__wrapper\">\n<blockquote class=\"twitter-tweet\" data-width=\"550\" data-dnt=\"true\"><p lang=\"es\" dir=\"ltr\"><a href=\"https:\/\/twitter.com\/hashtag\/Ma%C3%B1aneraDelPueblo?src=hash&amp;ref_src=twsrc%5Etfw\">#Ma\u00f1aneraDelPueblo<\/a> \ud83d\udcf0 | Concede la presidenta Claudia Sheinbaum la raz\u00f3n a los profesionales que se dedican al \u201cdoblaje\u201d de voz y que est\u00e1n siendo afectados por el uso de tecnolog\u00eda de inteligencia artificial. <br><br>\ud83d\uddde\ufe0f Israel Aldave v\u00eda <a href=\"https:\/\/twitter.com\/Radio_Formula?ref_src=twsrc%5Etfw\">@Radio_Formula<\/a> <a href=\"https:\/\/t.co\/Fh21QLa5a6\">pic.twitter.com\/Fh21QLa5a6<\/a><\/p>&mdash; Azucena Uresti (@azucenau) <a href=\"https:\/\/twitter.com\/azucenau\/status\/1944770768866316506?ref_src=twsrc%5Etfw\">July 14, 2025<\/a><\/blockquote><script async src=\"https:\/\/platform.twitter.com\/widgets.js\" charset=\"utf-8\"><\/script>\n<\/div><\/figure>\n\n\n\n<p>La presidenta afirm\u00f3 que se buscar\u00e1n esquemas para proteger el trabajo de los profesionales del doblaje y su voz, la principal herramienta de su trabajo.&nbsp;<\/p>\n\n\n\n<p>&#8220;El doblaje que se hace en M\u00e9xico es&nbsp;muy bueno, hay muchas personas que se dedican a ello y&nbsp;<strong>hay que proteger su trabajo, pero tambi\u00e9n su voz<\/strong>&nbsp;y&nbsp;todo lo que est\u00e1 asociado a esta profesi\u00f3n tan importante&#8221;, a\u00f1adi\u00f3.&nbsp;<\/p>\n\n\n\n<p>Y asegur\u00f3 que este lunes abord\u00f3 el tema con la consejera jur\u00eddica, Ernestina Godoy, y la secretaria de Cultura, Claudia Curiel.&nbsp;<\/p>\n\n\n\n<p>Bajo<strong>&nbsp;el lema &#8220;una sola voz&#8221;,&nbsp;<\/strong>artistas, locutores, actores de doblaje y creativos mexicanos protestaron este domingo en&nbsp;Ciudad de M\u00e9xico&nbsp;para exigir una legislaci\u00f3n que regule el uso de la voz humana frente al avance de la&nbsp;inteligencia artificial&nbsp;(IA).<\/p>\n\n\n\n<p>Con el objetivo de frenar la clonaci\u00f3n y el uso no autorizado de sus voces en productos comerciales o audiovisuales, el gremio art\u00edstico se moviliz\u00f3 luego de que el&nbsp;Instituto Nacional Electoral de M\u00e9xico&nbsp;(INE) utiliz\u00f3 en un video la voz del emblem\u00e1tico actor de doblaje&nbsp;<strong>Pepe Lavat<\/strong>, fallecido en 2018, sin el permiso de su familia.&nbsp;<\/p>\n\n\n\n<p><em>Con informaci\u00f3n de EFE<\/em><\/p>\n","protected":false},"excerpt":{"rendered":"<p>Por Redacci\u00f3n QP La presidenta dijo que buscar\u00e1 entablar una conversaci\u00f3n con el gremio a&#8230;<\/p>\n","protected":false},"author":2,"featured_media":117708,"comment_status":"open","ping_status":"open","sticky":false,"template":"","format":"standard","meta":{"_monsterinsights_skip_tracking":false,"_monsterinsights_sitenote_active":false,"_monsterinsights_sitenote_note":"","_monsterinsights_sitenote_category":0,"footnotes":""},"categories":[280,2],"tags":[],"class_list":["post-117707","post","type-post","status-publish","format-standard","has-post-thumbnail","hentry","category-nacionales","category-noticias"],"yoast_head":"<!-- This site is optimized with the Yoast SEO plugin v27.3 - https:\/\/yoast.com\/product\/yoast-seo-wordpress\/ -->\n<title>Sheinbaum da la raz\u00f3n a los profesionales que se dedican al \u201cdoblaje\u201d de voz y que est\u00e1n siendo afectados por el uso de tecnolog\u00eda de inteligencia artificial -<\/title>\n<meta name=\"robots\" content=\"index, follow, max-snippet:-1, max-image-preview:large, max-video-preview:-1\" \/>\n<link rel=\"canonical\" href=\"https:\/\/quehacerpolitico.mx\/?p=117707\" \/>\n<meta property=\"og:locale\" content=\"es_MX\" \/>\n<meta property=\"og:type\" content=\"article\" \/>\n<meta property=\"og:title\" content=\"Sheinbaum da la raz\u00f3n a los profesionales que se dedican al \u201cdoblaje\u201d de voz y que est\u00e1n siendo afectados por el uso de tecnolog\u00eda de inteligencia artificial -\" \/>\n<meta property=\"og:description\" content=\"Por Redacci\u00f3n QP La presidenta dijo que buscar\u00e1 entablar una conversaci\u00f3n con el gremio a...\" \/>\n<meta property=\"og:url\" content=\"https:\/\/quehacerpolitico.mx\/?p=117707\" \/>\n<meta property=\"article:published_time\" content=\"2025-07-14T18:28:29+00:00\" \/>\n<meta property=\"article:modified_time\" content=\"2025-07-14T18:28:34+00:00\" \/>\n<meta property=\"og:image\" content=\"https:\/\/quehacerpolitico.mx\/wp-content\/uploads\/2025\/07\/IMG_1746.jpeg\" \/>\n\t<meta property=\"og:image:width\" content=\"872\" \/>\n\t<meta property=\"og:image:height\" content=\"653\" \/>\n\t<meta property=\"og:image:type\" content=\"image\/jpeg\" \/>\n<meta name=\"author\" content=\"Redacci\u00f3n QP\" \/>\n<meta name=\"twitter:card\" content=\"summary_large_image\" \/>\n<meta name=\"twitter:label1\" content=\"Escrito por\" \/>\n\t<meta name=\"twitter:data1\" content=\"Redacci\u00f3n QP\" \/>\n\t<meta name=\"twitter:label2\" content=\"Tiempo de lectura\" \/>\n\t<meta name=\"twitter:data2\" content=\"2 minutos\" \/>\n<script type=\"application\/ld+json\" class=\"yoast-schema-graph\">{\"@context\":\"https:\\\/\\\/schema.org\",\"@graph\":[{\"@type\":\"Article\",\"@id\":\"https:\\\/\\\/quehacerpolitico.mx\\\/?p=117707#article\",\"isPartOf\":{\"@id\":\"https:\\\/\\\/quehacerpolitico.mx\\\/?p=117707\"},\"author\":{\"name\":\"Redacci\u00f3n QP\",\"@id\":\"https:\\\/\\\/quehacerpolitico.mx\\\/#\\\/schema\\\/person\\\/496d8ad2d1d3f8036101dca7ee39e585\"},\"headline\":\"Sheinbaum da la raz\u00f3n a los profesionales que se dedican al \u201cdoblaje\u201d de voz y que est\u00e1n siendo afectados por el uso de tecnolog\u00eda de inteligencia artificial\",\"datePublished\":\"2025-07-14T18:28:29+00:00\",\"dateModified\":\"2025-07-14T18:28:34+00:00\",\"mainEntityOfPage\":{\"@id\":\"https:\\\/\\\/quehacerpolitico.mx\\\/?p=117707\"},\"wordCount\":410,\"commentCount\":0,\"image\":{\"@id\":\"https:\\\/\\\/quehacerpolitico.mx\\\/?p=117707#primaryimage\"},\"thumbnailUrl\":\"https:\\\/\\\/quehacerpolitico.mx\\\/wp-content\\\/uploads\\\/2025\\\/07\\\/IMG_1746.jpeg\",\"articleSection\":[\"Nacionales\",\"Noticias\"],\"inLanguage\":\"es\",\"potentialAction\":[{\"@type\":\"CommentAction\",\"name\":\"Comment\",\"target\":[\"https:\\\/\\\/quehacerpolitico.mx\\\/?p=117707#respond\"]}]},{\"@type\":\"WebPage\",\"@id\":\"https:\\\/\\\/quehacerpolitico.mx\\\/?p=117707\",\"url\":\"https:\\\/\\\/quehacerpolitico.mx\\\/?p=117707\",\"name\":\"Sheinbaum da la raz\u00f3n a los profesionales que se dedican al \u201cdoblaje\u201d de voz y que est\u00e1n siendo afectados por el uso de tecnolog\u00eda de inteligencia artificial -\",\"isPartOf\":{\"@id\":\"https:\\\/\\\/quehacerpolitico.mx\\\/#website\"},\"primaryImageOfPage\":{\"@id\":\"https:\\\/\\\/quehacerpolitico.mx\\\/?p=117707#primaryimage\"},\"image\":{\"@id\":\"https:\\\/\\\/quehacerpolitico.mx\\\/?p=117707#primaryimage\"},\"thumbnailUrl\":\"https:\\\/\\\/quehacerpolitico.mx\\\/wp-content\\\/uploads\\\/2025\\\/07\\\/IMG_1746.jpeg\",\"datePublished\":\"2025-07-14T18:28:29+00:00\",\"dateModified\":\"2025-07-14T18:28:34+00:00\",\"author\":{\"@id\":\"https:\\\/\\\/quehacerpolitico.mx\\\/#\\\/schema\\\/person\\\/496d8ad2d1d3f8036101dca7ee39e585\"},\"breadcrumb\":{\"@id\":\"https:\\\/\\\/quehacerpolitico.mx\\\/?p=117707#breadcrumb\"},\"inLanguage\":\"es\",\"potentialAction\":[{\"@type\":\"ReadAction\",\"target\":[\"https:\\\/\\\/quehacerpolitico.mx\\\/?p=117707\"]}]},{\"@type\":\"ImageObject\",\"inLanguage\":\"es\",\"@id\":\"https:\\\/\\\/quehacerpolitico.mx\\\/?p=117707#primaryimage\",\"url\":\"https:\\\/\\\/quehacerpolitico.mx\\\/wp-content\\\/uploads\\\/2025\\\/07\\\/IMG_1746.jpeg\",\"contentUrl\":\"https:\\\/\\\/quehacerpolitico.mx\\\/wp-content\\\/uploads\\\/2025\\\/07\\\/IMG_1746.jpeg\",\"width\":872,\"height\":653,\"caption\":\"Screenshot\"},{\"@type\":\"BreadcrumbList\",\"@id\":\"https:\\\/\\\/quehacerpolitico.mx\\\/?p=117707#breadcrumb\",\"itemListElement\":[{\"@type\":\"ListItem\",\"position\":1,\"name\":\"Inicio\",\"item\":\"https:\\\/\\\/quehacerpolitico.mx\\\/\"},{\"@type\":\"ListItem\",\"position\":2,\"name\":\"Sheinbaum da la raz\u00f3n a los profesionales que se dedican al \u201cdoblaje\u201d de voz y que est\u00e1n siendo afectados por el uso de tecnolog\u00eda de inteligencia artificial\"}]},{\"@type\":\"WebSite\",\"@id\":\"https:\\\/\\\/quehacerpolitico.mx\\\/#website\",\"url\":\"https:\\\/\\\/quehacerpolitico.mx\\\/\",\"name\":\"\",\"description\":\"\",\"potentialAction\":[{\"@type\":\"SearchAction\",\"target\":{\"@type\":\"EntryPoint\",\"urlTemplate\":\"https:\\\/\\\/quehacerpolitico.mx\\\/?s={search_term_string}\"},\"query-input\":{\"@type\":\"PropertyValueSpecification\",\"valueRequired\":true,\"valueName\":\"search_term_string\"}}],\"inLanguage\":\"es\"},{\"@type\":\"Person\",\"@id\":\"https:\\\/\\\/quehacerpolitico.mx\\\/#\\\/schema\\\/person\\\/496d8ad2d1d3f8036101dca7ee39e585\",\"name\":\"Redacci\u00f3n QP\",\"image\":{\"@type\":\"ImageObject\",\"inLanguage\":\"es\",\"@id\":\"https:\\\/\\\/secure.gravatar.com\\\/avatar\\\/c7164ed6fdec453195284ad24a5ae5b6e1eed2b848477fa2a4787ba9adf39a41?s=96&d=mm&r=g\",\"url\":\"https:\\\/\\\/secure.gravatar.com\\\/avatar\\\/c7164ed6fdec453195284ad24a5ae5b6e1eed2b848477fa2a4787ba9adf39a41?s=96&d=mm&r=g\",\"contentUrl\":\"https:\\\/\\\/secure.gravatar.com\\\/avatar\\\/c7164ed6fdec453195284ad24a5ae5b6e1eed2b848477fa2a4787ba9adf39a41?s=96&d=mm&r=g\",\"caption\":\"Redacci\u00f3n QP\"},\"url\":\"https:\\\/\\\/quehacerpolitico.mx\\\/?author=2\"}]}<\/script>\n<!-- \/ Yoast SEO plugin. -->","yoast_head_json":{"title":"Sheinbaum da la raz\u00f3n a los profesionales que se dedican al \u201cdoblaje\u201d de voz y que est\u00e1n siendo afectados por el uso de tecnolog\u00eda de inteligencia artificial -","robots":{"index":"index","follow":"follow","max-snippet":"max-snippet:-1","max-image-preview":"max-image-preview:large","max-video-preview":"max-video-preview:-1"},"canonical":"https:\/\/quehacerpolitico.mx\/?p=117707","og_locale":"es_MX","og_type":"article","og_title":"Sheinbaum da la raz\u00f3n a los profesionales que se dedican al \u201cdoblaje\u201d de voz y que est\u00e1n siendo afectados por el uso de tecnolog\u00eda de inteligencia artificial -","og_description":"Por Redacci\u00f3n QP La presidenta dijo que buscar\u00e1 entablar una conversaci\u00f3n con el gremio a...","og_url":"https:\/\/quehacerpolitico.mx\/?p=117707","article_published_time":"2025-07-14T18:28:29+00:00","article_modified_time":"2025-07-14T18:28:34+00:00","og_image":[{"width":872,"height":653,"url":"https:\/\/quehacerpolitico.mx\/wp-content\/uploads\/2025\/07\/IMG_1746.jpeg","type":"image\/jpeg"}],"author":"Redacci\u00f3n QP","twitter_card":"summary_large_image","twitter_misc":{"Escrito por":"Redacci\u00f3n QP","Tiempo de lectura":"2 minutos"},"schema":{"@context":"https:\/\/schema.org","@graph":[{"@type":"Article","@id":"https:\/\/quehacerpolitico.mx\/?p=117707#article","isPartOf":{"@id":"https:\/\/quehacerpolitico.mx\/?p=117707"},"author":{"name":"Redacci\u00f3n QP","@id":"https:\/\/quehacerpolitico.mx\/#\/schema\/person\/496d8ad2d1d3f8036101dca7ee39e585"},"headline":"Sheinbaum da la raz\u00f3n a los profesionales que se dedican al \u201cdoblaje\u201d de voz y que est\u00e1n siendo afectados por el uso de tecnolog\u00eda de inteligencia artificial","datePublished":"2025-07-14T18:28:29+00:00","dateModified":"2025-07-14T18:28:34+00:00","mainEntityOfPage":{"@id":"https:\/\/quehacerpolitico.mx\/?p=117707"},"wordCount":410,"commentCount":0,"image":{"@id":"https:\/\/quehacerpolitico.mx\/?p=117707#primaryimage"},"thumbnailUrl":"https:\/\/quehacerpolitico.mx\/wp-content\/uploads\/2025\/07\/IMG_1746.jpeg","articleSection":["Nacionales","Noticias"],"inLanguage":"es","potentialAction":[{"@type":"CommentAction","name":"Comment","target":["https:\/\/quehacerpolitico.mx\/?p=117707#respond"]}]},{"@type":"WebPage","@id":"https:\/\/quehacerpolitico.mx\/?p=117707","url":"https:\/\/quehacerpolitico.mx\/?p=117707","name":"Sheinbaum da la raz\u00f3n a los profesionales que se dedican al \u201cdoblaje\u201d de voz y que est\u00e1n siendo afectados por el uso de tecnolog\u00eda de inteligencia artificial -","isPartOf":{"@id":"https:\/\/quehacerpolitico.mx\/#website"},"primaryImageOfPage":{"@id":"https:\/\/quehacerpolitico.mx\/?p=117707#primaryimage"},"image":{"@id":"https:\/\/quehacerpolitico.mx\/?p=117707#primaryimage"},"thumbnailUrl":"https:\/\/quehacerpolitico.mx\/wp-content\/uploads\/2025\/07\/IMG_1746.jpeg","datePublished":"2025-07-14T18:28:29+00:00","dateModified":"2025-07-14T18:28:34+00:00","author":{"@id":"https:\/\/quehacerpolitico.mx\/#\/schema\/person\/496d8ad2d1d3f8036101dca7ee39e585"},"breadcrumb":{"@id":"https:\/\/quehacerpolitico.mx\/?p=117707#breadcrumb"},"inLanguage":"es","potentialAction":[{"@type":"ReadAction","target":["https:\/\/quehacerpolitico.mx\/?p=117707"]}]},{"@type":"ImageObject","inLanguage":"es","@id":"https:\/\/quehacerpolitico.mx\/?p=117707#primaryimage","url":"https:\/\/quehacerpolitico.mx\/wp-content\/uploads\/2025\/07\/IMG_1746.jpeg","contentUrl":"https:\/\/quehacerpolitico.mx\/wp-content\/uploads\/2025\/07\/IMG_1746.jpeg","width":872,"height":653,"caption":"Screenshot"},{"@type":"BreadcrumbList","@id":"https:\/\/quehacerpolitico.mx\/?p=117707#breadcrumb","itemListElement":[{"@type":"ListItem","position":1,"name":"Inicio","item":"https:\/\/quehacerpolitico.mx\/"},{"@type":"ListItem","position":2,"name":"Sheinbaum da la raz\u00f3n a los profesionales que se dedican al \u201cdoblaje\u201d de voz y que est\u00e1n siendo afectados por el uso de tecnolog\u00eda de inteligencia artificial"}]},{"@type":"WebSite","@id":"https:\/\/quehacerpolitico.mx\/#website","url":"https:\/\/quehacerpolitico.mx\/","name":"","description":"","potentialAction":[{"@type":"SearchAction","target":{"@type":"EntryPoint","urlTemplate":"https:\/\/quehacerpolitico.mx\/?s={search_term_string}"},"query-input":{"@type":"PropertyValueSpecification","valueRequired":true,"valueName":"search_term_string"}}],"inLanguage":"es"},{"@type":"Person","@id":"https:\/\/quehacerpolitico.mx\/#\/schema\/person\/496d8ad2d1d3f8036101dca7ee39e585","name":"Redacci\u00f3n QP","image":{"@type":"ImageObject","inLanguage":"es","@id":"https:\/\/secure.gravatar.com\/avatar\/c7164ed6fdec453195284ad24a5ae5b6e1eed2b848477fa2a4787ba9adf39a41?s=96&d=mm&r=g","url":"https:\/\/secure.gravatar.com\/avatar\/c7164ed6fdec453195284ad24a5ae5b6e1eed2b848477fa2a4787ba9adf39a41?s=96&d=mm&r=g","contentUrl":"https:\/\/secure.gravatar.com\/avatar\/c7164ed6fdec453195284ad24a5ae5b6e1eed2b848477fa2a4787ba9adf39a41?s=96&d=mm&r=g","caption":"Redacci\u00f3n QP"},"url":"https:\/\/quehacerpolitico.mx\/?author=2"}]}},"featured_image_urls":{"full":["https:\/\/quehacerpolitico.mx\/wp-content\/uploads\/2025\/07\/IMG_1746.jpeg",872,653,false],"thumbnail":["https:\/\/quehacerpolitico.mx\/wp-content\/uploads\/2025\/07\/IMG_1746-150x150.jpeg",150,150,true],"medium":["https:\/\/quehacerpolitico.mx\/wp-content\/uploads\/2025\/07\/IMG_1746-300x225.jpeg",300,225,true],"medium_large":["https:\/\/quehacerpolitico.mx\/wp-content\/uploads\/2025\/07\/IMG_1746-768x575.jpeg",640,479,true],"large":["https:\/\/quehacerpolitico.mx\/wp-content\/uploads\/2025\/07\/IMG_1746.jpeg",640,479,false],"1536x1536":["https:\/\/quehacerpolitico.mx\/wp-content\/uploads\/2025\/07\/IMG_1746.jpeg",872,653,false],"2048x2048":["https:\/\/quehacerpolitico.mx\/wp-content\/uploads\/2025\/07\/IMG_1746.jpeg",872,653,false],"covernews-featured":["https:\/\/quehacerpolitico.mx\/wp-content\/uploads\/2025\/07\/IMG_1746.jpeg",872,653,false],"covernews-medium":["https:\/\/quehacerpolitico.mx\/wp-content\/uploads\/2025\/07\/IMG_1746-540x340.jpeg",540,340,true]},"author_info":{"display_name":"Redacci\u00f3n QP","author_link":"https:\/\/quehacerpolitico.mx\/?author=2"},"category_info":"<a href=\"https:\/\/quehacerpolitico.mx\/?cat=280\" rel=\"category\">Nacionales<\/a> <a href=\"https:\/\/quehacerpolitico.mx\/?cat=2\" rel=\"category\">Noticias<\/a>","tag_info":"Noticias","comment_count":"0","_links":{"self":[{"href":"https:\/\/quehacerpolitico.mx\/index.php?rest_route=\/wp\/v2\/posts\/117707","targetHints":{"allow":["GET"]}}],"collection":[{"href":"https:\/\/quehacerpolitico.mx\/index.php?rest_route=\/wp\/v2\/posts"}],"about":[{"href":"https:\/\/quehacerpolitico.mx\/index.php?rest_route=\/wp\/v2\/types\/post"}],"author":[{"embeddable":true,"href":"https:\/\/quehacerpolitico.mx\/index.php?rest_route=\/wp\/v2\/users\/2"}],"replies":[{"embeddable":true,"href":"https:\/\/quehacerpolitico.mx\/index.php?rest_route=%2Fwp%2Fv2%2Fcomments&post=117707"}],"version-history":[{"count":1,"href":"https:\/\/quehacerpolitico.mx\/index.php?rest_route=\/wp\/v2\/posts\/117707\/revisions"}],"predecessor-version":[{"id":117709,"href":"https:\/\/quehacerpolitico.mx\/index.php?rest_route=\/wp\/v2\/posts\/117707\/revisions\/117709"}],"wp:featuredmedia":[{"embeddable":true,"href":"https:\/\/quehacerpolitico.mx\/index.php?rest_route=\/wp\/v2\/media\/117708"}],"wp:attachment":[{"href":"https:\/\/quehacerpolitico.mx\/index.php?rest_route=%2Fwp%2Fv2%2Fmedia&parent=117707"}],"wp:term":[{"taxonomy":"category","embeddable":true,"href":"https:\/\/quehacerpolitico.mx\/index.php?rest_route=%2Fwp%2Fv2%2Fcategories&post=117707"},{"taxonomy":"post_tag","embeddable":true,"href":"https:\/\/quehacerpolitico.mx\/index.php?rest_route=%2Fwp%2Fv2%2Ftags&post=117707"}],"curies":[{"name":"wp","href":"https:\/\/api.w.org\/{rel}","templated":true}]}}