{"id":117700,"date":"2025-07-14T10:37:47","date_gmt":"2025-07-14T16:37:47","guid":{"rendered":"https:\/\/quehacerpolitico.mx\/?p=117700"},"modified":"2025-07-14T10:37:50","modified_gmt":"2025-07-14T16:37:50","slug":"el-gobierno-de-mexico-demandara-por-difamacion-al-abogado-de-ovidio-guzman-jeffrey-lichtman-tras-dichos-sobre-la-exoneracion-de-cienfugos-y-la-desconfianza-de-eu","status":"publish","type":"post","link":"https:\/\/quehacerpolitico.mx\/?p=117700","title":{"rendered":"El gobierno de M\u00e9xico demandar\u00e1 &#8220;por difamaci\u00f3n&#8221; al abogado de Ovidio Guzm\u00e1n, Jeffrey Lichtman, tras dichos sobre la exoneraci\u00f3n de Cienfugos y la desconfianza de EU"},"content":{"rendered":"\n<p>Por Redacci\u00f3n QP<\/p>\n\n\n\n<p>\u201cNo voy a establecer di\u00e1logo con un abogado de narcotraficantes&#8221;, declar\u00f3 la Presidenta al anunciar la demanda en contra de Jeffrey Lichtman<\/p>\n\n\n\n<p>En su conferencia matutina de este lunes, la Presidenta de M\u00e9xico, Claudia Sheinbaum Pardo, anunci\u00f3 que presentar\u00e1 una demanda por difamaci\u00f3n contra el abogado de Ovidio Guzm\u00e1n, Jeffrey Lichtman, quien tild\u00f3 de &#8220;absurda&#8221; la postura del Gobierno mexicano por pedir participar en el acuerdo de culpabilidad del hijo de \u2018El Chapo\u2019 en Estados Unidos.<\/p>\n\n\n\n<p><mark><strong>\u201cNo voy a establecer di\u00e1logo con un abogado de narcotraficantes. N\u00famero uno. N\u00famero dos, vamos a presentar una demanda por difamaci\u00f3n aqu\u00ed en M\u00e9xico, porque no se puede dejar pasar a trav\u00e9s de la Consejer\u00eda Jur\u00eddica\u201d,<\/strong><\/mark>&nbsp;se\u00f1al\u00f3 la Mandataria.<\/p>\n\n\n\n<figure class=\"wp-block-embed is-type-rich is-provider-twitter wp-block-embed-twitter\"><div class=\"wp-block-embed__wrapper\">\n<blockquote class=\"twitter-tweet\" data-width=\"550\" data-dnt=\"true\"><p lang=\"es\" dir=\"ltr\">\ud83d\udea8 El gobierno de M\u00e9xico demandar\u00e1 &quot;por difamaci\u00f3n&quot; al abogado de Ovidio Guzm\u00e1n, Jeffrey Lichtman, tras dichos sobre la exoneraci\u00f3n de Cienfugos y la desconfianza de EU.<br><br>La presidenta afirma que no volver\u00e1 a engancharse con el defensor de un narcotraficante. <a href=\"https:\/\/t.co\/7GBtXuG1D9\">pic.twitter.com\/7GBtXuG1D9<\/a><\/p>&mdash; Manuel Lopez San Martin (@MLopezSanMartin) <a href=\"https:\/\/twitter.com\/MLopezSanMartin\/status\/1944775329152704846?ref_src=twsrc%5Etfw\">July 14, 2025<\/a><\/blockquote><script async src=\"https:\/\/platform.twitter.com\/widgets.js\" charset=\"utf-8\"><\/script>\n<\/div><\/figure>\n\n\n\n<p>La reacci\u00f3n de Sheinbaum ocurre despu\u00e9s de que el viernes, apenas horas despu\u00e9s de que Ovidio Guzm\u00e1n se declarara culpable en una corte de Chicago por cuatro cargos \u2014a cambio de colaborar con informaci\u00f3n sobre el c\u00e1rtel de Sinaloa\u2014,&nbsp;<strong>Lichtman acus\u00f3 a M\u00e9xico de ignorar a otras figuras del narcotr\u00e1fico protegidas localmente.<\/strong><\/p>\n\n\n\n<p>Litchman tambi\u00e9n cuestion\u00f3 que M\u00e9xico busque participar en el acuerdo cuando el Gobierno del expresidente Andr\u00e9s Manuel L\u00f3pez Obrador (2018-2024) &#8220;viol\u00f3 un acuerdo bilateral&#8221; con Estados Unidos cuando exoner\u00f3 al general Salvador Cienfuegos, tras pedir su extradici\u00f3n mientras era investigado por narcotr\u00e1fico en EU.<\/p>\n\n\n\n<p><strong>En respuesta, Sheinbaum afirm\u00f3 que su Gobierno no establece &#8220;relaciones de contubernio ni complicidad con nadie&#8221;.<\/strong><\/p>\n\n\n\n<p>Este lunes, la gobernante mexicana dijo que en el caso Cienfuegos tiene que aclararse el tema \u201cporque es muy claro que hab\u00eda inocencia\u201d.<\/p>\n\n\n\n<p>Por ello, dijo que su gobierno buscar\u00e1 que se describa claramente c\u00f3mo fue todo el caso, desde la detenci\u00f3n del general, hasta su liberaci\u00f3n y c\u00f3mo la Fiscal\u00eda General de la Rep\u00fablica particip\u00f3 en el tema.<\/p>\n\n\n\n<p><mark><strong>El viernes, Ovidio Guzm\u00e1n, hijo de Joaqu\u00edn &#8216;el Chapo&#8217;, evit\u00f3 ir a juicio en Estados Unidos tras declararse culpable de tr\u00e1fico de m\u00faltiples drogas (incluido el fentanilo) y participar en el crimen organizado.<\/strong><\/mark><\/p>\n\n\n\n<p>La jueza Sharon Coleman fijar\u00e1 su sentencia dentro de seis meses, y previsiblemente Guzm\u00e1n evitar\u00e1 la cadena perpetua al acceder a colaborar con la justicia.<\/p>\n\n\n\n<p>Sin embargo, el fiscal estadounidense indic\u00f3 que pedir\u00e1 una pena menor a la perpetua si Guzm\u00e1n cumple con su cooperaci\u00f3n, y solicit\u00f3 una multa de 80 millones de d\u00f3lares, aunque la jueza Coleman definir\u00e1 tanto la condena final como el monto definitivo.<\/p>\n\n\n\n<p>Con informaci\u00f3n de EFE<\/p>\n","protected":false},"excerpt":{"rendered":"<p>Por Redacci\u00f3n QP \u201cNo voy a establecer di\u00e1logo con un abogado de narcotraficantes&#8221;, declar\u00f3 la&#8230;<\/p>\n","protected":false},"author":2,"featured_media":117701,"comment_status":"open","ping_status":"open","sticky":false,"template":"","format":"standard","meta":{"_monsterinsights_skip_tracking":false,"_monsterinsights_sitenote_active":false,"_monsterinsights_sitenote_note":"","_monsterinsights_sitenote_category":0,"footnotes":""},"categories":[280,2],"tags":[],"class_list":["post-117700","post","type-post","status-publish","format-standard","has-post-thumbnail","hentry","category-nacionales","category-noticias"],"yoast_head":"<!-- This site is optimized with the Yoast SEO plugin v27.3 - https:\/\/yoast.com\/product\/yoast-seo-wordpress\/ -->\n<title>El gobierno de M\u00e9xico demandar\u00e1 &quot;por difamaci\u00f3n&quot; al abogado de Ovidio Guzm\u00e1n, Jeffrey Lichtman, tras dichos sobre la exoneraci\u00f3n de Cienfugos y la desconfianza de EU -<\/title>\n<meta name=\"robots\" content=\"index, follow, max-snippet:-1, max-image-preview:large, max-video-preview:-1\" \/>\n<link rel=\"canonical\" href=\"https:\/\/quehacerpolitico.mx\/?p=117700\" \/>\n<meta property=\"og:locale\" content=\"es_MX\" \/>\n<meta property=\"og:type\" content=\"article\" \/>\n<meta property=\"og:title\" content=\"El gobierno de M\u00e9xico demandar\u00e1 &quot;por difamaci\u00f3n&quot; al abogado de Ovidio Guzm\u00e1n, Jeffrey Lichtman, tras dichos sobre la exoneraci\u00f3n de Cienfugos y la desconfianza de EU -\" \/>\n<meta property=\"og:description\" content=\"Por Redacci\u00f3n QP \u201cNo voy a establecer di\u00e1logo con un abogado de narcotraficantes&#8221;, declar\u00f3 la...\" \/>\n<meta property=\"og:url\" content=\"https:\/\/quehacerpolitico.mx\/?p=117700\" \/>\n<meta property=\"article:published_time\" content=\"2025-07-14T16:37:47+00:00\" \/>\n<meta property=\"article:modified_time\" content=\"2025-07-14T16:37:50+00:00\" \/>\n<meta property=\"og:image\" content=\"https:\/\/quehacerpolitico.mx\/wp-content\/uploads\/2025\/07\/IMG_1742.jpeg\" \/>\n\t<meta property=\"og:image:width\" content=\"1170\" \/>\n\t<meta property=\"og:image:height\" content=\"642\" \/>\n\t<meta property=\"og:image:type\" content=\"image\/jpeg\" \/>\n<meta name=\"author\" content=\"Redacci\u00f3n QP\" \/>\n<meta name=\"twitter:card\" content=\"summary_large_image\" \/>\n<meta name=\"twitter:label1\" content=\"Escrito por\" \/>\n\t<meta name=\"twitter:data1\" content=\"Redacci\u00f3n QP\" \/>\n\t<meta name=\"twitter:label2\" content=\"Tiempo de lectura\" \/>\n\t<meta name=\"twitter:data2\" content=\"2 minutos\" \/>\n<script type=\"application\/ld+json\" class=\"yoast-schema-graph\">{\"@context\":\"https:\\\/\\\/schema.org\",\"@graph\":[{\"@type\":\"Article\",\"@id\":\"https:\\\/\\\/quehacerpolitico.mx\\\/?p=117700#article\",\"isPartOf\":{\"@id\":\"https:\\\/\\\/quehacerpolitico.mx\\\/?p=117700\"},\"author\":{\"name\":\"Redacci\u00f3n QP\",\"@id\":\"https:\\\/\\\/quehacerpolitico.mx\\\/#\\\/schema\\\/person\\\/496d8ad2d1d3f8036101dca7ee39e585\"},\"headline\":\"El gobierno de M\u00e9xico demandar\u00e1 &#8220;por difamaci\u00f3n&#8221; al abogado de Ovidio Guzm\u00e1n, Jeffrey Lichtman, tras dichos sobre la exoneraci\u00f3n de Cienfugos y la desconfianza de EU\",\"datePublished\":\"2025-07-14T16:37:47+00:00\",\"dateModified\":\"2025-07-14T16:37:50+00:00\",\"mainEntityOfPage\":{\"@id\":\"https:\\\/\\\/quehacerpolitico.mx\\\/?p=117700\"},\"wordCount\":474,\"commentCount\":0,\"image\":{\"@id\":\"https:\\\/\\\/quehacerpolitico.mx\\\/?p=117700#primaryimage\"},\"thumbnailUrl\":\"https:\\\/\\\/quehacerpolitico.mx\\\/wp-content\\\/uploads\\\/2025\\\/07\\\/IMG_1742.jpeg\",\"articleSection\":[\"Nacionales\",\"Noticias\"],\"inLanguage\":\"es\",\"potentialAction\":[{\"@type\":\"CommentAction\",\"name\":\"Comment\",\"target\":[\"https:\\\/\\\/quehacerpolitico.mx\\\/?p=117700#respond\"]}]},{\"@type\":\"WebPage\",\"@id\":\"https:\\\/\\\/quehacerpolitico.mx\\\/?p=117700\",\"url\":\"https:\\\/\\\/quehacerpolitico.mx\\\/?p=117700\",\"name\":\"El gobierno de M\u00e9xico demandar\u00e1 \\\"por difamaci\u00f3n\\\" al abogado de Ovidio Guzm\u00e1n, Jeffrey Lichtman, tras dichos sobre la exoneraci\u00f3n de Cienfugos y la desconfianza de EU -\",\"isPartOf\":{\"@id\":\"https:\\\/\\\/quehacerpolitico.mx\\\/#website\"},\"primaryImageOfPage\":{\"@id\":\"https:\\\/\\\/quehacerpolitico.mx\\\/?p=117700#primaryimage\"},\"image\":{\"@id\":\"https:\\\/\\\/quehacerpolitico.mx\\\/?p=117700#primaryimage\"},\"thumbnailUrl\":\"https:\\\/\\\/quehacerpolitico.mx\\\/wp-content\\\/uploads\\\/2025\\\/07\\\/IMG_1742.jpeg\",\"datePublished\":\"2025-07-14T16:37:47+00:00\",\"dateModified\":\"2025-07-14T16:37:50+00:00\",\"author\":{\"@id\":\"https:\\\/\\\/quehacerpolitico.mx\\\/#\\\/schema\\\/person\\\/496d8ad2d1d3f8036101dca7ee39e585\"},\"breadcrumb\":{\"@id\":\"https:\\\/\\\/quehacerpolitico.mx\\\/?p=117700#breadcrumb\"},\"inLanguage\":\"es\",\"potentialAction\":[{\"@type\":\"ReadAction\",\"target\":[\"https:\\\/\\\/quehacerpolitico.mx\\\/?p=117700\"]}]},{\"@type\":\"ImageObject\",\"inLanguage\":\"es\",\"@id\":\"https:\\\/\\\/quehacerpolitico.mx\\\/?p=117700#primaryimage\",\"url\":\"https:\\\/\\\/quehacerpolitico.mx\\\/wp-content\\\/uploads\\\/2025\\\/07\\\/IMG_1742.jpeg\",\"contentUrl\":\"https:\\\/\\\/quehacerpolitico.mx\\\/wp-content\\\/uploads\\\/2025\\\/07\\\/IMG_1742.jpeg\",\"width\":1170,\"height\":642,\"caption\":\"Screenshot\"},{\"@type\":\"BreadcrumbList\",\"@id\":\"https:\\\/\\\/quehacerpolitico.mx\\\/?p=117700#breadcrumb\",\"itemListElement\":[{\"@type\":\"ListItem\",\"position\":1,\"name\":\"Inicio\",\"item\":\"https:\\\/\\\/quehacerpolitico.mx\\\/\"},{\"@type\":\"ListItem\",\"position\":2,\"name\":\"El gobierno de M\u00e9xico demandar\u00e1 &#8220;por difamaci\u00f3n&#8221; al abogado de Ovidio Guzm\u00e1n, Jeffrey Lichtman, tras dichos sobre la exoneraci\u00f3n de Cienfugos y la desconfianza de EU\"}]},{\"@type\":\"WebSite\",\"@id\":\"https:\\\/\\\/quehacerpolitico.mx\\\/#website\",\"url\":\"https:\\\/\\\/quehacerpolitico.mx\\\/\",\"name\":\"\",\"description\":\"\",\"potentialAction\":[{\"@type\":\"SearchAction\",\"target\":{\"@type\":\"EntryPoint\",\"urlTemplate\":\"https:\\\/\\\/quehacerpolitico.mx\\\/?s={search_term_string}\"},\"query-input\":{\"@type\":\"PropertyValueSpecification\",\"valueRequired\":true,\"valueName\":\"search_term_string\"}}],\"inLanguage\":\"es\"},{\"@type\":\"Person\",\"@id\":\"https:\\\/\\\/quehacerpolitico.mx\\\/#\\\/schema\\\/person\\\/496d8ad2d1d3f8036101dca7ee39e585\",\"name\":\"Redacci\u00f3n QP\",\"image\":{\"@type\":\"ImageObject\",\"inLanguage\":\"es\",\"@id\":\"https:\\\/\\\/secure.gravatar.com\\\/avatar\\\/c7164ed6fdec453195284ad24a5ae5b6e1eed2b848477fa2a4787ba9adf39a41?s=96&d=mm&r=g\",\"url\":\"https:\\\/\\\/secure.gravatar.com\\\/avatar\\\/c7164ed6fdec453195284ad24a5ae5b6e1eed2b848477fa2a4787ba9adf39a41?s=96&d=mm&r=g\",\"contentUrl\":\"https:\\\/\\\/secure.gravatar.com\\\/avatar\\\/c7164ed6fdec453195284ad24a5ae5b6e1eed2b848477fa2a4787ba9adf39a41?s=96&d=mm&r=g\",\"caption\":\"Redacci\u00f3n QP\"},\"url\":\"https:\\\/\\\/quehacerpolitico.mx\\\/?author=2\"}]}<\/script>\n<!-- \/ Yoast SEO plugin. -->","yoast_head_json":{"title":"El gobierno de M\u00e9xico demandar\u00e1 \"por difamaci\u00f3n\" al abogado de Ovidio Guzm\u00e1n, Jeffrey Lichtman, tras dichos sobre la exoneraci\u00f3n de Cienfugos y la desconfianza de EU -","robots":{"index":"index","follow":"follow","max-snippet":"max-snippet:-1","max-image-preview":"max-image-preview:large","max-video-preview":"max-video-preview:-1"},"canonical":"https:\/\/quehacerpolitico.mx\/?p=117700","og_locale":"es_MX","og_type":"article","og_title":"El gobierno de M\u00e9xico demandar\u00e1 \"por difamaci\u00f3n\" al abogado de Ovidio Guzm\u00e1n, Jeffrey Lichtman, tras dichos sobre la exoneraci\u00f3n de Cienfugos y la desconfianza de EU -","og_description":"Por Redacci\u00f3n QP \u201cNo voy a establecer di\u00e1logo con un abogado de narcotraficantes&#8221;, declar\u00f3 la...","og_url":"https:\/\/quehacerpolitico.mx\/?p=117700","article_published_time":"2025-07-14T16:37:47+00:00","article_modified_time":"2025-07-14T16:37:50+00:00","og_image":[{"width":1170,"height":642,"url":"https:\/\/quehacerpolitico.mx\/wp-content\/uploads\/2025\/07\/IMG_1742.jpeg","type":"image\/jpeg"}],"author":"Redacci\u00f3n QP","twitter_card":"summary_large_image","twitter_misc":{"Escrito por":"Redacci\u00f3n QP","Tiempo de lectura":"2 minutos"},"schema":{"@context":"https:\/\/schema.org","@graph":[{"@type":"Article","@id":"https:\/\/quehacerpolitico.mx\/?p=117700#article","isPartOf":{"@id":"https:\/\/quehacerpolitico.mx\/?p=117700"},"author":{"name":"Redacci\u00f3n QP","@id":"https:\/\/quehacerpolitico.mx\/#\/schema\/person\/496d8ad2d1d3f8036101dca7ee39e585"},"headline":"El gobierno de M\u00e9xico demandar\u00e1 &#8220;por difamaci\u00f3n&#8221; al abogado de Ovidio Guzm\u00e1n, Jeffrey Lichtman, tras dichos sobre la exoneraci\u00f3n de Cienfugos y la desconfianza de EU","datePublished":"2025-07-14T16:37:47+00:00","dateModified":"2025-07-14T16:37:50+00:00","mainEntityOfPage":{"@id":"https:\/\/quehacerpolitico.mx\/?p=117700"},"wordCount":474,"commentCount":0,"image":{"@id":"https:\/\/quehacerpolitico.mx\/?p=117700#primaryimage"},"thumbnailUrl":"https:\/\/quehacerpolitico.mx\/wp-content\/uploads\/2025\/07\/IMG_1742.jpeg","articleSection":["Nacionales","Noticias"],"inLanguage":"es","potentialAction":[{"@type":"CommentAction","name":"Comment","target":["https:\/\/quehacerpolitico.mx\/?p=117700#respond"]}]},{"@type":"WebPage","@id":"https:\/\/quehacerpolitico.mx\/?p=117700","url":"https:\/\/quehacerpolitico.mx\/?p=117700","name":"El gobierno de M\u00e9xico demandar\u00e1 \"por difamaci\u00f3n\" al abogado de Ovidio Guzm\u00e1n, Jeffrey Lichtman, tras dichos sobre la exoneraci\u00f3n de Cienfugos y la desconfianza de EU -","isPartOf":{"@id":"https:\/\/quehacerpolitico.mx\/#website"},"primaryImageOfPage":{"@id":"https:\/\/quehacerpolitico.mx\/?p=117700#primaryimage"},"image":{"@id":"https:\/\/quehacerpolitico.mx\/?p=117700#primaryimage"},"thumbnailUrl":"https:\/\/quehacerpolitico.mx\/wp-content\/uploads\/2025\/07\/IMG_1742.jpeg","datePublished":"2025-07-14T16:37:47+00:00","dateModified":"2025-07-14T16:37:50+00:00","author":{"@id":"https:\/\/quehacerpolitico.mx\/#\/schema\/person\/496d8ad2d1d3f8036101dca7ee39e585"},"breadcrumb":{"@id":"https:\/\/quehacerpolitico.mx\/?p=117700#breadcrumb"},"inLanguage":"es","potentialAction":[{"@type":"ReadAction","target":["https:\/\/quehacerpolitico.mx\/?p=117700"]}]},{"@type":"ImageObject","inLanguage":"es","@id":"https:\/\/quehacerpolitico.mx\/?p=117700#primaryimage","url":"https:\/\/quehacerpolitico.mx\/wp-content\/uploads\/2025\/07\/IMG_1742.jpeg","contentUrl":"https:\/\/quehacerpolitico.mx\/wp-content\/uploads\/2025\/07\/IMG_1742.jpeg","width":1170,"height":642,"caption":"Screenshot"},{"@type":"BreadcrumbList","@id":"https:\/\/quehacerpolitico.mx\/?p=117700#breadcrumb","itemListElement":[{"@type":"ListItem","position":1,"name":"Inicio","item":"https:\/\/quehacerpolitico.mx\/"},{"@type":"ListItem","position":2,"name":"El gobierno de M\u00e9xico demandar\u00e1 &#8220;por difamaci\u00f3n&#8221; al abogado de Ovidio Guzm\u00e1n, Jeffrey Lichtman, tras dichos sobre la exoneraci\u00f3n de Cienfugos y la desconfianza de EU"}]},{"@type":"WebSite","@id":"https:\/\/quehacerpolitico.mx\/#website","url":"https:\/\/quehacerpolitico.mx\/","name":"","description":"","potentialAction":[{"@type":"SearchAction","target":{"@type":"EntryPoint","urlTemplate":"https:\/\/quehacerpolitico.mx\/?s={search_term_string}"},"query-input":{"@type":"PropertyValueSpecification","valueRequired":true,"valueName":"search_term_string"}}],"inLanguage":"es"},{"@type":"Person","@id":"https:\/\/quehacerpolitico.mx\/#\/schema\/person\/496d8ad2d1d3f8036101dca7ee39e585","name":"Redacci\u00f3n QP","image":{"@type":"ImageObject","inLanguage":"es","@id":"https:\/\/secure.gravatar.com\/avatar\/c7164ed6fdec453195284ad24a5ae5b6e1eed2b848477fa2a4787ba9adf39a41?s=96&d=mm&r=g","url":"https:\/\/secure.gravatar.com\/avatar\/c7164ed6fdec453195284ad24a5ae5b6e1eed2b848477fa2a4787ba9adf39a41?s=96&d=mm&r=g","contentUrl":"https:\/\/secure.gravatar.com\/avatar\/c7164ed6fdec453195284ad24a5ae5b6e1eed2b848477fa2a4787ba9adf39a41?s=96&d=mm&r=g","caption":"Redacci\u00f3n QP"},"url":"https:\/\/quehacerpolitico.mx\/?author=2"}]}},"featured_image_urls":{"full":["https:\/\/quehacerpolitico.mx\/wp-content\/uploads\/2025\/07\/IMG_1742.jpeg",1170,642,false],"thumbnail":["https:\/\/quehacerpolitico.mx\/wp-content\/uploads\/2025\/07\/IMG_1742-150x150.jpeg",150,150,true],"medium":["https:\/\/quehacerpolitico.mx\/wp-content\/uploads\/2025\/07\/IMG_1742-300x165.jpeg",300,165,true],"medium_large":["https:\/\/quehacerpolitico.mx\/wp-content\/uploads\/2025\/07\/IMG_1742-768x421.jpeg",640,351,true],"large":["https:\/\/quehacerpolitico.mx\/wp-content\/uploads\/2025\/07\/IMG_1742-1024x562.jpeg",640,351,true],"1536x1536":["https:\/\/quehacerpolitico.mx\/wp-content\/uploads\/2025\/07\/IMG_1742.jpeg",1170,642,false],"2048x2048":["https:\/\/quehacerpolitico.mx\/wp-content\/uploads\/2025\/07\/IMG_1742.jpeg",1170,642,false],"covernews-featured":["https:\/\/quehacerpolitico.mx\/wp-content\/uploads\/2025\/07\/IMG_1742-1024x562.jpeg",1024,562,true],"covernews-medium":["https:\/\/quehacerpolitico.mx\/wp-content\/uploads\/2025\/07\/IMG_1742-540x340.jpeg",540,340,true]},"author_info":{"display_name":"Redacci\u00f3n QP","author_link":"https:\/\/quehacerpolitico.mx\/?author=2"},"category_info":"<a href=\"https:\/\/quehacerpolitico.mx\/?cat=280\" rel=\"category\">Nacionales<\/a> <a href=\"https:\/\/quehacerpolitico.mx\/?cat=2\" rel=\"category\">Noticias<\/a>","tag_info":"Noticias","comment_count":"0","_links":{"self":[{"href":"https:\/\/quehacerpolitico.mx\/index.php?rest_route=\/wp\/v2\/posts\/117700","targetHints":{"allow":["GET"]}}],"collection":[{"href":"https:\/\/quehacerpolitico.mx\/index.php?rest_route=\/wp\/v2\/posts"}],"about":[{"href":"https:\/\/quehacerpolitico.mx\/index.php?rest_route=\/wp\/v2\/types\/post"}],"author":[{"embeddable":true,"href":"https:\/\/quehacerpolitico.mx\/index.php?rest_route=\/wp\/v2\/users\/2"}],"replies":[{"embeddable":true,"href":"https:\/\/quehacerpolitico.mx\/index.php?rest_route=%2Fwp%2Fv2%2Fcomments&post=117700"}],"version-history":[{"count":1,"href":"https:\/\/quehacerpolitico.mx\/index.php?rest_route=\/wp\/v2\/posts\/117700\/revisions"}],"predecessor-version":[{"id":117702,"href":"https:\/\/quehacerpolitico.mx\/index.php?rest_route=\/wp\/v2\/posts\/117700\/revisions\/117702"}],"wp:featuredmedia":[{"embeddable":true,"href":"https:\/\/quehacerpolitico.mx\/index.php?rest_route=\/wp\/v2\/media\/117701"}],"wp:attachment":[{"href":"https:\/\/quehacerpolitico.mx\/index.php?rest_route=%2Fwp%2Fv2%2Fmedia&parent=117700"}],"wp:term":[{"taxonomy":"category","embeddable":true,"href":"https:\/\/quehacerpolitico.mx\/index.php?rest_route=%2Fwp%2Fv2%2Fcategories&post=117700"},{"taxonomy":"post_tag","embeddable":true,"href":"https:\/\/quehacerpolitico.mx\/index.php?rest_route=%2Fwp%2Fv2%2Ftags&post=117700"}],"curies":[{"name":"wp","href":"https:\/\/api.w.org\/{rel}","templated":true}]}}