{"id":117694,"date":"2025-07-14T07:58:20","date_gmt":"2025-07-14T13:58:20","guid":{"rendered":"https:\/\/quehacerpolitico.mx\/?p=117694"},"modified":"2025-07-14T07:58:22","modified_gmt":"2025-07-14T13:58:22","slug":"el-quehacer-politico-a-traves-jose-alberto-prado-angeles-jeffrey-lichtman-el-abogado-de-ovidio-y-su-enorme-bocota-ponen-en-modo-cabeza-fria-a-la-cuarta-t","status":"publish","type":"post","link":"https:\/\/quehacerpolitico.mx\/?p=117694","title":{"rendered":"El Quehacer Pol\u00edtico a trav\u00e9s\/\/\/Jose Alberto Prado Angeles\/\/\/Jeffrey Lichtman el abogado de Ovidio y su enorme bocota ponen en modo cabeza fr\u00eda a la Cuarta T"},"content":{"rendered":"\n<p>Por Jos\u00e9 Alberto Prado Angeles <\/p>\n\n\n\n<p>Director General y Editor<\/p>\n\n\n\n<p>Solo pasaron unos minutos despu\u00e9s de que Ovidio Guzm\u00e1n -hijo de \u201cEl Chapo\u201d- se declarara culpable en un tribunal federal de Chicago de supervisar la producci\u00f3n y el contrabando de grandes cantidades de coca\u00edna, hero\u00edna, metanfetaminas, mariguana y fentanilo a Estados Unidos, para que su abogado Jeffrey Lichtman se parara frente a los periodistas que lo esperaban afuera de la audiencia y expresara que la presidenta de M\u00e9xico, Claudia Sheinbaum, \u201cparece que ella no estuvo satisfecha con que no se informara al gobierno de M\u00e9xico que varios capos fueran tra\u00eddos a la Uni\u00f3n Americana\u201d, citando como ejemplo y como posible justificaci\u00f3n de no hacerlo -para no correr riesgos- la exoneraci\u00f3n en nuestro pa\u00eds del general Salvador Cienfuegos, exsecretario de la Defensa Nacional, quien fue detenido y acusado en Estados Unidos de proteger a organizaciones criminales, pero que ante la presi\u00f3n del gobierno de L\u00f3pez Obrador fue regresado a nuestro pa\u00eds -18 de noviembre de 2020-, donde se desestimaron las pruebas aportadas por la Administraci\u00f3n de Control de Drogas (DEA), adem\u00e1s de divulgarlas p\u00fablicamente violando los acuerdos del tratado bilateral en esos temas.<\/p>\n\n\n\n<p>La respuesta de Claudia Sheinbaum a los comentarios del abogado de Ovidio fue desafortunada en tres sentidos: por lo que dijo, d\u00f3nde lo dijo y frente a qui\u00e9n lo dijo. Pero vamos por partes.<\/p>\n\n\n\n<p>Lo que dijo: \u201cLas declaraciones del abogado son irrespetuosas totalmente de la instituci\u00f3n presidencial\u2026 Nosotros no establecemos relaciones ni contubernios ni de complicidad con nadie, eso lo sabe el pueblo de M\u00e9xico (?)&#8230; Es un asunto de la fiscal\u00eda, no es un asunto del gobierno\u201d. \u00bfY que el asunto del narcotr\u00e1fico y lo que sucede a su alrededor no es un asunto primordial y prioritario del gobierno de M\u00e9xico?<\/p>\n\n\n\n<p>Lo dijo en Culiac\u00e1n -donde andaba de gira y en el d\u00eda que Ovidio se sab\u00eda se declarar\u00eda culpable-, hist\u00f3ricamente el centro de operaciones del C\u00e1rtel de Sinaloa y cuna de los principales implicados en este asunto.<\/p>\n\n\n\n<p>Y lo dijo teniendo a un lado al gobernador del estado, Rub\u00e9n Rocha Moya, personaje que reconoci\u00f3 que, en el pre\u00e1mbulo de la detenci\u00f3n, secuestro o entrega del \u201cMayo\u201d Zambada -25 de julio del a\u00f1o pasado-, \u201cfue convocado por Joaqu\u00edn Guzm\u00e1n L\u00f3pez para asistir a una reuni\u00f3n con el fin de ayudar a resolver diferencias entre los l\u00edderes pol\u00edticos de nuestro estado\u201d (?), cuando antes hab\u00eda asegurado que el d\u00eda de los hechos estaba fuera del pa\u00eds.<\/p>\n\n\n\n<p>La respuesta del abogado Jeffrey Lichtman fue m\u00e1s directa y agresiva: \u201cAl parecer, la presidenta de M\u00e9xico est\u00e1 disgustada por mis sinceros comentarios sobre su oficina y gobierno corruptos\u2026 Pero el pueblo mexicano (y yo mismo) sabemos que act\u00faa m\u00e1s como el brazo de las relaciones p\u00fablicas de una organizaci\u00f3n narcotraficante que como la l\u00edder honesta que merece el pueblo mexicano\u201d.<\/p>\n\n\n\n<p>Saque usted sus propias conclusiones.<\/p>\n\n\n\n<p>As\u00ed el Quehacer Pol\u00edtico Desde 1980, 45 a\u00f1os inquiriendo en la pol\u00edtica de M\u00e9xico, cuestionando, exponiendo, revelando y razonando.Es cuanto.<\/p>\n","protected":false},"excerpt":{"rendered":"<p>Por Jos\u00e9 Alberto Prado Angeles Director General y Editor Solo pasaron unos minutos despu\u00e9s de&#8230;<\/p>\n","protected":false},"author":2,"featured_media":117695,"comment_status":"open","ping_status":"open","sticky":false,"template":"","format":"standard","meta":{"_monsterinsights_skip_tracking":false,"_monsterinsights_sitenote_active":false,"_monsterinsights_sitenote_note":"","_monsterinsights_sitenote_category":0,"footnotes":""},"categories":[280,2],"tags":[],"class_list":["post-117694","post","type-post","status-publish","format-standard","has-post-thumbnail","hentry","category-nacionales","category-noticias"],"yoast_head":"<!-- This site is optimized with the Yoast SEO plugin v27.3 - https:\/\/yoast.com\/product\/yoast-seo-wordpress\/ -->\n<title>El Quehacer Pol\u00edtico a trav\u00e9s\/\/\/Jose Alberto Prado Angeles\/\/\/Jeffrey Lichtman el abogado de Ovidio y su enorme bocota ponen en modo cabeza fr\u00eda a la Cuarta T -<\/title>\n<meta name=\"robots\" content=\"index, follow, max-snippet:-1, max-image-preview:large, max-video-preview:-1\" \/>\n<link rel=\"canonical\" href=\"https:\/\/quehacerpolitico.mx\/?p=117694\" \/>\n<meta property=\"og:locale\" content=\"es_MX\" \/>\n<meta property=\"og:type\" content=\"article\" \/>\n<meta property=\"og:title\" content=\"El Quehacer Pol\u00edtico a trav\u00e9s\/\/\/Jose Alberto Prado Angeles\/\/\/Jeffrey Lichtman el abogado de Ovidio y su enorme bocota ponen en modo cabeza fr\u00eda a la Cuarta T -\" \/>\n<meta property=\"og:description\" content=\"Por Jos\u00e9 Alberto Prado Angeles Director General y Editor Solo pasaron unos minutos despu\u00e9s de...\" \/>\n<meta property=\"og:url\" content=\"https:\/\/quehacerpolitico.mx\/?p=117694\" \/>\n<meta property=\"article:published_time\" content=\"2025-07-14T13:58:20+00:00\" \/>\n<meta property=\"article:modified_time\" content=\"2025-07-14T13:58:22+00:00\" \/>\n<meta property=\"og:image\" content=\"https:\/\/quehacerpolitico.mx\/wp-content\/uploads\/2025\/07\/fb07bd44-0f95-41a8-8353-f61c55b6d960-6.jpeg\" \/>\n\t<meta property=\"og:image:width\" content=\"963\" \/>\n\t<meta property=\"og:image:height\" content=\"493\" \/>\n\t<meta property=\"og:image:type\" content=\"image\/jpeg\" \/>\n<meta name=\"author\" content=\"Redacci\u00f3n QP\" \/>\n<meta name=\"twitter:card\" content=\"summary_large_image\" \/>\n<meta name=\"twitter:label1\" content=\"Escrito por\" \/>\n\t<meta name=\"twitter:data1\" content=\"Redacci\u00f3n QP\" \/>\n\t<meta name=\"twitter:label2\" content=\"Tiempo de lectura\" \/>\n\t<meta name=\"twitter:data2\" content=\"3 minutos\" \/>\n<script type=\"application\/ld+json\" class=\"yoast-schema-graph\">{\"@context\":\"https:\\\/\\\/schema.org\",\"@graph\":[{\"@type\":\"Article\",\"@id\":\"https:\\\/\\\/quehacerpolitico.mx\\\/?p=117694#article\",\"isPartOf\":{\"@id\":\"https:\\\/\\\/quehacerpolitico.mx\\\/?p=117694\"},\"author\":{\"name\":\"Redacci\u00f3n QP\",\"@id\":\"https:\\\/\\\/quehacerpolitico.mx\\\/#\\\/schema\\\/person\\\/496d8ad2d1d3f8036101dca7ee39e585\"},\"headline\":\"El Quehacer Pol\u00edtico a trav\u00e9s\\\/\\\/\\\/Jose Alberto Prado Angeles\\\/\\\/\\\/Jeffrey Lichtman el abogado de Ovidio y su enorme bocota ponen en modo cabeza fr\u00eda a la Cuarta T\",\"datePublished\":\"2025-07-14T13:58:20+00:00\",\"dateModified\":\"2025-07-14T13:58:22+00:00\",\"mainEntityOfPage\":{\"@id\":\"https:\\\/\\\/quehacerpolitico.mx\\\/?p=117694\"},\"wordCount\":578,\"commentCount\":0,\"image\":{\"@id\":\"https:\\\/\\\/quehacerpolitico.mx\\\/?p=117694#primaryimage\"},\"thumbnailUrl\":\"https:\\\/\\\/quehacerpolitico.mx\\\/wp-content\\\/uploads\\\/2025\\\/07\\\/fb07bd44-0f95-41a8-8353-f61c55b6d960-6.jpeg\",\"articleSection\":[\"Nacionales\",\"Noticias\"],\"inLanguage\":\"es\",\"potentialAction\":[{\"@type\":\"CommentAction\",\"name\":\"Comment\",\"target\":[\"https:\\\/\\\/quehacerpolitico.mx\\\/?p=117694#respond\"]}]},{\"@type\":\"WebPage\",\"@id\":\"https:\\\/\\\/quehacerpolitico.mx\\\/?p=117694\",\"url\":\"https:\\\/\\\/quehacerpolitico.mx\\\/?p=117694\",\"name\":\"El Quehacer Pol\u00edtico a trav\u00e9s\\\/\\\/\\\/Jose Alberto Prado Angeles\\\/\\\/\\\/Jeffrey Lichtman el abogado de Ovidio y su enorme bocota ponen en modo cabeza fr\u00eda a la Cuarta T -\",\"isPartOf\":{\"@id\":\"https:\\\/\\\/quehacerpolitico.mx\\\/#website\"},\"primaryImageOfPage\":{\"@id\":\"https:\\\/\\\/quehacerpolitico.mx\\\/?p=117694#primaryimage\"},\"image\":{\"@id\":\"https:\\\/\\\/quehacerpolitico.mx\\\/?p=117694#primaryimage\"},\"thumbnailUrl\":\"https:\\\/\\\/quehacerpolitico.mx\\\/wp-content\\\/uploads\\\/2025\\\/07\\\/fb07bd44-0f95-41a8-8353-f61c55b6d960-6.jpeg\",\"datePublished\":\"2025-07-14T13:58:20+00:00\",\"dateModified\":\"2025-07-14T13:58:22+00:00\",\"author\":{\"@id\":\"https:\\\/\\\/quehacerpolitico.mx\\\/#\\\/schema\\\/person\\\/496d8ad2d1d3f8036101dca7ee39e585\"},\"breadcrumb\":{\"@id\":\"https:\\\/\\\/quehacerpolitico.mx\\\/?p=117694#breadcrumb\"},\"inLanguage\":\"es\",\"potentialAction\":[{\"@type\":\"ReadAction\",\"target\":[\"https:\\\/\\\/quehacerpolitico.mx\\\/?p=117694\"]}]},{\"@type\":\"ImageObject\",\"inLanguage\":\"es\",\"@id\":\"https:\\\/\\\/quehacerpolitico.mx\\\/?p=117694#primaryimage\",\"url\":\"https:\\\/\\\/quehacerpolitico.mx\\\/wp-content\\\/uploads\\\/2025\\\/07\\\/fb07bd44-0f95-41a8-8353-f61c55b6d960-6.jpeg\",\"contentUrl\":\"https:\\\/\\\/quehacerpolitico.mx\\\/wp-content\\\/uploads\\\/2025\\\/07\\\/fb07bd44-0f95-41a8-8353-f61c55b6d960-6.jpeg\",\"width\":963,\"height\":493},{\"@type\":\"BreadcrumbList\",\"@id\":\"https:\\\/\\\/quehacerpolitico.mx\\\/?p=117694#breadcrumb\",\"itemListElement\":[{\"@type\":\"ListItem\",\"position\":1,\"name\":\"Inicio\",\"item\":\"https:\\\/\\\/quehacerpolitico.mx\\\/\"},{\"@type\":\"ListItem\",\"position\":2,\"name\":\"El Quehacer Pol\u00edtico a trav\u00e9s\\\/\\\/\\\/Jose Alberto Prado Angeles\\\/\\\/\\\/Jeffrey Lichtman el abogado de Ovidio y su enorme bocota ponen en modo cabeza fr\u00eda a la Cuarta T\"}]},{\"@type\":\"WebSite\",\"@id\":\"https:\\\/\\\/quehacerpolitico.mx\\\/#website\",\"url\":\"https:\\\/\\\/quehacerpolitico.mx\\\/\",\"name\":\"\",\"description\":\"\",\"potentialAction\":[{\"@type\":\"SearchAction\",\"target\":{\"@type\":\"EntryPoint\",\"urlTemplate\":\"https:\\\/\\\/quehacerpolitico.mx\\\/?s={search_term_string}\"},\"query-input\":{\"@type\":\"PropertyValueSpecification\",\"valueRequired\":true,\"valueName\":\"search_term_string\"}}],\"inLanguage\":\"es\"},{\"@type\":\"Person\",\"@id\":\"https:\\\/\\\/quehacerpolitico.mx\\\/#\\\/schema\\\/person\\\/496d8ad2d1d3f8036101dca7ee39e585\",\"name\":\"Redacci\u00f3n QP\",\"image\":{\"@type\":\"ImageObject\",\"inLanguage\":\"es\",\"@id\":\"https:\\\/\\\/secure.gravatar.com\\\/avatar\\\/c7164ed6fdec453195284ad24a5ae5b6e1eed2b848477fa2a4787ba9adf39a41?s=96&d=mm&r=g\",\"url\":\"https:\\\/\\\/secure.gravatar.com\\\/avatar\\\/c7164ed6fdec453195284ad24a5ae5b6e1eed2b848477fa2a4787ba9adf39a41?s=96&d=mm&r=g\",\"contentUrl\":\"https:\\\/\\\/secure.gravatar.com\\\/avatar\\\/c7164ed6fdec453195284ad24a5ae5b6e1eed2b848477fa2a4787ba9adf39a41?s=96&d=mm&r=g\",\"caption\":\"Redacci\u00f3n QP\"},\"url\":\"https:\\\/\\\/quehacerpolitico.mx\\\/?author=2\"}]}<\/script>\n<!-- \/ Yoast SEO plugin. -->","yoast_head_json":{"title":"El Quehacer Pol\u00edtico a trav\u00e9s\/\/\/Jose Alberto Prado Angeles\/\/\/Jeffrey Lichtman el abogado de Ovidio y su enorme bocota ponen en modo cabeza fr\u00eda a la Cuarta T -","robots":{"index":"index","follow":"follow","max-snippet":"max-snippet:-1","max-image-preview":"max-image-preview:large","max-video-preview":"max-video-preview:-1"},"canonical":"https:\/\/quehacerpolitico.mx\/?p=117694","og_locale":"es_MX","og_type":"article","og_title":"El Quehacer Pol\u00edtico a trav\u00e9s\/\/\/Jose Alberto Prado Angeles\/\/\/Jeffrey Lichtman el abogado de Ovidio y su enorme bocota ponen en modo cabeza fr\u00eda a la Cuarta T -","og_description":"Por Jos\u00e9 Alberto Prado Angeles Director General y Editor Solo pasaron unos minutos despu\u00e9s de...","og_url":"https:\/\/quehacerpolitico.mx\/?p=117694","article_published_time":"2025-07-14T13:58:20+00:00","article_modified_time":"2025-07-14T13:58:22+00:00","og_image":[{"width":963,"height":493,"url":"https:\/\/quehacerpolitico.mx\/wp-content\/uploads\/2025\/07\/fb07bd44-0f95-41a8-8353-f61c55b6d960-6.jpeg","type":"image\/jpeg"}],"author":"Redacci\u00f3n QP","twitter_card":"summary_large_image","twitter_misc":{"Escrito por":"Redacci\u00f3n QP","Tiempo de lectura":"3 minutos"},"schema":{"@context":"https:\/\/schema.org","@graph":[{"@type":"Article","@id":"https:\/\/quehacerpolitico.mx\/?p=117694#article","isPartOf":{"@id":"https:\/\/quehacerpolitico.mx\/?p=117694"},"author":{"name":"Redacci\u00f3n QP","@id":"https:\/\/quehacerpolitico.mx\/#\/schema\/person\/496d8ad2d1d3f8036101dca7ee39e585"},"headline":"El Quehacer Pol\u00edtico a trav\u00e9s\/\/\/Jose Alberto Prado Angeles\/\/\/Jeffrey Lichtman el abogado de Ovidio y su enorme bocota ponen en modo cabeza fr\u00eda a la Cuarta T","datePublished":"2025-07-14T13:58:20+00:00","dateModified":"2025-07-14T13:58:22+00:00","mainEntityOfPage":{"@id":"https:\/\/quehacerpolitico.mx\/?p=117694"},"wordCount":578,"commentCount":0,"image":{"@id":"https:\/\/quehacerpolitico.mx\/?p=117694#primaryimage"},"thumbnailUrl":"https:\/\/quehacerpolitico.mx\/wp-content\/uploads\/2025\/07\/fb07bd44-0f95-41a8-8353-f61c55b6d960-6.jpeg","articleSection":["Nacionales","Noticias"],"inLanguage":"es","potentialAction":[{"@type":"CommentAction","name":"Comment","target":["https:\/\/quehacerpolitico.mx\/?p=117694#respond"]}]},{"@type":"WebPage","@id":"https:\/\/quehacerpolitico.mx\/?p=117694","url":"https:\/\/quehacerpolitico.mx\/?p=117694","name":"El Quehacer Pol\u00edtico a trav\u00e9s\/\/\/Jose Alberto Prado Angeles\/\/\/Jeffrey Lichtman el abogado de Ovidio y su enorme bocota ponen en modo cabeza fr\u00eda a la Cuarta T -","isPartOf":{"@id":"https:\/\/quehacerpolitico.mx\/#website"},"primaryImageOfPage":{"@id":"https:\/\/quehacerpolitico.mx\/?p=117694#primaryimage"},"image":{"@id":"https:\/\/quehacerpolitico.mx\/?p=117694#primaryimage"},"thumbnailUrl":"https:\/\/quehacerpolitico.mx\/wp-content\/uploads\/2025\/07\/fb07bd44-0f95-41a8-8353-f61c55b6d960-6.jpeg","datePublished":"2025-07-14T13:58:20+00:00","dateModified":"2025-07-14T13:58:22+00:00","author":{"@id":"https:\/\/quehacerpolitico.mx\/#\/schema\/person\/496d8ad2d1d3f8036101dca7ee39e585"},"breadcrumb":{"@id":"https:\/\/quehacerpolitico.mx\/?p=117694#breadcrumb"},"inLanguage":"es","potentialAction":[{"@type":"ReadAction","target":["https:\/\/quehacerpolitico.mx\/?p=117694"]}]},{"@type":"ImageObject","inLanguage":"es","@id":"https:\/\/quehacerpolitico.mx\/?p=117694#primaryimage","url":"https:\/\/quehacerpolitico.mx\/wp-content\/uploads\/2025\/07\/fb07bd44-0f95-41a8-8353-f61c55b6d960-6.jpeg","contentUrl":"https:\/\/quehacerpolitico.mx\/wp-content\/uploads\/2025\/07\/fb07bd44-0f95-41a8-8353-f61c55b6d960-6.jpeg","width":963,"height":493},{"@type":"BreadcrumbList","@id":"https:\/\/quehacerpolitico.mx\/?p=117694#breadcrumb","itemListElement":[{"@type":"ListItem","position":1,"name":"Inicio","item":"https:\/\/quehacerpolitico.mx\/"},{"@type":"ListItem","position":2,"name":"El Quehacer Pol\u00edtico a trav\u00e9s\/\/\/Jose Alberto Prado Angeles\/\/\/Jeffrey Lichtman el abogado de Ovidio y su enorme bocota ponen en modo cabeza fr\u00eda a la Cuarta T"}]},{"@type":"WebSite","@id":"https:\/\/quehacerpolitico.mx\/#website","url":"https:\/\/quehacerpolitico.mx\/","name":"","description":"","potentialAction":[{"@type":"SearchAction","target":{"@type":"EntryPoint","urlTemplate":"https:\/\/quehacerpolitico.mx\/?s={search_term_string}"},"query-input":{"@type":"PropertyValueSpecification","valueRequired":true,"valueName":"search_term_string"}}],"inLanguage":"es"},{"@type":"Person","@id":"https:\/\/quehacerpolitico.mx\/#\/schema\/person\/496d8ad2d1d3f8036101dca7ee39e585","name":"Redacci\u00f3n QP","image":{"@type":"ImageObject","inLanguage":"es","@id":"https:\/\/secure.gravatar.com\/avatar\/c7164ed6fdec453195284ad24a5ae5b6e1eed2b848477fa2a4787ba9adf39a41?s=96&d=mm&r=g","url":"https:\/\/secure.gravatar.com\/avatar\/c7164ed6fdec453195284ad24a5ae5b6e1eed2b848477fa2a4787ba9adf39a41?s=96&d=mm&r=g","contentUrl":"https:\/\/secure.gravatar.com\/avatar\/c7164ed6fdec453195284ad24a5ae5b6e1eed2b848477fa2a4787ba9adf39a41?s=96&d=mm&r=g","caption":"Redacci\u00f3n QP"},"url":"https:\/\/quehacerpolitico.mx\/?author=2"}]}},"featured_image_urls":{"full":["https:\/\/quehacerpolitico.mx\/wp-content\/uploads\/2025\/07\/fb07bd44-0f95-41a8-8353-f61c55b6d960-6.jpeg",963,493,false],"thumbnail":["https:\/\/quehacerpolitico.mx\/wp-content\/uploads\/2025\/07\/fb07bd44-0f95-41a8-8353-f61c55b6d960-6-150x150.jpeg",150,150,true],"medium":["https:\/\/quehacerpolitico.mx\/wp-content\/uploads\/2025\/07\/fb07bd44-0f95-41a8-8353-f61c55b6d960-6-300x154.jpeg",300,154,true],"medium_large":["https:\/\/quehacerpolitico.mx\/wp-content\/uploads\/2025\/07\/fb07bd44-0f95-41a8-8353-f61c55b6d960-6-768x393.jpeg",640,328,true],"large":["https:\/\/quehacerpolitico.mx\/wp-content\/uploads\/2025\/07\/fb07bd44-0f95-41a8-8353-f61c55b6d960-6.jpeg",640,328,false],"1536x1536":["https:\/\/quehacerpolitico.mx\/wp-content\/uploads\/2025\/07\/fb07bd44-0f95-41a8-8353-f61c55b6d960-6.jpeg",963,493,false],"2048x2048":["https:\/\/quehacerpolitico.mx\/wp-content\/uploads\/2025\/07\/fb07bd44-0f95-41a8-8353-f61c55b6d960-6.jpeg",963,493,false],"covernews-featured":["https:\/\/quehacerpolitico.mx\/wp-content\/uploads\/2025\/07\/fb07bd44-0f95-41a8-8353-f61c55b6d960-6.jpeg",963,493,false],"covernews-medium":["https:\/\/quehacerpolitico.mx\/wp-content\/uploads\/2025\/07\/fb07bd44-0f95-41a8-8353-f61c55b6d960-6-540x340.jpeg",540,340,true]},"author_info":{"display_name":"Redacci\u00f3n QP","author_link":"https:\/\/quehacerpolitico.mx\/?author=2"},"category_info":"<a href=\"https:\/\/quehacerpolitico.mx\/?cat=280\" rel=\"category\">Nacionales<\/a> <a href=\"https:\/\/quehacerpolitico.mx\/?cat=2\" rel=\"category\">Noticias<\/a>","tag_info":"Noticias","comment_count":"0","_links":{"self":[{"href":"https:\/\/quehacerpolitico.mx\/index.php?rest_route=\/wp\/v2\/posts\/117694","targetHints":{"allow":["GET"]}}],"collection":[{"href":"https:\/\/quehacerpolitico.mx\/index.php?rest_route=\/wp\/v2\/posts"}],"about":[{"href":"https:\/\/quehacerpolitico.mx\/index.php?rest_route=\/wp\/v2\/types\/post"}],"author":[{"embeddable":true,"href":"https:\/\/quehacerpolitico.mx\/index.php?rest_route=\/wp\/v2\/users\/2"}],"replies":[{"embeddable":true,"href":"https:\/\/quehacerpolitico.mx\/index.php?rest_route=%2Fwp%2Fv2%2Fcomments&post=117694"}],"version-history":[{"count":1,"href":"https:\/\/quehacerpolitico.mx\/index.php?rest_route=\/wp\/v2\/posts\/117694\/revisions"}],"predecessor-version":[{"id":117696,"href":"https:\/\/quehacerpolitico.mx\/index.php?rest_route=\/wp\/v2\/posts\/117694\/revisions\/117696"}],"wp:featuredmedia":[{"embeddable":true,"href":"https:\/\/quehacerpolitico.mx\/index.php?rest_route=\/wp\/v2\/media\/117695"}],"wp:attachment":[{"href":"https:\/\/quehacerpolitico.mx\/index.php?rest_route=%2Fwp%2Fv2%2Fmedia&parent=117694"}],"wp:term":[{"taxonomy":"category","embeddable":true,"href":"https:\/\/quehacerpolitico.mx\/index.php?rest_route=%2Fwp%2Fv2%2Fcategories&post=117694"},{"taxonomy":"post_tag","embeddable":true,"href":"https:\/\/quehacerpolitico.mx\/index.php?rest_route=%2Fwp%2Fv2%2Ftags&post=117694"}],"curies":[{"name":"wp","href":"https:\/\/api.w.org\/{rel}","templated":true}]}}