{"id":117685,"date":"2025-07-11T20:53:55","date_gmt":"2025-07-12T02:53:55","guid":{"rendered":"https:\/\/quehacerpolitico.mx\/?p=117685"},"modified":"2025-07-11T20:53:58","modified_gmt":"2025-07-12T02:53:58","slug":"los-gallos-blancos-de-queretaro-tienen-nuevo-dueno","status":"publish","type":"post","link":"https:\/\/quehacerpolitico.mx\/?p=117685","title":{"rendered":"Los Gallos Blancos de Quer\u00e9taro tienen nuevo due\u00f1o"},"content":{"rendered":"\n<p>Por Redacci\u00f3n QP<\/p>\n\n\n\n<p>La Federaci\u00f3n Mexicana de Futbol reconoci\u00f3 la operaci\u00f3n que empez\u00f3 desde el pasado 26 de mayo<\/p>\n\n\n\n<p>En el retorno del balompi\u00e9 mexicano, los Gallos Blancos de Quer\u00e9taro le dieron un &#8220;impacto&#8221; a la multipropiedad:&nbsp;<strong>su nuevo due\u00f1o es Innovatio Capital, compa\u00f1\u00eda del empresario estadounidense, Marc Spiegel.&nbsp;<\/strong><\/p>\n\n\n\n<p><mark>De esta manera, la escuadra queretana le dijo adi\u00f3s a Grupo Caliente.<\/mark>&nbsp;Justamente en la misma semana que el equipo de la Liga MX&nbsp;<mark>celebra su 75\u00b0 aniversario.&nbsp;<\/mark><\/p>\n\n\n\n<p>&#8220;No podr\u00eda estar m\u00e1s feliz por dar este gran paso.\u00a0<mark>Desde hace tiempo identificamos a la Liga MX como una competencia en la que quer\u00edamos invertir,\u00a0<\/mark>y cuando surgi\u00f3 la oportunidad de visitar Quer\u00e9taro, conocer la ciudad y el club,\u00a0<strong>nos dimos cuenta de que aqu\u00ed es donde queremos estar a largo plazo.\u00a0<\/strong>Estamos emocionados de forma parte de esta gran comunidad y de colaborar juntos para traer alegr\u00eda a este estado a trav\u00e9s de un proyecto con el f\u00fatbol como eje rector.\u00a0<strong>Concretar esta misma operaci\u00f3n en la misma semana del 75\u00b0 aniversario del club es algo muy especial para nosotros,\u00a0<\/strong>y queremos que los aficionados sepan que estamos ansiosos por verlos en La Corregidora para el partido contra Pumas<strong>&#8220;,\u00a0<\/strong>escribi\u00f3 Spiegel en un comunicado.<\/p>\n\n\n\n<p>De acuerdo a informaci\u00f3n de Forbes,\u00a0<mark>Innovatio Capital invirti\u00f3 alrededor de 120 millones de d\u00f3lares para comprar al equipo del futbol mexicano.<\/mark><\/p>\n\n\n\n<p>Y por su parte, la Federaci\u00f3n Mexicana de Futbol (FMF) reconoci\u00f3 la operaci\u00f3n que empez\u00f3 desde el pasado 26 de mayo.<\/p>\n\n\n\n<p>&#8220;Este acuerdo representa un paso relevante para la consolidaci\u00f3n y proyecci\u00f3n internacional de la Liga BBVA MX&nbsp;<mark>por las siguientes razones:<\/mark>&nbsp;<strong>valor econ\u00f3mico, inversi\u00f3n internacional y transparencia en la propiedad&#8221;, asever\u00f3 la Federaci\u00f3n.&nbsp;<\/strong><\/p>\n\n\n\n<p><strong>Adri\u00e1n Madero,<\/strong>&nbsp;quien lider\u00f3 la inversi\u00f3n de&nbsp;<strong>Grupo Fonseca<\/strong>&nbsp;en el club, coment\u00f3:<\/p>\n\n\n\n<p>&#8220;Como mexicano que vive entre el mundo del deporte y el capital privado, me siento profundamente honrado de ser parte de este proyecto.&nbsp;<mark>La Liga MX tiene un potencial enorme, Quer\u00e9taro es una de las ciudades m\u00e1s din\u00e1micas y con mayor crecimiento en M\u00e9xico,<\/mark>&nbsp;y el club cuenta con una afici\u00f3n apasionada y un camino claro hacia el \u00e9xito sostenido. Para nosotros, esta es la&nbsp;<strong>combinaci\u00f3n perfecta entre liga, mercado y equipo.<\/strong>&nbsp;Estamos comprometidos en construir algo verdaderamente especial que conecte comunidades tanto en M\u00e9xico como en ESTADOS Unidos.&nbsp;<mark>Esta es una oportunidad \u00fanica que no pod\u00edamos dejar pasar.&#8221;&nbsp;<\/mark><\/p>\n\n\n\n<p>Con esto, Grupo Caliente se quit\u00f3 de sus hombros el tema de la multipropiedad en la Liga MX. Situaci\u00f3n que, hace unos meses,\u00a0<mark>dej\u00f3 fuera a la Fiera de Le\u00f3n del Mundial de Clubes.<\/mark><\/p>\n\n\n\n<figure class=\"wp-block-image\" id=\"cnt_img_752\"><img decoding=\"async\" src=\"https:\/\/www.informador.mx\/export\/sites\/elinformador\/img\/2025\/07\/11\/comunicado.jpg_310397855.jpg\" alt=\"\u00a0QUER\u00c9TARO FC\" title=\"\u00a0QUER\u00c9TARO FC\"\/><figcaption class=\"wp-element-caption\">&nbsp;QUER\u00c9TARO FC&nbsp;<\/figcaption><\/figure>\n\n\n\n<h2 class=\"wp-block-heading\">\u00bfQu\u00e9 sigue para los Gallos Blancos de Quer\u00e9taro?&nbsp;<\/h2>\n\n\n\n<p>Curiosamente, los Gallos Blancos de Quer\u00e9taro disputar\u00e1n su primer partido del Apertura 2025 ante el equipo que todav\u00eda est\u00e1n en manos de&nbsp;<strong>Grupo Caliente: los Xolos de Tijuana.&nbsp;<\/strong><\/p>\n\n\n\n<p>Esto ser\u00e1 una vez que caiga la noche en el Estadio Caliente, como parte de la Jornada 1 del torneo.&nbsp;<\/p>\n\n\n\n<p>&#8220;La concreci\u00f3n de esta transacci\u00f3n coincide con una fecha simb\u00f3lica para la instituci\u00f3n, al haberse formalizado en la misma semana en que el\u00a0<mark>Club Quer\u00e9taro celebra su 75 aniversario,<\/mark>\u00a0lo que le brinda un nuevo impulso a su historia dentro del futbol mexicano&#8221;, acentu\u00f3 la FMF.<\/p>\n\n\n\n<p>Con informaci\u00f3n de SUN<\/p>\n","protected":false},"excerpt":{"rendered":"<p>Por Redacci\u00f3n QP La Federaci\u00f3n Mexicana de Futbol reconoci\u00f3 la operaci\u00f3n que empez\u00f3 desde el&#8230;<\/p>\n","protected":false},"author":2,"featured_media":117686,"comment_status":"open","ping_status":"open","sticky":false,"template":"","format":"standard","meta":{"_monsterinsights_skip_tracking":false,"_monsterinsights_sitenote_active":false,"_monsterinsights_sitenote_note":"","_monsterinsights_sitenote_category":0,"footnotes":""},"categories":[54],"tags":[],"class_list":["post-117685","post","type-post","status-publish","format-standard","has-post-thumbnail","hentry","category-deportes"],"yoast_head":"<!-- This site is optimized with the Yoast SEO plugin v27.3 - https:\/\/yoast.com\/product\/yoast-seo-wordpress\/ -->\n<title>Los Gallos Blancos de Quer\u00e9taro tienen nuevo due\u00f1o -<\/title>\n<meta name=\"robots\" content=\"index, follow, max-snippet:-1, max-image-preview:large, max-video-preview:-1\" \/>\n<link rel=\"canonical\" href=\"https:\/\/quehacerpolitico.mx\/?p=117685\" \/>\n<meta property=\"og:locale\" content=\"es_MX\" \/>\n<meta property=\"og:type\" content=\"article\" \/>\n<meta property=\"og:title\" content=\"Los Gallos Blancos de Quer\u00e9taro tienen nuevo due\u00f1o -\" \/>\n<meta property=\"og:description\" content=\"Por Redacci\u00f3n QP La Federaci\u00f3n Mexicana de Futbol reconoci\u00f3 la operaci\u00f3n que empez\u00f3 desde el...\" \/>\n<meta property=\"og:url\" content=\"https:\/\/quehacerpolitico.mx\/?p=117685\" \/>\n<meta property=\"article:published_time\" content=\"2025-07-12T02:53:55+00:00\" \/>\n<meta property=\"article:modified_time\" content=\"2025-07-12T02:53:58+00:00\" \/>\n<meta property=\"og:image\" content=\"https:\/\/quehacerpolitico.mx\/wp-content\/uploads\/2025\/07\/IMG_1697.webp\" \/>\n\t<meta property=\"og:image:width\" content=\"1300\" \/>\n\t<meta property=\"og:image:height\" content=\"730\" \/>\n\t<meta property=\"og:image:type\" content=\"image\/webp\" \/>\n<meta name=\"author\" content=\"Redacci\u00f3n QP\" \/>\n<meta name=\"twitter:card\" content=\"summary_large_image\" \/>\n<meta name=\"twitter:label1\" content=\"Escrito por\" \/>\n\t<meta name=\"twitter:data1\" content=\"Redacci\u00f3n QP\" \/>\n\t<meta name=\"twitter:label2\" content=\"Tiempo de lectura\" \/>\n\t<meta name=\"twitter:data2\" content=\"3 minutos\" \/>\n<script type=\"application\/ld+json\" class=\"yoast-schema-graph\">{\"@context\":\"https:\\\/\\\/schema.org\",\"@graph\":[{\"@type\":\"Article\",\"@id\":\"https:\\\/\\\/quehacerpolitico.mx\\\/?p=117685#article\",\"isPartOf\":{\"@id\":\"https:\\\/\\\/quehacerpolitico.mx\\\/?p=117685\"},\"author\":{\"name\":\"Redacci\u00f3n QP\",\"@id\":\"https:\\\/\\\/quehacerpolitico.mx\\\/#\\\/schema\\\/person\\\/496d8ad2d1d3f8036101dca7ee39e585\"},\"headline\":\"Los Gallos Blancos de Quer\u00e9taro tienen nuevo due\u00f1o\",\"datePublished\":\"2025-07-12T02:53:55+00:00\",\"dateModified\":\"2025-07-12T02:53:58+00:00\",\"mainEntityOfPage\":{\"@id\":\"https:\\\/\\\/quehacerpolitico.mx\\\/?p=117685\"},\"wordCount\":606,\"commentCount\":0,\"image\":{\"@id\":\"https:\\\/\\\/quehacerpolitico.mx\\\/?p=117685#primaryimage\"},\"thumbnailUrl\":\"https:\\\/\\\/quehacerpolitico.mx\\\/wp-content\\\/uploads\\\/2025\\\/07\\\/IMG_1697.webp\",\"articleSection\":[\"Deportes\"],\"inLanguage\":\"es\",\"potentialAction\":[{\"@type\":\"CommentAction\",\"name\":\"Comment\",\"target\":[\"https:\\\/\\\/quehacerpolitico.mx\\\/?p=117685#respond\"]}]},{\"@type\":\"WebPage\",\"@id\":\"https:\\\/\\\/quehacerpolitico.mx\\\/?p=117685\",\"url\":\"https:\\\/\\\/quehacerpolitico.mx\\\/?p=117685\",\"name\":\"Los Gallos Blancos de Quer\u00e9taro tienen nuevo due\u00f1o -\",\"isPartOf\":{\"@id\":\"https:\\\/\\\/quehacerpolitico.mx\\\/#website\"},\"primaryImageOfPage\":{\"@id\":\"https:\\\/\\\/quehacerpolitico.mx\\\/?p=117685#primaryimage\"},\"image\":{\"@id\":\"https:\\\/\\\/quehacerpolitico.mx\\\/?p=117685#primaryimage\"},\"thumbnailUrl\":\"https:\\\/\\\/quehacerpolitico.mx\\\/wp-content\\\/uploads\\\/2025\\\/07\\\/IMG_1697.webp\",\"datePublished\":\"2025-07-12T02:53:55+00:00\",\"dateModified\":\"2025-07-12T02:53:58+00:00\",\"author\":{\"@id\":\"https:\\\/\\\/quehacerpolitico.mx\\\/#\\\/schema\\\/person\\\/496d8ad2d1d3f8036101dca7ee39e585\"},\"breadcrumb\":{\"@id\":\"https:\\\/\\\/quehacerpolitico.mx\\\/?p=117685#breadcrumb\"},\"inLanguage\":\"es\",\"potentialAction\":[{\"@type\":\"ReadAction\",\"target\":[\"https:\\\/\\\/quehacerpolitico.mx\\\/?p=117685\"]}]},{\"@type\":\"ImageObject\",\"inLanguage\":\"es\",\"@id\":\"https:\\\/\\\/quehacerpolitico.mx\\\/?p=117685#primaryimage\",\"url\":\"https:\\\/\\\/quehacerpolitico.mx\\\/wp-content\\\/uploads\\\/2025\\\/07\\\/IMG_1697.webp\",\"contentUrl\":\"https:\\\/\\\/quehacerpolitico.mx\\\/wp-content\\\/uploads\\\/2025\\\/07\\\/IMG_1697.webp\",\"width\":1300,\"height\":730},{\"@type\":\"BreadcrumbList\",\"@id\":\"https:\\\/\\\/quehacerpolitico.mx\\\/?p=117685#breadcrumb\",\"itemListElement\":[{\"@type\":\"ListItem\",\"position\":1,\"name\":\"Inicio\",\"item\":\"https:\\\/\\\/quehacerpolitico.mx\\\/\"},{\"@type\":\"ListItem\",\"position\":2,\"name\":\"Los Gallos Blancos de Quer\u00e9taro tienen nuevo due\u00f1o\"}]},{\"@type\":\"WebSite\",\"@id\":\"https:\\\/\\\/quehacerpolitico.mx\\\/#website\",\"url\":\"https:\\\/\\\/quehacerpolitico.mx\\\/\",\"name\":\"\",\"description\":\"\",\"potentialAction\":[{\"@type\":\"SearchAction\",\"target\":{\"@type\":\"EntryPoint\",\"urlTemplate\":\"https:\\\/\\\/quehacerpolitico.mx\\\/?s={search_term_string}\"},\"query-input\":{\"@type\":\"PropertyValueSpecification\",\"valueRequired\":true,\"valueName\":\"search_term_string\"}}],\"inLanguage\":\"es\"},{\"@type\":\"Person\",\"@id\":\"https:\\\/\\\/quehacerpolitico.mx\\\/#\\\/schema\\\/person\\\/496d8ad2d1d3f8036101dca7ee39e585\",\"name\":\"Redacci\u00f3n QP\",\"image\":{\"@type\":\"ImageObject\",\"inLanguage\":\"es\",\"@id\":\"https:\\\/\\\/secure.gravatar.com\\\/avatar\\\/c7164ed6fdec453195284ad24a5ae5b6e1eed2b848477fa2a4787ba9adf39a41?s=96&d=mm&r=g\",\"url\":\"https:\\\/\\\/secure.gravatar.com\\\/avatar\\\/c7164ed6fdec453195284ad24a5ae5b6e1eed2b848477fa2a4787ba9adf39a41?s=96&d=mm&r=g\",\"contentUrl\":\"https:\\\/\\\/secure.gravatar.com\\\/avatar\\\/c7164ed6fdec453195284ad24a5ae5b6e1eed2b848477fa2a4787ba9adf39a41?s=96&d=mm&r=g\",\"caption\":\"Redacci\u00f3n QP\"},\"url\":\"https:\\\/\\\/quehacerpolitico.mx\\\/?author=2\"}]}<\/script>\n<!-- \/ Yoast SEO plugin. -->","yoast_head_json":{"title":"Los Gallos Blancos de Quer\u00e9taro tienen nuevo due\u00f1o -","robots":{"index":"index","follow":"follow","max-snippet":"max-snippet:-1","max-image-preview":"max-image-preview:large","max-video-preview":"max-video-preview:-1"},"canonical":"https:\/\/quehacerpolitico.mx\/?p=117685","og_locale":"es_MX","og_type":"article","og_title":"Los Gallos Blancos de Quer\u00e9taro tienen nuevo due\u00f1o -","og_description":"Por Redacci\u00f3n QP La Federaci\u00f3n Mexicana de Futbol reconoci\u00f3 la operaci\u00f3n que empez\u00f3 desde el...","og_url":"https:\/\/quehacerpolitico.mx\/?p=117685","article_published_time":"2025-07-12T02:53:55+00:00","article_modified_time":"2025-07-12T02:53:58+00:00","og_image":[{"width":1300,"height":730,"url":"https:\/\/quehacerpolitico.mx\/wp-content\/uploads\/2025\/07\/IMG_1697.webp","type":"image\/webp"}],"author":"Redacci\u00f3n QP","twitter_card":"summary_large_image","twitter_misc":{"Escrito por":"Redacci\u00f3n QP","Tiempo de lectura":"3 minutos"},"schema":{"@context":"https:\/\/schema.org","@graph":[{"@type":"Article","@id":"https:\/\/quehacerpolitico.mx\/?p=117685#article","isPartOf":{"@id":"https:\/\/quehacerpolitico.mx\/?p=117685"},"author":{"name":"Redacci\u00f3n QP","@id":"https:\/\/quehacerpolitico.mx\/#\/schema\/person\/496d8ad2d1d3f8036101dca7ee39e585"},"headline":"Los Gallos Blancos de Quer\u00e9taro tienen nuevo due\u00f1o","datePublished":"2025-07-12T02:53:55+00:00","dateModified":"2025-07-12T02:53:58+00:00","mainEntityOfPage":{"@id":"https:\/\/quehacerpolitico.mx\/?p=117685"},"wordCount":606,"commentCount":0,"image":{"@id":"https:\/\/quehacerpolitico.mx\/?p=117685#primaryimage"},"thumbnailUrl":"https:\/\/quehacerpolitico.mx\/wp-content\/uploads\/2025\/07\/IMG_1697.webp","articleSection":["Deportes"],"inLanguage":"es","potentialAction":[{"@type":"CommentAction","name":"Comment","target":["https:\/\/quehacerpolitico.mx\/?p=117685#respond"]}]},{"@type":"WebPage","@id":"https:\/\/quehacerpolitico.mx\/?p=117685","url":"https:\/\/quehacerpolitico.mx\/?p=117685","name":"Los Gallos Blancos de Quer\u00e9taro tienen nuevo due\u00f1o -","isPartOf":{"@id":"https:\/\/quehacerpolitico.mx\/#website"},"primaryImageOfPage":{"@id":"https:\/\/quehacerpolitico.mx\/?p=117685#primaryimage"},"image":{"@id":"https:\/\/quehacerpolitico.mx\/?p=117685#primaryimage"},"thumbnailUrl":"https:\/\/quehacerpolitico.mx\/wp-content\/uploads\/2025\/07\/IMG_1697.webp","datePublished":"2025-07-12T02:53:55+00:00","dateModified":"2025-07-12T02:53:58+00:00","author":{"@id":"https:\/\/quehacerpolitico.mx\/#\/schema\/person\/496d8ad2d1d3f8036101dca7ee39e585"},"breadcrumb":{"@id":"https:\/\/quehacerpolitico.mx\/?p=117685#breadcrumb"},"inLanguage":"es","potentialAction":[{"@type":"ReadAction","target":["https:\/\/quehacerpolitico.mx\/?p=117685"]}]},{"@type":"ImageObject","inLanguage":"es","@id":"https:\/\/quehacerpolitico.mx\/?p=117685#primaryimage","url":"https:\/\/quehacerpolitico.mx\/wp-content\/uploads\/2025\/07\/IMG_1697.webp","contentUrl":"https:\/\/quehacerpolitico.mx\/wp-content\/uploads\/2025\/07\/IMG_1697.webp","width":1300,"height":730},{"@type":"BreadcrumbList","@id":"https:\/\/quehacerpolitico.mx\/?p=117685#breadcrumb","itemListElement":[{"@type":"ListItem","position":1,"name":"Inicio","item":"https:\/\/quehacerpolitico.mx\/"},{"@type":"ListItem","position":2,"name":"Los Gallos Blancos de Quer\u00e9taro tienen nuevo due\u00f1o"}]},{"@type":"WebSite","@id":"https:\/\/quehacerpolitico.mx\/#website","url":"https:\/\/quehacerpolitico.mx\/","name":"","description":"","potentialAction":[{"@type":"SearchAction","target":{"@type":"EntryPoint","urlTemplate":"https:\/\/quehacerpolitico.mx\/?s={search_term_string}"},"query-input":{"@type":"PropertyValueSpecification","valueRequired":true,"valueName":"search_term_string"}}],"inLanguage":"es"},{"@type":"Person","@id":"https:\/\/quehacerpolitico.mx\/#\/schema\/person\/496d8ad2d1d3f8036101dca7ee39e585","name":"Redacci\u00f3n QP","image":{"@type":"ImageObject","inLanguage":"es","@id":"https:\/\/secure.gravatar.com\/avatar\/c7164ed6fdec453195284ad24a5ae5b6e1eed2b848477fa2a4787ba9adf39a41?s=96&d=mm&r=g","url":"https:\/\/secure.gravatar.com\/avatar\/c7164ed6fdec453195284ad24a5ae5b6e1eed2b848477fa2a4787ba9adf39a41?s=96&d=mm&r=g","contentUrl":"https:\/\/secure.gravatar.com\/avatar\/c7164ed6fdec453195284ad24a5ae5b6e1eed2b848477fa2a4787ba9adf39a41?s=96&d=mm&r=g","caption":"Redacci\u00f3n QP"},"url":"https:\/\/quehacerpolitico.mx\/?author=2"}]}},"featured_image_urls":{"full":["https:\/\/quehacerpolitico.mx\/wp-content\/uploads\/2025\/07\/IMG_1697.webp",1300,730,false],"thumbnail":["https:\/\/quehacerpolitico.mx\/wp-content\/uploads\/2025\/07\/IMG_1697-150x150.webp",150,150,true],"medium":["https:\/\/quehacerpolitico.mx\/wp-content\/uploads\/2025\/07\/IMG_1697-300x168.webp",300,168,true],"medium_large":["https:\/\/quehacerpolitico.mx\/wp-content\/uploads\/2025\/07\/IMG_1697-768x431.webp",640,359,true],"large":["https:\/\/quehacerpolitico.mx\/wp-content\/uploads\/2025\/07\/IMG_1697-1024x575.webp",640,359,true],"1536x1536":["https:\/\/quehacerpolitico.mx\/wp-content\/uploads\/2025\/07\/IMG_1697.webp",1300,730,false],"2048x2048":["https:\/\/quehacerpolitico.mx\/wp-content\/uploads\/2025\/07\/IMG_1697.webp",1300,730,false],"covernews-featured":["https:\/\/quehacerpolitico.mx\/wp-content\/uploads\/2025\/07\/IMG_1697-1024x575.webp",1024,575,true],"covernews-medium":["https:\/\/quehacerpolitico.mx\/wp-content\/uploads\/2025\/07\/IMG_1697-540x340.webp",540,340,true]},"author_info":{"display_name":"Redacci\u00f3n QP","author_link":"https:\/\/quehacerpolitico.mx\/?author=2"},"category_info":"<a href=\"https:\/\/quehacerpolitico.mx\/?cat=54\" rel=\"category\">Deportes<\/a>","tag_info":"Deportes","comment_count":"0","_links":{"self":[{"href":"https:\/\/quehacerpolitico.mx\/index.php?rest_route=\/wp\/v2\/posts\/117685","targetHints":{"allow":["GET"]}}],"collection":[{"href":"https:\/\/quehacerpolitico.mx\/index.php?rest_route=\/wp\/v2\/posts"}],"about":[{"href":"https:\/\/quehacerpolitico.mx\/index.php?rest_route=\/wp\/v2\/types\/post"}],"author":[{"embeddable":true,"href":"https:\/\/quehacerpolitico.mx\/index.php?rest_route=\/wp\/v2\/users\/2"}],"replies":[{"embeddable":true,"href":"https:\/\/quehacerpolitico.mx\/index.php?rest_route=%2Fwp%2Fv2%2Fcomments&post=117685"}],"version-history":[{"count":1,"href":"https:\/\/quehacerpolitico.mx\/index.php?rest_route=\/wp\/v2\/posts\/117685\/revisions"}],"predecessor-version":[{"id":117687,"href":"https:\/\/quehacerpolitico.mx\/index.php?rest_route=\/wp\/v2\/posts\/117685\/revisions\/117687"}],"wp:featuredmedia":[{"embeddable":true,"href":"https:\/\/quehacerpolitico.mx\/index.php?rest_route=\/wp\/v2\/media\/117686"}],"wp:attachment":[{"href":"https:\/\/quehacerpolitico.mx\/index.php?rest_route=%2Fwp%2Fv2%2Fmedia&parent=117685"}],"wp:term":[{"taxonomy":"category","embeddable":true,"href":"https:\/\/quehacerpolitico.mx\/index.php?rest_route=%2Fwp%2Fv2%2Fcategories&post=117685"},{"taxonomy":"post_tag","embeddable":true,"href":"https:\/\/quehacerpolitico.mx\/index.php?rest_route=%2Fwp%2Fv2%2Ftags&post=117685"}],"curies":[{"name":"wp","href":"https:\/\/api.w.org\/{rel}","templated":true}]}}