{"id":117682,"date":"2025-07-11T20:33:33","date_gmt":"2025-07-12T02:33:33","guid":{"rendered":"https:\/\/quehacerpolitico.mx\/?p=117682"},"modified":"2025-07-11T20:33:36","modified_gmt":"2025-07-12T02:33:36","slug":"debido-a-la-multipropiedad-lyon-y-crystal-palace-no-pueden-participar-juntos-en-la-europa-league-y-la-uefa-relega-al-club-ingles-a-la-conference","status":"publish","type":"post","link":"https:\/\/quehacerpolitico.mx\/?p=117682","title":{"rendered":"\u00a1Debido a la multipropiedad! Lyon y Crystal Palace no pueden participar juntos en la Europa League y la UEFA relega al club ingl\u00e9s a la Conference"},"content":{"rendered":"\n<p>Por Redacci\u00f3n QP<\/p>\n\n\n\n<p>Ambos clubes pertenecen a la empresa estadounidense Eagle Football Holdings, situaci\u00f3n que es antirreglamentaria.<\/p>\n\n\n\n<p>El Comit\u00e9 de Control Financiero de Clubes de la UEFA (CFCB)&nbsp;<strong>admiti\u00f3 la inscripci\u00f3n del Olympique de Lyon para la pr\u00f3xima edici\u00f3n de la Europa League, pero no as\u00ed la del Crystal Palace ingl\u00e9s, que se ve relegado a la Conference League,<\/strong>&nbsp;al estimar que los clubes incumplen los criterios de multipropiedad previstos en el Reglamento de Competici\u00f3n de Clubes de la UEFA.<\/p>\n\n\n\n<p>El &#8216;conflicto&#8217; se suscita por&nbsp;<strong>la participaci\u00f3n del empresario estadounidense John Textor poseedor, a trav\u00e9s de su empresa Eagle Football Holdings,&nbsp;<\/strong>del 43 por ciento del Crystal Palace y accionista mayoritario tambi\u00e9n del Lyon, cuando el reglamento no permite que clubes del mismo grupo participen en la misma competencia.<\/p>\n\n\n\n<figure class=\"wp-block-embed is-type-rich is-provider-twitter wp-block-embed-twitter\"><div class=\"wp-block-embed__wrapper\">\n<blockquote class=\"twitter-tweet\" data-width=\"550\" data-dnt=\"true\"><p lang=\"en\" dir=\"ltr\">Fresh \ud83d\ude0d <a href=\"https:\/\/t.co\/vzDYQtqikh\">pic.twitter.com\/vzDYQtqikh<\/a><\/p>&mdash; Olympique Lyonnais \ud83c\uddec\ud83c\udde7\ud83c\uddfa\ud83c\uddf8 (@OL_English) <a href=\"https:\/\/twitter.com\/OL_English\/status\/1936891403822362756?ref_src=twsrc%5Etfw\">June 22, 2025<\/a><\/blockquote><script async src=\"https:\/\/platform.twitter.com\/widgets.js\" charset=\"utf-8\"><\/script>\n<\/div><\/figure>\n\n\n\n<p>Esta decisi\u00f3n llega dos d\u00edas despu\u00e9s de que\u00a0<strong>el Olympique de Lyon, ganador de siete ligas francesas, evitara el descenso a Segunda Divisi\u00f3n<\/strong>\u00a0tras prosperar el recurso que present\u00f3 ante la Direcci\u00f3n Nacional de Control y de Gesti\u00f3n (DNCG).<\/p>\n\n\n\n<p>El mismo organismo que el pasado 24 de junio dictamin\u00f3 el descenso de categor\u00eda del hist\u00f3rico conjunto franc\u00e9s a causa de una&nbsp;<strong>deuda que ascend\u00eda a 175 millones de euros.<\/strong><\/p>\n\n\n\n<p>La Direcci\u00f3n Nacional de Control y de Gesti\u00f3n consider\u00f3, tras la llegada a la presidencia de la estadounidense Michele Kang en sustituci\u00f3n de su compatriota John Textor, que&nbsp;<strong>el Olympique de Lyon ofrece ahora las suficientes garant\u00edas financieras para continuar en la Primera Divisi\u00f3n.<\/strong><\/p>\n\n\n\n<figure class=\"wp-block-embed is-type-rich is-provider-twitter wp-block-embed-twitter\"><div class=\"wp-block-embed__wrapper\">\n<blockquote class=\"twitter-tweet\" data-width=\"550\" data-dnt=\"true\"><p lang=\"en\" dir=\"ltr\">Straight to work \ud83d\udd25<a href=\"https:\/\/twitter.com\/hashtag\/CPFC?src=hash&amp;ref_src=twsrc%5Etfw\">#CPFC<\/a> <a href=\"https:\/\/t.co\/qHNpsG9eHx\">pic.twitter.com\/qHNpsG9eHx<\/a><\/p>&mdash; Crystal Palace F.C. (@CPFC) <a href=\"https:\/\/twitter.com\/CPFC\/status\/1943223164101890285?ref_src=twsrc%5Etfw\">July 10, 2025<\/a><\/blockquote><script async src=\"https:\/\/platform.twitter.com\/widgets.js\" charset=\"utf-8\"><\/script>\n<\/div><\/figure>\n\n\n\n<p>Un dictamen que abri\u00f3 la posibilidad de que&nbsp;<strong>el Lyon dispute la pr\u00f3xima edici\u00f3n de la Europa League&nbsp;<\/strong>para la que se hab\u00eda clasificado tras concluir sexto en la Liga francesa.<\/p>\n\n\n\n<p>Pero para ello, antes deb\u00eda pronunciarse el Comit\u00e9 de Control Financiero de Clubes de la UEFA, que hab\u00eda pospuesto su decisi\u00f3n sobre&nbsp;<strong>el posible incumplimiento de las reglas de multipropiedad entre el Olympique de Lyon y el Crystal Palace,<\/strong>&nbsp;en espera de la resoluci\u00f3n del recurso presentado por el club franc\u00e9s ante la DNCG.<\/p>\n\n\n\n<p>Un procedimiento que concluy\u00f3 este viernes con la decisi\u00f3n de la Sala Primera de la Comit\u00e9 de Control Financiero de Clubes de la UEFA que dictamin\u00f3 que<strong>&nbsp;&#8220;los clubes incumpl\u00edan, a 1 de marzo de 2025, los criterios de propiedad multiclub&nbsp;<\/strong>previstos en el art\u00edculo 5.01 del Reglamento de Competici\u00f3n de Clubes de la UEFA&#8221;.&nbsp;<\/p>\n\n\n\n<p>&#8220;Por este motivo y con conformidad con las disposiciones establecidas en los art\u00edculos 5.02, 5.03 y 5.04&nbsp;<strong>se decidi\u00f3 aceptar la inscripci\u00f3n del Olympique de Lyon en la Europa League 2025\/26 y rechazar la del Crystal Palace;&nbsp;<\/strong>a la vez que se acord\u00f3 aceptar la inscripci\u00f3n del equipo ingl\u00e9s en la Conference League 2025\/26&#8243;.&nbsp;<\/p>\n\n\n\n<p><strong>Estas decisiones podr\u00e1n ser apeladas,&nbsp;<\/strong>como explic\u00f3 la UEFA,&nbsp;ante el Tribunal de Arbitraje Deportivo (TAS).<\/p>\n\n\n\n<p>Con informaci\u00f3n de EFE<\/p>\n","protected":false},"excerpt":{"rendered":"<p>Por Redacci\u00f3n QP Ambos clubes pertenecen a la empresa estadounidense Eagle Football Holdings, situaci\u00f3n que&#8230;<\/p>\n","protected":false},"author":2,"featured_media":117683,"comment_status":"open","ping_status":"open","sticky":false,"template":"","format":"standard","meta":{"_monsterinsights_skip_tracking":false,"_monsterinsights_sitenote_active":false,"_monsterinsights_sitenote_note":"","_monsterinsights_sitenote_category":0,"footnotes":""},"categories":[54],"tags":[],"class_list":["post-117682","post","type-post","status-publish","format-standard","has-post-thumbnail","hentry","category-deportes"],"yoast_head":"<!-- This site is optimized with the Yoast SEO plugin v27.3 - https:\/\/yoast.com\/product\/yoast-seo-wordpress\/ -->\n<title>\u00a1Debido a la multipropiedad! Lyon y Crystal Palace no pueden participar juntos en la Europa League y la UEFA relega al club ingl\u00e9s a la Conference -<\/title>\n<meta name=\"robots\" content=\"index, follow, max-snippet:-1, max-image-preview:large, max-video-preview:-1\" \/>\n<link rel=\"canonical\" href=\"https:\/\/quehacerpolitico.mx\/?p=117682\" \/>\n<meta property=\"og:locale\" content=\"es_MX\" \/>\n<meta property=\"og:type\" content=\"article\" \/>\n<meta property=\"og:title\" content=\"\u00a1Debido a la multipropiedad! Lyon y Crystal Palace no pueden participar juntos en la Europa League y la UEFA relega al club ingl\u00e9s a la Conference -\" \/>\n<meta property=\"og:description\" content=\"Por Redacci\u00f3n QP Ambos clubes pertenecen a la empresa estadounidense Eagle Football Holdings, situaci\u00f3n que...\" \/>\n<meta property=\"og:url\" content=\"https:\/\/quehacerpolitico.mx\/?p=117682\" \/>\n<meta property=\"article:published_time\" content=\"2025-07-12T02:33:33+00:00\" \/>\n<meta property=\"article:modified_time\" content=\"2025-07-12T02:33:36+00:00\" \/>\n<meta property=\"og:image\" content=\"https:\/\/quehacerpolitico.mx\/wp-content\/uploads\/2025\/07\/IMG_1695.jpeg\" \/>\n\t<meta property=\"og:image:width\" content=\"1004\" \/>\n\t<meta property=\"og:image:height\" content=\"565\" \/>\n\t<meta property=\"og:image:type\" content=\"image\/jpeg\" \/>\n<meta name=\"author\" content=\"Redacci\u00f3n QP\" \/>\n<meta name=\"twitter:card\" content=\"summary_large_image\" \/>\n<meta name=\"twitter:label1\" content=\"Escrito por\" \/>\n\t<meta name=\"twitter:data1\" content=\"Redacci\u00f3n QP\" \/>\n\t<meta name=\"twitter:label2\" content=\"Tiempo de lectura\" \/>\n\t<meta name=\"twitter:data2\" content=\"3 minutos\" \/>\n<script type=\"application\/ld+json\" class=\"yoast-schema-graph\">{\"@context\":\"https:\\\/\\\/schema.org\",\"@graph\":[{\"@type\":\"Article\",\"@id\":\"https:\\\/\\\/quehacerpolitico.mx\\\/?p=117682#article\",\"isPartOf\":{\"@id\":\"https:\\\/\\\/quehacerpolitico.mx\\\/?p=117682\"},\"author\":{\"name\":\"Redacci\u00f3n QP\",\"@id\":\"https:\\\/\\\/quehacerpolitico.mx\\\/#\\\/schema\\\/person\\\/496d8ad2d1d3f8036101dca7ee39e585\"},\"headline\":\"\u00a1Debido a la multipropiedad! Lyon y Crystal Palace no pueden participar juntos en la Europa League y la UEFA relega al club ingl\u00e9s a la Conference\",\"datePublished\":\"2025-07-12T02:33:33+00:00\",\"dateModified\":\"2025-07-12T02:33:36+00:00\",\"mainEntityOfPage\":{\"@id\":\"https:\\\/\\\/quehacerpolitico.mx\\\/?p=117682\"},\"wordCount\":546,\"commentCount\":0,\"image\":{\"@id\":\"https:\\\/\\\/quehacerpolitico.mx\\\/?p=117682#primaryimage\"},\"thumbnailUrl\":\"https:\\\/\\\/quehacerpolitico.mx\\\/wp-content\\\/uploads\\\/2025\\\/07\\\/IMG_1695.jpeg\",\"articleSection\":[\"Deportes\"],\"inLanguage\":\"es\",\"potentialAction\":[{\"@type\":\"CommentAction\",\"name\":\"Comment\",\"target\":[\"https:\\\/\\\/quehacerpolitico.mx\\\/?p=117682#respond\"]}]},{\"@type\":\"WebPage\",\"@id\":\"https:\\\/\\\/quehacerpolitico.mx\\\/?p=117682\",\"url\":\"https:\\\/\\\/quehacerpolitico.mx\\\/?p=117682\",\"name\":\"\u00a1Debido a la multipropiedad! Lyon y Crystal Palace no pueden participar juntos en la Europa League y la UEFA relega al club ingl\u00e9s a la Conference -\",\"isPartOf\":{\"@id\":\"https:\\\/\\\/quehacerpolitico.mx\\\/#website\"},\"primaryImageOfPage\":{\"@id\":\"https:\\\/\\\/quehacerpolitico.mx\\\/?p=117682#primaryimage\"},\"image\":{\"@id\":\"https:\\\/\\\/quehacerpolitico.mx\\\/?p=117682#primaryimage\"},\"thumbnailUrl\":\"https:\\\/\\\/quehacerpolitico.mx\\\/wp-content\\\/uploads\\\/2025\\\/07\\\/IMG_1695.jpeg\",\"datePublished\":\"2025-07-12T02:33:33+00:00\",\"dateModified\":\"2025-07-12T02:33:36+00:00\",\"author\":{\"@id\":\"https:\\\/\\\/quehacerpolitico.mx\\\/#\\\/schema\\\/person\\\/496d8ad2d1d3f8036101dca7ee39e585\"},\"breadcrumb\":{\"@id\":\"https:\\\/\\\/quehacerpolitico.mx\\\/?p=117682#breadcrumb\"},\"inLanguage\":\"es\",\"potentialAction\":[{\"@type\":\"ReadAction\",\"target\":[\"https:\\\/\\\/quehacerpolitico.mx\\\/?p=117682\"]}]},{\"@type\":\"ImageObject\",\"inLanguage\":\"es\",\"@id\":\"https:\\\/\\\/quehacerpolitico.mx\\\/?p=117682#primaryimage\",\"url\":\"https:\\\/\\\/quehacerpolitico.mx\\\/wp-content\\\/uploads\\\/2025\\\/07\\\/IMG_1695.jpeg\",\"contentUrl\":\"https:\\\/\\\/quehacerpolitico.mx\\\/wp-content\\\/uploads\\\/2025\\\/07\\\/IMG_1695.jpeg\",\"width\":1004,\"height\":565},{\"@type\":\"BreadcrumbList\",\"@id\":\"https:\\\/\\\/quehacerpolitico.mx\\\/?p=117682#breadcrumb\",\"itemListElement\":[{\"@type\":\"ListItem\",\"position\":1,\"name\":\"Inicio\",\"item\":\"https:\\\/\\\/quehacerpolitico.mx\\\/\"},{\"@type\":\"ListItem\",\"position\":2,\"name\":\"\u00a1Debido a la multipropiedad! Lyon y Crystal Palace no pueden participar juntos en la Europa League y la UEFA relega al club ingl\u00e9s a la Conference\"}]},{\"@type\":\"WebSite\",\"@id\":\"https:\\\/\\\/quehacerpolitico.mx\\\/#website\",\"url\":\"https:\\\/\\\/quehacerpolitico.mx\\\/\",\"name\":\"\",\"description\":\"\",\"potentialAction\":[{\"@type\":\"SearchAction\",\"target\":{\"@type\":\"EntryPoint\",\"urlTemplate\":\"https:\\\/\\\/quehacerpolitico.mx\\\/?s={search_term_string}\"},\"query-input\":{\"@type\":\"PropertyValueSpecification\",\"valueRequired\":true,\"valueName\":\"search_term_string\"}}],\"inLanguage\":\"es\"},{\"@type\":\"Person\",\"@id\":\"https:\\\/\\\/quehacerpolitico.mx\\\/#\\\/schema\\\/person\\\/496d8ad2d1d3f8036101dca7ee39e585\",\"name\":\"Redacci\u00f3n QP\",\"image\":{\"@type\":\"ImageObject\",\"inLanguage\":\"es\",\"@id\":\"https:\\\/\\\/secure.gravatar.com\\\/avatar\\\/c7164ed6fdec453195284ad24a5ae5b6e1eed2b848477fa2a4787ba9adf39a41?s=96&d=mm&r=g\",\"url\":\"https:\\\/\\\/secure.gravatar.com\\\/avatar\\\/c7164ed6fdec453195284ad24a5ae5b6e1eed2b848477fa2a4787ba9adf39a41?s=96&d=mm&r=g\",\"contentUrl\":\"https:\\\/\\\/secure.gravatar.com\\\/avatar\\\/c7164ed6fdec453195284ad24a5ae5b6e1eed2b848477fa2a4787ba9adf39a41?s=96&d=mm&r=g\",\"caption\":\"Redacci\u00f3n QP\"},\"url\":\"https:\\\/\\\/quehacerpolitico.mx\\\/?author=2\"}]}<\/script>\n<!-- \/ Yoast SEO plugin. -->","yoast_head_json":{"title":"\u00a1Debido a la multipropiedad! Lyon y Crystal Palace no pueden participar juntos en la Europa League y la UEFA relega al club ingl\u00e9s a la Conference -","robots":{"index":"index","follow":"follow","max-snippet":"max-snippet:-1","max-image-preview":"max-image-preview:large","max-video-preview":"max-video-preview:-1"},"canonical":"https:\/\/quehacerpolitico.mx\/?p=117682","og_locale":"es_MX","og_type":"article","og_title":"\u00a1Debido a la multipropiedad! Lyon y Crystal Palace no pueden participar juntos en la Europa League y la UEFA relega al club ingl\u00e9s a la Conference -","og_description":"Por Redacci\u00f3n QP Ambos clubes pertenecen a la empresa estadounidense Eagle Football Holdings, situaci\u00f3n que...","og_url":"https:\/\/quehacerpolitico.mx\/?p=117682","article_published_time":"2025-07-12T02:33:33+00:00","article_modified_time":"2025-07-12T02:33:36+00:00","og_image":[{"width":1004,"height":565,"url":"https:\/\/quehacerpolitico.mx\/wp-content\/uploads\/2025\/07\/IMG_1695.jpeg","type":"image\/jpeg"}],"author":"Redacci\u00f3n QP","twitter_card":"summary_large_image","twitter_misc":{"Escrito por":"Redacci\u00f3n QP","Tiempo de lectura":"3 minutos"},"schema":{"@context":"https:\/\/schema.org","@graph":[{"@type":"Article","@id":"https:\/\/quehacerpolitico.mx\/?p=117682#article","isPartOf":{"@id":"https:\/\/quehacerpolitico.mx\/?p=117682"},"author":{"name":"Redacci\u00f3n QP","@id":"https:\/\/quehacerpolitico.mx\/#\/schema\/person\/496d8ad2d1d3f8036101dca7ee39e585"},"headline":"\u00a1Debido a la multipropiedad! Lyon y Crystal Palace no pueden participar juntos en la Europa League y la UEFA relega al club ingl\u00e9s a la Conference","datePublished":"2025-07-12T02:33:33+00:00","dateModified":"2025-07-12T02:33:36+00:00","mainEntityOfPage":{"@id":"https:\/\/quehacerpolitico.mx\/?p=117682"},"wordCount":546,"commentCount":0,"image":{"@id":"https:\/\/quehacerpolitico.mx\/?p=117682#primaryimage"},"thumbnailUrl":"https:\/\/quehacerpolitico.mx\/wp-content\/uploads\/2025\/07\/IMG_1695.jpeg","articleSection":["Deportes"],"inLanguage":"es","potentialAction":[{"@type":"CommentAction","name":"Comment","target":["https:\/\/quehacerpolitico.mx\/?p=117682#respond"]}]},{"@type":"WebPage","@id":"https:\/\/quehacerpolitico.mx\/?p=117682","url":"https:\/\/quehacerpolitico.mx\/?p=117682","name":"\u00a1Debido a la multipropiedad! Lyon y Crystal Palace no pueden participar juntos en la Europa League y la UEFA relega al club ingl\u00e9s a la Conference -","isPartOf":{"@id":"https:\/\/quehacerpolitico.mx\/#website"},"primaryImageOfPage":{"@id":"https:\/\/quehacerpolitico.mx\/?p=117682#primaryimage"},"image":{"@id":"https:\/\/quehacerpolitico.mx\/?p=117682#primaryimage"},"thumbnailUrl":"https:\/\/quehacerpolitico.mx\/wp-content\/uploads\/2025\/07\/IMG_1695.jpeg","datePublished":"2025-07-12T02:33:33+00:00","dateModified":"2025-07-12T02:33:36+00:00","author":{"@id":"https:\/\/quehacerpolitico.mx\/#\/schema\/person\/496d8ad2d1d3f8036101dca7ee39e585"},"breadcrumb":{"@id":"https:\/\/quehacerpolitico.mx\/?p=117682#breadcrumb"},"inLanguage":"es","potentialAction":[{"@type":"ReadAction","target":["https:\/\/quehacerpolitico.mx\/?p=117682"]}]},{"@type":"ImageObject","inLanguage":"es","@id":"https:\/\/quehacerpolitico.mx\/?p=117682#primaryimage","url":"https:\/\/quehacerpolitico.mx\/wp-content\/uploads\/2025\/07\/IMG_1695.jpeg","contentUrl":"https:\/\/quehacerpolitico.mx\/wp-content\/uploads\/2025\/07\/IMG_1695.jpeg","width":1004,"height":565},{"@type":"BreadcrumbList","@id":"https:\/\/quehacerpolitico.mx\/?p=117682#breadcrumb","itemListElement":[{"@type":"ListItem","position":1,"name":"Inicio","item":"https:\/\/quehacerpolitico.mx\/"},{"@type":"ListItem","position":2,"name":"\u00a1Debido a la multipropiedad! Lyon y Crystal Palace no pueden participar juntos en la Europa League y la UEFA relega al club ingl\u00e9s a la Conference"}]},{"@type":"WebSite","@id":"https:\/\/quehacerpolitico.mx\/#website","url":"https:\/\/quehacerpolitico.mx\/","name":"","description":"","potentialAction":[{"@type":"SearchAction","target":{"@type":"EntryPoint","urlTemplate":"https:\/\/quehacerpolitico.mx\/?s={search_term_string}"},"query-input":{"@type":"PropertyValueSpecification","valueRequired":true,"valueName":"search_term_string"}}],"inLanguage":"es"},{"@type":"Person","@id":"https:\/\/quehacerpolitico.mx\/#\/schema\/person\/496d8ad2d1d3f8036101dca7ee39e585","name":"Redacci\u00f3n QP","image":{"@type":"ImageObject","inLanguage":"es","@id":"https:\/\/secure.gravatar.com\/avatar\/c7164ed6fdec453195284ad24a5ae5b6e1eed2b848477fa2a4787ba9adf39a41?s=96&d=mm&r=g","url":"https:\/\/secure.gravatar.com\/avatar\/c7164ed6fdec453195284ad24a5ae5b6e1eed2b848477fa2a4787ba9adf39a41?s=96&d=mm&r=g","contentUrl":"https:\/\/secure.gravatar.com\/avatar\/c7164ed6fdec453195284ad24a5ae5b6e1eed2b848477fa2a4787ba9adf39a41?s=96&d=mm&r=g","caption":"Redacci\u00f3n QP"},"url":"https:\/\/quehacerpolitico.mx\/?author=2"}]}},"featured_image_urls":{"full":["https:\/\/quehacerpolitico.mx\/wp-content\/uploads\/2025\/07\/IMG_1695.jpeg",1004,565,false],"thumbnail":["https:\/\/quehacerpolitico.mx\/wp-content\/uploads\/2025\/07\/IMG_1695-150x150.jpeg",150,150,true],"medium":["https:\/\/quehacerpolitico.mx\/wp-content\/uploads\/2025\/07\/IMG_1695-300x169.jpeg",300,169,true],"medium_large":["https:\/\/quehacerpolitico.mx\/wp-content\/uploads\/2025\/07\/IMG_1695-768x432.jpeg",640,360,true],"large":["https:\/\/quehacerpolitico.mx\/wp-content\/uploads\/2025\/07\/IMG_1695.jpeg",640,360,false],"1536x1536":["https:\/\/quehacerpolitico.mx\/wp-content\/uploads\/2025\/07\/IMG_1695.jpeg",1004,565,false],"2048x2048":["https:\/\/quehacerpolitico.mx\/wp-content\/uploads\/2025\/07\/IMG_1695.jpeg",1004,565,false],"covernews-featured":["https:\/\/quehacerpolitico.mx\/wp-content\/uploads\/2025\/07\/IMG_1695.jpeg",1004,565,false],"covernews-medium":["https:\/\/quehacerpolitico.mx\/wp-content\/uploads\/2025\/07\/IMG_1695-540x340.jpeg",540,340,true]},"author_info":{"display_name":"Redacci\u00f3n QP","author_link":"https:\/\/quehacerpolitico.mx\/?author=2"},"category_info":"<a href=\"https:\/\/quehacerpolitico.mx\/?cat=54\" rel=\"category\">Deportes<\/a>","tag_info":"Deportes","comment_count":"0","_links":{"self":[{"href":"https:\/\/quehacerpolitico.mx\/index.php?rest_route=\/wp\/v2\/posts\/117682","targetHints":{"allow":["GET"]}}],"collection":[{"href":"https:\/\/quehacerpolitico.mx\/index.php?rest_route=\/wp\/v2\/posts"}],"about":[{"href":"https:\/\/quehacerpolitico.mx\/index.php?rest_route=\/wp\/v2\/types\/post"}],"author":[{"embeddable":true,"href":"https:\/\/quehacerpolitico.mx\/index.php?rest_route=\/wp\/v2\/users\/2"}],"replies":[{"embeddable":true,"href":"https:\/\/quehacerpolitico.mx\/index.php?rest_route=%2Fwp%2Fv2%2Fcomments&post=117682"}],"version-history":[{"count":1,"href":"https:\/\/quehacerpolitico.mx\/index.php?rest_route=\/wp\/v2\/posts\/117682\/revisions"}],"predecessor-version":[{"id":117684,"href":"https:\/\/quehacerpolitico.mx\/index.php?rest_route=\/wp\/v2\/posts\/117682\/revisions\/117684"}],"wp:featuredmedia":[{"embeddable":true,"href":"https:\/\/quehacerpolitico.mx\/index.php?rest_route=\/wp\/v2\/media\/117683"}],"wp:attachment":[{"href":"https:\/\/quehacerpolitico.mx\/index.php?rest_route=%2Fwp%2Fv2%2Fmedia&parent=117682"}],"wp:term":[{"taxonomy":"category","embeddable":true,"href":"https:\/\/quehacerpolitico.mx\/index.php?rest_route=%2Fwp%2Fv2%2Fcategories&post=117682"},{"taxonomy":"post_tag","embeddable":true,"href":"https:\/\/quehacerpolitico.mx\/index.php?rest_route=%2Fwp%2Fv2%2Ftags&post=117682"}],"curies":[{"name":"wp","href":"https:\/\/api.w.org\/{rel}","templated":true}]}}