{"id":117679,"date":"2025-07-11T20:05:15","date_gmt":"2025-07-12T02:05:15","guid":{"rendered":"https:\/\/quehacerpolitico.mx\/?p=117679"},"modified":"2025-07-11T20:05:17","modified_gmt":"2025-07-12T02:05:17","slug":"el-quehacer-politico-internacional-a-traves-de-la-opinion-carolina-alonso-romei-nunca-habia-visto-algo-asi-trump-visita-el-condado-de-kerr-tras-las-inundaciones-que-dejaron-al-menos-120-muert","status":"publish","type":"post","link":"https:\/\/quehacerpolitico.mx\/?p=117679","title":{"rendered":"El Quehacer Pol\u00edtico Internacional a trav\u00e9s de la opini\u00f3n\/\/\/Carolina Alonso Romei\/\/\/&#8221;Nunca hab\u00eda visto algo as\u00ed&#8221;: Trump visita el condado de Kerr tras las inundaciones que dejaron al menos 120 muertos en Texas"},"content":{"rendered":"\n<p>Por Carolina Alonso Romei<\/p>\n\n\n\n<p>Internacionalista <\/p>\n\n\n\n<p>El mandatario evadi\u00f3 abordar la falta de sistemas de alertas previo a las fuertes lluvias y se centr\u00f3 en elogiar a los funcionarios estatales y locales, al mencionar que hicieron un &#8220;trabajo incre\u00edble&#8221; y actuaron &#8220;como profesionales&#8221;<\/p>\n\n\n\n<p>El presidente de Estados Unidos,&nbsp;<strong>Donald<\/strong>&nbsp;<strong>Trump<\/strong>, visit\u00f3 este viernes la regi\u00f3n de&nbsp;<strong>Texas<\/strong>&nbsp;afectada por las devastadoras inundaciones de la semana pasada que dejaron al menos 120 muertos y m\u00e1s de 100 desaparecidos.<\/p>\n\n\n\n<p>&#8220;Nunca hab\u00eda visto algo as\u00ed. (&#8230;) He visto muchos huracanes, tornados y nunca hab\u00eda visto algo de ese tipo, esto es algo terrible&#8221;, dijo el mandatario republicano en una mesa redonda junto al gobernador de Texas,&nbsp;<strong>Greg Abbott<\/strong>.&nbsp;<\/p>\n\n\n\n<p>Su visita al&nbsp;<strong>condado de Kerr,<\/strong>&nbsp;el m\u00e1s afectado por el desastre y donde se han encontrado la mayor\u00eda de las v\u00edctimas mortales, llega a medida que aumentan las preguntas sobre la respuesta de las autoridades locales durante las inundaciones y el rol que las carencias del<strong>&nbsp;sistema de alertas<\/strong>&nbsp;tuvo en la tragedia.<\/p>\n\n\n\n<figure class=\"wp-block-embed is-type-rich is-provider-twitter wp-block-embed-twitter\"><div class=\"wp-block-embed__wrapper\">\n<blockquote class=\"twitter-tweet\" data-width=\"550\" data-dnt=\"true\"><p lang=\"en\" dir=\"ltr\">\u201cAs a nation, we mourn for every single life that was swept away in the flood and we pray for the families that were left behind.\u201d &#8211; President Donald J. Trump <a href=\"https:\/\/t.co\/2TdDXMua6z\">pic.twitter.com\/2TdDXMua6z<\/a><\/p>&mdash; The White House (@WhiteHouse) <a href=\"https:\/\/twitter.com\/WhiteHouse\/status\/1943828820143886813?ref_src=twsrc%5Etfw\">July 12, 2025<\/a><\/blockquote><script async src=\"https:\/\/platform.twitter.com\/widgets.js\" charset=\"utf-8\"><\/script>\n<\/div><\/figure>\n\n\n\n<p>El mandatario evadi\u00f3 abordar el tema y se centr\u00f3 en<strong>&nbsp;elogiar a los funcionarios estatales<\/strong>&nbsp;y locales, mencionando que hicieron un &#8220;trabajo incre\u00edble&#8221; y actuaron &#8220;como profesionales&#8221;.<\/p>\n\n\n\n<p>La primera dama,\u00a0<strong>Melania<\/strong>\u00a0<strong>Trump<\/strong>, tambi\u00e9n particip\u00f3 en la visita y dio sus\u00a0<strong>condolencias<\/strong>\u00a0a las familias de los fallecidos: &#8220;Mientras estamos de luto por esta tragedia impensable, nos reconfortamos en saber que Dios le ha dado la bienvenida a estas peque\u00f1as ni\u00f1as hermosas&#8221;. Al menos 27 ni\u00f1as y j\u00f3venes de un campamento cristiano murieron en las riadas<\/p>\n\n\n\n<figure class=\"wp-block-embed is-type-video is-provider-youtube wp-block-embed-youtube wp-embed-aspect-16-9 wp-has-aspect-ratio\"><div class=\"wp-block-embed__wrapper\">\n<iframe loading=\"lazy\" title=\"DONALD TRUMP visita TEXAS para evaluar los da\u00f1os causados por las inundaciones | EL PA\u00cdS\" width=\"640\" height=\"360\" src=\"https:\/\/www.youtube.com\/embed\/QpF7VGP0qRw?feature=oembed\" frameborder=\"0\" allow=\"accelerometer; autoplay; clipboard-write; encrypted-media; gyroscope; picture-in-picture; web-share\" referrerpolicy=\"strict-origin-when-cross-origin\" allowfullscreen><\/iframe>\n<\/div><\/figure>\n\n\n\n<p>El desastre, que se desat\u00f3 por las fuertes lluvias que cayeron entre el 3 y 4 de julio, dej\u00f3 m\u00e1s de 161 desaparecidos, al menos 120 muertos y kil\u00f3metros de destrozos en la regi\u00f3n del Hill Country, a las afueras de San Antonio.<\/p>\n\n\n\n<p>En total, el d\u00eda de la tragedia se acumularon entre 12.7 y 27.9 cent\u00edmetros de lluvia en los condados de Kerr, Bandera, Tom Green y Kendall, seg\u00fan el Servicio Nacional de Meteorolog\u00eda.<\/p>\n\n\n\n<p>Equipos de<strong>&nbsp;rescate&nbsp;<\/strong>estadounidenses y mexicanos contin\u00faan con la&nbsp;<strong>b\u00fasqueda de los cuerpos&nbsp;<\/strong>que posiblemente a\u00fan permanezcan enterrados o bajo el agua.&nbsp;<\/p>\n","protected":false},"excerpt":{"rendered":"<p>Por Carolina Alonso Romei Internacionalista El mandatario evadi\u00f3 abordar la falta de sistemas de alertas&#8230;<\/p>\n","protected":false},"author":2,"featured_media":117680,"comment_status":"open","ping_status":"open","sticky":false,"template":"","format":"standard","meta":{"_monsterinsights_skip_tracking":false,"_monsterinsights_sitenote_active":false,"_monsterinsights_sitenote_note":"","_monsterinsights_sitenote_category":0,"footnotes":""},"categories":[1],"tags":[],"class_list":["post-117679","post","type-post","status-publish","format-standard","has-post-thumbnail","hentry","category-sin-categoria"],"yoast_head":"<!-- This site is optimized with the Yoast SEO plugin v27.3 - https:\/\/yoast.com\/product\/yoast-seo-wordpress\/ -->\n<title>El Quehacer Pol\u00edtico Internacional a trav\u00e9s de la opini\u00f3n\/\/\/Carolina Alonso Romei\/\/\/&quot;Nunca hab\u00eda visto algo as\u00ed&quot;: Trump visita el condado de Kerr tras las inundaciones que dejaron al menos 120 muertos en Texas -<\/title>\n<meta name=\"robots\" content=\"index, follow, max-snippet:-1, max-image-preview:large, max-video-preview:-1\" \/>\n<link rel=\"canonical\" href=\"https:\/\/quehacerpolitico.mx\/?p=117679\" \/>\n<meta property=\"og:locale\" content=\"es_MX\" \/>\n<meta property=\"og:type\" content=\"article\" \/>\n<meta property=\"og:title\" content=\"El Quehacer Pol\u00edtico Internacional a trav\u00e9s de la opini\u00f3n\/\/\/Carolina Alonso Romei\/\/\/&quot;Nunca hab\u00eda visto algo as\u00ed&quot;: Trump visita el condado de Kerr tras las inundaciones que dejaron al menos 120 muertos en Texas -\" \/>\n<meta property=\"og:description\" content=\"Por Carolina Alonso Romei Internacionalista El mandatario evadi\u00f3 abordar la falta de sistemas de alertas...\" \/>\n<meta property=\"og:url\" content=\"https:\/\/quehacerpolitico.mx\/?p=117679\" \/>\n<meta property=\"article:published_time\" content=\"2025-07-12T02:05:15+00:00\" \/>\n<meta property=\"article:modified_time\" content=\"2025-07-12T02:05:17+00:00\" \/>\n<meta property=\"og:image\" content=\"https:\/\/quehacerpolitico.mx\/wp-content\/uploads\/2025\/07\/CC580900-86F9-46BD-AF38-9C2213BF96A8.jpeg\" \/>\n\t<meta property=\"og:image:width\" content=\"1218\" \/>\n\t<meta property=\"og:image:height\" content=\"640\" \/>\n\t<meta property=\"og:image:type\" content=\"image\/jpeg\" \/>\n<meta name=\"author\" content=\"Redacci\u00f3n QP\" \/>\n<meta name=\"twitter:card\" content=\"summary_large_image\" \/>\n<meta name=\"twitter:label1\" content=\"Escrito por\" \/>\n\t<meta name=\"twitter:data1\" content=\"Redacci\u00f3n QP\" \/>\n\t<meta name=\"twitter:label2\" content=\"Tiempo de lectura\" \/>\n\t<meta name=\"twitter:data2\" content=\"2 minutos\" \/>\n<script type=\"application\/ld+json\" class=\"yoast-schema-graph\">{\"@context\":\"https:\\\/\\\/schema.org\",\"@graph\":[{\"@type\":\"Article\",\"@id\":\"https:\\\/\\\/quehacerpolitico.mx\\\/?p=117679#article\",\"isPartOf\":{\"@id\":\"https:\\\/\\\/quehacerpolitico.mx\\\/?p=117679\"},\"author\":{\"name\":\"Redacci\u00f3n QP\",\"@id\":\"https:\\\/\\\/quehacerpolitico.mx\\\/#\\\/schema\\\/person\\\/496d8ad2d1d3f8036101dca7ee39e585\"},\"headline\":\"El Quehacer Pol\u00edtico Internacional a trav\u00e9s de la opini\u00f3n\\\/\\\/\\\/Carolina Alonso Romei\\\/\\\/\\\/&#8221;Nunca hab\u00eda visto algo as\u00ed&#8221;: Trump visita el condado de Kerr tras las inundaciones que dejaron al menos 120 muertos en Texas\",\"datePublished\":\"2025-07-12T02:05:15+00:00\",\"dateModified\":\"2025-07-12T02:05:17+00:00\",\"mainEntityOfPage\":{\"@id\":\"https:\\\/\\\/quehacerpolitico.mx\\\/?p=117679\"},\"wordCount\":435,\"commentCount\":0,\"image\":{\"@id\":\"https:\\\/\\\/quehacerpolitico.mx\\\/?p=117679#primaryimage\"},\"thumbnailUrl\":\"https:\\\/\\\/quehacerpolitico.mx\\\/wp-content\\\/uploads\\\/2025\\\/07\\\/CC580900-86F9-46BD-AF38-9C2213BF96A8.jpeg\",\"articleSection\":[\"Internacionales\"],\"inLanguage\":\"es\",\"potentialAction\":[{\"@type\":\"CommentAction\",\"name\":\"Comment\",\"target\":[\"https:\\\/\\\/quehacerpolitico.mx\\\/?p=117679#respond\"]}]},{\"@type\":\"WebPage\",\"@id\":\"https:\\\/\\\/quehacerpolitico.mx\\\/?p=117679\",\"url\":\"https:\\\/\\\/quehacerpolitico.mx\\\/?p=117679\",\"name\":\"El Quehacer Pol\u00edtico Internacional a trav\u00e9s de la opini\u00f3n\\\/\\\/\\\/Carolina Alonso Romei\\\/\\\/\\\/\\\"Nunca hab\u00eda visto algo as\u00ed\\\": Trump visita el condado de Kerr tras las inundaciones que dejaron al menos 120 muertos en Texas -\",\"isPartOf\":{\"@id\":\"https:\\\/\\\/quehacerpolitico.mx\\\/#website\"},\"primaryImageOfPage\":{\"@id\":\"https:\\\/\\\/quehacerpolitico.mx\\\/?p=117679#primaryimage\"},\"image\":{\"@id\":\"https:\\\/\\\/quehacerpolitico.mx\\\/?p=117679#primaryimage\"},\"thumbnailUrl\":\"https:\\\/\\\/quehacerpolitico.mx\\\/wp-content\\\/uploads\\\/2025\\\/07\\\/CC580900-86F9-46BD-AF38-9C2213BF96A8.jpeg\",\"datePublished\":\"2025-07-12T02:05:15+00:00\",\"dateModified\":\"2025-07-12T02:05:17+00:00\",\"author\":{\"@id\":\"https:\\\/\\\/quehacerpolitico.mx\\\/#\\\/schema\\\/person\\\/496d8ad2d1d3f8036101dca7ee39e585\"},\"breadcrumb\":{\"@id\":\"https:\\\/\\\/quehacerpolitico.mx\\\/?p=117679#breadcrumb\"},\"inLanguage\":\"es\",\"potentialAction\":[{\"@type\":\"ReadAction\",\"target\":[\"https:\\\/\\\/quehacerpolitico.mx\\\/?p=117679\"]}]},{\"@type\":\"ImageObject\",\"inLanguage\":\"es\",\"@id\":\"https:\\\/\\\/quehacerpolitico.mx\\\/?p=117679#primaryimage\",\"url\":\"https:\\\/\\\/quehacerpolitico.mx\\\/wp-content\\\/uploads\\\/2025\\\/07\\\/CC580900-86F9-46BD-AF38-9C2213BF96A8.jpeg\",\"contentUrl\":\"https:\\\/\\\/quehacerpolitico.mx\\\/wp-content\\\/uploads\\\/2025\\\/07\\\/CC580900-86F9-46BD-AF38-9C2213BF96A8.jpeg\",\"width\":1218,\"height\":640},{\"@type\":\"BreadcrumbList\",\"@id\":\"https:\\\/\\\/quehacerpolitico.mx\\\/?p=117679#breadcrumb\",\"itemListElement\":[{\"@type\":\"ListItem\",\"position\":1,\"name\":\"Inicio\",\"item\":\"https:\\\/\\\/quehacerpolitico.mx\\\/\"},{\"@type\":\"ListItem\",\"position\":2,\"name\":\"El Quehacer Pol\u00edtico Internacional a trav\u00e9s de la opini\u00f3n\\\/\\\/\\\/Carolina Alonso Romei\\\/\\\/\\\/&#8221;Nunca hab\u00eda visto algo as\u00ed&#8221;: Trump visita el condado de Kerr tras las inundaciones que dejaron al menos 120 muertos en Texas\"}]},{\"@type\":\"WebSite\",\"@id\":\"https:\\\/\\\/quehacerpolitico.mx\\\/#website\",\"url\":\"https:\\\/\\\/quehacerpolitico.mx\\\/\",\"name\":\"\",\"description\":\"\",\"potentialAction\":[{\"@type\":\"SearchAction\",\"target\":{\"@type\":\"EntryPoint\",\"urlTemplate\":\"https:\\\/\\\/quehacerpolitico.mx\\\/?s={search_term_string}\"},\"query-input\":{\"@type\":\"PropertyValueSpecification\",\"valueRequired\":true,\"valueName\":\"search_term_string\"}}],\"inLanguage\":\"es\"},{\"@type\":\"Person\",\"@id\":\"https:\\\/\\\/quehacerpolitico.mx\\\/#\\\/schema\\\/person\\\/496d8ad2d1d3f8036101dca7ee39e585\",\"name\":\"Redacci\u00f3n QP\",\"image\":{\"@type\":\"ImageObject\",\"inLanguage\":\"es\",\"@id\":\"https:\\\/\\\/secure.gravatar.com\\\/avatar\\\/c7164ed6fdec453195284ad24a5ae5b6e1eed2b848477fa2a4787ba9adf39a41?s=96&d=mm&r=g\",\"url\":\"https:\\\/\\\/secure.gravatar.com\\\/avatar\\\/c7164ed6fdec453195284ad24a5ae5b6e1eed2b848477fa2a4787ba9adf39a41?s=96&d=mm&r=g\",\"contentUrl\":\"https:\\\/\\\/secure.gravatar.com\\\/avatar\\\/c7164ed6fdec453195284ad24a5ae5b6e1eed2b848477fa2a4787ba9adf39a41?s=96&d=mm&r=g\",\"caption\":\"Redacci\u00f3n QP\"},\"url\":\"https:\\\/\\\/quehacerpolitico.mx\\\/?author=2\"}]}<\/script>\n<!-- \/ Yoast SEO plugin. -->","yoast_head_json":{"title":"El Quehacer Pol\u00edtico Internacional a trav\u00e9s de la opini\u00f3n\/\/\/Carolina Alonso Romei\/\/\/\"Nunca hab\u00eda visto algo as\u00ed\": Trump visita el condado de Kerr tras las inundaciones que dejaron al menos 120 muertos en Texas -","robots":{"index":"index","follow":"follow","max-snippet":"max-snippet:-1","max-image-preview":"max-image-preview:large","max-video-preview":"max-video-preview:-1"},"canonical":"https:\/\/quehacerpolitico.mx\/?p=117679","og_locale":"es_MX","og_type":"article","og_title":"El Quehacer Pol\u00edtico Internacional a trav\u00e9s de la opini\u00f3n\/\/\/Carolina Alonso Romei\/\/\/\"Nunca hab\u00eda visto algo as\u00ed\": Trump visita el condado de Kerr tras las inundaciones que dejaron al menos 120 muertos en Texas -","og_description":"Por Carolina Alonso Romei Internacionalista El mandatario evadi\u00f3 abordar la falta de sistemas de alertas...","og_url":"https:\/\/quehacerpolitico.mx\/?p=117679","article_published_time":"2025-07-12T02:05:15+00:00","article_modified_time":"2025-07-12T02:05:17+00:00","og_image":[{"width":1218,"height":640,"url":"https:\/\/quehacerpolitico.mx\/wp-content\/uploads\/2025\/07\/CC580900-86F9-46BD-AF38-9C2213BF96A8.jpeg","type":"image\/jpeg"}],"author":"Redacci\u00f3n QP","twitter_card":"summary_large_image","twitter_misc":{"Escrito por":"Redacci\u00f3n QP","Tiempo de lectura":"2 minutos"},"schema":{"@context":"https:\/\/schema.org","@graph":[{"@type":"Article","@id":"https:\/\/quehacerpolitico.mx\/?p=117679#article","isPartOf":{"@id":"https:\/\/quehacerpolitico.mx\/?p=117679"},"author":{"name":"Redacci\u00f3n QP","@id":"https:\/\/quehacerpolitico.mx\/#\/schema\/person\/496d8ad2d1d3f8036101dca7ee39e585"},"headline":"El Quehacer Pol\u00edtico Internacional a trav\u00e9s de la opini\u00f3n\/\/\/Carolina Alonso Romei\/\/\/&#8221;Nunca hab\u00eda visto algo as\u00ed&#8221;: Trump visita el condado de Kerr tras las inundaciones que dejaron al menos 120 muertos en Texas","datePublished":"2025-07-12T02:05:15+00:00","dateModified":"2025-07-12T02:05:17+00:00","mainEntityOfPage":{"@id":"https:\/\/quehacerpolitico.mx\/?p=117679"},"wordCount":435,"commentCount":0,"image":{"@id":"https:\/\/quehacerpolitico.mx\/?p=117679#primaryimage"},"thumbnailUrl":"https:\/\/quehacerpolitico.mx\/wp-content\/uploads\/2025\/07\/CC580900-86F9-46BD-AF38-9C2213BF96A8.jpeg","articleSection":["Internacionales"],"inLanguage":"es","potentialAction":[{"@type":"CommentAction","name":"Comment","target":["https:\/\/quehacerpolitico.mx\/?p=117679#respond"]}]},{"@type":"WebPage","@id":"https:\/\/quehacerpolitico.mx\/?p=117679","url":"https:\/\/quehacerpolitico.mx\/?p=117679","name":"El Quehacer Pol\u00edtico Internacional a trav\u00e9s de la opini\u00f3n\/\/\/Carolina Alonso Romei\/\/\/\"Nunca hab\u00eda visto algo as\u00ed\": Trump visita el condado de Kerr tras las inundaciones que dejaron al menos 120 muertos en Texas -","isPartOf":{"@id":"https:\/\/quehacerpolitico.mx\/#website"},"primaryImageOfPage":{"@id":"https:\/\/quehacerpolitico.mx\/?p=117679#primaryimage"},"image":{"@id":"https:\/\/quehacerpolitico.mx\/?p=117679#primaryimage"},"thumbnailUrl":"https:\/\/quehacerpolitico.mx\/wp-content\/uploads\/2025\/07\/CC580900-86F9-46BD-AF38-9C2213BF96A8.jpeg","datePublished":"2025-07-12T02:05:15+00:00","dateModified":"2025-07-12T02:05:17+00:00","author":{"@id":"https:\/\/quehacerpolitico.mx\/#\/schema\/person\/496d8ad2d1d3f8036101dca7ee39e585"},"breadcrumb":{"@id":"https:\/\/quehacerpolitico.mx\/?p=117679#breadcrumb"},"inLanguage":"es","potentialAction":[{"@type":"ReadAction","target":["https:\/\/quehacerpolitico.mx\/?p=117679"]}]},{"@type":"ImageObject","inLanguage":"es","@id":"https:\/\/quehacerpolitico.mx\/?p=117679#primaryimage","url":"https:\/\/quehacerpolitico.mx\/wp-content\/uploads\/2025\/07\/CC580900-86F9-46BD-AF38-9C2213BF96A8.jpeg","contentUrl":"https:\/\/quehacerpolitico.mx\/wp-content\/uploads\/2025\/07\/CC580900-86F9-46BD-AF38-9C2213BF96A8.jpeg","width":1218,"height":640},{"@type":"BreadcrumbList","@id":"https:\/\/quehacerpolitico.mx\/?p=117679#breadcrumb","itemListElement":[{"@type":"ListItem","position":1,"name":"Inicio","item":"https:\/\/quehacerpolitico.mx\/"},{"@type":"ListItem","position":2,"name":"El Quehacer Pol\u00edtico Internacional a trav\u00e9s de la opini\u00f3n\/\/\/Carolina Alonso Romei\/\/\/&#8221;Nunca hab\u00eda visto algo as\u00ed&#8221;: Trump visita el condado de Kerr tras las inundaciones que dejaron al menos 120 muertos en Texas"}]},{"@type":"WebSite","@id":"https:\/\/quehacerpolitico.mx\/#website","url":"https:\/\/quehacerpolitico.mx\/","name":"","description":"","potentialAction":[{"@type":"SearchAction","target":{"@type":"EntryPoint","urlTemplate":"https:\/\/quehacerpolitico.mx\/?s={search_term_string}"},"query-input":{"@type":"PropertyValueSpecification","valueRequired":true,"valueName":"search_term_string"}}],"inLanguage":"es"},{"@type":"Person","@id":"https:\/\/quehacerpolitico.mx\/#\/schema\/person\/496d8ad2d1d3f8036101dca7ee39e585","name":"Redacci\u00f3n QP","image":{"@type":"ImageObject","inLanguage":"es","@id":"https:\/\/secure.gravatar.com\/avatar\/c7164ed6fdec453195284ad24a5ae5b6e1eed2b848477fa2a4787ba9adf39a41?s=96&d=mm&r=g","url":"https:\/\/secure.gravatar.com\/avatar\/c7164ed6fdec453195284ad24a5ae5b6e1eed2b848477fa2a4787ba9adf39a41?s=96&d=mm&r=g","contentUrl":"https:\/\/secure.gravatar.com\/avatar\/c7164ed6fdec453195284ad24a5ae5b6e1eed2b848477fa2a4787ba9adf39a41?s=96&d=mm&r=g","caption":"Redacci\u00f3n QP"},"url":"https:\/\/quehacerpolitico.mx\/?author=2"}]}},"featured_image_urls":{"full":["https:\/\/quehacerpolitico.mx\/wp-content\/uploads\/2025\/07\/CC580900-86F9-46BD-AF38-9C2213BF96A8.jpeg",1218,640,false],"thumbnail":["https:\/\/quehacerpolitico.mx\/wp-content\/uploads\/2025\/07\/CC580900-86F9-46BD-AF38-9C2213BF96A8-150x150.jpeg",150,150,true],"medium":["https:\/\/quehacerpolitico.mx\/wp-content\/uploads\/2025\/07\/CC580900-86F9-46BD-AF38-9C2213BF96A8-300x158.jpeg",300,158,true],"medium_large":["https:\/\/quehacerpolitico.mx\/wp-content\/uploads\/2025\/07\/CC580900-86F9-46BD-AF38-9C2213BF96A8-768x404.jpeg",640,337,true],"large":["https:\/\/quehacerpolitico.mx\/wp-content\/uploads\/2025\/07\/CC580900-86F9-46BD-AF38-9C2213BF96A8-1024x538.jpeg",640,336,true],"1536x1536":["https:\/\/quehacerpolitico.mx\/wp-content\/uploads\/2025\/07\/CC580900-86F9-46BD-AF38-9C2213BF96A8.jpeg",1218,640,false],"2048x2048":["https:\/\/quehacerpolitico.mx\/wp-content\/uploads\/2025\/07\/CC580900-86F9-46BD-AF38-9C2213BF96A8.jpeg",1218,640,false],"covernews-featured":["https:\/\/quehacerpolitico.mx\/wp-content\/uploads\/2025\/07\/CC580900-86F9-46BD-AF38-9C2213BF96A8-1024x538.jpeg",1024,538,true],"covernews-medium":["https:\/\/quehacerpolitico.mx\/wp-content\/uploads\/2025\/07\/CC580900-86F9-46BD-AF38-9C2213BF96A8-540x340.jpeg",540,340,true]},"author_info":{"display_name":"Redacci\u00f3n QP","author_link":"https:\/\/quehacerpolitico.mx\/?author=2"},"category_info":"<a href=\"https:\/\/quehacerpolitico.mx\/?cat=1\" rel=\"category\">Internacionales<\/a>","tag_info":"Internacionales","comment_count":"0","_links":{"self":[{"href":"https:\/\/quehacerpolitico.mx\/index.php?rest_route=\/wp\/v2\/posts\/117679","targetHints":{"allow":["GET"]}}],"collection":[{"href":"https:\/\/quehacerpolitico.mx\/index.php?rest_route=\/wp\/v2\/posts"}],"about":[{"href":"https:\/\/quehacerpolitico.mx\/index.php?rest_route=\/wp\/v2\/types\/post"}],"author":[{"embeddable":true,"href":"https:\/\/quehacerpolitico.mx\/index.php?rest_route=\/wp\/v2\/users\/2"}],"replies":[{"embeddable":true,"href":"https:\/\/quehacerpolitico.mx\/index.php?rest_route=%2Fwp%2Fv2%2Fcomments&post=117679"}],"version-history":[{"count":1,"href":"https:\/\/quehacerpolitico.mx\/index.php?rest_route=\/wp\/v2\/posts\/117679\/revisions"}],"predecessor-version":[{"id":117681,"href":"https:\/\/quehacerpolitico.mx\/index.php?rest_route=\/wp\/v2\/posts\/117679\/revisions\/117681"}],"wp:featuredmedia":[{"embeddable":true,"href":"https:\/\/quehacerpolitico.mx\/index.php?rest_route=\/wp\/v2\/media\/117680"}],"wp:attachment":[{"href":"https:\/\/quehacerpolitico.mx\/index.php?rest_route=%2Fwp%2Fv2%2Fmedia&parent=117679"}],"wp:term":[{"taxonomy":"category","embeddable":true,"href":"https:\/\/quehacerpolitico.mx\/index.php?rest_route=%2Fwp%2Fv2%2Fcategories&post=117679"},{"taxonomy":"post_tag","embeddable":true,"href":"https:\/\/quehacerpolitico.mx\/index.php?rest_route=%2Fwp%2Fv2%2Ftags&post=117679"}],"curies":[{"name":"wp","href":"https:\/\/api.w.org\/{rel}","templated":true}]}}