{"id":117673,"date":"2025-07-11T18:30:22","date_gmt":"2025-07-12T00:30:22","guid":{"rendered":"https:\/\/quehacerpolitico.mx\/?p=117673"},"modified":"2025-07-11T18:30:24","modified_gmt":"2025-07-12T00:30:24","slug":"el-quehacer-politico-a-traves-de-la-opinion-carolina-alonso-romei-casa-blanca-publica-imagen-de-trump-como-superman","status":"publish","type":"post","link":"https:\/\/quehacerpolitico.mx\/?p=117673","title":{"rendered":"El Quehacer Pol\u00edtico a trav\u00e9s de la opini\u00f3n\/\/\/Carolina Alonso Romei\/\/\/Casa Blanca publica imagen de Trump como Superman"},"content":{"rendered":"\n<p>Por Carolina Alonso Romei<\/p>\n\n\n\n<p>Internacionalista <\/p>\n\n\n\n<p>En la publicaci\u00f3n, acompa\u00f1ada de las palabras \u201cverdad\u201d y \u201cjusticia\u201d, la Casa Blanca describi\u00f3 al presidente de Estados Unidos como un \u201cs\u00edmbolo de esperanza\u201d<\/p>\n\n\n\n<p>El d\u00eda de ayer, en la v\u00edspera del estreno de la nueva pel\u00edcula de Superman protagonizada por David Corenswet, la Casa Blanca public\u00f3 en su cuenta de Instagram una fotograf\u00eda del presidente estadounidense, Donald Trump, caracterizado como el m\u00edtico superh\u00e9roe de DC Comics.<\/p>\n\n\n\n<p>El post est\u00e1 acompa\u00f1ado de las palabras &#8216;Truth&#8217; (Verdad), &#8216;Justice&#8217; (Justicia) y la frase &#8216;The American Way&#8217; (A la manera estadounidense) .<\/p>\n\n\n\n<figure class=\"wp-block-embed is-type-rich is-provider-twitter wp-block-embed-twitter\"><div class=\"wp-block-embed__wrapper\">\n<blockquote class=\"twitter-tweet\" data-width=\"550\" data-dnt=\"true\"><p lang=\"en\" dir=\"ltr\">THE SYMBOL OF HOPE.<br><br>TRUTH. JUSTICE. THE AMERICAN WAY.<br><br>SUPERMAN TRUMP. \ud83c\uddfa\ud83c\uddf8 <a href=\"https:\/\/t.co\/fwFWeYonAq\">pic.twitter.com\/fwFWeYonAq<\/a><\/p>&mdash; The White House (@WhiteHouse) <a href=\"https:\/\/twitter.com\/WhiteHouse\/status\/1943493150644777199?ref_src=twsrc%5Etfw\">July 11, 2025<\/a><\/blockquote><script async src=\"https:\/\/platform.twitter.com\/widgets.js\" charset=\"utf-8\"><\/script>\n<\/div><\/figure>\n\n\n\n<p><mark><strong>La publicaci\u00f3n, que acumula m\u00e1s de 55 mil &#8216;me gusta&#8217; y 10 mil comentarios, muestra a Trump ataviado con el disfraz del superh\u00e9roe y una descripci\u00f3n que dice &#8216;THE SYMBOL OF HOPE&#8217; (El s\u00edmbolo de la esperanza).<\/strong><\/mark>&nbsp;Esta no es la primera vez que se realiza un anuncio de este tipo.<\/p>\n\n\n\n<p><strong>El pasado 2 de mayo, antes del c\u00f3nclave que eligi\u00f3 a Le\u00f3n XIV como sumo pont\u00edfice de la Iglesia Cat\u00f3lica, Trump public\u00f3 en su cuenta de la red Truth Social una imagen suya vestido como papa.<\/strong><\/p>\n\n\n\n<p>La ilustraci\u00f3n, hecha con la ayuda de la inteligencia artificial (IA) y lo presentaba con sotana blanca, mitra, cruz dorada y parec\u00eda estar por dar una bendici\u00f3n, ya que ten\u00eda el brazo derecho inclinado a la altura del hombro y con el dedo \u00edndice levantado.<\/p>\n\n\n\n<p><strong>&#8220;Me gustar\u00eda ser papa. Esa ser\u00eda mi opci\u00f3n n\u00famero uno. Creo que ser\u00eda un gran papa. Nadie lo har\u00eda mejor que yo&#8221;,<\/strong>&nbsp;dijo en ese momento el mandatario estadounidense.<\/p>\n\n\n\n<p>La publicaci\u00f3n sale justo un d\u00eda antes del estreno de la m\u00e1s reciente pel\u00edcula del superh\u00e9roe de DC Comics, protagonizada por David Corenswet, que interpreta a &#8216;Superman&#8217; y Rachel Brosnahan que da vida a Lois Lane.<\/p>\n\n\n\n<p>Con informaci\u00f3n de EFE<\/p>\n","protected":false},"excerpt":{"rendered":"<p>Por Carolina Alonso Romei Internacionalista En la publicaci\u00f3n, acompa\u00f1ada de las palabras \u201cverdad\u201d y \u201cjusticia\u201d,&#8230;<\/p>\n","protected":false},"author":2,"featured_media":117674,"comment_status":"open","ping_status":"open","sticky":false,"template":"","format":"standard","meta":{"_monsterinsights_skip_tracking":false,"_monsterinsights_sitenote_active":false,"_monsterinsights_sitenote_note":"","_monsterinsights_sitenote_category":0,"footnotes":""},"categories":[1],"tags":[],"class_list":["post-117673","post","type-post","status-publish","format-standard","has-post-thumbnail","hentry","category-sin-categoria"],"yoast_head":"<!-- This site is optimized with the Yoast SEO plugin v27.3 - https:\/\/yoast.com\/product\/yoast-seo-wordpress\/ -->\n<title>El Quehacer Pol\u00edtico a trav\u00e9s de la opini\u00f3n\/\/\/Carolina Alonso Romei\/\/\/Casa Blanca publica imagen de Trump como Superman -<\/title>\n<meta name=\"robots\" content=\"index, follow, max-snippet:-1, max-image-preview:large, max-video-preview:-1\" \/>\n<link rel=\"canonical\" href=\"https:\/\/quehacerpolitico.mx\/?p=117673\" \/>\n<meta property=\"og:locale\" content=\"es_MX\" \/>\n<meta property=\"og:type\" content=\"article\" \/>\n<meta property=\"og:title\" content=\"El Quehacer Pol\u00edtico a trav\u00e9s de la opini\u00f3n\/\/\/Carolina Alonso Romei\/\/\/Casa Blanca publica imagen de Trump como Superman -\" \/>\n<meta property=\"og:description\" content=\"Por Carolina Alonso Romei Internacionalista En la publicaci\u00f3n, acompa\u00f1ada de las palabras \u201cverdad\u201d y \u201cjusticia\u201d,...\" \/>\n<meta property=\"og:url\" content=\"https:\/\/quehacerpolitico.mx\/?p=117673\" \/>\n<meta property=\"article:published_time\" content=\"2025-07-12T00:30:22+00:00\" \/>\n<meta property=\"article:modified_time\" content=\"2025-07-12T00:30:24+00:00\" \/>\n<meta property=\"og:image\" content=\"https:\/\/quehacerpolitico.mx\/wp-content\/uploads\/2025\/07\/03fa6135-c3fe-44b7-8e96-c6ca323ffebb-5.jpeg\" \/>\n\t<meta property=\"og:image:width\" content=\"963\" \/>\n\t<meta property=\"og:image:height\" content=\"493\" \/>\n\t<meta property=\"og:image:type\" content=\"image\/jpeg\" \/>\n<meta name=\"author\" content=\"Redacci\u00f3n QP\" \/>\n<meta name=\"twitter:card\" content=\"summary_large_image\" \/>\n<meta name=\"twitter:label1\" content=\"Escrito por\" \/>\n\t<meta name=\"twitter:data1\" content=\"Redacci\u00f3n QP\" \/>\n\t<meta name=\"twitter:label2\" content=\"Tiempo de lectura\" \/>\n\t<meta name=\"twitter:data2\" content=\"2 minutos\" \/>\n<script type=\"application\/ld+json\" class=\"yoast-schema-graph\">{\"@context\":\"https:\\\/\\\/schema.org\",\"@graph\":[{\"@type\":\"Article\",\"@id\":\"https:\\\/\\\/quehacerpolitico.mx\\\/?p=117673#article\",\"isPartOf\":{\"@id\":\"https:\\\/\\\/quehacerpolitico.mx\\\/?p=117673\"},\"author\":{\"name\":\"Redacci\u00f3n QP\",\"@id\":\"https:\\\/\\\/quehacerpolitico.mx\\\/#\\\/schema\\\/person\\\/496d8ad2d1d3f8036101dca7ee39e585\"},\"headline\":\"El Quehacer Pol\u00edtico a trav\u00e9s de la opini\u00f3n\\\/\\\/\\\/Carolina Alonso Romei\\\/\\\/\\\/Casa Blanca publica imagen de Trump como Superman\",\"datePublished\":\"2025-07-12T00:30:22+00:00\",\"dateModified\":\"2025-07-12T00:30:24+00:00\",\"mainEntityOfPage\":{\"@id\":\"https:\\\/\\\/quehacerpolitico.mx\\\/?p=117673\"},\"wordCount\":356,\"commentCount\":0,\"image\":{\"@id\":\"https:\\\/\\\/quehacerpolitico.mx\\\/?p=117673#primaryimage\"},\"thumbnailUrl\":\"https:\\\/\\\/quehacerpolitico.mx\\\/wp-content\\\/uploads\\\/2025\\\/07\\\/03fa6135-c3fe-44b7-8e96-c6ca323ffebb-5.jpeg\",\"articleSection\":[\"Internacionales\"],\"inLanguage\":\"es\",\"potentialAction\":[{\"@type\":\"CommentAction\",\"name\":\"Comment\",\"target\":[\"https:\\\/\\\/quehacerpolitico.mx\\\/?p=117673#respond\"]}]},{\"@type\":\"WebPage\",\"@id\":\"https:\\\/\\\/quehacerpolitico.mx\\\/?p=117673\",\"url\":\"https:\\\/\\\/quehacerpolitico.mx\\\/?p=117673\",\"name\":\"El Quehacer Pol\u00edtico a trav\u00e9s de la opini\u00f3n\\\/\\\/\\\/Carolina Alonso Romei\\\/\\\/\\\/Casa Blanca publica imagen de Trump como Superman -\",\"isPartOf\":{\"@id\":\"https:\\\/\\\/quehacerpolitico.mx\\\/#website\"},\"primaryImageOfPage\":{\"@id\":\"https:\\\/\\\/quehacerpolitico.mx\\\/?p=117673#primaryimage\"},\"image\":{\"@id\":\"https:\\\/\\\/quehacerpolitico.mx\\\/?p=117673#primaryimage\"},\"thumbnailUrl\":\"https:\\\/\\\/quehacerpolitico.mx\\\/wp-content\\\/uploads\\\/2025\\\/07\\\/03fa6135-c3fe-44b7-8e96-c6ca323ffebb-5.jpeg\",\"datePublished\":\"2025-07-12T00:30:22+00:00\",\"dateModified\":\"2025-07-12T00:30:24+00:00\",\"author\":{\"@id\":\"https:\\\/\\\/quehacerpolitico.mx\\\/#\\\/schema\\\/person\\\/496d8ad2d1d3f8036101dca7ee39e585\"},\"breadcrumb\":{\"@id\":\"https:\\\/\\\/quehacerpolitico.mx\\\/?p=117673#breadcrumb\"},\"inLanguage\":\"es\",\"potentialAction\":[{\"@type\":\"ReadAction\",\"target\":[\"https:\\\/\\\/quehacerpolitico.mx\\\/?p=117673\"]}]},{\"@type\":\"ImageObject\",\"inLanguage\":\"es\",\"@id\":\"https:\\\/\\\/quehacerpolitico.mx\\\/?p=117673#primaryimage\",\"url\":\"https:\\\/\\\/quehacerpolitico.mx\\\/wp-content\\\/uploads\\\/2025\\\/07\\\/03fa6135-c3fe-44b7-8e96-c6ca323ffebb-5.jpeg\",\"contentUrl\":\"https:\\\/\\\/quehacerpolitico.mx\\\/wp-content\\\/uploads\\\/2025\\\/07\\\/03fa6135-c3fe-44b7-8e96-c6ca323ffebb-5.jpeg\",\"width\":963,\"height\":493},{\"@type\":\"BreadcrumbList\",\"@id\":\"https:\\\/\\\/quehacerpolitico.mx\\\/?p=117673#breadcrumb\",\"itemListElement\":[{\"@type\":\"ListItem\",\"position\":1,\"name\":\"Inicio\",\"item\":\"https:\\\/\\\/quehacerpolitico.mx\\\/\"},{\"@type\":\"ListItem\",\"position\":2,\"name\":\"El Quehacer Pol\u00edtico a trav\u00e9s de la opini\u00f3n\\\/\\\/\\\/Carolina Alonso Romei\\\/\\\/\\\/Casa Blanca publica imagen de Trump como Superman\"}]},{\"@type\":\"WebSite\",\"@id\":\"https:\\\/\\\/quehacerpolitico.mx\\\/#website\",\"url\":\"https:\\\/\\\/quehacerpolitico.mx\\\/\",\"name\":\"\",\"description\":\"\",\"potentialAction\":[{\"@type\":\"SearchAction\",\"target\":{\"@type\":\"EntryPoint\",\"urlTemplate\":\"https:\\\/\\\/quehacerpolitico.mx\\\/?s={search_term_string}\"},\"query-input\":{\"@type\":\"PropertyValueSpecification\",\"valueRequired\":true,\"valueName\":\"search_term_string\"}}],\"inLanguage\":\"es\"},{\"@type\":\"Person\",\"@id\":\"https:\\\/\\\/quehacerpolitico.mx\\\/#\\\/schema\\\/person\\\/496d8ad2d1d3f8036101dca7ee39e585\",\"name\":\"Redacci\u00f3n QP\",\"image\":{\"@type\":\"ImageObject\",\"inLanguage\":\"es\",\"@id\":\"https:\\\/\\\/secure.gravatar.com\\\/avatar\\\/c7164ed6fdec453195284ad24a5ae5b6e1eed2b848477fa2a4787ba9adf39a41?s=96&d=mm&r=g\",\"url\":\"https:\\\/\\\/secure.gravatar.com\\\/avatar\\\/c7164ed6fdec453195284ad24a5ae5b6e1eed2b848477fa2a4787ba9adf39a41?s=96&d=mm&r=g\",\"contentUrl\":\"https:\\\/\\\/secure.gravatar.com\\\/avatar\\\/c7164ed6fdec453195284ad24a5ae5b6e1eed2b848477fa2a4787ba9adf39a41?s=96&d=mm&r=g\",\"caption\":\"Redacci\u00f3n QP\"},\"url\":\"https:\\\/\\\/quehacerpolitico.mx\\\/?author=2\"}]}<\/script>\n<!-- \/ Yoast SEO plugin. -->","yoast_head_json":{"title":"El Quehacer Pol\u00edtico a trav\u00e9s de la opini\u00f3n\/\/\/Carolina Alonso Romei\/\/\/Casa Blanca publica imagen de Trump como Superman -","robots":{"index":"index","follow":"follow","max-snippet":"max-snippet:-1","max-image-preview":"max-image-preview:large","max-video-preview":"max-video-preview:-1"},"canonical":"https:\/\/quehacerpolitico.mx\/?p=117673","og_locale":"es_MX","og_type":"article","og_title":"El Quehacer Pol\u00edtico a trav\u00e9s de la opini\u00f3n\/\/\/Carolina Alonso Romei\/\/\/Casa Blanca publica imagen de Trump como Superman -","og_description":"Por Carolina Alonso Romei Internacionalista En la publicaci\u00f3n, acompa\u00f1ada de las palabras \u201cverdad\u201d y \u201cjusticia\u201d,...","og_url":"https:\/\/quehacerpolitico.mx\/?p=117673","article_published_time":"2025-07-12T00:30:22+00:00","article_modified_time":"2025-07-12T00:30:24+00:00","og_image":[{"width":963,"height":493,"url":"https:\/\/quehacerpolitico.mx\/wp-content\/uploads\/2025\/07\/03fa6135-c3fe-44b7-8e96-c6ca323ffebb-5.jpeg","type":"image\/jpeg"}],"author":"Redacci\u00f3n QP","twitter_card":"summary_large_image","twitter_misc":{"Escrito por":"Redacci\u00f3n QP","Tiempo de lectura":"2 minutos"},"schema":{"@context":"https:\/\/schema.org","@graph":[{"@type":"Article","@id":"https:\/\/quehacerpolitico.mx\/?p=117673#article","isPartOf":{"@id":"https:\/\/quehacerpolitico.mx\/?p=117673"},"author":{"name":"Redacci\u00f3n QP","@id":"https:\/\/quehacerpolitico.mx\/#\/schema\/person\/496d8ad2d1d3f8036101dca7ee39e585"},"headline":"El Quehacer Pol\u00edtico a trav\u00e9s de la opini\u00f3n\/\/\/Carolina Alonso Romei\/\/\/Casa Blanca publica imagen de Trump como Superman","datePublished":"2025-07-12T00:30:22+00:00","dateModified":"2025-07-12T00:30:24+00:00","mainEntityOfPage":{"@id":"https:\/\/quehacerpolitico.mx\/?p=117673"},"wordCount":356,"commentCount":0,"image":{"@id":"https:\/\/quehacerpolitico.mx\/?p=117673#primaryimage"},"thumbnailUrl":"https:\/\/quehacerpolitico.mx\/wp-content\/uploads\/2025\/07\/03fa6135-c3fe-44b7-8e96-c6ca323ffebb-5.jpeg","articleSection":["Internacionales"],"inLanguage":"es","potentialAction":[{"@type":"CommentAction","name":"Comment","target":["https:\/\/quehacerpolitico.mx\/?p=117673#respond"]}]},{"@type":"WebPage","@id":"https:\/\/quehacerpolitico.mx\/?p=117673","url":"https:\/\/quehacerpolitico.mx\/?p=117673","name":"El Quehacer Pol\u00edtico a trav\u00e9s de la opini\u00f3n\/\/\/Carolina Alonso Romei\/\/\/Casa Blanca publica imagen de Trump como Superman -","isPartOf":{"@id":"https:\/\/quehacerpolitico.mx\/#website"},"primaryImageOfPage":{"@id":"https:\/\/quehacerpolitico.mx\/?p=117673#primaryimage"},"image":{"@id":"https:\/\/quehacerpolitico.mx\/?p=117673#primaryimage"},"thumbnailUrl":"https:\/\/quehacerpolitico.mx\/wp-content\/uploads\/2025\/07\/03fa6135-c3fe-44b7-8e96-c6ca323ffebb-5.jpeg","datePublished":"2025-07-12T00:30:22+00:00","dateModified":"2025-07-12T00:30:24+00:00","author":{"@id":"https:\/\/quehacerpolitico.mx\/#\/schema\/person\/496d8ad2d1d3f8036101dca7ee39e585"},"breadcrumb":{"@id":"https:\/\/quehacerpolitico.mx\/?p=117673#breadcrumb"},"inLanguage":"es","potentialAction":[{"@type":"ReadAction","target":["https:\/\/quehacerpolitico.mx\/?p=117673"]}]},{"@type":"ImageObject","inLanguage":"es","@id":"https:\/\/quehacerpolitico.mx\/?p=117673#primaryimage","url":"https:\/\/quehacerpolitico.mx\/wp-content\/uploads\/2025\/07\/03fa6135-c3fe-44b7-8e96-c6ca323ffebb-5.jpeg","contentUrl":"https:\/\/quehacerpolitico.mx\/wp-content\/uploads\/2025\/07\/03fa6135-c3fe-44b7-8e96-c6ca323ffebb-5.jpeg","width":963,"height":493},{"@type":"BreadcrumbList","@id":"https:\/\/quehacerpolitico.mx\/?p=117673#breadcrumb","itemListElement":[{"@type":"ListItem","position":1,"name":"Inicio","item":"https:\/\/quehacerpolitico.mx\/"},{"@type":"ListItem","position":2,"name":"El Quehacer Pol\u00edtico a trav\u00e9s de la opini\u00f3n\/\/\/Carolina Alonso Romei\/\/\/Casa Blanca publica imagen de Trump como Superman"}]},{"@type":"WebSite","@id":"https:\/\/quehacerpolitico.mx\/#website","url":"https:\/\/quehacerpolitico.mx\/","name":"","description":"","potentialAction":[{"@type":"SearchAction","target":{"@type":"EntryPoint","urlTemplate":"https:\/\/quehacerpolitico.mx\/?s={search_term_string}"},"query-input":{"@type":"PropertyValueSpecification","valueRequired":true,"valueName":"search_term_string"}}],"inLanguage":"es"},{"@type":"Person","@id":"https:\/\/quehacerpolitico.mx\/#\/schema\/person\/496d8ad2d1d3f8036101dca7ee39e585","name":"Redacci\u00f3n QP","image":{"@type":"ImageObject","inLanguage":"es","@id":"https:\/\/secure.gravatar.com\/avatar\/c7164ed6fdec453195284ad24a5ae5b6e1eed2b848477fa2a4787ba9adf39a41?s=96&d=mm&r=g","url":"https:\/\/secure.gravatar.com\/avatar\/c7164ed6fdec453195284ad24a5ae5b6e1eed2b848477fa2a4787ba9adf39a41?s=96&d=mm&r=g","contentUrl":"https:\/\/secure.gravatar.com\/avatar\/c7164ed6fdec453195284ad24a5ae5b6e1eed2b848477fa2a4787ba9adf39a41?s=96&d=mm&r=g","caption":"Redacci\u00f3n QP"},"url":"https:\/\/quehacerpolitico.mx\/?author=2"}]}},"featured_image_urls":{"full":["https:\/\/quehacerpolitico.mx\/wp-content\/uploads\/2025\/07\/03fa6135-c3fe-44b7-8e96-c6ca323ffebb-5.jpeg",963,493,false],"thumbnail":["https:\/\/quehacerpolitico.mx\/wp-content\/uploads\/2025\/07\/03fa6135-c3fe-44b7-8e96-c6ca323ffebb-5-150x150.jpeg",150,150,true],"medium":["https:\/\/quehacerpolitico.mx\/wp-content\/uploads\/2025\/07\/03fa6135-c3fe-44b7-8e96-c6ca323ffebb-5-300x154.jpeg",300,154,true],"medium_large":["https:\/\/quehacerpolitico.mx\/wp-content\/uploads\/2025\/07\/03fa6135-c3fe-44b7-8e96-c6ca323ffebb-5-768x393.jpeg",640,328,true],"large":["https:\/\/quehacerpolitico.mx\/wp-content\/uploads\/2025\/07\/03fa6135-c3fe-44b7-8e96-c6ca323ffebb-5.jpeg",640,328,false],"1536x1536":["https:\/\/quehacerpolitico.mx\/wp-content\/uploads\/2025\/07\/03fa6135-c3fe-44b7-8e96-c6ca323ffebb-5.jpeg",963,493,false],"2048x2048":["https:\/\/quehacerpolitico.mx\/wp-content\/uploads\/2025\/07\/03fa6135-c3fe-44b7-8e96-c6ca323ffebb-5.jpeg",963,493,false],"covernews-featured":["https:\/\/quehacerpolitico.mx\/wp-content\/uploads\/2025\/07\/03fa6135-c3fe-44b7-8e96-c6ca323ffebb-5.jpeg",963,493,false],"covernews-medium":["https:\/\/quehacerpolitico.mx\/wp-content\/uploads\/2025\/07\/03fa6135-c3fe-44b7-8e96-c6ca323ffebb-5-540x340.jpeg",540,340,true]},"author_info":{"display_name":"Redacci\u00f3n QP","author_link":"https:\/\/quehacerpolitico.mx\/?author=2"},"category_info":"<a href=\"https:\/\/quehacerpolitico.mx\/?cat=1\" rel=\"category\">Internacionales<\/a>","tag_info":"Internacionales","comment_count":"0","_links":{"self":[{"href":"https:\/\/quehacerpolitico.mx\/index.php?rest_route=\/wp\/v2\/posts\/117673","targetHints":{"allow":["GET"]}}],"collection":[{"href":"https:\/\/quehacerpolitico.mx\/index.php?rest_route=\/wp\/v2\/posts"}],"about":[{"href":"https:\/\/quehacerpolitico.mx\/index.php?rest_route=\/wp\/v2\/types\/post"}],"author":[{"embeddable":true,"href":"https:\/\/quehacerpolitico.mx\/index.php?rest_route=\/wp\/v2\/users\/2"}],"replies":[{"embeddable":true,"href":"https:\/\/quehacerpolitico.mx\/index.php?rest_route=%2Fwp%2Fv2%2Fcomments&post=117673"}],"version-history":[{"count":1,"href":"https:\/\/quehacerpolitico.mx\/index.php?rest_route=\/wp\/v2\/posts\/117673\/revisions"}],"predecessor-version":[{"id":117675,"href":"https:\/\/quehacerpolitico.mx\/index.php?rest_route=\/wp\/v2\/posts\/117673\/revisions\/117675"}],"wp:featuredmedia":[{"embeddable":true,"href":"https:\/\/quehacerpolitico.mx\/index.php?rest_route=\/wp\/v2\/media\/117674"}],"wp:attachment":[{"href":"https:\/\/quehacerpolitico.mx\/index.php?rest_route=%2Fwp%2Fv2%2Fmedia&parent=117673"}],"wp:term":[{"taxonomy":"category","embeddable":true,"href":"https:\/\/quehacerpolitico.mx\/index.php?rest_route=%2Fwp%2Fv2%2Fcategories&post=117673"},{"taxonomy":"post_tag","embeddable":true,"href":"https:\/\/quehacerpolitico.mx\/index.php?rest_route=%2Fwp%2Fv2%2Ftags&post=117673"}],"curies":[{"name":"wp","href":"https:\/\/api.w.org\/{rel}","templated":true}]}}