{"id":117670,"date":"2025-07-11T17:57:57","date_gmt":"2025-07-11T23:57:57","guid":{"rendered":"https:\/\/quehacerpolitico.mx\/?p=117670"},"modified":"2025-07-11T17:58:00","modified_gmt":"2025-07-11T23:58:00","slug":"fgr-rechaza-descalificaciones-injustas-tras-admision-de-culpabilidad-de-ovidio-guzman-en-eu","status":"publish","type":"post","link":"https:\/\/quehacerpolitico.mx\/?p=117670","title":{"rendered":"FGR rechaza &#8216;descalificaciones injustas&#8217; tras admisi\u00f3n de culpabilidad de Ovidio Guzm\u00e1n en EU"},"content":{"rendered":"\n<p>Por Redacci\u00f3n QP<\/p>\n\n\n\n<p>La FGR recalc\u00f3 que los avances en este caso son resultado directo del trabajo conjunto de las autoridades mexicanas, desde la obtenci\u00f3n de \u00f3rdenes de aprehensi\u00f3n hasta la ejecuci\u00f3n de la extradici\u00f3n<\/p>\n\n\n\n<p><mark><strong>La Fiscal\u00eda General de la Rep\u00fablica (FGR) emiti\u00f3 un posicionamiento firme en el que rechaza categ\u00f3ricamente las descalificaciones que han surgido en torno al caso de Ovidio Guzm\u00e1n L\u00f3pez,&nbsp;<\/strong><\/mark>calific\u00e1ndolas como infundadas, irresponsables y motivadas por intereses medi\u00e1ticos.<\/p>\n\n\n\n<p><strong>La dependencia subray\u00f3 a trav\u00e9s de un comunicado que se encuentra abierta a recibir cualquier denuncia relacionada, tanto en M\u00e9xico como en Estados Unidos, a trav\u00e9s de los consulados y la Embajada de M\u00e9xico,<\/strong>record\u00f3 que la ley obliga a presentar denuncias formales acompa\u00f1adas de pruebas, y advirti\u00f3 que omitir esta responsabilidad tambi\u00e9n constituye una infracci\u00f3n legal.<\/p>\n\n\n\n<figure class=\"wp-block-embed is-type-rich is-provider-twitter wp-block-embed-twitter\"><div class=\"wp-block-embed__wrapper\">\n<blockquote class=\"twitter-tweet\" data-width=\"550\" data-dnt=\"true\"><p lang=\"es\" dir=\"ltr\"><a href=\"https:\/\/twitter.com\/hashtag\/FGRInforma?src=hash&amp;ref_src=twsrc%5Etfw\">#FGRInforma<\/a> | Con relaci\u00f3n a las declaraciones hechas hoy en torno a la audiencia jur\u00eddica de Ovidio \u201cG\u201d en una Corte de Illinois, la <a href=\"https:\/\/twitter.com\/hashtag\/FGR?src=hash&amp;ref_src=twsrc%5Etfw\">#FGR<\/a> rechaza de manera absoluta y contundente, descalificaciones injustas e irresponsables, sin aportar pruebas. Todo ello en busca de un\u2026 <a href=\"https:\/\/t.co\/8S4KhrZVZh\">pic.twitter.com\/8S4KhrZVZh<\/a><\/p>&mdash; FGR M\u00e9xico (@FGRMexico) <a href=\"https:\/\/twitter.com\/FGRMexico\/status\/1943799866397753688?ref_src=twsrc%5Etfw\">July 11, 2025<\/a><\/blockquote><script async src=\"https:\/\/platform.twitter.com\/widgets.js\" charset=\"utf-8\"><\/script>\n<\/div><\/figure>\n\n\n\n<p><mark><strong>El pronunciamiento surge luego de que Ovidio Guzm\u00e1n, hijo de Joaqu\u00edn &#8220;El Chapo&#8221; Guzm\u00e1n, se declarara culpable este jueves en una corte del estado de Illinois, en Estados Unidos,&nbsp;<\/strong><\/mark>el exl\u00edder del grupo criminal \u201cLos Menores\u201d \u2014ligado al C\u00e1rtel de Sinaloa\u2014 fue extraditado en septiembre de 2023, tras ser detenido en un operativo de las fuerzas especiales del Ej\u00e9rcito Mexicano en el que fallecieron diez elementos castrenses.<\/p>\n\n\n\n<p>Ya en territorio estadounidense, Guzm\u00e1n L\u00f3pez acept\u00f3 su culpabilidad en cargos de narcotr\u00e1fico y delincuencia organizada, y acord\u00f3 colaborar como testigo en procesos judiciales contra otros integrantes del crimen organizado. La Fiscal\u00eda estadounidense ha propuesto una sentencia de cadena perpetua y una multa cercana a los 80 millones de d\u00f3lares.<\/p>\n\n\n\n<p>Finalmente,<mark><strong>&nbsp;la FGR recalc\u00f3 que los avances en este caso son resultado directo del trabajo conjunto de las autoridades mexicanas, desde la obtenci\u00f3n de \u00f3rdenes de aprehensi\u00f3n hasta la ejecuci\u00f3n de la extradici\u00f3n,<\/strong><\/mark>&nbsp;lo cual \u2014afirm\u00f3\u2014 demuestra el compromiso del Estado mexicano con la legalidad.<\/p>\n\n\n\n<p>Al t\u00e9rmino de la audiencia en la que Ovidio Guzm\u00e1n L\u00f3pez acept\u00f3 su culpabilidad por cuatro delitos, su abogado subray\u00f3 que el Gobierno de M\u00e9xico no particip\u00f3 en el acuerdo alcanzado entre su cliente y las autoridades de Estados Unidos.<\/p>\n","protected":false},"excerpt":{"rendered":"<p>Por Redacci\u00f3n QP La FGR recalc\u00f3 que los avances en este caso son resultado directo&#8230;<\/p>\n","protected":false},"author":2,"featured_media":117671,"comment_status":"open","ping_status":"open","sticky":false,"template":"","format":"standard","meta":{"_monsterinsights_skip_tracking":false,"_monsterinsights_sitenote_active":false,"_monsterinsights_sitenote_note":"","_monsterinsights_sitenote_category":0,"footnotes":""},"categories":[280,2],"tags":[],"class_list":["post-117670","post","type-post","status-publish","format-standard","has-post-thumbnail","hentry","category-nacionales","category-noticias"],"yoast_head":"<!-- This site is optimized with the Yoast SEO plugin v27.3 - https:\/\/yoast.com\/product\/yoast-seo-wordpress\/ -->\n<title>FGR rechaza &#039;descalificaciones injustas&#039; tras admisi\u00f3n de culpabilidad de Ovidio Guzm\u00e1n en EU -<\/title>\n<meta name=\"robots\" content=\"index, follow, max-snippet:-1, max-image-preview:large, max-video-preview:-1\" \/>\n<link rel=\"canonical\" href=\"https:\/\/quehacerpolitico.mx\/?p=117670\" \/>\n<meta property=\"og:locale\" content=\"es_MX\" \/>\n<meta property=\"og:type\" content=\"article\" \/>\n<meta property=\"og:title\" content=\"FGR rechaza &#039;descalificaciones injustas&#039; tras admisi\u00f3n de culpabilidad de Ovidio Guzm\u00e1n en EU -\" \/>\n<meta property=\"og:description\" content=\"Por Redacci\u00f3n QP La FGR recalc\u00f3 que los avances en este caso son resultado directo...\" \/>\n<meta property=\"og:url\" content=\"https:\/\/quehacerpolitico.mx\/?p=117670\" \/>\n<meta property=\"article:published_time\" content=\"2025-07-11T23:57:57+00:00\" \/>\n<meta property=\"article:modified_time\" content=\"2025-07-11T23:58:00+00:00\" \/>\n<meta property=\"og:image\" content=\"https:\/\/quehacerpolitico.mx\/wp-content\/uploads\/2025\/07\/IMG_1686.jpeg\" \/>\n\t<meta property=\"og:image:width\" content=\"400\" \/>\n\t<meta property=\"og:image:height\" content=\"225\" \/>\n\t<meta property=\"og:image:type\" content=\"image\/jpeg\" \/>\n<meta name=\"author\" content=\"Redacci\u00f3n QP\" \/>\n<meta name=\"twitter:card\" content=\"summary_large_image\" \/>\n<meta name=\"twitter:label1\" content=\"Escrito por\" \/>\n\t<meta name=\"twitter:data1\" content=\"Redacci\u00f3n QP\" \/>\n\t<meta name=\"twitter:label2\" content=\"Tiempo de lectura\" \/>\n\t<meta name=\"twitter:data2\" content=\"2 minutos\" \/>\n<script type=\"application\/ld+json\" class=\"yoast-schema-graph\">{\"@context\":\"https:\\\/\\\/schema.org\",\"@graph\":[{\"@type\":\"Article\",\"@id\":\"https:\\\/\\\/quehacerpolitico.mx\\\/?p=117670#article\",\"isPartOf\":{\"@id\":\"https:\\\/\\\/quehacerpolitico.mx\\\/?p=117670\"},\"author\":{\"name\":\"Redacci\u00f3n QP\",\"@id\":\"https:\\\/\\\/quehacerpolitico.mx\\\/#\\\/schema\\\/person\\\/496d8ad2d1d3f8036101dca7ee39e585\"},\"headline\":\"FGR rechaza &#8216;descalificaciones injustas&#8217; tras admisi\u00f3n de culpabilidad de Ovidio Guzm\u00e1n en EU\",\"datePublished\":\"2025-07-11T23:57:57+00:00\",\"dateModified\":\"2025-07-11T23:58:00+00:00\",\"mainEntityOfPage\":{\"@id\":\"https:\\\/\\\/quehacerpolitico.mx\\\/?p=117670\"},\"wordCount\":393,\"commentCount\":0,\"image\":{\"@id\":\"https:\\\/\\\/quehacerpolitico.mx\\\/?p=117670#primaryimage\"},\"thumbnailUrl\":\"https:\\\/\\\/quehacerpolitico.mx\\\/wp-content\\\/uploads\\\/2025\\\/07\\\/IMG_1686.jpeg\",\"articleSection\":[\"Nacionales\",\"Noticias\"],\"inLanguage\":\"es\",\"potentialAction\":[{\"@type\":\"CommentAction\",\"name\":\"Comment\",\"target\":[\"https:\\\/\\\/quehacerpolitico.mx\\\/?p=117670#respond\"]}]},{\"@type\":\"WebPage\",\"@id\":\"https:\\\/\\\/quehacerpolitico.mx\\\/?p=117670\",\"url\":\"https:\\\/\\\/quehacerpolitico.mx\\\/?p=117670\",\"name\":\"FGR rechaza 'descalificaciones injustas' tras admisi\u00f3n de culpabilidad de Ovidio Guzm\u00e1n en EU -\",\"isPartOf\":{\"@id\":\"https:\\\/\\\/quehacerpolitico.mx\\\/#website\"},\"primaryImageOfPage\":{\"@id\":\"https:\\\/\\\/quehacerpolitico.mx\\\/?p=117670#primaryimage\"},\"image\":{\"@id\":\"https:\\\/\\\/quehacerpolitico.mx\\\/?p=117670#primaryimage\"},\"thumbnailUrl\":\"https:\\\/\\\/quehacerpolitico.mx\\\/wp-content\\\/uploads\\\/2025\\\/07\\\/IMG_1686.jpeg\",\"datePublished\":\"2025-07-11T23:57:57+00:00\",\"dateModified\":\"2025-07-11T23:58:00+00:00\",\"author\":{\"@id\":\"https:\\\/\\\/quehacerpolitico.mx\\\/#\\\/schema\\\/person\\\/496d8ad2d1d3f8036101dca7ee39e585\"},\"breadcrumb\":{\"@id\":\"https:\\\/\\\/quehacerpolitico.mx\\\/?p=117670#breadcrumb\"},\"inLanguage\":\"es\",\"potentialAction\":[{\"@type\":\"ReadAction\",\"target\":[\"https:\\\/\\\/quehacerpolitico.mx\\\/?p=117670\"]}]},{\"@type\":\"ImageObject\",\"inLanguage\":\"es\",\"@id\":\"https:\\\/\\\/quehacerpolitico.mx\\\/?p=117670#primaryimage\",\"url\":\"https:\\\/\\\/quehacerpolitico.mx\\\/wp-content\\\/uploads\\\/2025\\\/07\\\/IMG_1686.jpeg\",\"contentUrl\":\"https:\\\/\\\/quehacerpolitico.mx\\\/wp-content\\\/uploads\\\/2025\\\/07\\\/IMG_1686.jpeg\",\"width\":400,\"height\":225},{\"@type\":\"BreadcrumbList\",\"@id\":\"https:\\\/\\\/quehacerpolitico.mx\\\/?p=117670#breadcrumb\",\"itemListElement\":[{\"@type\":\"ListItem\",\"position\":1,\"name\":\"Inicio\",\"item\":\"https:\\\/\\\/quehacerpolitico.mx\\\/\"},{\"@type\":\"ListItem\",\"position\":2,\"name\":\"FGR rechaza &#8216;descalificaciones injustas&#8217; tras admisi\u00f3n de culpabilidad de Ovidio Guzm\u00e1n en EU\"}]},{\"@type\":\"WebSite\",\"@id\":\"https:\\\/\\\/quehacerpolitico.mx\\\/#website\",\"url\":\"https:\\\/\\\/quehacerpolitico.mx\\\/\",\"name\":\"\",\"description\":\"\",\"potentialAction\":[{\"@type\":\"SearchAction\",\"target\":{\"@type\":\"EntryPoint\",\"urlTemplate\":\"https:\\\/\\\/quehacerpolitico.mx\\\/?s={search_term_string}\"},\"query-input\":{\"@type\":\"PropertyValueSpecification\",\"valueRequired\":true,\"valueName\":\"search_term_string\"}}],\"inLanguage\":\"es\"},{\"@type\":\"Person\",\"@id\":\"https:\\\/\\\/quehacerpolitico.mx\\\/#\\\/schema\\\/person\\\/496d8ad2d1d3f8036101dca7ee39e585\",\"name\":\"Redacci\u00f3n QP\",\"image\":{\"@type\":\"ImageObject\",\"inLanguage\":\"es\",\"@id\":\"https:\\\/\\\/secure.gravatar.com\\\/avatar\\\/c7164ed6fdec453195284ad24a5ae5b6e1eed2b848477fa2a4787ba9adf39a41?s=96&d=mm&r=g\",\"url\":\"https:\\\/\\\/secure.gravatar.com\\\/avatar\\\/c7164ed6fdec453195284ad24a5ae5b6e1eed2b848477fa2a4787ba9adf39a41?s=96&d=mm&r=g\",\"contentUrl\":\"https:\\\/\\\/secure.gravatar.com\\\/avatar\\\/c7164ed6fdec453195284ad24a5ae5b6e1eed2b848477fa2a4787ba9adf39a41?s=96&d=mm&r=g\",\"caption\":\"Redacci\u00f3n QP\"},\"url\":\"https:\\\/\\\/quehacerpolitico.mx\\\/?author=2\"}]}<\/script>\n<!-- \/ Yoast SEO plugin. -->","yoast_head_json":{"title":"FGR rechaza 'descalificaciones injustas' tras admisi\u00f3n de culpabilidad de Ovidio Guzm\u00e1n en EU -","robots":{"index":"index","follow":"follow","max-snippet":"max-snippet:-1","max-image-preview":"max-image-preview:large","max-video-preview":"max-video-preview:-1"},"canonical":"https:\/\/quehacerpolitico.mx\/?p=117670","og_locale":"es_MX","og_type":"article","og_title":"FGR rechaza 'descalificaciones injustas' tras admisi\u00f3n de culpabilidad de Ovidio Guzm\u00e1n en EU -","og_description":"Por Redacci\u00f3n QP La FGR recalc\u00f3 que los avances en este caso son resultado directo...","og_url":"https:\/\/quehacerpolitico.mx\/?p=117670","article_published_time":"2025-07-11T23:57:57+00:00","article_modified_time":"2025-07-11T23:58:00+00:00","og_image":[{"width":400,"height":225,"url":"https:\/\/quehacerpolitico.mx\/wp-content\/uploads\/2025\/07\/IMG_1686.jpeg","type":"image\/jpeg"}],"author":"Redacci\u00f3n QP","twitter_card":"summary_large_image","twitter_misc":{"Escrito por":"Redacci\u00f3n QP","Tiempo de lectura":"2 minutos"},"schema":{"@context":"https:\/\/schema.org","@graph":[{"@type":"Article","@id":"https:\/\/quehacerpolitico.mx\/?p=117670#article","isPartOf":{"@id":"https:\/\/quehacerpolitico.mx\/?p=117670"},"author":{"name":"Redacci\u00f3n QP","@id":"https:\/\/quehacerpolitico.mx\/#\/schema\/person\/496d8ad2d1d3f8036101dca7ee39e585"},"headline":"FGR rechaza &#8216;descalificaciones injustas&#8217; tras admisi\u00f3n de culpabilidad de Ovidio Guzm\u00e1n en EU","datePublished":"2025-07-11T23:57:57+00:00","dateModified":"2025-07-11T23:58:00+00:00","mainEntityOfPage":{"@id":"https:\/\/quehacerpolitico.mx\/?p=117670"},"wordCount":393,"commentCount":0,"image":{"@id":"https:\/\/quehacerpolitico.mx\/?p=117670#primaryimage"},"thumbnailUrl":"https:\/\/quehacerpolitico.mx\/wp-content\/uploads\/2025\/07\/IMG_1686.jpeg","articleSection":["Nacionales","Noticias"],"inLanguage":"es","potentialAction":[{"@type":"CommentAction","name":"Comment","target":["https:\/\/quehacerpolitico.mx\/?p=117670#respond"]}]},{"@type":"WebPage","@id":"https:\/\/quehacerpolitico.mx\/?p=117670","url":"https:\/\/quehacerpolitico.mx\/?p=117670","name":"FGR rechaza 'descalificaciones injustas' tras admisi\u00f3n de culpabilidad de Ovidio Guzm\u00e1n en EU -","isPartOf":{"@id":"https:\/\/quehacerpolitico.mx\/#website"},"primaryImageOfPage":{"@id":"https:\/\/quehacerpolitico.mx\/?p=117670#primaryimage"},"image":{"@id":"https:\/\/quehacerpolitico.mx\/?p=117670#primaryimage"},"thumbnailUrl":"https:\/\/quehacerpolitico.mx\/wp-content\/uploads\/2025\/07\/IMG_1686.jpeg","datePublished":"2025-07-11T23:57:57+00:00","dateModified":"2025-07-11T23:58:00+00:00","author":{"@id":"https:\/\/quehacerpolitico.mx\/#\/schema\/person\/496d8ad2d1d3f8036101dca7ee39e585"},"breadcrumb":{"@id":"https:\/\/quehacerpolitico.mx\/?p=117670#breadcrumb"},"inLanguage":"es","potentialAction":[{"@type":"ReadAction","target":["https:\/\/quehacerpolitico.mx\/?p=117670"]}]},{"@type":"ImageObject","inLanguage":"es","@id":"https:\/\/quehacerpolitico.mx\/?p=117670#primaryimage","url":"https:\/\/quehacerpolitico.mx\/wp-content\/uploads\/2025\/07\/IMG_1686.jpeg","contentUrl":"https:\/\/quehacerpolitico.mx\/wp-content\/uploads\/2025\/07\/IMG_1686.jpeg","width":400,"height":225},{"@type":"BreadcrumbList","@id":"https:\/\/quehacerpolitico.mx\/?p=117670#breadcrumb","itemListElement":[{"@type":"ListItem","position":1,"name":"Inicio","item":"https:\/\/quehacerpolitico.mx\/"},{"@type":"ListItem","position":2,"name":"FGR rechaza &#8216;descalificaciones injustas&#8217; tras admisi\u00f3n de culpabilidad de Ovidio Guzm\u00e1n en EU"}]},{"@type":"WebSite","@id":"https:\/\/quehacerpolitico.mx\/#website","url":"https:\/\/quehacerpolitico.mx\/","name":"","description":"","potentialAction":[{"@type":"SearchAction","target":{"@type":"EntryPoint","urlTemplate":"https:\/\/quehacerpolitico.mx\/?s={search_term_string}"},"query-input":{"@type":"PropertyValueSpecification","valueRequired":true,"valueName":"search_term_string"}}],"inLanguage":"es"},{"@type":"Person","@id":"https:\/\/quehacerpolitico.mx\/#\/schema\/person\/496d8ad2d1d3f8036101dca7ee39e585","name":"Redacci\u00f3n QP","image":{"@type":"ImageObject","inLanguage":"es","@id":"https:\/\/secure.gravatar.com\/avatar\/c7164ed6fdec453195284ad24a5ae5b6e1eed2b848477fa2a4787ba9adf39a41?s=96&d=mm&r=g","url":"https:\/\/secure.gravatar.com\/avatar\/c7164ed6fdec453195284ad24a5ae5b6e1eed2b848477fa2a4787ba9adf39a41?s=96&d=mm&r=g","contentUrl":"https:\/\/secure.gravatar.com\/avatar\/c7164ed6fdec453195284ad24a5ae5b6e1eed2b848477fa2a4787ba9adf39a41?s=96&d=mm&r=g","caption":"Redacci\u00f3n QP"},"url":"https:\/\/quehacerpolitico.mx\/?author=2"}]}},"featured_image_urls":{"full":["https:\/\/quehacerpolitico.mx\/wp-content\/uploads\/2025\/07\/IMG_1686.jpeg",400,225,false],"thumbnail":["https:\/\/quehacerpolitico.mx\/wp-content\/uploads\/2025\/07\/IMG_1686-150x150.jpeg",150,150,true],"medium":["https:\/\/quehacerpolitico.mx\/wp-content\/uploads\/2025\/07\/IMG_1686-300x169.jpeg",300,169,true],"medium_large":["https:\/\/quehacerpolitico.mx\/wp-content\/uploads\/2025\/07\/IMG_1686.jpeg",400,225,false],"large":["https:\/\/quehacerpolitico.mx\/wp-content\/uploads\/2025\/07\/IMG_1686.jpeg",400,225,false],"1536x1536":["https:\/\/quehacerpolitico.mx\/wp-content\/uploads\/2025\/07\/IMG_1686.jpeg",400,225,false],"2048x2048":["https:\/\/quehacerpolitico.mx\/wp-content\/uploads\/2025\/07\/IMG_1686.jpeg",400,225,false],"covernews-featured":["https:\/\/quehacerpolitico.mx\/wp-content\/uploads\/2025\/07\/IMG_1686.jpeg",400,225,false],"covernews-medium":["https:\/\/quehacerpolitico.mx\/wp-content\/uploads\/2025\/07\/IMG_1686.jpeg",400,225,false]},"author_info":{"display_name":"Redacci\u00f3n QP","author_link":"https:\/\/quehacerpolitico.mx\/?author=2"},"category_info":"<a href=\"https:\/\/quehacerpolitico.mx\/?cat=280\" rel=\"category\">Nacionales<\/a> <a href=\"https:\/\/quehacerpolitico.mx\/?cat=2\" rel=\"category\">Noticias<\/a>","tag_info":"Noticias","comment_count":"0","_links":{"self":[{"href":"https:\/\/quehacerpolitico.mx\/index.php?rest_route=\/wp\/v2\/posts\/117670","targetHints":{"allow":["GET"]}}],"collection":[{"href":"https:\/\/quehacerpolitico.mx\/index.php?rest_route=\/wp\/v2\/posts"}],"about":[{"href":"https:\/\/quehacerpolitico.mx\/index.php?rest_route=\/wp\/v2\/types\/post"}],"author":[{"embeddable":true,"href":"https:\/\/quehacerpolitico.mx\/index.php?rest_route=\/wp\/v2\/users\/2"}],"replies":[{"embeddable":true,"href":"https:\/\/quehacerpolitico.mx\/index.php?rest_route=%2Fwp%2Fv2%2Fcomments&post=117670"}],"version-history":[{"count":1,"href":"https:\/\/quehacerpolitico.mx\/index.php?rest_route=\/wp\/v2\/posts\/117670\/revisions"}],"predecessor-version":[{"id":117672,"href":"https:\/\/quehacerpolitico.mx\/index.php?rest_route=\/wp\/v2\/posts\/117670\/revisions\/117672"}],"wp:featuredmedia":[{"embeddable":true,"href":"https:\/\/quehacerpolitico.mx\/index.php?rest_route=\/wp\/v2\/media\/117671"}],"wp:attachment":[{"href":"https:\/\/quehacerpolitico.mx\/index.php?rest_route=%2Fwp%2Fv2%2Fmedia&parent=117670"}],"wp:term":[{"taxonomy":"category","embeddable":true,"href":"https:\/\/quehacerpolitico.mx\/index.php?rest_route=%2Fwp%2Fv2%2Fcategories&post=117670"},{"taxonomy":"post_tag","embeddable":true,"href":"https:\/\/quehacerpolitico.mx\/index.php?rest_route=%2Fwp%2Fv2%2Ftags&post=117670"}],"curies":[{"name":"wp","href":"https:\/\/api.w.org\/{rel}","templated":true}]}}