{"id":117663,"date":"2025-07-11T17:12:06","date_gmt":"2025-07-11T23:12:06","guid":{"rendered":"https:\/\/quehacerpolitico.mx\/?p=117663"},"modified":"2025-07-11T17:12:08","modified_gmt":"2025-07-11T23:12:08","slug":"abogado-de-ovidio-guzman-reacciona-a-declaraciones-de-sheinbaum","status":"publish","type":"post","link":"https:\/\/quehacerpolitico.mx\/?p=117663","title":{"rendered":"Abogado de Ovidio Guzm\u00e1n reacciona a declaraciones de Sheinbaum"},"content":{"rendered":"\n<p>Por Redacci\u00f3n QP<\/p>\n\n\n\n<p>La Presidenta de M\u00e9xico cuestion\u00f3 que Estados Unidos negociara con Ovidio Guzm\u00e1n<\/p>\n\n\n\n<p>El abogado de&nbsp;<strong>Ovidio Guzm\u00e1n L\u00f3pez, Jeffrey Lichtman,&nbsp;<\/strong>sostuvo una conferencia de prensa luego de que su cliente se declarara culpable de cuatro cargos. En dicha conferencia,<mark><strong>Lichtman&nbsp;<\/strong>respondi\u00f3 a las declaraciones de la&nbsp;<strong>Presidenta Sheinbaum&nbsp;<\/strong>y confirm\u00f3 que&nbsp;<strong>el gobierno de M\u00e9xico no estuvo involucrado en la negociaci\u00f3n entre su cliente y el gobierno de Estados Unidos.<\/strong><\/mark><\/p>\n\n\n\n<p>Luego de que&nbsp;<strong>Ovidio Guzm\u00e1n se declarara culpable de cuatro cargos: dos derivados de una acusaci\u00f3n formal en Illinois y dos de una acusaci\u00f3n formal en Nueva Yor<\/strong>k, que inclu\u00edan&nbsp;<strong>tr\u00e1fico internacional de drogas y participaci\u00f3n en una organizaci\u00f3n delictiva<\/strong>, el abogado abord\u00f3 en conferencia comentarios que la<strong>&nbsp;Presidenta Claudia Sheinbaum&nbsp;<\/strong>hizo del caso.<\/p>\n\n\n\n<p>&#8220;<strong>Sus quejas revelan que el gobierno no estuvo involucrado en la negociaci\u00f3n entre mi cliente y el gobierno de Estados Unidos.<\/strong>\u00a0La idea, creo que ella ped\u00eda por una extradici\u00f3n a Estados Unidos, de alguna manera dec\u00eda que el gobierno de M\u00e9xico debi\u00f3 participar en el proceso legal de la extradici\u00f3n&#8221;.<\/p>\n\n\n\n<figure class=\"wp-block-embed is-type-rich is-provider-twitter wp-block-embed-twitter\"><div class=\"wp-block-embed__wrapper\">\n<blockquote class=\"twitter-tweet\" data-width=\"550\" data-dnt=\"true\"><p lang=\"es\" dir=\"ltr\">\ud83d\udea8\u201cEs absurda esa idea si pensamos en el general Cienfuegos\u201d, declara el abogado de Ovidio Guzm\u00e1n, Jeffrey Litchman, sobre por qu\u00e9 M\u00e9xico no colabor\u00f3 en las negociaciones con EU. <br><br>Informa que la audiencia de sentencia de \u2018El Rat\u00f3n\u2019 ser\u00e1 en 6 meses.<br><br>\ud83d\udcf9<a href=\"https:\/\/twitter.com\/nmasforo?ref_src=twsrc%5Etfw\">@nmasforo<\/a> <a href=\"https:\/\/t.co\/ERFVSIJhRU\">pic.twitter.com\/ERFVSIJhRU<\/a><\/p>&mdash; Azucena Uresti (@azucenau) <a href=\"https:\/\/twitter.com\/azucenau\/status\/1943743098900664700?ref_src=twsrc%5Etfw\">July 11, 2025<\/a><\/blockquote><script async src=\"https:\/\/platform.twitter.com\/widgets.js\" charset=\"utf-8\"><\/script>\n<\/div><\/figure>\n\n\n\n<p>&#8220;<strong>Me parece que ella sent\u00eda que el gobierno de Estados Unidos no debi\u00f3 negociar un acuerdo con Ovidio Guzm\u00e1n,<\/strong>\u00a0porque se dice que es un terrorista y nosotros en Estados Unidos no negociamos con terroristas.\u00a0<strong>Parece que ella no estuvo satisfecha con que no se informara al gobierno de M\u00e9xico que varios capos se pensara traerlos a la Uni\u00f3n Americana<\/strong>&#8220;.<\/p>\n\n\n\n<p>Indic\u00f3 que &#8220;<strong>no estoy defendiendo al gobierno de los Estados Unidos, pero yo soy un abogado defensor<\/strong>, es algo que he hecho desde hace ya mucho tiempo. No estoy hablando de amigos m\u00edos, no estoy hablando de gente a la que yo estime. No, es gente a la que yo defiendo.<\/p>\n\n\n\n<p>&#8220;<strong>No soy el abogado defensor preferido del gobierno de los Estados Unidos<\/strong>, pero la idea de que el gobierno de Estados Unidos incluyera al gobierno de M\u00e9xico en alguna suerte de negociaci\u00f3n y decisi\u00f3n, es absurda esa idea&#8221;, expres\u00f3 Jeffrey Lichtman.<\/p>\n\n\n\n<p><strong>Record\u00f3 el caso del exgeneral de la Defensa mexicano, Salvador Cienfuegos<\/strong>, a quien&nbsp;<strong>se le imputaron cargos en Estados Unidos, pero fue devuelto a M\u00e9xico<\/strong>, que quer\u00eda someterlo a proceso, sin embargo, fue&nbsp;<strong>exonerado<\/strong>.<\/p>\n\n\n\n<p>El abogado de Ovidio dijo que no solamente se exoner\u00f3 al general, sino que&nbsp;<strong>se dijo que la DEA hab\u00eda fabricado la evidencia que se present\u00f3 en su contra, algo que consider\u00f3 &#8220;absurdo&#8221;.<\/strong>&#8220;Entonces&nbsp;<strong>el gobierno de M\u00e9xico viol\u00f3 un acuerdo bilateral que ten\u00eda con el gobierno de Estados Unidos<\/strong>&#8220;, coment\u00f3.<\/p>\n\n\n\n<p>Con informaci\u00f3n de SUN<\/p>\n","protected":false},"excerpt":{"rendered":"<p>Por Redacci\u00f3n QP La Presidenta de M\u00e9xico cuestion\u00f3 que Estados Unidos negociara con Ovidio Guzm\u00e1n&#8230;<\/p>\n","protected":false},"author":2,"featured_media":117665,"comment_status":"open","ping_status":"open","sticky":false,"template":"","format":"standard","meta":{"_monsterinsights_skip_tracking":false,"_monsterinsights_sitenote_active":false,"_monsterinsights_sitenote_note":"","_monsterinsights_sitenote_category":0,"footnotes":""},"categories":[280,2],"tags":[],"class_list":["post-117663","post","type-post","status-publish","format-standard","has-post-thumbnail","hentry","category-nacionales","category-noticias"],"yoast_head":"<!-- This site is optimized with the Yoast SEO plugin v27.3 - https:\/\/yoast.com\/product\/yoast-seo-wordpress\/ -->\n<title>Abogado de Ovidio Guzm\u00e1n reacciona a declaraciones de Sheinbaum -<\/title>\n<meta name=\"robots\" content=\"index, follow, max-snippet:-1, max-image-preview:large, max-video-preview:-1\" \/>\n<link rel=\"canonical\" href=\"https:\/\/quehacerpolitico.mx\/?p=117663\" \/>\n<meta property=\"og:locale\" content=\"es_MX\" \/>\n<meta property=\"og:type\" content=\"article\" \/>\n<meta property=\"og:title\" content=\"Abogado de Ovidio Guzm\u00e1n reacciona a declaraciones de Sheinbaum -\" \/>\n<meta property=\"og:description\" content=\"Por Redacci\u00f3n QP La Presidenta de M\u00e9xico cuestion\u00f3 que Estados Unidos negociara con Ovidio Guzm\u00e1n...\" \/>\n<meta property=\"og:url\" content=\"https:\/\/quehacerpolitico.mx\/?p=117663\" \/>\n<meta property=\"article:published_time\" content=\"2025-07-11T23:12:06+00:00\" \/>\n<meta property=\"article:modified_time\" content=\"2025-07-11T23:12:08+00:00\" \/>\n<meta property=\"og:image\" content=\"https:\/\/quehacerpolitico.mx\/wp-content\/uploads\/2025\/07\/IMG_1682-1.jpeg\" \/>\n\t<meta property=\"og:image:width\" content=\"1170\" \/>\n\t<meta property=\"og:image:height\" content=\"649\" \/>\n\t<meta property=\"og:image:type\" content=\"image\/jpeg\" \/>\n<meta name=\"author\" content=\"Redacci\u00f3n QP\" \/>\n<meta name=\"twitter:card\" content=\"summary_large_image\" \/>\n<meta name=\"twitter:label1\" content=\"Escrito por\" \/>\n\t<meta name=\"twitter:data1\" content=\"Redacci\u00f3n QP\" \/>\n\t<meta name=\"twitter:label2\" content=\"Tiempo de lectura\" \/>\n\t<meta name=\"twitter:data2\" content=\"2 minutos\" \/>\n<script type=\"application\/ld+json\" class=\"yoast-schema-graph\">{\"@context\":\"https:\\\/\\\/schema.org\",\"@graph\":[{\"@type\":\"Article\",\"@id\":\"https:\\\/\\\/quehacerpolitico.mx\\\/?p=117663#article\",\"isPartOf\":{\"@id\":\"https:\\\/\\\/quehacerpolitico.mx\\\/?p=117663\"},\"author\":{\"name\":\"Redacci\u00f3n QP\",\"@id\":\"https:\\\/\\\/quehacerpolitico.mx\\\/#\\\/schema\\\/person\\\/496d8ad2d1d3f8036101dca7ee39e585\"},\"headline\":\"Abogado de Ovidio Guzm\u00e1n reacciona a declaraciones de Sheinbaum\",\"datePublished\":\"2025-07-11T23:12:06+00:00\",\"dateModified\":\"2025-07-11T23:12:08+00:00\",\"mainEntityOfPage\":{\"@id\":\"https:\\\/\\\/quehacerpolitico.mx\\\/?p=117663\"},\"wordCount\":483,\"commentCount\":0,\"image\":{\"@id\":\"https:\\\/\\\/quehacerpolitico.mx\\\/?p=117663#primaryimage\"},\"thumbnailUrl\":\"https:\\\/\\\/quehacerpolitico.mx\\\/wp-content\\\/uploads\\\/2025\\\/07\\\/IMG_1682-1.jpeg\",\"articleSection\":[\"Nacionales\",\"Noticias\"],\"inLanguage\":\"es\",\"potentialAction\":[{\"@type\":\"CommentAction\",\"name\":\"Comment\",\"target\":[\"https:\\\/\\\/quehacerpolitico.mx\\\/?p=117663#respond\"]}]},{\"@type\":\"WebPage\",\"@id\":\"https:\\\/\\\/quehacerpolitico.mx\\\/?p=117663\",\"url\":\"https:\\\/\\\/quehacerpolitico.mx\\\/?p=117663\",\"name\":\"Abogado de Ovidio Guzm\u00e1n reacciona a declaraciones de Sheinbaum -\",\"isPartOf\":{\"@id\":\"https:\\\/\\\/quehacerpolitico.mx\\\/#website\"},\"primaryImageOfPage\":{\"@id\":\"https:\\\/\\\/quehacerpolitico.mx\\\/?p=117663#primaryimage\"},\"image\":{\"@id\":\"https:\\\/\\\/quehacerpolitico.mx\\\/?p=117663#primaryimage\"},\"thumbnailUrl\":\"https:\\\/\\\/quehacerpolitico.mx\\\/wp-content\\\/uploads\\\/2025\\\/07\\\/IMG_1682-1.jpeg\",\"datePublished\":\"2025-07-11T23:12:06+00:00\",\"dateModified\":\"2025-07-11T23:12:08+00:00\",\"author\":{\"@id\":\"https:\\\/\\\/quehacerpolitico.mx\\\/#\\\/schema\\\/person\\\/496d8ad2d1d3f8036101dca7ee39e585\"},\"breadcrumb\":{\"@id\":\"https:\\\/\\\/quehacerpolitico.mx\\\/?p=117663#breadcrumb\"},\"inLanguage\":\"es\",\"potentialAction\":[{\"@type\":\"ReadAction\",\"target\":[\"https:\\\/\\\/quehacerpolitico.mx\\\/?p=117663\"]}]},{\"@type\":\"ImageObject\",\"inLanguage\":\"es\",\"@id\":\"https:\\\/\\\/quehacerpolitico.mx\\\/?p=117663#primaryimage\",\"url\":\"https:\\\/\\\/quehacerpolitico.mx\\\/wp-content\\\/uploads\\\/2025\\\/07\\\/IMG_1682-1.jpeg\",\"contentUrl\":\"https:\\\/\\\/quehacerpolitico.mx\\\/wp-content\\\/uploads\\\/2025\\\/07\\\/IMG_1682-1.jpeg\",\"width\":1170,\"height\":649,\"caption\":\"Screenshot\"},{\"@type\":\"BreadcrumbList\",\"@id\":\"https:\\\/\\\/quehacerpolitico.mx\\\/?p=117663#breadcrumb\",\"itemListElement\":[{\"@type\":\"ListItem\",\"position\":1,\"name\":\"Inicio\",\"item\":\"https:\\\/\\\/quehacerpolitico.mx\\\/\"},{\"@type\":\"ListItem\",\"position\":2,\"name\":\"Abogado de Ovidio Guzm\u00e1n reacciona a declaraciones de Sheinbaum\"}]},{\"@type\":\"WebSite\",\"@id\":\"https:\\\/\\\/quehacerpolitico.mx\\\/#website\",\"url\":\"https:\\\/\\\/quehacerpolitico.mx\\\/\",\"name\":\"\",\"description\":\"\",\"potentialAction\":[{\"@type\":\"SearchAction\",\"target\":{\"@type\":\"EntryPoint\",\"urlTemplate\":\"https:\\\/\\\/quehacerpolitico.mx\\\/?s={search_term_string}\"},\"query-input\":{\"@type\":\"PropertyValueSpecification\",\"valueRequired\":true,\"valueName\":\"search_term_string\"}}],\"inLanguage\":\"es\"},{\"@type\":\"Person\",\"@id\":\"https:\\\/\\\/quehacerpolitico.mx\\\/#\\\/schema\\\/person\\\/496d8ad2d1d3f8036101dca7ee39e585\",\"name\":\"Redacci\u00f3n QP\",\"image\":{\"@type\":\"ImageObject\",\"inLanguage\":\"es\",\"@id\":\"https:\\\/\\\/secure.gravatar.com\\\/avatar\\\/c7164ed6fdec453195284ad24a5ae5b6e1eed2b848477fa2a4787ba9adf39a41?s=96&d=mm&r=g\",\"url\":\"https:\\\/\\\/secure.gravatar.com\\\/avatar\\\/c7164ed6fdec453195284ad24a5ae5b6e1eed2b848477fa2a4787ba9adf39a41?s=96&d=mm&r=g\",\"contentUrl\":\"https:\\\/\\\/secure.gravatar.com\\\/avatar\\\/c7164ed6fdec453195284ad24a5ae5b6e1eed2b848477fa2a4787ba9adf39a41?s=96&d=mm&r=g\",\"caption\":\"Redacci\u00f3n QP\"},\"url\":\"https:\\\/\\\/quehacerpolitico.mx\\\/?author=2\"}]}<\/script>\n<!-- \/ Yoast SEO plugin. -->","yoast_head_json":{"title":"Abogado de Ovidio Guzm\u00e1n reacciona a declaraciones de Sheinbaum -","robots":{"index":"index","follow":"follow","max-snippet":"max-snippet:-1","max-image-preview":"max-image-preview:large","max-video-preview":"max-video-preview:-1"},"canonical":"https:\/\/quehacerpolitico.mx\/?p=117663","og_locale":"es_MX","og_type":"article","og_title":"Abogado de Ovidio Guzm\u00e1n reacciona a declaraciones de Sheinbaum -","og_description":"Por Redacci\u00f3n QP La Presidenta de M\u00e9xico cuestion\u00f3 que Estados Unidos negociara con Ovidio Guzm\u00e1n...","og_url":"https:\/\/quehacerpolitico.mx\/?p=117663","article_published_time":"2025-07-11T23:12:06+00:00","article_modified_time":"2025-07-11T23:12:08+00:00","og_image":[{"width":1170,"height":649,"url":"https:\/\/quehacerpolitico.mx\/wp-content\/uploads\/2025\/07\/IMG_1682-1.jpeg","type":"image\/jpeg"}],"author":"Redacci\u00f3n QP","twitter_card":"summary_large_image","twitter_misc":{"Escrito por":"Redacci\u00f3n QP","Tiempo de lectura":"2 minutos"},"schema":{"@context":"https:\/\/schema.org","@graph":[{"@type":"Article","@id":"https:\/\/quehacerpolitico.mx\/?p=117663#article","isPartOf":{"@id":"https:\/\/quehacerpolitico.mx\/?p=117663"},"author":{"name":"Redacci\u00f3n QP","@id":"https:\/\/quehacerpolitico.mx\/#\/schema\/person\/496d8ad2d1d3f8036101dca7ee39e585"},"headline":"Abogado de Ovidio Guzm\u00e1n reacciona a declaraciones de Sheinbaum","datePublished":"2025-07-11T23:12:06+00:00","dateModified":"2025-07-11T23:12:08+00:00","mainEntityOfPage":{"@id":"https:\/\/quehacerpolitico.mx\/?p=117663"},"wordCount":483,"commentCount":0,"image":{"@id":"https:\/\/quehacerpolitico.mx\/?p=117663#primaryimage"},"thumbnailUrl":"https:\/\/quehacerpolitico.mx\/wp-content\/uploads\/2025\/07\/IMG_1682-1.jpeg","articleSection":["Nacionales","Noticias"],"inLanguage":"es","potentialAction":[{"@type":"CommentAction","name":"Comment","target":["https:\/\/quehacerpolitico.mx\/?p=117663#respond"]}]},{"@type":"WebPage","@id":"https:\/\/quehacerpolitico.mx\/?p=117663","url":"https:\/\/quehacerpolitico.mx\/?p=117663","name":"Abogado de Ovidio Guzm\u00e1n reacciona a declaraciones de Sheinbaum -","isPartOf":{"@id":"https:\/\/quehacerpolitico.mx\/#website"},"primaryImageOfPage":{"@id":"https:\/\/quehacerpolitico.mx\/?p=117663#primaryimage"},"image":{"@id":"https:\/\/quehacerpolitico.mx\/?p=117663#primaryimage"},"thumbnailUrl":"https:\/\/quehacerpolitico.mx\/wp-content\/uploads\/2025\/07\/IMG_1682-1.jpeg","datePublished":"2025-07-11T23:12:06+00:00","dateModified":"2025-07-11T23:12:08+00:00","author":{"@id":"https:\/\/quehacerpolitico.mx\/#\/schema\/person\/496d8ad2d1d3f8036101dca7ee39e585"},"breadcrumb":{"@id":"https:\/\/quehacerpolitico.mx\/?p=117663#breadcrumb"},"inLanguage":"es","potentialAction":[{"@type":"ReadAction","target":["https:\/\/quehacerpolitico.mx\/?p=117663"]}]},{"@type":"ImageObject","inLanguage":"es","@id":"https:\/\/quehacerpolitico.mx\/?p=117663#primaryimage","url":"https:\/\/quehacerpolitico.mx\/wp-content\/uploads\/2025\/07\/IMG_1682-1.jpeg","contentUrl":"https:\/\/quehacerpolitico.mx\/wp-content\/uploads\/2025\/07\/IMG_1682-1.jpeg","width":1170,"height":649,"caption":"Screenshot"},{"@type":"BreadcrumbList","@id":"https:\/\/quehacerpolitico.mx\/?p=117663#breadcrumb","itemListElement":[{"@type":"ListItem","position":1,"name":"Inicio","item":"https:\/\/quehacerpolitico.mx\/"},{"@type":"ListItem","position":2,"name":"Abogado de Ovidio Guzm\u00e1n reacciona a declaraciones de Sheinbaum"}]},{"@type":"WebSite","@id":"https:\/\/quehacerpolitico.mx\/#website","url":"https:\/\/quehacerpolitico.mx\/","name":"","description":"","potentialAction":[{"@type":"SearchAction","target":{"@type":"EntryPoint","urlTemplate":"https:\/\/quehacerpolitico.mx\/?s={search_term_string}"},"query-input":{"@type":"PropertyValueSpecification","valueRequired":true,"valueName":"search_term_string"}}],"inLanguage":"es"},{"@type":"Person","@id":"https:\/\/quehacerpolitico.mx\/#\/schema\/person\/496d8ad2d1d3f8036101dca7ee39e585","name":"Redacci\u00f3n QP","image":{"@type":"ImageObject","inLanguage":"es","@id":"https:\/\/secure.gravatar.com\/avatar\/c7164ed6fdec453195284ad24a5ae5b6e1eed2b848477fa2a4787ba9adf39a41?s=96&d=mm&r=g","url":"https:\/\/secure.gravatar.com\/avatar\/c7164ed6fdec453195284ad24a5ae5b6e1eed2b848477fa2a4787ba9adf39a41?s=96&d=mm&r=g","contentUrl":"https:\/\/secure.gravatar.com\/avatar\/c7164ed6fdec453195284ad24a5ae5b6e1eed2b848477fa2a4787ba9adf39a41?s=96&d=mm&r=g","caption":"Redacci\u00f3n QP"},"url":"https:\/\/quehacerpolitico.mx\/?author=2"}]}},"featured_image_urls":{"full":["https:\/\/quehacerpolitico.mx\/wp-content\/uploads\/2025\/07\/IMG_1682-1.jpeg",1170,649,false],"thumbnail":["https:\/\/quehacerpolitico.mx\/wp-content\/uploads\/2025\/07\/IMG_1682-1-150x150.jpeg",150,150,true],"medium":["https:\/\/quehacerpolitico.mx\/wp-content\/uploads\/2025\/07\/IMG_1682-1-300x166.jpeg",300,166,true],"medium_large":["https:\/\/quehacerpolitico.mx\/wp-content\/uploads\/2025\/07\/IMG_1682-1-768x426.jpeg",640,355,true],"large":["https:\/\/quehacerpolitico.mx\/wp-content\/uploads\/2025\/07\/IMG_1682-1-1024x568.jpeg",640,355,true],"1536x1536":["https:\/\/quehacerpolitico.mx\/wp-content\/uploads\/2025\/07\/IMG_1682-1.jpeg",1170,649,false],"2048x2048":["https:\/\/quehacerpolitico.mx\/wp-content\/uploads\/2025\/07\/IMG_1682-1.jpeg",1170,649,false],"covernews-featured":["https:\/\/quehacerpolitico.mx\/wp-content\/uploads\/2025\/07\/IMG_1682-1-1024x568.jpeg",1024,568,true],"covernews-medium":["https:\/\/quehacerpolitico.mx\/wp-content\/uploads\/2025\/07\/IMG_1682-1-540x340.jpeg",540,340,true]},"author_info":{"display_name":"Redacci\u00f3n QP","author_link":"https:\/\/quehacerpolitico.mx\/?author=2"},"category_info":"<a href=\"https:\/\/quehacerpolitico.mx\/?cat=280\" rel=\"category\">Nacionales<\/a> <a href=\"https:\/\/quehacerpolitico.mx\/?cat=2\" rel=\"category\">Noticias<\/a>","tag_info":"Noticias","comment_count":"0","_links":{"self":[{"href":"https:\/\/quehacerpolitico.mx\/index.php?rest_route=\/wp\/v2\/posts\/117663","targetHints":{"allow":["GET"]}}],"collection":[{"href":"https:\/\/quehacerpolitico.mx\/index.php?rest_route=\/wp\/v2\/posts"}],"about":[{"href":"https:\/\/quehacerpolitico.mx\/index.php?rest_route=\/wp\/v2\/types\/post"}],"author":[{"embeddable":true,"href":"https:\/\/quehacerpolitico.mx\/index.php?rest_route=\/wp\/v2\/users\/2"}],"replies":[{"embeddable":true,"href":"https:\/\/quehacerpolitico.mx\/index.php?rest_route=%2Fwp%2Fv2%2Fcomments&post=117663"}],"version-history":[{"count":1,"href":"https:\/\/quehacerpolitico.mx\/index.php?rest_route=\/wp\/v2\/posts\/117663\/revisions"}],"predecessor-version":[{"id":117666,"href":"https:\/\/quehacerpolitico.mx\/index.php?rest_route=\/wp\/v2\/posts\/117663\/revisions\/117666"}],"wp:featuredmedia":[{"embeddable":true,"href":"https:\/\/quehacerpolitico.mx\/index.php?rest_route=\/wp\/v2\/media\/117665"}],"wp:attachment":[{"href":"https:\/\/quehacerpolitico.mx\/index.php?rest_route=%2Fwp%2Fv2%2Fmedia&parent=117663"}],"wp:term":[{"taxonomy":"category","embeddable":true,"href":"https:\/\/quehacerpolitico.mx\/index.php?rest_route=%2Fwp%2Fv2%2Fcategories&post=117663"},{"taxonomy":"post_tag","embeddable":true,"href":"https:\/\/quehacerpolitico.mx\/index.php?rest_route=%2Fwp%2Fv2%2Ftags&post=117663"}],"curies":[{"name":"wp","href":"https:\/\/api.w.org\/{rel}","templated":true}]}}