{"id":117656,"date":"2025-07-11T15:30:41","date_gmt":"2025-07-11T21:30:41","guid":{"rendered":"https:\/\/quehacerpolitico.mx\/?p=117656"},"modified":"2025-07-11T15:30:43","modified_gmt":"2025-07-11T21:30:43","slug":"clara-brugada-presenta-proyecto-de-vivienda-publica-en-renta-pagando-2-mil-pesos-mensuales-una-propuesta-que-reafirma-el-compromiso-con-el-derecho-a-una-vivienda-digna-y-asequible","status":"publish","type":"post","link":"https:\/\/quehacerpolitico.mx\/?p=117656","title":{"rendered":"Clara Brugada presenta proyecto de Vivienda p\u00fablica en renta, pagando 2 mil pesos mensuales una propuesta que reafirma el compromiso con el derecho a una vivienda digna y asequible"},"content":{"rendered":"\n<p>Por Redacci\u00f3n QP<\/p>\n\n\n\n<p>En CDMX se formaliz\u00f3 el arranque del programa de vivienda p\u00fablica en renta; beneficiarios pagar\u00e1n desde 2 mil pesos al mes y tendr\u00e1n opci\u00f3n a compra.<\/p>\n\n\n\n<p>Con una inversi\u00f3n inicial de m\u00e1s de 600 millones de pesos para construir mil departamentos, que ser\u00e1n entregados en 2026, el&nbsp;<strong>Gobierno de la&nbsp;Ciudad de M\u00e9xico (CDMX)&nbsp;<\/strong>formaliz\u00f3 este viernes el arranque del&nbsp;<strong>programa de vivienda p\u00fablica en renta.<\/strong><\/p>\n\n\n\n<figure class=\"wp-block-embed is-type-rich is-provider-twitter wp-block-embed-twitter\"><div class=\"wp-block-embed__wrapper\">\n<blockquote class=\"twitter-tweet\" data-width=\"550\" data-dnt=\"true\"><p lang=\"es\" dir=\"ltr\"><a href=\"https:\/\/twitter.com\/hashtag\/EnVivo?src=hash&amp;ref_src=twsrc%5Etfw\">#EnVivo<\/a> \u25b6\ufe0f La <a href=\"https:\/\/twitter.com\/hashtag\/JefaDeGobierno?src=hash&amp;ref_src=twsrc%5Etfw\">#JefaDeGobierno<\/a>, <a href=\"https:\/\/twitter.com\/ClaraBrugadaM?ref_src=twsrc%5Etfw\">@ClaraBrugadaM<\/a>, encabeza el programa &quot;Vivienda P\u00fablica para Renta&quot; en la Ciudad de M\u00e9xico. <a href=\"https:\/\/t.co\/js5AyOzcav\">https:\/\/t.co\/js5AyOzcav<\/a><\/p>&mdash; Gobierno de la Ciudad de M\u00e9xico (@GobCDMX) <a href=\"https:\/\/twitter.com\/GobCDMX\/status\/1943720090677260424?ref_src=twsrc%5Etfw\">July 11, 2025<\/a><\/blockquote><script async src=\"https:\/\/platform.twitter.com\/widgets.js\" charset=\"utf-8\"><\/script>\n<\/div><\/figure>\n\n\n\n<p>La meta es alcanzar 20 mil viviendas, con&nbsp;rentas que ir\u00e1n de los&nbsp;<strong>dos mil a los tres mil pesos<\/strong>, antes de que concluya la actual administraci\u00f3n.<\/p>\n\n\n\n<h2 class=\"wp-block-heading\"><strong>Programa de vivienda contra la gentrificaci\u00f3n<\/strong><\/h2>\n\n\n\n<p>Se trata de una estrategia que busca contener la gentrificaci\u00f3n en zonas centrales, ante el<strong> encarecimiento de las rentas<\/strong>, y garantizar el acceso a una vivienda digna a sectores vulnerables.<\/p>\n\n\n\n<p><strong>Hoy formalizamos este programa en medio de una gran discusi\u00f3n en la Ciudad de M\u00e9xico sobre la fragmentaci\u00f3n urbana, la gentrificaci\u00f3n y el desplazamiento de familias hist\u00f3ricas de sus barrios por el aumento desmedido de rentas\u201d, afirm\u00f3 la jefa de Gobierno, Clara Brugada.<\/strong><\/p>\n\n\n\n<figure class=\"wp-block-embed is-type-rich is-provider-twitter wp-block-embed-twitter\"><div class=\"wp-block-embed__wrapper\">\n<blockquote class=\"twitter-tweet\" data-width=\"550\" data-dnt=\"true\"><p lang=\"es\" dir=\"ltr\"><a href=\"https:\/\/twitter.com\/hashtag\/ViviendaP%C3%BAblicaParaRenta?src=hash&amp;ref_src=twsrc%5Etfw\">#ViviendaP\u00fablicaParaRenta<\/a> \u2728 La <a href=\"https:\/\/twitter.com\/hashtag\/JefaDeGobierno?src=hash&amp;ref_src=twsrc%5Etfw\">#JefaDeGobierno<\/a>, <a href=\"https:\/\/twitter.com\/ClaraBrugadaM?ref_src=twsrc%5Etfw\">@ClaraBrugadaM<\/a>, explic\u00f3 que esta es una de las estrategias que se echar\u00e1n a andar en la ciudad para estabilizar el aumento de las rentas en la <a href=\"https:\/\/twitter.com\/hashtag\/CapitalDeLaTransformaci%C3%B3n?src=hash&amp;ref_src=twsrc%5Etfw\">#CapitalDeLaTransformaci\u00f3n<\/a>. <br><br>\ud83c\udf07Hablar del derecho a la vivienda es que la poblaci\u00f3n\u2026 <a href=\"https:\/\/t.co\/MRV1pPIxOk\">pic.twitter.com\/MRV1pPIxOk<\/a><\/p>&mdash; Gobierno de la Ciudad de M\u00e9xico (@GobCDMX) <a href=\"https:\/\/twitter.com\/GobCDMX\/status\/1943744252485513687?ref_src=twsrc%5Etfw\">July 11, 2025<\/a><\/blockquote><script async src=\"https:\/\/platform.twitter.com\/widgets.js\" charset=\"utf-8\"><\/script>\n<\/div><\/figure>\n\n\n\n<figure class=\"wp-block-embed is-type-rich is-provider-twitter wp-block-embed-twitter\"><div class=\"wp-block-embed__wrapper\">\n<blockquote class=\"twitter-tweet\" data-width=\"550\" data-dnt=\"true\"><p lang=\"es\" dir=\"ltr\">\ud83c\udfd8\ufe0f <a href=\"https:\/\/twitter.com\/hashtag\/ViviendaP%C3%BAblicaParaRenta?src=hash&amp;ref_src=twsrc%5Etfw\">#ViviendaP\u00fablicaParaRenta<\/a> | \ud83d\udc49\ud83c\udffb \u2728 Este proyecto es una oportunidad hist\u00f3rica para que la <a href=\"https:\/\/twitter.com\/hashtag\/CapitalDeLaTransformaci%C3%B3n?src=hash&amp;ref_src=twsrc%5Etfw\">#CapitalDeLaTransformaci\u00f3n<\/a> sea la primera en Am\u00e9rica Latina que garantice que el tema de renta, as\u00ed como otros temas de vivienda, est\u00e9n bien regulados. \ud83c\udf06 \ud83d\udcab<br><br>\ud83d\ude4c\ud83c\udffb \u00a1Seguimos trabajando para\u2026 <a href=\"https:\/\/t.co\/EnyycyTKQj\">pic.twitter.com\/EnyycyTKQj<\/a><\/p>&mdash; Gobierno de la Ciudad de M\u00e9xico (@GobCDMX) <a href=\"https:\/\/twitter.com\/GobCDMX\/status\/1943750005170614643?ref_src=twsrc%5Etfw\">July 11, 2025<\/a><\/blockquote><script async src=\"https:\/\/platform.twitter.com\/widgets.js\" charset=\"utf-8\"><\/script>\n<\/div><\/figure>\n\n\n\n<p><strong>Es hora de construir pol\u00edtica p\u00fablica que estabilice precios y arraigue a las personas a sus comunidades\u201d, agreg\u00f3 la mandataria durante la colocaci\u00f3n de la primera piedra de la obra, en un edificio ubicado en calle 5 de Febrero, colonia Centro, donde se desarrollar\u00e1n 150 departamentos en arrendamiento.<\/strong><\/p>\n\n\n\n<p>Este proyecto se suma al&nbsp;<strong>primer piloto que arranc\u00f3 a finales de 2024<\/strong>, en la colonia Doctores, donde ya avanza la construcci\u00f3n de 153 viviendas destinadas a renta para j\u00f3venes, en un predio intervenido por Servimet.<\/p>\n\n\n\n<p>Adem\u00e1s, se desarrollar\u00e1n&nbsp;<strong>cuatro complejos habitacionales adicionales<\/strong>, entre ellos el de 5 de Febrero, frente al Parque Tlaxcoaque; otro en la colonia Buenos Aires, en la alcald\u00eda Cuauht\u00e9moc; uno m\u00e1s en Tacuba, en Miguel Hidalgo; y otro en El Rosario, en la alcald\u00eda Azcapotzalco, donde se edificar\u00e1n 550 viviendas m\u00e1s en total.<\/p>\n\n\n\n<p>Otras&nbsp;<strong>300 viviendas rehabilitadas tras los sismos&nbsp;<\/strong>de 2017 se integrar\u00e1n al parque p\u00fablico en renta, indic\u00f3 el secretario de Vivienda, Inti Mu\u00f1oz Santini.<\/p>\n\n\n\n<h2 class=\"wp-block-heading\"><strong>Rentas desde 2 mil pesos mensuales<\/strong><\/h2>\n\n\n\n<p>Las&nbsp;<strong>rentas<\/strong>&nbsp;ir\u00e1n de 2,000 a 3,000 pesos para familias con ingresos equivalentes a un salario m\u00ednimo.<\/p>\n\n\n\n<p>Para quienes cuentan con dos o m\u00e1s salarios, el costo ser\u00e1 del&nbsp;<strong>30% de sus ingresos.<\/strong><\/p>\n\n\n\n<p><strong>Aunque la cifra se definir\u00e1 de acuerdo con las necesidades de cada grupo o familia\u201d, lo cual se establecer\u00e1 en las\u00a0reglas de operaci\u00f3n\u00a0que se publicar\u00e1n pr\u00f3ximamente, se\u00f1al\u00f3 el funcionario.<\/strong><\/p>\n\n\n\n<figure class=\"wp-block-gallery has-nested-images columns-default is-cropped wp-block-gallery-1 is-layout-flex wp-block-gallery-is-layout-flex\">\n<figure class=\"wp-block-image size-large\"><img loading=\"lazy\" decoding=\"async\" width=\"1024\" height=\"683\" data-id=\"117657\" src=\"https:\/\/quehacerpolitico.mx\/wp-content\/uploads\/2025\/07\/IMG_1675-1024x683.jpeg\" alt=\"\" class=\"wp-image-117657\" srcset=\"https:\/\/quehacerpolitico.mx\/wp-content\/uploads\/2025\/07\/IMG_1675-1024x683.jpeg 1024w, https:\/\/quehacerpolitico.mx\/wp-content\/uploads\/2025\/07\/IMG_1675-300x200.jpeg 300w, https:\/\/quehacerpolitico.mx\/wp-content\/uploads\/2025\/07\/IMG_1675-768x512.jpeg 768w, https:\/\/quehacerpolitico.mx\/wp-content\/uploads\/2025\/07\/IMG_1675-1536x1025.jpeg 1536w, https:\/\/quehacerpolitico.mx\/wp-content\/uploads\/2025\/07\/IMG_1675.jpeg 2048w\" sizes=\"auto, (max-width: 1024px) 100vw, 1024px\" \/><\/figure>\n\n\n\n<figure class=\"wp-block-image size-large\"><img loading=\"lazy\" decoding=\"async\" width=\"1024\" height=\"683\" data-id=\"117658\" src=\"https:\/\/quehacerpolitico.mx\/wp-content\/uploads\/2025\/07\/IMG_1676-1024x683.jpeg\" alt=\"\" class=\"wp-image-117658\" srcset=\"https:\/\/quehacerpolitico.mx\/wp-content\/uploads\/2025\/07\/IMG_1676-1024x683.jpeg 1024w, https:\/\/quehacerpolitico.mx\/wp-content\/uploads\/2025\/07\/IMG_1676-300x200.jpeg 300w, https:\/\/quehacerpolitico.mx\/wp-content\/uploads\/2025\/07\/IMG_1676-768x512.jpeg 768w, https:\/\/quehacerpolitico.mx\/wp-content\/uploads\/2025\/07\/IMG_1676-1536x1025.jpeg 1536w, https:\/\/quehacerpolitico.mx\/wp-content\/uploads\/2025\/07\/IMG_1676.jpeg 2048w\" sizes=\"auto, (max-width: 1024px) 100vw, 1024px\" \/><\/figure>\n\n\n\n<figure class=\"wp-block-image size-large\"><img loading=\"lazy\" decoding=\"async\" width=\"1024\" height=\"652\" data-id=\"117659\" src=\"https:\/\/quehacerpolitico.mx\/wp-content\/uploads\/2025\/07\/IMG_1677-1024x652.jpeg\" alt=\"\" class=\"wp-image-117659\" srcset=\"https:\/\/quehacerpolitico.mx\/wp-content\/uploads\/2025\/07\/IMG_1677-1024x652.jpeg 1024w, https:\/\/quehacerpolitico.mx\/wp-content\/uploads\/2025\/07\/IMG_1677-300x191.jpeg 300w, https:\/\/quehacerpolitico.mx\/wp-content\/uploads\/2025\/07\/IMG_1677-768x489.jpeg 768w, https:\/\/quehacerpolitico.mx\/wp-content\/uploads\/2025\/07\/IMG_1677-1536x978.jpeg 1536w, https:\/\/quehacerpolitico.mx\/wp-content\/uploads\/2025\/07\/IMG_1677.jpeg 1600w\" sizes=\"auto, (max-width: 1024px) 100vw, 1024px\" \/><\/figure>\n\n\n\n<figure class=\"wp-block-image size-large\"><img loading=\"lazy\" decoding=\"async\" width=\"1024\" height=\"683\" data-id=\"117660\" src=\"https:\/\/quehacerpolitico.mx\/wp-content\/uploads\/2025\/07\/IMG_1678-1024x683.jpeg\" alt=\"\" class=\"wp-image-117660\" srcset=\"https:\/\/quehacerpolitico.mx\/wp-content\/uploads\/2025\/07\/IMG_1678-1024x683.jpeg 1024w, https:\/\/quehacerpolitico.mx\/wp-content\/uploads\/2025\/07\/IMG_1678-300x200.jpeg 300w, https:\/\/quehacerpolitico.mx\/wp-content\/uploads\/2025\/07\/IMG_1678-768x512.jpeg 768w, https:\/\/quehacerpolitico.mx\/wp-content\/uploads\/2025\/07\/IMG_1678-1536x1024.jpeg 1536w, https:\/\/quehacerpolitico.mx\/wp-content\/uploads\/2025\/07\/IMG_1678.jpeg 2048w\" sizes=\"auto, (max-width: 1024px) 100vw, 1024px\" \/><\/figure>\n<\/figure>\n\n\n\n<p>Precis\u00f3 que estas mil viviendas, cuya\u00a0<strong>construcci\u00f3n comenzar\u00e1 este a\u00f1o,<\/strong>\u00a0son solo el punto de partida del programa, con el que se busca beneficiar a j\u00f3venes, familias de escasos recursos, madres solteras y personas desplazadas de sus viviendas, entre otros grupos vulnerables.<\/p>\n\n\n\n<p>El edificio ubicado en calle 5 de Febrero, en el Centro Hist\u00f3rico, pertenec\u00eda a la empresa Yale y result\u00f3 afectado por el sismo de 2017.<\/p>\n\n\n\n<p>Gracias a un&nbsp;<strong>acuerdo<\/strong>&nbsp;con sus propietarios, el inmueble ser\u00e1 reconvertido en un complejo de 150 departamentos.<\/p>\n\n\n\n<h3 class=\"wp-block-heading\"><strong>Espacios con sistema de cuidados<\/strong><\/h3>\n\n\n\n<p>Se buscar\u00e1 que estas edificaciones cuenten con espacios para instalar un sistema de cuidados, adem\u00e1s de\u00a0<strong>guarder\u00edas y \u00e1reas recreativas<\/strong>, dijo Clara Brugada.<\/p>\n\n\n\n<p><strong>Que tengan todo, para que no salgan a buscar servicios a otro lado\u201d, afirm\u00f3.<\/strong><\/p>\n\n\n\n<figure class=\"wp-block-embed is-type-rich is-provider-twitter wp-block-embed-twitter\"><div class=\"wp-block-embed__wrapper\">\n<blockquote class=\"twitter-tweet\" data-width=\"550\" data-dnt=\"true\"><p lang=\"es\" dir=\"ltr\">\u261d\ud83c\udffbLa renta de los departamentos ser\u00e1 en montos asequibles, que no rebasar\u00e1n el 30% del ingreso familiar.<br><br>\ud83c\udf07Son espacios que rondar\u00e1n los 60m2 en promedio. Es una tarea en la que se trabaja en coordinaci\u00f3n para que las y los capitalinos tengan acceso a una vivienda asequible. \ud83d\ude4c\ud83c\udffb\u2026 <a href=\"https:\/\/t.co\/CvgUDJwcch\">pic.twitter.com\/CvgUDJwcch<\/a><\/p>&mdash; Gobierno de la Ciudad de M\u00e9xico (@GobCDMX) <a href=\"https:\/\/twitter.com\/GobCDMX\/status\/1943752273504743613?ref_src=twsrc%5Etfw\">July 11, 2025<\/a><\/blockquote><script async src=\"https:\/\/platform.twitter.com\/widgets.js\" charset=\"utf-8\"><\/script>\n<\/div><\/figure>\n\n\n\n<p>Subray\u00f3 que la construcci\u00f3n de vivienda en arrendamiento forma parte de un paquete m\u00e1s amplio de estrategias, que ser\u00e1 presentado en los pr\u00f3ximos d\u00edas, para\u00a0<strong>combatir la gentrificaci\u00f3n<\/strong>, estabilizar el mercado inmobiliario y evitar el crecimiento descontrolado hacia la periferia metropolitana<\/p>\n\n\n\n<p><strong>Queremos que esta ciudad siga siendo una ciudad de derechos. Hablar del derecho a la vivienda significa garantizar el acceso a un hogar digno, econ\u00f3mico, en zonas con servicios p\u00fablicos y oportunidades. No vamos a permitir que se expulse a la poblaci\u00f3n hacia la periferia de la periferia\u201d, enfatiz\u00f3.<\/strong><\/p>\n\n\n\n<p>La construcci\u00f3n de las viviendas en renta<strong>&nbsp;se desarrollar\u00e1 en distintas fases.<\/strong><\/p>\n\n\n\n<p>Algunas estar\u00e1n listas para su entrega antes de que termine el a\u00f1o, mientras que otras \u2014como las que requieren obra estructural\u2014 concluir\u00e1n hacia&nbsp;<strong>2026<\/strong>, concluy\u00f3 Inti Mu\u00f1oz.<\/p>\n","protected":false},"excerpt":{"rendered":"<p>Por Redacci\u00f3n QP En CDMX se formaliz\u00f3 el arranque del programa de vivienda p\u00fablica en&#8230;<\/p>\n","protected":false},"author":2,"featured_media":117661,"comment_status":"open","ping_status":"open","sticky":false,"template":"","format":"standard","meta":{"_monsterinsights_skip_tracking":false,"_monsterinsights_sitenote_active":false,"_monsterinsights_sitenote_note":"","_monsterinsights_sitenote_category":0,"footnotes":""},"categories":[55],"tags":[],"class_list":["post-117656","post","type-post","status-publish","format-standard","has-post-thumbnail","hentry","category-cdmx"],"yoast_head":"<!-- This site is optimized with the Yoast SEO plugin v27.3 - https:\/\/yoast.com\/product\/yoast-seo-wordpress\/ -->\n<title>Clara Brugada presenta proyecto de Vivienda p\u00fablica en renta, pagando 2 mil pesos mensuales una propuesta que reafirma el compromiso con el derecho a una vivienda digna y asequible -<\/title>\n<meta name=\"robots\" content=\"index, follow, max-snippet:-1, max-image-preview:large, max-video-preview:-1\" \/>\n<link rel=\"canonical\" href=\"https:\/\/quehacerpolitico.mx\/?p=117656\" \/>\n<meta property=\"og:locale\" content=\"es_MX\" \/>\n<meta property=\"og:type\" content=\"article\" \/>\n<meta property=\"og:title\" content=\"Clara Brugada presenta proyecto de Vivienda p\u00fablica en renta, pagando 2 mil pesos mensuales una propuesta que reafirma el compromiso con el derecho a una vivienda digna y asequible -\" \/>\n<meta property=\"og:description\" content=\"Por Redacci\u00f3n QP En CDMX se formaliz\u00f3 el arranque del programa de vivienda p\u00fablica en...\" \/>\n<meta property=\"og:url\" content=\"https:\/\/quehacerpolitico.mx\/?p=117656\" \/>\n<meta property=\"article:published_time\" content=\"2025-07-11T21:30:41+00:00\" \/>\n<meta property=\"article:modified_time\" content=\"2025-07-11T21:30:43+00:00\" \/>\n<meta property=\"og:image\" content=\"https:\/\/quehacerpolitico.mx\/wp-content\/uploads\/2025\/07\/IMG_1675-1.jpeg\" \/>\n\t<meta property=\"og:image:width\" content=\"2048\" \/>\n\t<meta property=\"og:image:height\" content=\"1366\" \/>\n\t<meta property=\"og:image:type\" content=\"image\/jpeg\" \/>\n<meta name=\"author\" content=\"Redacci\u00f3n QP\" \/>\n<meta name=\"twitter:card\" content=\"summary_large_image\" \/>\n<meta name=\"twitter:label1\" content=\"Escrito por\" \/>\n\t<meta name=\"twitter:data1\" content=\"Redacci\u00f3n QP\" \/>\n\t<meta name=\"twitter:label2\" content=\"Tiempo de lectura\" \/>\n\t<meta name=\"twitter:data2\" content=\"4 minutos\" \/>\n<script type=\"application\/ld+json\" class=\"yoast-schema-graph\">{\"@context\":\"https:\\\/\\\/schema.org\",\"@graph\":[{\"@type\":\"Article\",\"@id\":\"https:\\\/\\\/quehacerpolitico.mx\\\/?p=117656#article\",\"isPartOf\":{\"@id\":\"https:\\\/\\\/quehacerpolitico.mx\\\/?p=117656\"},\"author\":{\"name\":\"Redacci\u00f3n QP\",\"@id\":\"https:\\\/\\\/quehacerpolitico.mx\\\/#\\\/schema\\\/person\\\/496d8ad2d1d3f8036101dca7ee39e585\"},\"headline\":\"Clara Brugada presenta proyecto de Vivienda p\u00fablica en renta, pagando 2 mil pesos mensuales una propuesta que reafirma el compromiso con el derecho a una vivienda digna y asequible\",\"datePublished\":\"2025-07-11T21:30:41+00:00\",\"dateModified\":\"2025-07-11T21:30:43+00:00\",\"mainEntityOfPage\":{\"@id\":\"https:\\\/\\\/quehacerpolitico.mx\\\/?p=117656\"},\"wordCount\":773,\"commentCount\":0,\"image\":{\"@id\":\"https:\\\/\\\/quehacerpolitico.mx\\\/?p=117656#primaryimage\"},\"thumbnailUrl\":\"https:\\\/\\\/quehacerpolitico.mx\\\/wp-content\\\/uploads\\\/2025\\\/07\\\/IMG_1675-1.jpeg\",\"articleSection\":[\"CDMX\"],\"inLanguage\":\"es\",\"potentialAction\":[{\"@type\":\"CommentAction\",\"name\":\"Comment\",\"target\":[\"https:\\\/\\\/quehacerpolitico.mx\\\/?p=117656#respond\"]}]},{\"@type\":\"WebPage\",\"@id\":\"https:\\\/\\\/quehacerpolitico.mx\\\/?p=117656\",\"url\":\"https:\\\/\\\/quehacerpolitico.mx\\\/?p=117656\",\"name\":\"Clara Brugada presenta proyecto de Vivienda p\u00fablica en renta, pagando 2 mil pesos mensuales una propuesta que reafirma el compromiso con el derecho a una vivienda digna y asequible -\",\"isPartOf\":{\"@id\":\"https:\\\/\\\/quehacerpolitico.mx\\\/#website\"},\"primaryImageOfPage\":{\"@id\":\"https:\\\/\\\/quehacerpolitico.mx\\\/?p=117656#primaryimage\"},\"image\":{\"@id\":\"https:\\\/\\\/quehacerpolitico.mx\\\/?p=117656#primaryimage\"},\"thumbnailUrl\":\"https:\\\/\\\/quehacerpolitico.mx\\\/wp-content\\\/uploads\\\/2025\\\/07\\\/IMG_1675-1.jpeg\",\"datePublished\":\"2025-07-11T21:30:41+00:00\",\"dateModified\":\"2025-07-11T21:30:43+00:00\",\"author\":{\"@id\":\"https:\\\/\\\/quehacerpolitico.mx\\\/#\\\/schema\\\/person\\\/496d8ad2d1d3f8036101dca7ee39e585\"},\"breadcrumb\":{\"@id\":\"https:\\\/\\\/quehacerpolitico.mx\\\/?p=117656#breadcrumb\"},\"inLanguage\":\"es\",\"potentialAction\":[{\"@type\":\"ReadAction\",\"target\":[\"https:\\\/\\\/quehacerpolitico.mx\\\/?p=117656\"]}]},{\"@type\":\"ImageObject\",\"inLanguage\":\"es\",\"@id\":\"https:\\\/\\\/quehacerpolitico.mx\\\/?p=117656#primaryimage\",\"url\":\"https:\\\/\\\/quehacerpolitico.mx\\\/wp-content\\\/uploads\\\/2025\\\/07\\\/IMG_1675-1.jpeg\",\"contentUrl\":\"https:\\\/\\\/quehacerpolitico.mx\\\/wp-content\\\/uploads\\\/2025\\\/07\\\/IMG_1675-1.jpeg\",\"width\":2048,\"height\":1366},{\"@type\":\"BreadcrumbList\",\"@id\":\"https:\\\/\\\/quehacerpolitico.mx\\\/?p=117656#breadcrumb\",\"itemListElement\":[{\"@type\":\"ListItem\",\"position\":1,\"name\":\"Inicio\",\"item\":\"https:\\\/\\\/quehacerpolitico.mx\\\/\"},{\"@type\":\"ListItem\",\"position\":2,\"name\":\"Clara Brugada presenta proyecto de Vivienda p\u00fablica en renta, pagando 2 mil pesos mensuales una propuesta que reafirma el compromiso con el derecho a una vivienda digna y asequible\"}]},{\"@type\":\"WebSite\",\"@id\":\"https:\\\/\\\/quehacerpolitico.mx\\\/#website\",\"url\":\"https:\\\/\\\/quehacerpolitico.mx\\\/\",\"name\":\"\",\"description\":\"\",\"potentialAction\":[{\"@type\":\"SearchAction\",\"target\":{\"@type\":\"EntryPoint\",\"urlTemplate\":\"https:\\\/\\\/quehacerpolitico.mx\\\/?s={search_term_string}\"},\"query-input\":{\"@type\":\"PropertyValueSpecification\",\"valueRequired\":true,\"valueName\":\"search_term_string\"}}],\"inLanguage\":\"es\"},{\"@type\":\"Person\",\"@id\":\"https:\\\/\\\/quehacerpolitico.mx\\\/#\\\/schema\\\/person\\\/496d8ad2d1d3f8036101dca7ee39e585\",\"name\":\"Redacci\u00f3n QP\",\"image\":{\"@type\":\"ImageObject\",\"inLanguage\":\"es\",\"@id\":\"https:\\\/\\\/secure.gravatar.com\\\/avatar\\\/c7164ed6fdec453195284ad24a5ae5b6e1eed2b848477fa2a4787ba9adf39a41?s=96&d=mm&r=g\",\"url\":\"https:\\\/\\\/secure.gravatar.com\\\/avatar\\\/c7164ed6fdec453195284ad24a5ae5b6e1eed2b848477fa2a4787ba9adf39a41?s=96&d=mm&r=g\",\"contentUrl\":\"https:\\\/\\\/secure.gravatar.com\\\/avatar\\\/c7164ed6fdec453195284ad24a5ae5b6e1eed2b848477fa2a4787ba9adf39a41?s=96&d=mm&r=g\",\"caption\":\"Redacci\u00f3n QP\"},\"url\":\"https:\\\/\\\/quehacerpolitico.mx\\\/?author=2\"}]}<\/script>\n<!-- \/ Yoast SEO plugin. -->","yoast_head_json":{"title":"Clara Brugada presenta proyecto de Vivienda p\u00fablica en renta, pagando 2 mil pesos mensuales una propuesta que reafirma el compromiso con el derecho a una vivienda digna y asequible -","robots":{"index":"index","follow":"follow","max-snippet":"max-snippet:-1","max-image-preview":"max-image-preview:large","max-video-preview":"max-video-preview:-1"},"canonical":"https:\/\/quehacerpolitico.mx\/?p=117656","og_locale":"es_MX","og_type":"article","og_title":"Clara Brugada presenta proyecto de Vivienda p\u00fablica en renta, pagando 2 mil pesos mensuales una propuesta que reafirma el compromiso con el derecho a una vivienda digna y asequible -","og_description":"Por Redacci\u00f3n QP En CDMX se formaliz\u00f3 el arranque del programa de vivienda p\u00fablica en...","og_url":"https:\/\/quehacerpolitico.mx\/?p=117656","article_published_time":"2025-07-11T21:30:41+00:00","article_modified_time":"2025-07-11T21:30:43+00:00","og_image":[{"width":2048,"height":1366,"url":"https:\/\/quehacerpolitico.mx\/wp-content\/uploads\/2025\/07\/IMG_1675-1.jpeg","type":"image\/jpeg"}],"author":"Redacci\u00f3n QP","twitter_card":"summary_large_image","twitter_misc":{"Escrito por":"Redacci\u00f3n QP","Tiempo de lectura":"4 minutos"},"schema":{"@context":"https:\/\/schema.org","@graph":[{"@type":"Article","@id":"https:\/\/quehacerpolitico.mx\/?p=117656#article","isPartOf":{"@id":"https:\/\/quehacerpolitico.mx\/?p=117656"},"author":{"name":"Redacci\u00f3n QP","@id":"https:\/\/quehacerpolitico.mx\/#\/schema\/person\/496d8ad2d1d3f8036101dca7ee39e585"},"headline":"Clara Brugada presenta proyecto de Vivienda p\u00fablica en renta, pagando 2 mil pesos mensuales una propuesta que reafirma el compromiso con el derecho a una vivienda digna y asequible","datePublished":"2025-07-11T21:30:41+00:00","dateModified":"2025-07-11T21:30:43+00:00","mainEntityOfPage":{"@id":"https:\/\/quehacerpolitico.mx\/?p=117656"},"wordCount":773,"commentCount":0,"image":{"@id":"https:\/\/quehacerpolitico.mx\/?p=117656#primaryimage"},"thumbnailUrl":"https:\/\/quehacerpolitico.mx\/wp-content\/uploads\/2025\/07\/IMG_1675-1.jpeg","articleSection":["CDMX"],"inLanguage":"es","potentialAction":[{"@type":"CommentAction","name":"Comment","target":["https:\/\/quehacerpolitico.mx\/?p=117656#respond"]}]},{"@type":"WebPage","@id":"https:\/\/quehacerpolitico.mx\/?p=117656","url":"https:\/\/quehacerpolitico.mx\/?p=117656","name":"Clara Brugada presenta proyecto de Vivienda p\u00fablica en renta, pagando 2 mil pesos mensuales una propuesta que reafirma el compromiso con el derecho a una vivienda digna y asequible -","isPartOf":{"@id":"https:\/\/quehacerpolitico.mx\/#website"},"primaryImageOfPage":{"@id":"https:\/\/quehacerpolitico.mx\/?p=117656#primaryimage"},"image":{"@id":"https:\/\/quehacerpolitico.mx\/?p=117656#primaryimage"},"thumbnailUrl":"https:\/\/quehacerpolitico.mx\/wp-content\/uploads\/2025\/07\/IMG_1675-1.jpeg","datePublished":"2025-07-11T21:30:41+00:00","dateModified":"2025-07-11T21:30:43+00:00","author":{"@id":"https:\/\/quehacerpolitico.mx\/#\/schema\/person\/496d8ad2d1d3f8036101dca7ee39e585"},"breadcrumb":{"@id":"https:\/\/quehacerpolitico.mx\/?p=117656#breadcrumb"},"inLanguage":"es","potentialAction":[{"@type":"ReadAction","target":["https:\/\/quehacerpolitico.mx\/?p=117656"]}]},{"@type":"ImageObject","inLanguage":"es","@id":"https:\/\/quehacerpolitico.mx\/?p=117656#primaryimage","url":"https:\/\/quehacerpolitico.mx\/wp-content\/uploads\/2025\/07\/IMG_1675-1.jpeg","contentUrl":"https:\/\/quehacerpolitico.mx\/wp-content\/uploads\/2025\/07\/IMG_1675-1.jpeg","width":2048,"height":1366},{"@type":"BreadcrumbList","@id":"https:\/\/quehacerpolitico.mx\/?p=117656#breadcrumb","itemListElement":[{"@type":"ListItem","position":1,"name":"Inicio","item":"https:\/\/quehacerpolitico.mx\/"},{"@type":"ListItem","position":2,"name":"Clara Brugada presenta proyecto de Vivienda p\u00fablica en renta, pagando 2 mil pesos mensuales una propuesta que reafirma el compromiso con el derecho a una vivienda digna y asequible"}]},{"@type":"WebSite","@id":"https:\/\/quehacerpolitico.mx\/#website","url":"https:\/\/quehacerpolitico.mx\/","name":"","description":"","potentialAction":[{"@type":"SearchAction","target":{"@type":"EntryPoint","urlTemplate":"https:\/\/quehacerpolitico.mx\/?s={search_term_string}"},"query-input":{"@type":"PropertyValueSpecification","valueRequired":true,"valueName":"search_term_string"}}],"inLanguage":"es"},{"@type":"Person","@id":"https:\/\/quehacerpolitico.mx\/#\/schema\/person\/496d8ad2d1d3f8036101dca7ee39e585","name":"Redacci\u00f3n QP","image":{"@type":"ImageObject","inLanguage":"es","@id":"https:\/\/secure.gravatar.com\/avatar\/c7164ed6fdec453195284ad24a5ae5b6e1eed2b848477fa2a4787ba9adf39a41?s=96&d=mm&r=g","url":"https:\/\/secure.gravatar.com\/avatar\/c7164ed6fdec453195284ad24a5ae5b6e1eed2b848477fa2a4787ba9adf39a41?s=96&d=mm&r=g","contentUrl":"https:\/\/secure.gravatar.com\/avatar\/c7164ed6fdec453195284ad24a5ae5b6e1eed2b848477fa2a4787ba9adf39a41?s=96&d=mm&r=g","caption":"Redacci\u00f3n QP"},"url":"https:\/\/quehacerpolitico.mx\/?author=2"}]}},"featured_image_urls":{"full":["https:\/\/quehacerpolitico.mx\/wp-content\/uploads\/2025\/07\/IMG_1675-1.jpeg",2048,1366,false],"thumbnail":["https:\/\/quehacerpolitico.mx\/wp-content\/uploads\/2025\/07\/IMG_1675-1-150x150.jpeg",150,150,true],"medium":["https:\/\/quehacerpolitico.mx\/wp-content\/uploads\/2025\/07\/IMG_1675-1-300x200.jpeg",300,200,true],"medium_large":["https:\/\/quehacerpolitico.mx\/wp-content\/uploads\/2025\/07\/IMG_1675-1-768x512.jpeg",640,427,true],"large":["https:\/\/quehacerpolitico.mx\/wp-content\/uploads\/2025\/07\/IMG_1675-1-1024x683.jpeg",640,427,true],"1536x1536":["https:\/\/quehacerpolitico.mx\/wp-content\/uploads\/2025\/07\/IMG_1675-1-1536x1025.jpeg",1536,1025,true],"2048x2048":["https:\/\/quehacerpolitico.mx\/wp-content\/uploads\/2025\/07\/IMG_1675-1.jpeg",2048,1366,false],"covernews-featured":["https:\/\/quehacerpolitico.mx\/wp-content\/uploads\/2025\/07\/IMG_1675-1-1024x683.jpeg",1024,683,true],"covernews-medium":["https:\/\/quehacerpolitico.mx\/wp-content\/uploads\/2025\/07\/IMG_1675-1-540x340.jpeg",540,340,true]},"author_info":{"display_name":"Redacci\u00f3n QP","author_link":"https:\/\/quehacerpolitico.mx\/?author=2"},"category_info":"<a href=\"https:\/\/quehacerpolitico.mx\/?cat=55\" rel=\"category\">CDMX<\/a>","tag_info":"CDMX","comment_count":"0","_links":{"self":[{"href":"https:\/\/quehacerpolitico.mx\/index.php?rest_route=\/wp\/v2\/posts\/117656","targetHints":{"allow":["GET"]}}],"collection":[{"href":"https:\/\/quehacerpolitico.mx\/index.php?rest_route=\/wp\/v2\/posts"}],"about":[{"href":"https:\/\/quehacerpolitico.mx\/index.php?rest_route=\/wp\/v2\/types\/post"}],"author":[{"embeddable":true,"href":"https:\/\/quehacerpolitico.mx\/index.php?rest_route=\/wp\/v2\/users\/2"}],"replies":[{"embeddable":true,"href":"https:\/\/quehacerpolitico.mx\/index.php?rest_route=%2Fwp%2Fv2%2Fcomments&post=117656"}],"version-history":[{"count":1,"href":"https:\/\/quehacerpolitico.mx\/index.php?rest_route=\/wp\/v2\/posts\/117656\/revisions"}],"predecessor-version":[{"id":117662,"href":"https:\/\/quehacerpolitico.mx\/index.php?rest_route=\/wp\/v2\/posts\/117656\/revisions\/117662"}],"wp:featuredmedia":[{"embeddable":true,"href":"https:\/\/quehacerpolitico.mx\/index.php?rest_route=\/wp\/v2\/media\/117661"}],"wp:attachment":[{"href":"https:\/\/quehacerpolitico.mx\/index.php?rest_route=%2Fwp%2Fv2%2Fmedia&parent=117656"}],"wp:term":[{"taxonomy":"category","embeddable":true,"href":"https:\/\/quehacerpolitico.mx\/index.php?rest_route=%2Fwp%2Fv2%2Fcategories&post=117656"},{"taxonomy":"post_tag","embeddable":true,"href":"https:\/\/quehacerpolitico.mx\/index.php?rest_route=%2Fwp%2Fv2%2Ftags&post=117656"}],"curies":[{"name":"wp","href":"https:\/\/api.w.org\/{rel}","templated":true}]}}