{"id":117649,"date":"2025-07-11T15:06:26","date_gmt":"2025-07-11T21:06:26","guid":{"rendered":"https:\/\/quehacerpolitico.mx\/?p=117649"},"modified":"2025-07-11T15:06:29","modified_gmt":"2025-07-11T21:06:29","slug":"la-diana-cazadora-regresa-a-la-calle-genova-en-plena-zona-rosa","status":"publish","type":"post","link":"https:\/\/quehacerpolitico.mx\/?p=117649","title":{"rendered":"La Diana Cazadora regresa a la calle G\u00e9nova, en\u00a0plena Zona Rosa"},"content":{"rendered":"\n<p>Por Redacci\u00f3n QP<\/p>\n\n\n\n<p>Despu\u00e9s de varios a\u00f1os fuera de escena, La Diana Cazadora volvi\u00f3 a erguirse en la calle G\u00e9nova, en plena Zona Rosa.<\/p>\n\n\n\n<p>Despu\u00e9s de varios a\u00f1os fuera de escena,\u00a0<strong>La Diana Cazadora<\/strong>\u00a0volvi\u00f3 a erguirse en la calle G\u00e9nova, en\u00a0<strong>plena Zona Rosa<\/strong>, gracias a un trabajo conjunto entre la\u00a0<strong>alcald\u00eda Cuauht\u00e9moc<\/strong>, la\u00a0<strong>Secretar\u00eda de Planeaci\u00f3n, Ordenamiento Territorial y Coordinaci\u00f3n Metropolitana (Spotmet)\u00a0<\/strong>y la Asociaci\u00f3n de Comerciantes de la Zona Rosa (Acozoro),\u00a0Ciudad de M\u00e9xico.<\/p>\n\n\n\n<p>La figura ic\u00f3nica, que hab\u00eda sido retirada en 2019, luce renovada tras una restauraci\u00f3n a cargo del maestro Alejandro Flores. Su reinstalaci\u00f3n no es solo un asunto est\u00e9tico: forma parte de una estrategia para recuperar el espacio p\u00fablico y revitalizar el entorno urbano y comercial de esta zona emblem\u00e1tica de la ciudad.<\/p>\n\n\n\n<figure class=\"wp-block-gallery has-nested-images columns-default is-cropped wp-block-gallery-1 is-layout-flex wp-block-gallery-is-layout-flex\">\n<figure class=\"wp-block-image size-large\"><img loading=\"lazy\" decoding=\"async\" width=\"681\" height=\"1024\" data-id=\"117651\" src=\"https:\/\/quehacerpolitico.mx\/wp-content\/uploads\/2025\/07\/IMG_1669-681x1024.jpeg\" alt=\"\" class=\"wp-image-117651\" srcset=\"https:\/\/quehacerpolitico.mx\/wp-content\/uploads\/2025\/07\/IMG_1669-681x1024.jpeg 681w, https:\/\/quehacerpolitico.mx\/wp-content\/uploads\/2025\/07\/IMG_1669-200x300.jpeg 200w, https:\/\/quehacerpolitico.mx\/wp-content\/uploads\/2025\/07\/IMG_1669-768x1155.jpeg 768w, https:\/\/quehacerpolitico.mx\/wp-content\/uploads\/2025\/07\/IMG_1669-1022x1536.jpeg 1022w, https:\/\/quehacerpolitico.mx\/wp-content\/uploads\/2025\/07\/IMG_1669-1024x1540.jpeg 1024w, https:\/\/quehacerpolitico.mx\/wp-content\/uploads\/2025\/07\/IMG_1669.jpeg 1362w\" sizes=\"auto, (max-width: 681px) 100vw, 681px\" \/><\/figure>\n\n\n\n<figure class=\"wp-block-image size-large\"><img loading=\"lazy\" decoding=\"async\" width=\"683\" height=\"1024\" data-id=\"117652\" src=\"https:\/\/quehacerpolitico.mx\/wp-content\/uploads\/2025\/07\/IMG_1671-683x1024.jpeg\" alt=\"\" class=\"wp-image-117652\" srcset=\"https:\/\/quehacerpolitico.mx\/wp-content\/uploads\/2025\/07\/IMG_1671-683x1024.jpeg 683w, https:\/\/quehacerpolitico.mx\/wp-content\/uploads\/2025\/07\/IMG_1671-200x300.jpeg 200w, https:\/\/quehacerpolitico.mx\/wp-content\/uploads\/2025\/07\/IMG_1671-768x1151.jpeg 768w, https:\/\/quehacerpolitico.mx\/wp-content\/uploads\/2025\/07\/IMG_1671-1025x1536.jpeg 1025w, https:\/\/quehacerpolitico.mx\/wp-content\/uploads\/2025\/07\/IMG_1671-1024x1535.jpeg 1024w, https:\/\/quehacerpolitico.mx\/wp-content\/uploads\/2025\/07\/IMG_1671.jpeg 1366w\" sizes=\"auto, (max-width: 683px) 100vw, 683px\" \/><\/figure>\n<\/figure>\n\n\n\n<h2 class=\"wp-block-heading\"><strong>M\u00e1s que una escultura, un s\u00edmbolo<\/strong><\/h2>\n\n\n\n<p>Alessandra Rojo de la Vega, alcaldesa de Cuauht\u00e9moc, lider\u00f3 el evento y dej\u00f3 claro que devolverle su lugar a La Diana Cazadora es tambi\u00e9n devolver identidad y memoria a la zona.<\/p>\n\n\n\n<p><strong>\u201cEl espacio p\u00fablico es s\u00edmbolo, memoria, identidad compartida. Hoy devolvemos a su lugar a la Diana Cazadora\u201d, afirm\u00f3.<\/strong><\/p>\n\n\n\n<p>La alcaldesa tambi\u00e9n explic\u00f3 por qu\u00e9 La Diana figura en la imagen institucional de su gobierno:<\/p>\n\n\n\n<p><strong>\u201cLa Diana no desv\u00eda su flecha, no se arrodilla. Por eso la elegimos como imagen de nuestra administraci\u00f3n.\u201d<\/strong><\/p>\n\n\n\n<figure class=\"wp-block-gallery has-nested-images columns-default is-cropped wp-block-gallery-2 is-layout-flex wp-block-gallery-is-layout-flex\">\n<figure class=\"wp-block-image size-large\"><img loading=\"lazy\" decoding=\"async\" width=\"683\" height=\"1024\" data-id=\"117653\" src=\"https:\/\/quehacerpolitico.mx\/wp-content\/uploads\/2025\/07\/IMG_1672-683x1024.jpeg\" alt=\"\" class=\"wp-image-117653\" srcset=\"https:\/\/quehacerpolitico.mx\/wp-content\/uploads\/2025\/07\/IMG_1672-683x1024.jpeg 683w, https:\/\/quehacerpolitico.mx\/wp-content\/uploads\/2025\/07\/IMG_1672-200x300.jpeg 200w, https:\/\/quehacerpolitico.mx\/wp-content\/uploads\/2025\/07\/IMG_1672-768x1151.jpeg 768w, https:\/\/quehacerpolitico.mx\/wp-content\/uploads\/2025\/07\/IMG_1672-1025x1536.jpeg 1025w, https:\/\/quehacerpolitico.mx\/wp-content\/uploads\/2025\/07\/IMG_1672-1024x1535.jpeg 1024w, https:\/\/quehacerpolitico.mx\/wp-content\/uploads\/2025\/07\/IMG_1672.jpeg 1366w\" sizes=\"auto, (max-width: 683px) 100vw, 683px\" \/><\/figure>\n\n\n\n<figure class=\"wp-block-image size-large\"><img loading=\"lazy\" decoding=\"async\" width=\"681\" height=\"1024\" data-id=\"117654\" src=\"https:\/\/quehacerpolitico.mx\/wp-content\/uploads\/2025\/07\/IMG_1673-681x1024.jpeg\" alt=\"\" class=\"wp-image-117654\" srcset=\"https:\/\/quehacerpolitico.mx\/wp-content\/uploads\/2025\/07\/IMG_1673-681x1024.jpeg 681w, https:\/\/quehacerpolitico.mx\/wp-content\/uploads\/2025\/07\/IMG_1673-199x300.jpeg 199w, https:\/\/quehacerpolitico.mx\/wp-content\/uploads\/2025\/07\/IMG_1673-768x1155.jpeg 768w, https:\/\/quehacerpolitico.mx\/wp-content\/uploads\/2025\/07\/IMG_1673.jpeg 851w\" sizes=\"auto, (max-width: 681px) 100vw, 681px\" \/><\/figure>\n<\/figure>\n\n\n\n<h2 class=\"wp-block-heading\"><strong>Primer paso de un proyecto mayor<\/strong><\/h2>\n\n\n\n<p>Durante el acto, Alejandro Encinas Rodr\u00edguez, titular de Spotmet, adelant\u00f3 que esta acci\u00f3n es solo el inicio de un programa integral para rehabilitar la Zona Rosa, que arrancar\u00e1 formalmente en las pr\u00f3ximas semanas. La idea es mejorar tanto el aspecto urbano como el atractivo tur\u00edstico y comercial del lugar.<\/p>\n\n\n\n<p>Rojo de la Vega enfatiz\u00f3 que este esfuerzo no se queda en un solo evento:<\/p>\n\n\n\n<p><strong>\u201cEsto apenas empieza. Con Acozoro, con Spotmet, con comerciantes y vecinos, vamos a recuperar la Zona Rosa. Y lo vamos a hacer\u00a0con la misma firmeza con la que La Diana sostiene\u00a0su arco: apuntando alto, sin desviarnos.\u201d<\/strong><\/p>\n","protected":false},"excerpt":{"rendered":"<p>Por Redacci\u00f3n QP Despu\u00e9s de varios a\u00f1os fuera de escena, La Diana Cazadora volvi\u00f3 a&#8230;<\/p>\n","protected":false},"author":2,"featured_media":117650,"comment_status":"open","ping_status":"open","sticky":false,"template":"","format":"standard","meta":{"_monsterinsights_skip_tracking":false,"_monsterinsights_sitenote_active":false,"_monsterinsights_sitenote_note":"","_monsterinsights_sitenote_category":0,"footnotes":""},"categories":[55],"tags":[],"class_list":["post-117649","post","type-post","status-publish","format-standard","has-post-thumbnail","hentry","category-cdmx"],"yoast_head":"<!-- This site is optimized with the Yoast SEO plugin v27.3 - https:\/\/yoast.com\/product\/yoast-seo-wordpress\/ -->\n<title>La Diana Cazadora regresa a la calle G\u00e9nova, en\u00a0plena Zona Rosa -<\/title>\n<meta name=\"robots\" content=\"index, follow, max-snippet:-1, max-image-preview:large, max-video-preview:-1\" \/>\n<link rel=\"canonical\" href=\"https:\/\/quehacerpolitico.mx\/?p=117649\" \/>\n<meta property=\"og:locale\" content=\"es_MX\" \/>\n<meta property=\"og:type\" content=\"article\" \/>\n<meta property=\"og:title\" content=\"La Diana Cazadora regresa a la calle G\u00e9nova, en\u00a0plena Zona Rosa -\" \/>\n<meta property=\"og:description\" content=\"Por Redacci\u00f3n QP Despu\u00e9s de varios a\u00f1os fuera de escena, La Diana Cazadora volvi\u00f3 a...\" \/>\n<meta property=\"og:url\" content=\"https:\/\/quehacerpolitico.mx\/?p=117649\" \/>\n<meta property=\"article:published_time\" content=\"2025-07-11T21:06:26+00:00\" \/>\n<meta property=\"article:modified_time\" content=\"2025-07-11T21:06:29+00:00\" \/>\n<meta property=\"og:image\" content=\"https:\/\/quehacerpolitico.mx\/wp-content\/uploads\/2025\/07\/IMG_1670.jpeg\" \/>\n\t<meta property=\"og:image:width\" content=\"2048\" \/>\n\t<meta property=\"og:image:height\" content=\"1366\" \/>\n\t<meta property=\"og:image:type\" content=\"image\/jpeg\" \/>\n<meta name=\"author\" content=\"Redacci\u00f3n QP\" \/>\n<meta name=\"twitter:card\" content=\"summary_large_image\" \/>\n<meta name=\"twitter:label1\" content=\"Escrito por\" \/>\n\t<meta name=\"twitter:data1\" content=\"Redacci\u00f3n QP\" \/>\n\t<meta name=\"twitter:label2\" content=\"Tiempo de lectura\" \/>\n\t<meta name=\"twitter:data2\" content=\"2 minutos\" \/>\n<script type=\"application\/ld+json\" class=\"yoast-schema-graph\">{\"@context\":\"https:\\\/\\\/schema.org\",\"@graph\":[{\"@type\":\"Article\",\"@id\":\"https:\\\/\\\/quehacerpolitico.mx\\\/?p=117649#article\",\"isPartOf\":{\"@id\":\"https:\\\/\\\/quehacerpolitico.mx\\\/?p=117649\"},\"author\":{\"name\":\"Redacci\u00f3n QP\",\"@id\":\"https:\\\/\\\/quehacerpolitico.mx\\\/#\\\/schema\\\/person\\\/496d8ad2d1d3f8036101dca7ee39e585\"},\"headline\":\"La Diana Cazadora regresa a la calle G\u00e9nova, en\u00a0plena Zona Rosa\",\"datePublished\":\"2025-07-11T21:06:26+00:00\",\"dateModified\":\"2025-07-11T21:06:29+00:00\",\"mainEntityOfPage\":{\"@id\":\"https:\\\/\\\/quehacerpolitico.mx\\\/?p=117649\"},\"wordCount\":372,\"commentCount\":0,\"image\":{\"@id\":\"https:\\\/\\\/quehacerpolitico.mx\\\/?p=117649#primaryimage\"},\"thumbnailUrl\":\"https:\\\/\\\/quehacerpolitico.mx\\\/wp-content\\\/uploads\\\/2025\\\/07\\\/IMG_1670.jpeg\",\"articleSection\":[\"CDMX\"],\"inLanguage\":\"es\",\"potentialAction\":[{\"@type\":\"CommentAction\",\"name\":\"Comment\",\"target\":[\"https:\\\/\\\/quehacerpolitico.mx\\\/?p=117649#respond\"]}]},{\"@type\":\"WebPage\",\"@id\":\"https:\\\/\\\/quehacerpolitico.mx\\\/?p=117649\",\"url\":\"https:\\\/\\\/quehacerpolitico.mx\\\/?p=117649\",\"name\":\"La Diana Cazadora regresa a la calle G\u00e9nova, en\u00a0plena Zona Rosa -\",\"isPartOf\":{\"@id\":\"https:\\\/\\\/quehacerpolitico.mx\\\/#website\"},\"primaryImageOfPage\":{\"@id\":\"https:\\\/\\\/quehacerpolitico.mx\\\/?p=117649#primaryimage\"},\"image\":{\"@id\":\"https:\\\/\\\/quehacerpolitico.mx\\\/?p=117649#primaryimage\"},\"thumbnailUrl\":\"https:\\\/\\\/quehacerpolitico.mx\\\/wp-content\\\/uploads\\\/2025\\\/07\\\/IMG_1670.jpeg\",\"datePublished\":\"2025-07-11T21:06:26+00:00\",\"dateModified\":\"2025-07-11T21:06:29+00:00\",\"author\":{\"@id\":\"https:\\\/\\\/quehacerpolitico.mx\\\/#\\\/schema\\\/person\\\/496d8ad2d1d3f8036101dca7ee39e585\"},\"breadcrumb\":{\"@id\":\"https:\\\/\\\/quehacerpolitico.mx\\\/?p=117649#breadcrumb\"},\"inLanguage\":\"es\",\"potentialAction\":[{\"@type\":\"ReadAction\",\"target\":[\"https:\\\/\\\/quehacerpolitico.mx\\\/?p=117649\"]}]},{\"@type\":\"ImageObject\",\"inLanguage\":\"es\",\"@id\":\"https:\\\/\\\/quehacerpolitico.mx\\\/?p=117649#primaryimage\",\"url\":\"https:\\\/\\\/quehacerpolitico.mx\\\/wp-content\\\/uploads\\\/2025\\\/07\\\/IMG_1670.jpeg\",\"contentUrl\":\"https:\\\/\\\/quehacerpolitico.mx\\\/wp-content\\\/uploads\\\/2025\\\/07\\\/IMG_1670.jpeg\",\"width\":2048,\"height\":1366},{\"@type\":\"BreadcrumbList\",\"@id\":\"https:\\\/\\\/quehacerpolitico.mx\\\/?p=117649#breadcrumb\",\"itemListElement\":[{\"@type\":\"ListItem\",\"position\":1,\"name\":\"Inicio\",\"item\":\"https:\\\/\\\/quehacerpolitico.mx\\\/\"},{\"@type\":\"ListItem\",\"position\":2,\"name\":\"La Diana Cazadora regresa a la calle G\u00e9nova, en\u00a0plena Zona Rosa\"}]},{\"@type\":\"WebSite\",\"@id\":\"https:\\\/\\\/quehacerpolitico.mx\\\/#website\",\"url\":\"https:\\\/\\\/quehacerpolitico.mx\\\/\",\"name\":\"\",\"description\":\"\",\"potentialAction\":[{\"@type\":\"SearchAction\",\"target\":{\"@type\":\"EntryPoint\",\"urlTemplate\":\"https:\\\/\\\/quehacerpolitico.mx\\\/?s={search_term_string}\"},\"query-input\":{\"@type\":\"PropertyValueSpecification\",\"valueRequired\":true,\"valueName\":\"search_term_string\"}}],\"inLanguage\":\"es\"},{\"@type\":\"Person\",\"@id\":\"https:\\\/\\\/quehacerpolitico.mx\\\/#\\\/schema\\\/person\\\/496d8ad2d1d3f8036101dca7ee39e585\",\"name\":\"Redacci\u00f3n QP\",\"image\":{\"@type\":\"ImageObject\",\"inLanguage\":\"es\",\"@id\":\"https:\\\/\\\/secure.gravatar.com\\\/avatar\\\/c7164ed6fdec453195284ad24a5ae5b6e1eed2b848477fa2a4787ba9adf39a41?s=96&d=mm&r=g\",\"url\":\"https:\\\/\\\/secure.gravatar.com\\\/avatar\\\/c7164ed6fdec453195284ad24a5ae5b6e1eed2b848477fa2a4787ba9adf39a41?s=96&d=mm&r=g\",\"contentUrl\":\"https:\\\/\\\/secure.gravatar.com\\\/avatar\\\/c7164ed6fdec453195284ad24a5ae5b6e1eed2b848477fa2a4787ba9adf39a41?s=96&d=mm&r=g\",\"caption\":\"Redacci\u00f3n QP\"},\"url\":\"https:\\\/\\\/quehacerpolitico.mx\\\/?author=2\"}]}<\/script>\n<!-- \/ Yoast SEO plugin. -->","yoast_head_json":{"title":"La Diana Cazadora regresa a la calle G\u00e9nova, en\u00a0plena Zona Rosa -","robots":{"index":"index","follow":"follow","max-snippet":"max-snippet:-1","max-image-preview":"max-image-preview:large","max-video-preview":"max-video-preview:-1"},"canonical":"https:\/\/quehacerpolitico.mx\/?p=117649","og_locale":"es_MX","og_type":"article","og_title":"La Diana Cazadora regresa a la calle G\u00e9nova, en\u00a0plena Zona Rosa -","og_description":"Por Redacci\u00f3n QP Despu\u00e9s de varios a\u00f1os fuera de escena, La Diana Cazadora volvi\u00f3 a...","og_url":"https:\/\/quehacerpolitico.mx\/?p=117649","article_published_time":"2025-07-11T21:06:26+00:00","article_modified_time":"2025-07-11T21:06:29+00:00","og_image":[{"width":2048,"height":1366,"url":"https:\/\/quehacerpolitico.mx\/wp-content\/uploads\/2025\/07\/IMG_1670.jpeg","type":"image\/jpeg"}],"author":"Redacci\u00f3n QP","twitter_card":"summary_large_image","twitter_misc":{"Escrito por":"Redacci\u00f3n QP","Tiempo de lectura":"2 minutos"},"schema":{"@context":"https:\/\/schema.org","@graph":[{"@type":"Article","@id":"https:\/\/quehacerpolitico.mx\/?p=117649#article","isPartOf":{"@id":"https:\/\/quehacerpolitico.mx\/?p=117649"},"author":{"name":"Redacci\u00f3n QP","@id":"https:\/\/quehacerpolitico.mx\/#\/schema\/person\/496d8ad2d1d3f8036101dca7ee39e585"},"headline":"La Diana Cazadora regresa a la calle G\u00e9nova, en\u00a0plena Zona Rosa","datePublished":"2025-07-11T21:06:26+00:00","dateModified":"2025-07-11T21:06:29+00:00","mainEntityOfPage":{"@id":"https:\/\/quehacerpolitico.mx\/?p=117649"},"wordCount":372,"commentCount":0,"image":{"@id":"https:\/\/quehacerpolitico.mx\/?p=117649#primaryimage"},"thumbnailUrl":"https:\/\/quehacerpolitico.mx\/wp-content\/uploads\/2025\/07\/IMG_1670.jpeg","articleSection":["CDMX"],"inLanguage":"es","potentialAction":[{"@type":"CommentAction","name":"Comment","target":["https:\/\/quehacerpolitico.mx\/?p=117649#respond"]}]},{"@type":"WebPage","@id":"https:\/\/quehacerpolitico.mx\/?p=117649","url":"https:\/\/quehacerpolitico.mx\/?p=117649","name":"La Diana Cazadora regresa a la calle G\u00e9nova, en\u00a0plena Zona Rosa -","isPartOf":{"@id":"https:\/\/quehacerpolitico.mx\/#website"},"primaryImageOfPage":{"@id":"https:\/\/quehacerpolitico.mx\/?p=117649#primaryimage"},"image":{"@id":"https:\/\/quehacerpolitico.mx\/?p=117649#primaryimage"},"thumbnailUrl":"https:\/\/quehacerpolitico.mx\/wp-content\/uploads\/2025\/07\/IMG_1670.jpeg","datePublished":"2025-07-11T21:06:26+00:00","dateModified":"2025-07-11T21:06:29+00:00","author":{"@id":"https:\/\/quehacerpolitico.mx\/#\/schema\/person\/496d8ad2d1d3f8036101dca7ee39e585"},"breadcrumb":{"@id":"https:\/\/quehacerpolitico.mx\/?p=117649#breadcrumb"},"inLanguage":"es","potentialAction":[{"@type":"ReadAction","target":["https:\/\/quehacerpolitico.mx\/?p=117649"]}]},{"@type":"ImageObject","inLanguage":"es","@id":"https:\/\/quehacerpolitico.mx\/?p=117649#primaryimage","url":"https:\/\/quehacerpolitico.mx\/wp-content\/uploads\/2025\/07\/IMG_1670.jpeg","contentUrl":"https:\/\/quehacerpolitico.mx\/wp-content\/uploads\/2025\/07\/IMG_1670.jpeg","width":2048,"height":1366},{"@type":"BreadcrumbList","@id":"https:\/\/quehacerpolitico.mx\/?p=117649#breadcrumb","itemListElement":[{"@type":"ListItem","position":1,"name":"Inicio","item":"https:\/\/quehacerpolitico.mx\/"},{"@type":"ListItem","position":2,"name":"La Diana Cazadora regresa a la calle G\u00e9nova, en\u00a0plena Zona Rosa"}]},{"@type":"WebSite","@id":"https:\/\/quehacerpolitico.mx\/#website","url":"https:\/\/quehacerpolitico.mx\/","name":"","description":"","potentialAction":[{"@type":"SearchAction","target":{"@type":"EntryPoint","urlTemplate":"https:\/\/quehacerpolitico.mx\/?s={search_term_string}"},"query-input":{"@type":"PropertyValueSpecification","valueRequired":true,"valueName":"search_term_string"}}],"inLanguage":"es"},{"@type":"Person","@id":"https:\/\/quehacerpolitico.mx\/#\/schema\/person\/496d8ad2d1d3f8036101dca7ee39e585","name":"Redacci\u00f3n QP","image":{"@type":"ImageObject","inLanguage":"es","@id":"https:\/\/secure.gravatar.com\/avatar\/c7164ed6fdec453195284ad24a5ae5b6e1eed2b848477fa2a4787ba9adf39a41?s=96&d=mm&r=g","url":"https:\/\/secure.gravatar.com\/avatar\/c7164ed6fdec453195284ad24a5ae5b6e1eed2b848477fa2a4787ba9adf39a41?s=96&d=mm&r=g","contentUrl":"https:\/\/secure.gravatar.com\/avatar\/c7164ed6fdec453195284ad24a5ae5b6e1eed2b848477fa2a4787ba9adf39a41?s=96&d=mm&r=g","caption":"Redacci\u00f3n QP"},"url":"https:\/\/quehacerpolitico.mx\/?author=2"}]}},"featured_image_urls":{"full":["https:\/\/quehacerpolitico.mx\/wp-content\/uploads\/2025\/07\/IMG_1670.jpeg",2048,1366,false],"thumbnail":["https:\/\/quehacerpolitico.mx\/wp-content\/uploads\/2025\/07\/IMG_1670-150x150.jpeg",150,150,true],"medium":["https:\/\/quehacerpolitico.mx\/wp-content\/uploads\/2025\/07\/IMG_1670-300x200.jpeg",300,200,true],"medium_large":["https:\/\/quehacerpolitico.mx\/wp-content\/uploads\/2025\/07\/IMG_1670-768x512.jpeg",640,427,true],"large":["https:\/\/quehacerpolitico.mx\/wp-content\/uploads\/2025\/07\/IMG_1670-1024x683.jpeg",640,427,true],"1536x1536":["https:\/\/quehacerpolitico.mx\/wp-content\/uploads\/2025\/07\/IMG_1670-1536x1025.jpeg",1536,1025,true],"2048x2048":["https:\/\/quehacerpolitico.mx\/wp-content\/uploads\/2025\/07\/IMG_1670.jpeg",2048,1366,false],"covernews-featured":["https:\/\/quehacerpolitico.mx\/wp-content\/uploads\/2025\/07\/IMG_1670-1024x683.jpeg",1024,683,true],"covernews-medium":["https:\/\/quehacerpolitico.mx\/wp-content\/uploads\/2025\/07\/IMG_1670-540x340.jpeg",540,340,true]},"author_info":{"display_name":"Redacci\u00f3n QP","author_link":"https:\/\/quehacerpolitico.mx\/?author=2"},"category_info":"<a href=\"https:\/\/quehacerpolitico.mx\/?cat=55\" rel=\"category\">CDMX<\/a>","tag_info":"CDMX","comment_count":"0","_links":{"self":[{"href":"https:\/\/quehacerpolitico.mx\/index.php?rest_route=\/wp\/v2\/posts\/117649","targetHints":{"allow":["GET"]}}],"collection":[{"href":"https:\/\/quehacerpolitico.mx\/index.php?rest_route=\/wp\/v2\/posts"}],"about":[{"href":"https:\/\/quehacerpolitico.mx\/index.php?rest_route=\/wp\/v2\/types\/post"}],"author":[{"embeddable":true,"href":"https:\/\/quehacerpolitico.mx\/index.php?rest_route=\/wp\/v2\/users\/2"}],"replies":[{"embeddable":true,"href":"https:\/\/quehacerpolitico.mx\/index.php?rest_route=%2Fwp%2Fv2%2Fcomments&post=117649"}],"version-history":[{"count":1,"href":"https:\/\/quehacerpolitico.mx\/index.php?rest_route=\/wp\/v2\/posts\/117649\/revisions"}],"predecessor-version":[{"id":117655,"href":"https:\/\/quehacerpolitico.mx\/index.php?rest_route=\/wp\/v2\/posts\/117649\/revisions\/117655"}],"wp:featuredmedia":[{"embeddable":true,"href":"https:\/\/quehacerpolitico.mx\/index.php?rest_route=\/wp\/v2\/media\/117650"}],"wp:attachment":[{"href":"https:\/\/quehacerpolitico.mx\/index.php?rest_route=%2Fwp%2Fv2%2Fmedia&parent=117649"}],"wp:term":[{"taxonomy":"category","embeddable":true,"href":"https:\/\/quehacerpolitico.mx\/index.php?rest_route=%2Fwp%2Fv2%2Fcategories&post=117649"},{"taxonomy":"post_tag","embeddable":true,"href":"https:\/\/quehacerpolitico.mx\/index.php?rest_route=%2Fwp%2Fv2%2Ftags&post=117649"}],"curies":[{"name":"wp","href":"https:\/\/api.w.org\/{rel}","templated":true}]}}