{"id":117638,"date":"2025-07-11T14:13:57","date_gmt":"2025-07-11T20:13:57","guid":{"rendered":"https:\/\/quehacerpolitico.mx\/?p=117638"},"modified":"2025-07-11T14:13:59","modified_gmt":"2025-07-11T20:13:59","slug":"andrea-bocelli-sorprende-al-presentarse-en-una-misa-en-la-isla-de-capri-al-sur-de-italia-cantando-el-ave-maria-de-schubert","status":"publish","type":"post","link":"https:\/\/quehacerpolitico.mx\/?p=117638","title":{"rendered":"Andrea Bocelli sorprende al presentarse en una misa en la isla de Capri al sur de Italia, cantando el Ave Mar\u00eda de Schubert"},"content":{"rendered":"\n<p>Por Redacci\u00f3n QP<\/p>\n\n\n\n<p>El artista apareci\u00f3 de forma espont\u00e1nea en la iglesia local y sorprendi\u00f3 al interpretar el Ave Mar\u00eda, generando emoci\u00f3n entre los fieles y el sacerdote.<\/p>\n\n\n\n<p>El tenor italiano&nbsp;<strong>Andrea Bocelli&nbsp;<\/strong>protagoniz\u00f3 este lunes un momento inolvidable para los asistentes de una misa en la&nbsp;<strong>isla de Capri, al sur de Italia.<\/strong><\/p>\n\n\n\n<p>Y es que en plena ceremonia religiosa, el artista apareci\u00f3 de forma espont\u00e1nea en la iglesia local y sorprendi\u00f3 a los presentes al interpretar el&nbsp;<strong>Ave Mar\u00eda de Schubert<\/strong>, generando una profunda emoci\u00f3n entre los fieles y el sacerdote.<\/p>\n\n\n\n<p>Vestido informalmente, con bermudas, chomba azul y gafas oscuras,&nbsp;<strong>Bocelli&nbsp;<\/strong>ofreci\u00f3 su talento sin previo aviso, convirtiendo una misa ordinaria en una experiencia extraordinaria.<\/p>\n\n\n\n<p>La escena fue captada por varios asistentes con sus celulares, y r\u00e1pidamente los videos comenzaron a viralizarse en redes sociales.<\/p>\n\n\n\n<p>En la plataforma X, las reacciones no tardaron en multiplicarse: \u201cSiempre me hace llorar\u201d, \u201cAsombroso\u201d y \u201cEsta canci\u00f3n calienta mi coraz\u00f3n\u201d, fueron algunos de los comentarios que reflejan la admiraci\u00f3n del p\u00fablico.<\/p>\n\n\n\n<p>Muchos destacaron tambi\u00e9n que la interpretaci\u00f3n fue<strong>&nbsp;completamente gratuita<\/strong>, lo que a\u00f1adi\u00f3 a\u00fan m\u00e1s valor al inesperado regalo musical.<\/p>\n\n\n\n<p>La intervenci\u00f3n espont\u00e1nea de Bocelli fue calificada como un \u201cmilagro\u201d por algunos medios italianos.<\/p>\n\n\n\n<figure class=\"wp-block-image\"><img decoding=\"async\" src=\"https:\/\/www.excelsior.com.mx\/660x495\/filters:format(webp):quality(75)\/\/media\/inside-the-note\/pictures\/2025\/07\/11\/carlos-salarios-estados-unidos_-_2025-07-11t115903.098.jpg\" alt=\"Imagen intermedia\" title=\"Imagen Intermedia\"\/><\/figure>\n\n\n\n<h2 class=\"wp-block-heading\">\u00bfCu\u00e1les son las pr\u00f3ximas fechas de la gira mundial de Andrea Bocelli?<\/h2>\n\n\n\n<p>Andrea Bocelli, considerado uno de los tenores m\u00e1s importantes del mundo, contin\u00faa con una intensa agenda profesional.<\/p>\n\n\n\n<p>En el marco de su gira de verano 2025, se presentar\u00e1 en su emblem\u00e1tico&nbsp;<strong>Teatro del Silenzio<\/strong>, en su pueblo natal de&nbsp;<strong>Lajatico, en la Toscana<\/strong>, los d\u00edas 22 y 26 de julio.<\/p>\n\n\n\n<p>Luego actuar\u00e1 en el&nbsp;<strong>Hotel Romazzino en Porto Cervo, Cerde\u00f1a<\/strong>, el 9 de agosto.<\/p>\n\n\n\n<p>La gira continuar\u00e1 en septiembre con presentaciones en la<strong>&nbsp;Registan Square de Samarcanda (Uzbekist\u00e1n)<\/strong>, el&nbsp;<strong>Tipos Arena de Bratislava (Eslovaquia)&nbsp;<\/strong>y la&nbsp;<strong>Pia\u021ba Constitu\u021biei de Bucarest (Ruman\u00eda).<\/strong><\/p>\n\n\n\n<p>En oto\u00f1o e invierno, Bocelli cruzar\u00e1 el Atl\u00e1ntico para presentarse en 13 conciertos en&nbsp;<strong>Estados Unidos y Canad\u00e1<\/strong>, incluyendo dos noches en el&nbsp;<strong>Madison Square Garden de Nueva York,&nbsp;<\/strong>y paradas en ciudades como&nbsp;<strong>Orlando, Atlanta, Detroit, Boston, Washington DC y Miami,<\/strong>&nbsp;entre otras.<\/p>\n\n\n\n<figure class=\"wp-block-image\"><img decoding=\"async\" src=\"https:\/\/www.excelsior.com.mx\/660x495\/filters:format(webp):quality(75)\/\/media\/inside-the-note\/pictures\/2025\/07\/11\/carlos-salarios-estados-unidos_-_2025-07-11t120150.411.jpg\" alt=\"Imagen intermedia\" title=\"Imagen Intermedia\"\/><\/figure>\n\n\n\n<h2 class=\"wp-block-heading\">Andrea Bocelli: Una vida dedicada a la m\u00fasica<\/h2>\n\n\n\n<p>Andrea Bocelli naci\u00f3 el&nbsp;<strong>22 de septiembre de 1958 en Lajatico, Italia.<\/strong>&nbsp;Perdi\u00f3 la visi\u00f3n de forma total a los 12 a\u00f1os, debido a un accidente agravado por un glaucoma cong\u00e9nito.<\/p>\n\n\n\n<p>A pesar de ello, su pasi\u00f3n por la m\u00fasica lo llev\u00f3 a estudiar canto y a convertirse en una de las voces m\u00e1s reconocidas del panorama l\u00edrico internacional.<\/p>\n\n\n\n<p>Ha vendido m\u00e1s de 90 millones de discos y ha colaborado con artistas como&nbsp;<strong>Celine Dion, Sarah Brightman, Ed Sheeran y Ariana Grande.<\/strong><\/p>\n\n\n\n<p>Hoy, a sus 66 a\u00f1os,&nbsp;<strong>Bocelli&nbsp;<\/strong>combina una exitosa carrera internacional con una presencia activa en redes sociales y causas ben\u00e9ficas. Su actuaci\u00f3n espont\u00e1nea en Capri es una muestra m\u00e1s de que su m\u00fasica sigue emocionando y sorprendiendo, incluso en los lugares m\u00e1s inesperados.<\/p>\n\n\n\n<figure class=\"wp-block-embed is-type-rich is-provider-twitter wp-block-embed-twitter\"><div class=\"wp-block-embed__wrapper\">\n<blockquote class=\"twitter-tweet\" data-width=\"550\" data-dnt=\"true\"><p lang=\"en\" dir=\"ltr\">You\u2019re at Mass on holiday in Capri (I know that\u2019s a stretch for American friends, but quite normal for us Brits) &amp; Andrea Bocelli sings Ave Maria during Mass! Blown away!<a href=\"https:\/\/t.co\/HSUggVd8p6\">pic.twitter.com\/HSUggVd8p6<\/a><\/p>&mdash; Mark (@sitsio) <a href=\"https:\/\/twitter.com\/sitsio\/status\/1943054300470472878?ref_src=twsrc%5Etfw\">July 9, 2025<\/a><\/blockquote><script async src=\"https:\/\/platform.twitter.com\/widgets.js\" charset=\"utf-8\"><\/script>\n<\/div><\/figure>\n","protected":false},"excerpt":{"rendered":"<p>Por Redacci\u00f3n QP El artista apareci\u00f3 de forma espont\u00e1nea en la iglesia local y sorprendi\u00f3&#8230;<\/p>\n","protected":false},"author":2,"featured_media":117639,"comment_status":"open","ping_status":"open","sticky":false,"template":"","format":"standard","meta":{"_monsterinsights_skip_tracking":false,"_monsterinsights_sitenote_active":false,"_monsterinsights_sitenote_note":"","_monsterinsights_sitenote_category":0,"footnotes":""},"categories":[58],"tags":[],"class_list":["post-117638","post","type-post","status-publish","format-standard","has-post-thumbnail","hentry","category-cultura"],"yoast_head":"<!-- This site is optimized with the Yoast SEO plugin v27.3 - https:\/\/yoast.com\/product\/yoast-seo-wordpress\/ -->\n<title>Andrea Bocelli sorprende al presentarse en una misa en la isla de Capri al sur de Italia, cantando el Ave Mar\u00eda de Schubert -<\/title>\n<meta name=\"robots\" content=\"index, follow, max-snippet:-1, max-image-preview:large, max-video-preview:-1\" \/>\n<link rel=\"canonical\" href=\"https:\/\/quehacerpolitico.mx\/?p=117638\" \/>\n<meta property=\"og:locale\" content=\"es_MX\" \/>\n<meta property=\"og:type\" content=\"article\" \/>\n<meta property=\"og:title\" content=\"Andrea Bocelli sorprende al presentarse en una misa en la isla de Capri al sur de Italia, cantando el Ave Mar\u00eda de Schubert -\" \/>\n<meta property=\"og:description\" content=\"Por Redacci\u00f3n QP El artista apareci\u00f3 de forma espont\u00e1nea en la iglesia local y sorprendi\u00f3...\" \/>\n<meta property=\"og:url\" content=\"https:\/\/quehacerpolitico.mx\/?p=117638\" \/>\n<meta property=\"article:published_time\" content=\"2025-07-11T20:13:57+00:00\" \/>\n<meta property=\"article:modified_time\" content=\"2025-07-11T20:13:59+00:00\" \/>\n<meta property=\"og:image\" content=\"https:\/\/quehacerpolitico.mx\/wp-content\/uploads\/2025\/07\/IMG_1661.jpeg\" \/>\n\t<meta property=\"og:image:width\" content=\"1170\" \/>\n\t<meta property=\"og:image:height\" content=\"728\" \/>\n\t<meta property=\"og:image:type\" content=\"image\/jpeg\" \/>\n<meta name=\"author\" content=\"Redacci\u00f3n QP\" \/>\n<meta name=\"twitter:card\" content=\"summary_large_image\" \/>\n<meta name=\"twitter:label1\" content=\"Escrito por\" \/>\n\t<meta name=\"twitter:data1\" content=\"Redacci\u00f3n QP\" \/>\n\t<meta name=\"twitter:label2\" content=\"Tiempo de lectura\" \/>\n\t<meta name=\"twitter:data2\" content=\"3 minutos\" \/>\n<script type=\"application\/ld+json\" class=\"yoast-schema-graph\">{\"@context\":\"https:\\\/\\\/schema.org\",\"@graph\":[{\"@type\":\"Article\",\"@id\":\"https:\\\/\\\/quehacerpolitico.mx\\\/?p=117638#article\",\"isPartOf\":{\"@id\":\"https:\\\/\\\/quehacerpolitico.mx\\\/?p=117638\"},\"author\":{\"name\":\"Redacci\u00f3n QP\",\"@id\":\"https:\\\/\\\/quehacerpolitico.mx\\\/#\\\/schema\\\/person\\\/496d8ad2d1d3f8036101dca7ee39e585\"},\"headline\":\"Andrea Bocelli sorprende al presentarse en una misa en la isla de Capri al sur de Italia, cantando el Ave Mar\u00eda de Schubert\",\"datePublished\":\"2025-07-11T20:13:57+00:00\",\"dateModified\":\"2025-07-11T20:13:59+00:00\",\"mainEntityOfPage\":{\"@id\":\"https:\\\/\\\/quehacerpolitico.mx\\\/?p=117638\"},\"wordCount\":575,\"commentCount\":0,\"image\":{\"@id\":\"https:\\\/\\\/quehacerpolitico.mx\\\/?p=117638#primaryimage\"},\"thumbnailUrl\":\"https:\\\/\\\/quehacerpolitico.mx\\\/wp-content\\\/uploads\\\/2025\\\/07\\\/IMG_1661.jpeg\",\"articleSection\":[\"Cultura y Entretenimiento\"],\"inLanguage\":\"es\",\"potentialAction\":[{\"@type\":\"CommentAction\",\"name\":\"Comment\",\"target\":[\"https:\\\/\\\/quehacerpolitico.mx\\\/?p=117638#respond\"]}]},{\"@type\":\"WebPage\",\"@id\":\"https:\\\/\\\/quehacerpolitico.mx\\\/?p=117638\",\"url\":\"https:\\\/\\\/quehacerpolitico.mx\\\/?p=117638\",\"name\":\"Andrea Bocelli sorprende al presentarse en una misa en la isla de Capri al sur de Italia, cantando el Ave Mar\u00eda de Schubert -\",\"isPartOf\":{\"@id\":\"https:\\\/\\\/quehacerpolitico.mx\\\/#website\"},\"primaryImageOfPage\":{\"@id\":\"https:\\\/\\\/quehacerpolitico.mx\\\/?p=117638#primaryimage\"},\"image\":{\"@id\":\"https:\\\/\\\/quehacerpolitico.mx\\\/?p=117638#primaryimage\"},\"thumbnailUrl\":\"https:\\\/\\\/quehacerpolitico.mx\\\/wp-content\\\/uploads\\\/2025\\\/07\\\/IMG_1661.jpeg\",\"datePublished\":\"2025-07-11T20:13:57+00:00\",\"dateModified\":\"2025-07-11T20:13:59+00:00\",\"author\":{\"@id\":\"https:\\\/\\\/quehacerpolitico.mx\\\/#\\\/schema\\\/person\\\/496d8ad2d1d3f8036101dca7ee39e585\"},\"breadcrumb\":{\"@id\":\"https:\\\/\\\/quehacerpolitico.mx\\\/?p=117638#breadcrumb\"},\"inLanguage\":\"es\",\"potentialAction\":[{\"@type\":\"ReadAction\",\"target\":[\"https:\\\/\\\/quehacerpolitico.mx\\\/?p=117638\"]}]},{\"@type\":\"ImageObject\",\"inLanguage\":\"es\",\"@id\":\"https:\\\/\\\/quehacerpolitico.mx\\\/?p=117638#primaryimage\",\"url\":\"https:\\\/\\\/quehacerpolitico.mx\\\/wp-content\\\/uploads\\\/2025\\\/07\\\/IMG_1661.jpeg\",\"contentUrl\":\"https:\\\/\\\/quehacerpolitico.mx\\\/wp-content\\\/uploads\\\/2025\\\/07\\\/IMG_1661.jpeg\",\"width\":1170,\"height\":728,\"caption\":\"Screenshot\"},{\"@type\":\"BreadcrumbList\",\"@id\":\"https:\\\/\\\/quehacerpolitico.mx\\\/?p=117638#breadcrumb\",\"itemListElement\":[{\"@type\":\"ListItem\",\"position\":1,\"name\":\"Inicio\",\"item\":\"https:\\\/\\\/quehacerpolitico.mx\\\/\"},{\"@type\":\"ListItem\",\"position\":2,\"name\":\"Andrea Bocelli sorprende al presentarse en una misa en la isla de Capri al sur de Italia, cantando el Ave Mar\u00eda de Schubert\"}]},{\"@type\":\"WebSite\",\"@id\":\"https:\\\/\\\/quehacerpolitico.mx\\\/#website\",\"url\":\"https:\\\/\\\/quehacerpolitico.mx\\\/\",\"name\":\"\",\"description\":\"\",\"potentialAction\":[{\"@type\":\"SearchAction\",\"target\":{\"@type\":\"EntryPoint\",\"urlTemplate\":\"https:\\\/\\\/quehacerpolitico.mx\\\/?s={search_term_string}\"},\"query-input\":{\"@type\":\"PropertyValueSpecification\",\"valueRequired\":true,\"valueName\":\"search_term_string\"}}],\"inLanguage\":\"es\"},{\"@type\":\"Person\",\"@id\":\"https:\\\/\\\/quehacerpolitico.mx\\\/#\\\/schema\\\/person\\\/496d8ad2d1d3f8036101dca7ee39e585\",\"name\":\"Redacci\u00f3n QP\",\"image\":{\"@type\":\"ImageObject\",\"inLanguage\":\"es\",\"@id\":\"https:\\\/\\\/secure.gravatar.com\\\/avatar\\\/c7164ed6fdec453195284ad24a5ae5b6e1eed2b848477fa2a4787ba9adf39a41?s=96&d=mm&r=g\",\"url\":\"https:\\\/\\\/secure.gravatar.com\\\/avatar\\\/c7164ed6fdec453195284ad24a5ae5b6e1eed2b848477fa2a4787ba9adf39a41?s=96&d=mm&r=g\",\"contentUrl\":\"https:\\\/\\\/secure.gravatar.com\\\/avatar\\\/c7164ed6fdec453195284ad24a5ae5b6e1eed2b848477fa2a4787ba9adf39a41?s=96&d=mm&r=g\",\"caption\":\"Redacci\u00f3n QP\"},\"url\":\"https:\\\/\\\/quehacerpolitico.mx\\\/?author=2\"}]}<\/script>\n<!-- \/ Yoast SEO plugin. -->","yoast_head_json":{"title":"Andrea Bocelli sorprende al presentarse en una misa en la isla de Capri al sur de Italia, cantando el Ave Mar\u00eda de Schubert -","robots":{"index":"index","follow":"follow","max-snippet":"max-snippet:-1","max-image-preview":"max-image-preview:large","max-video-preview":"max-video-preview:-1"},"canonical":"https:\/\/quehacerpolitico.mx\/?p=117638","og_locale":"es_MX","og_type":"article","og_title":"Andrea Bocelli sorprende al presentarse en una misa en la isla de Capri al sur de Italia, cantando el Ave Mar\u00eda de Schubert -","og_description":"Por Redacci\u00f3n QP El artista apareci\u00f3 de forma espont\u00e1nea en la iglesia local y sorprendi\u00f3...","og_url":"https:\/\/quehacerpolitico.mx\/?p=117638","article_published_time":"2025-07-11T20:13:57+00:00","article_modified_time":"2025-07-11T20:13:59+00:00","og_image":[{"width":1170,"height":728,"url":"https:\/\/quehacerpolitico.mx\/wp-content\/uploads\/2025\/07\/IMG_1661.jpeg","type":"image\/jpeg"}],"author":"Redacci\u00f3n QP","twitter_card":"summary_large_image","twitter_misc":{"Escrito por":"Redacci\u00f3n QP","Tiempo de lectura":"3 minutos"},"schema":{"@context":"https:\/\/schema.org","@graph":[{"@type":"Article","@id":"https:\/\/quehacerpolitico.mx\/?p=117638#article","isPartOf":{"@id":"https:\/\/quehacerpolitico.mx\/?p=117638"},"author":{"name":"Redacci\u00f3n QP","@id":"https:\/\/quehacerpolitico.mx\/#\/schema\/person\/496d8ad2d1d3f8036101dca7ee39e585"},"headline":"Andrea Bocelli sorprende al presentarse en una misa en la isla de Capri al sur de Italia, cantando el Ave Mar\u00eda de Schubert","datePublished":"2025-07-11T20:13:57+00:00","dateModified":"2025-07-11T20:13:59+00:00","mainEntityOfPage":{"@id":"https:\/\/quehacerpolitico.mx\/?p=117638"},"wordCount":575,"commentCount":0,"image":{"@id":"https:\/\/quehacerpolitico.mx\/?p=117638#primaryimage"},"thumbnailUrl":"https:\/\/quehacerpolitico.mx\/wp-content\/uploads\/2025\/07\/IMG_1661.jpeg","articleSection":["Cultura y Entretenimiento"],"inLanguage":"es","potentialAction":[{"@type":"CommentAction","name":"Comment","target":["https:\/\/quehacerpolitico.mx\/?p=117638#respond"]}]},{"@type":"WebPage","@id":"https:\/\/quehacerpolitico.mx\/?p=117638","url":"https:\/\/quehacerpolitico.mx\/?p=117638","name":"Andrea Bocelli sorprende al presentarse en una misa en la isla de Capri al sur de Italia, cantando el Ave Mar\u00eda de Schubert -","isPartOf":{"@id":"https:\/\/quehacerpolitico.mx\/#website"},"primaryImageOfPage":{"@id":"https:\/\/quehacerpolitico.mx\/?p=117638#primaryimage"},"image":{"@id":"https:\/\/quehacerpolitico.mx\/?p=117638#primaryimage"},"thumbnailUrl":"https:\/\/quehacerpolitico.mx\/wp-content\/uploads\/2025\/07\/IMG_1661.jpeg","datePublished":"2025-07-11T20:13:57+00:00","dateModified":"2025-07-11T20:13:59+00:00","author":{"@id":"https:\/\/quehacerpolitico.mx\/#\/schema\/person\/496d8ad2d1d3f8036101dca7ee39e585"},"breadcrumb":{"@id":"https:\/\/quehacerpolitico.mx\/?p=117638#breadcrumb"},"inLanguage":"es","potentialAction":[{"@type":"ReadAction","target":["https:\/\/quehacerpolitico.mx\/?p=117638"]}]},{"@type":"ImageObject","inLanguage":"es","@id":"https:\/\/quehacerpolitico.mx\/?p=117638#primaryimage","url":"https:\/\/quehacerpolitico.mx\/wp-content\/uploads\/2025\/07\/IMG_1661.jpeg","contentUrl":"https:\/\/quehacerpolitico.mx\/wp-content\/uploads\/2025\/07\/IMG_1661.jpeg","width":1170,"height":728,"caption":"Screenshot"},{"@type":"BreadcrumbList","@id":"https:\/\/quehacerpolitico.mx\/?p=117638#breadcrumb","itemListElement":[{"@type":"ListItem","position":1,"name":"Inicio","item":"https:\/\/quehacerpolitico.mx\/"},{"@type":"ListItem","position":2,"name":"Andrea Bocelli sorprende al presentarse en una misa en la isla de Capri al sur de Italia, cantando el Ave Mar\u00eda de Schubert"}]},{"@type":"WebSite","@id":"https:\/\/quehacerpolitico.mx\/#website","url":"https:\/\/quehacerpolitico.mx\/","name":"","description":"","potentialAction":[{"@type":"SearchAction","target":{"@type":"EntryPoint","urlTemplate":"https:\/\/quehacerpolitico.mx\/?s={search_term_string}"},"query-input":{"@type":"PropertyValueSpecification","valueRequired":true,"valueName":"search_term_string"}}],"inLanguage":"es"},{"@type":"Person","@id":"https:\/\/quehacerpolitico.mx\/#\/schema\/person\/496d8ad2d1d3f8036101dca7ee39e585","name":"Redacci\u00f3n QP","image":{"@type":"ImageObject","inLanguage":"es","@id":"https:\/\/secure.gravatar.com\/avatar\/c7164ed6fdec453195284ad24a5ae5b6e1eed2b848477fa2a4787ba9adf39a41?s=96&d=mm&r=g","url":"https:\/\/secure.gravatar.com\/avatar\/c7164ed6fdec453195284ad24a5ae5b6e1eed2b848477fa2a4787ba9adf39a41?s=96&d=mm&r=g","contentUrl":"https:\/\/secure.gravatar.com\/avatar\/c7164ed6fdec453195284ad24a5ae5b6e1eed2b848477fa2a4787ba9adf39a41?s=96&d=mm&r=g","caption":"Redacci\u00f3n QP"},"url":"https:\/\/quehacerpolitico.mx\/?author=2"}]}},"featured_image_urls":{"full":["https:\/\/quehacerpolitico.mx\/wp-content\/uploads\/2025\/07\/IMG_1661.jpeg",1170,728,false],"thumbnail":["https:\/\/quehacerpolitico.mx\/wp-content\/uploads\/2025\/07\/IMG_1661-150x150.jpeg",150,150,true],"medium":["https:\/\/quehacerpolitico.mx\/wp-content\/uploads\/2025\/07\/IMG_1661-300x187.jpeg",300,187,true],"medium_large":["https:\/\/quehacerpolitico.mx\/wp-content\/uploads\/2025\/07\/IMG_1661-768x478.jpeg",640,398,true],"large":["https:\/\/quehacerpolitico.mx\/wp-content\/uploads\/2025\/07\/IMG_1661-1024x637.jpeg",640,398,true],"1536x1536":["https:\/\/quehacerpolitico.mx\/wp-content\/uploads\/2025\/07\/IMG_1661.jpeg",1170,728,false],"2048x2048":["https:\/\/quehacerpolitico.mx\/wp-content\/uploads\/2025\/07\/IMG_1661.jpeg",1170,728,false],"covernews-featured":["https:\/\/quehacerpolitico.mx\/wp-content\/uploads\/2025\/07\/IMG_1661-1024x637.jpeg",1024,637,true],"covernews-medium":["https:\/\/quehacerpolitico.mx\/wp-content\/uploads\/2025\/07\/IMG_1661-540x340.jpeg",540,340,true]},"author_info":{"display_name":"Redacci\u00f3n QP","author_link":"https:\/\/quehacerpolitico.mx\/?author=2"},"category_info":"<a href=\"https:\/\/quehacerpolitico.mx\/?cat=58\" rel=\"category\">Cultura y Entretenimiento<\/a>","tag_info":"Cultura y Entretenimiento","comment_count":"0","_links":{"self":[{"href":"https:\/\/quehacerpolitico.mx\/index.php?rest_route=\/wp\/v2\/posts\/117638","targetHints":{"allow":["GET"]}}],"collection":[{"href":"https:\/\/quehacerpolitico.mx\/index.php?rest_route=\/wp\/v2\/posts"}],"about":[{"href":"https:\/\/quehacerpolitico.mx\/index.php?rest_route=\/wp\/v2\/types\/post"}],"author":[{"embeddable":true,"href":"https:\/\/quehacerpolitico.mx\/index.php?rest_route=\/wp\/v2\/users\/2"}],"replies":[{"embeddable":true,"href":"https:\/\/quehacerpolitico.mx\/index.php?rest_route=%2Fwp%2Fv2%2Fcomments&post=117638"}],"version-history":[{"count":1,"href":"https:\/\/quehacerpolitico.mx\/index.php?rest_route=\/wp\/v2\/posts\/117638\/revisions"}],"predecessor-version":[{"id":117640,"href":"https:\/\/quehacerpolitico.mx\/index.php?rest_route=\/wp\/v2\/posts\/117638\/revisions\/117640"}],"wp:featuredmedia":[{"embeddable":true,"href":"https:\/\/quehacerpolitico.mx\/index.php?rest_route=\/wp\/v2\/media\/117639"}],"wp:attachment":[{"href":"https:\/\/quehacerpolitico.mx\/index.php?rest_route=%2Fwp%2Fv2%2Fmedia&parent=117638"}],"wp:term":[{"taxonomy":"category","embeddable":true,"href":"https:\/\/quehacerpolitico.mx\/index.php?rest_route=%2Fwp%2Fv2%2Fcategories&post=117638"},{"taxonomy":"post_tag","embeddable":true,"href":"https:\/\/quehacerpolitico.mx\/index.php?rest_route=%2Fwp%2Fv2%2Ftags&post=117638"}],"curies":[{"name":"wp","href":"https:\/\/api.w.org\/{rel}","templated":true}]}}