{"id":117634,"date":"2025-07-11T13:47:21","date_gmt":"2025-07-11T19:47:21","guid":{"rendered":"https:\/\/quehacerpolitico.mx\/?p=117634"},"modified":"2025-07-11T13:49:14","modified_gmt":"2025-07-11T19:49:14","slug":"sobre-ovidio-el-juicio-de-esta-persona-es-el-juicio-de-esta-persona-sheinbaum-evita-hablar-del-juicio-de-ovid","status":"publish","type":"post","link":"https:\/\/quehacerpolitico.mx\/?p=117634","title":{"rendered":"Sobre Ovidio: &#8220;El juicio de esta persona es el juicio de esta persona&#8221; Sheinbaum evita hablar del juicio de ovidio"},"content":{"rendered":"\n<p>Por Redacci\u00f3n QP<\/p>\n\n\n\n<p>En conferencia de prensa, le preguntaron a la mandataria sobre una posible reacci\u00f3n de la oposici\u00f3n por los se\u00f1alamientos que &#8220;El Rat\u00f3n&#8221; podr\u00eda hacer, a lo que la mandataria contest\u00f3 que la oposici\u00f3n va a decir cualquier cosa<\/p>\n\n\n\n<p>La presidenta&nbsp;<strong>Claudia Sheinbaum&nbsp;<\/strong>evit\u00f3 hablar este viernes sobre la&nbsp;<strong>audiencia de&nbsp;Ovidio Guzm\u00e1n L\u00f3pez<\/strong>,&nbsp;alias &#8220;El Rat\u00f3n&#8221;, en la que se declarar\u00e1 culpable despu\u00e9s de&nbsp;llegar a un acuerdo&nbsp;con el gobierno de Estados Unidos y reiter\u00f3 que hab\u00eda falta de coherencia por parte de las autoridades estadounidenses.&nbsp;<\/p>\n\n\n\n<p>En conferencia de prensa, le preguntaron a la mandataria sobre una posible reacci\u00f3n de la oposici\u00f3n por los se\u00f1alamientos que el hijo de\u00a0<strong>Joaqu\u00edn Guzm\u00e1n Loera<\/strong>, alias &#8220;El Chapo&#8221;, podr\u00eda hacer en su audiencia programada para este viernes, a lo que se limit\u00f3 a decir que &#8220;la oposici\u00f3n va a decir cualquier cosa&#8221;.<\/p>\n\n\n\n<figure class=\"wp-block-embed is-type-rich is-provider-twitter wp-block-embed-twitter\"><div class=\"wp-block-embed__wrapper\">\n<blockquote class=\"twitter-tweet\" data-width=\"550\" data-dnt=\"true\"><p lang=\"es\" dir=\"ltr\">\ud83d\udea8<a href=\"https:\/\/twitter.com\/hashtag\/LaMa%C3%B1anera?src=hash&amp;ref_src=twsrc%5Etfw\">#LaMa\u00f1anera<\/a> La presidenta Claudia Sheinbaum opin\u00f3 sobre el juicio de Ovidio Guzm\u00e1n en Estados Unidos y destac\u00f3 la falta de coherencia en la pol\u00edtica de ese pa\u00eds al considerar terroristas a grupos del crimen organizado.<br><br>A\u00f1adi\u00f3 que lo dem\u00e1s forma parte del proceso judicial.\u2026 <a href=\"https:\/\/t.co\/RCxUWihUtC\">pic.twitter.com\/RCxUWihUtC<\/a><\/p>&mdash; Azucena Uresti (@azucenau) <a href=\"https:\/\/twitter.com\/azucenau\/status\/1943679481840886161?ref_src=twsrc%5Etfw\">July 11, 2025<\/a><\/blockquote><script async src=\"https:\/\/platform.twitter.com\/widgets.js\" charset=\"utf-8\"><\/script>\n<\/div><\/figure>\n\n\n\n<p>De esa manera, Sheinbaum lo ejemplific\u00f3 con la &#8220;molestia de la oposici\u00f3n&#8221;&nbsp;tras la presentaci\u00f3n de los chocolates del Bienestar, ya que seg\u00fan la presidenta, es un programa para apoyar a los campesinos de M\u00e9xico; posteriormente explic\u00f3 los beneficios del producto durante varios minutos.<\/p>\n\n\n\n<p>&#8220;En fin, de igual manera, lo que digamos les va a molestar&#8221;, dijo.&nbsp;<\/p>\n\n\n\n<p>Despu\u00e9s&nbsp;afirm\u00f3 que hab\u00eda&nbsp;<strong>falta de coherencia&nbsp;<\/strong>por parte del gobierno de Estados Unidos al nombrar terroristas a las organizaciones de la delincuencia organizada y despu\u00e9s hacer negociaciones con ellos.&nbsp;<\/p>\n\n\n\n<p>&#8220;Sobre el juicio de esta persona (Ovidio Guzm\u00e1n) no es el juicio de esta persona, lo que nosotros decimos es m\u00e1s bien los&nbsp;<strong>criterios<\/strong>&nbsp;que se est\u00e1n dando y la falta de coherencia en la pol\u00edtica de all\u00e1, al nombrar terroristas a las organizaciones de la delincuencia organizada. Todo lo dem\u00e1s, pues es parte de un juicio&#8221;, declar\u00f3.<\/p>\n\n\n\n<p>Asimismo, Sheinbaum volvi\u00f3 a solicitar informaci\u00f3n&nbsp;al&nbsp;<strong>Departamento de Justicia&nbsp;<\/strong>sobre la detenci\u00f3n de Joaqu\u00edn Guzm\u00e1n L\u00f3pez, hermano de &#8220;El Rat\u00f3n&#8221;, e Ismael Zambada, alias &#8220;El Mayo&#8221; y enfatiz\u00f3 que su administraci\u00f3n<strong>&nbsp;no defiende a los hombres acusados de narcotr\u00e1fico en Estados Unidos.&nbsp;<\/strong><\/p>\n\n\n\n<p>La mandataria tambi\u00e9n afirm\u00f3 que Estados Unidos debe de aclarar la situaci\u00f3n&nbsp;por lo que signific\u00f3 para&nbsp;<strong>Sinaloa<\/strong>, donde estall\u00f3 una pugna entre la facci\u00f3n de &#8220;Los Mayos&#8221; y &#8220;Los Chapos&#8221; por el control del C\u00e1rtel de Sinaloa.&nbsp;<\/p>\n","protected":false},"excerpt":{"rendered":"<p>Por Redacci\u00f3n QP En conferencia de prensa, le preguntaron a la mandataria sobre una posible&#8230;<\/p>\n","protected":false},"author":2,"featured_media":117635,"comment_status":"open","ping_status":"open","sticky":false,"template":"","format":"standard","meta":{"_monsterinsights_skip_tracking":false,"_monsterinsights_sitenote_active":false,"_monsterinsights_sitenote_note":"","_monsterinsights_sitenote_category":0,"footnotes":""},"categories":[280,2],"tags":[],"class_list":["post-117634","post","type-post","status-publish","format-standard","has-post-thumbnail","hentry","category-nacionales","category-noticias"],"yoast_head":"<!-- This site is optimized with the Yoast SEO plugin v27.3 - https:\/\/yoast.com\/product\/yoast-seo-wordpress\/ -->\n<title>Sobre Ovidio: &quot;El juicio de esta persona es el juicio de esta persona&quot; Sheinbaum evita hablar del juicio de ovidio -<\/title>\n<meta name=\"robots\" content=\"index, follow, max-snippet:-1, max-image-preview:large, max-video-preview:-1\" \/>\n<link rel=\"canonical\" href=\"https:\/\/quehacerpolitico.mx\/?p=117634\" \/>\n<meta property=\"og:locale\" content=\"es_MX\" \/>\n<meta property=\"og:type\" content=\"article\" \/>\n<meta property=\"og:title\" content=\"Sobre Ovidio: &quot;El juicio de esta persona es el juicio de esta persona&quot; Sheinbaum evita hablar del juicio de ovidio -\" \/>\n<meta property=\"og:description\" content=\"Por Redacci\u00f3n QP En conferencia de prensa, le preguntaron a la mandataria sobre una posible...\" \/>\n<meta property=\"og:url\" content=\"https:\/\/quehacerpolitico.mx\/?p=117634\" \/>\n<meta property=\"article:published_time\" content=\"2025-07-11T19:47:21+00:00\" \/>\n<meta property=\"article:modified_time\" content=\"2025-07-11T19:49:14+00:00\" \/>\n<meta property=\"og:image\" content=\"https:\/\/quehacerpolitico.mx\/wp-content\/uploads\/2025\/07\/IMG_1659.jpeg\" \/>\n\t<meta property=\"og:image:width\" content=\"1170\" \/>\n\t<meta property=\"og:image:height\" content=\"646\" \/>\n\t<meta property=\"og:image:type\" content=\"image\/jpeg\" \/>\n<meta name=\"author\" content=\"Redacci\u00f3n QP\" \/>\n<meta name=\"twitter:card\" content=\"summary_large_image\" \/>\n<meta name=\"twitter:label1\" content=\"Escrito por\" \/>\n\t<meta name=\"twitter:data1\" content=\"Redacci\u00f3n QP\" \/>\n\t<meta name=\"twitter:label2\" content=\"Tiempo de lectura\" \/>\n\t<meta name=\"twitter:data2\" content=\"2 minutos\" \/>\n<script type=\"application\/ld+json\" class=\"yoast-schema-graph\">{\"@context\":\"https:\\\/\\\/schema.org\",\"@graph\":[{\"@type\":\"Article\",\"@id\":\"https:\\\/\\\/quehacerpolitico.mx\\\/?p=117634#article\",\"isPartOf\":{\"@id\":\"https:\\\/\\\/quehacerpolitico.mx\\\/?p=117634\"},\"author\":{\"name\":\"Redacci\u00f3n QP\",\"@id\":\"https:\\\/\\\/quehacerpolitico.mx\\\/#\\\/schema\\\/person\\\/496d8ad2d1d3f8036101dca7ee39e585\"},\"headline\":\"Sobre Ovidio: &#8220;El juicio de esta persona es el juicio de esta persona&#8221; Sheinbaum evita hablar del juicio de ovidio\",\"datePublished\":\"2025-07-11T19:47:21+00:00\",\"dateModified\":\"2025-07-11T19:49:14+00:00\",\"mainEntityOfPage\":{\"@id\":\"https:\\\/\\\/quehacerpolitico.mx\\\/?p=117634\"},\"wordCount\":462,\"commentCount\":0,\"image\":{\"@id\":\"https:\\\/\\\/quehacerpolitico.mx\\\/?p=117634#primaryimage\"},\"thumbnailUrl\":\"https:\\\/\\\/quehacerpolitico.mx\\\/wp-content\\\/uploads\\\/2025\\\/07\\\/IMG_1659.jpeg\",\"articleSection\":[\"Nacionales\",\"Noticias\"],\"inLanguage\":\"es\",\"potentialAction\":[{\"@type\":\"CommentAction\",\"name\":\"Comment\",\"target\":[\"https:\\\/\\\/quehacerpolitico.mx\\\/?p=117634#respond\"]}]},{\"@type\":\"WebPage\",\"@id\":\"https:\\\/\\\/quehacerpolitico.mx\\\/?p=117634\",\"url\":\"https:\\\/\\\/quehacerpolitico.mx\\\/?p=117634\",\"name\":\"Sobre Ovidio: \\\"El juicio de esta persona es el juicio de esta persona\\\" Sheinbaum evita hablar del juicio de ovidio -\",\"isPartOf\":{\"@id\":\"https:\\\/\\\/quehacerpolitico.mx\\\/#website\"},\"primaryImageOfPage\":{\"@id\":\"https:\\\/\\\/quehacerpolitico.mx\\\/?p=117634#primaryimage\"},\"image\":{\"@id\":\"https:\\\/\\\/quehacerpolitico.mx\\\/?p=117634#primaryimage\"},\"thumbnailUrl\":\"https:\\\/\\\/quehacerpolitico.mx\\\/wp-content\\\/uploads\\\/2025\\\/07\\\/IMG_1659.jpeg\",\"datePublished\":\"2025-07-11T19:47:21+00:00\",\"dateModified\":\"2025-07-11T19:49:14+00:00\",\"author\":{\"@id\":\"https:\\\/\\\/quehacerpolitico.mx\\\/#\\\/schema\\\/person\\\/496d8ad2d1d3f8036101dca7ee39e585\"},\"breadcrumb\":{\"@id\":\"https:\\\/\\\/quehacerpolitico.mx\\\/?p=117634#breadcrumb\"},\"inLanguage\":\"es\",\"potentialAction\":[{\"@type\":\"ReadAction\",\"target\":[\"https:\\\/\\\/quehacerpolitico.mx\\\/?p=117634\"]}]},{\"@type\":\"ImageObject\",\"inLanguage\":\"es\",\"@id\":\"https:\\\/\\\/quehacerpolitico.mx\\\/?p=117634#primaryimage\",\"url\":\"https:\\\/\\\/quehacerpolitico.mx\\\/wp-content\\\/uploads\\\/2025\\\/07\\\/IMG_1659.jpeg\",\"contentUrl\":\"https:\\\/\\\/quehacerpolitico.mx\\\/wp-content\\\/uploads\\\/2025\\\/07\\\/IMG_1659.jpeg\",\"width\":1170,\"height\":646,\"caption\":\"Screenshot\"},{\"@type\":\"BreadcrumbList\",\"@id\":\"https:\\\/\\\/quehacerpolitico.mx\\\/?p=117634#breadcrumb\",\"itemListElement\":[{\"@type\":\"ListItem\",\"position\":1,\"name\":\"Inicio\",\"item\":\"https:\\\/\\\/quehacerpolitico.mx\\\/\"},{\"@type\":\"ListItem\",\"position\":2,\"name\":\"Sobre Ovidio: &#8220;El juicio de esta persona es el juicio de esta persona&#8221; Sheinbaum evita hablar del juicio de ovidio\"}]},{\"@type\":\"WebSite\",\"@id\":\"https:\\\/\\\/quehacerpolitico.mx\\\/#website\",\"url\":\"https:\\\/\\\/quehacerpolitico.mx\\\/\",\"name\":\"\",\"description\":\"\",\"potentialAction\":[{\"@type\":\"SearchAction\",\"target\":{\"@type\":\"EntryPoint\",\"urlTemplate\":\"https:\\\/\\\/quehacerpolitico.mx\\\/?s={search_term_string}\"},\"query-input\":{\"@type\":\"PropertyValueSpecification\",\"valueRequired\":true,\"valueName\":\"search_term_string\"}}],\"inLanguage\":\"es\"},{\"@type\":\"Person\",\"@id\":\"https:\\\/\\\/quehacerpolitico.mx\\\/#\\\/schema\\\/person\\\/496d8ad2d1d3f8036101dca7ee39e585\",\"name\":\"Redacci\u00f3n QP\",\"image\":{\"@type\":\"ImageObject\",\"inLanguage\":\"es\",\"@id\":\"https:\\\/\\\/secure.gravatar.com\\\/avatar\\\/c7164ed6fdec453195284ad24a5ae5b6e1eed2b848477fa2a4787ba9adf39a41?s=96&d=mm&r=g\",\"url\":\"https:\\\/\\\/secure.gravatar.com\\\/avatar\\\/c7164ed6fdec453195284ad24a5ae5b6e1eed2b848477fa2a4787ba9adf39a41?s=96&d=mm&r=g\",\"contentUrl\":\"https:\\\/\\\/secure.gravatar.com\\\/avatar\\\/c7164ed6fdec453195284ad24a5ae5b6e1eed2b848477fa2a4787ba9adf39a41?s=96&d=mm&r=g\",\"caption\":\"Redacci\u00f3n QP\"},\"url\":\"https:\\\/\\\/quehacerpolitico.mx\\\/?author=2\"}]}<\/script>\n<!-- \/ Yoast SEO plugin. -->","yoast_head_json":{"title":"Sobre Ovidio: \"El juicio de esta persona es el juicio de esta persona\" Sheinbaum evita hablar del juicio de ovidio -","robots":{"index":"index","follow":"follow","max-snippet":"max-snippet:-1","max-image-preview":"max-image-preview:large","max-video-preview":"max-video-preview:-1"},"canonical":"https:\/\/quehacerpolitico.mx\/?p=117634","og_locale":"es_MX","og_type":"article","og_title":"Sobre Ovidio: \"El juicio de esta persona es el juicio de esta persona\" Sheinbaum evita hablar del juicio de ovidio -","og_description":"Por Redacci\u00f3n QP En conferencia de prensa, le preguntaron a la mandataria sobre una posible...","og_url":"https:\/\/quehacerpolitico.mx\/?p=117634","article_published_time":"2025-07-11T19:47:21+00:00","article_modified_time":"2025-07-11T19:49:14+00:00","og_image":[{"width":1170,"height":646,"url":"https:\/\/quehacerpolitico.mx\/wp-content\/uploads\/2025\/07\/IMG_1659.jpeg","type":"image\/jpeg"}],"author":"Redacci\u00f3n QP","twitter_card":"summary_large_image","twitter_misc":{"Escrito por":"Redacci\u00f3n QP","Tiempo de lectura":"2 minutos"},"schema":{"@context":"https:\/\/schema.org","@graph":[{"@type":"Article","@id":"https:\/\/quehacerpolitico.mx\/?p=117634#article","isPartOf":{"@id":"https:\/\/quehacerpolitico.mx\/?p=117634"},"author":{"name":"Redacci\u00f3n QP","@id":"https:\/\/quehacerpolitico.mx\/#\/schema\/person\/496d8ad2d1d3f8036101dca7ee39e585"},"headline":"Sobre Ovidio: &#8220;El juicio de esta persona es el juicio de esta persona&#8221; Sheinbaum evita hablar del juicio de ovidio","datePublished":"2025-07-11T19:47:21+00:00","dateModified":"2025-07-11T19:49:14+00:00","mainEntityOfPage":{"@id":"https:\/\/quehacerpolitico.mx\/?p=117634"},"wordCount":462,"commentCount":0,"image":{"@id":"https:\/\/quehacerpolitico.mx\/?p=117634#primaryimage"},"thumbnailUrl":"https:\/\/quehacerpolitico.mx\/wp-content\/uploads\/2025\/07\/IMG_1659.jpeg","articleSection":["Nacionales","Noticias"],"inLanguage":"es","potentialAction":[{"@type":"CommentAction","name":"Comment","target":["https:\/\/quehacerpolitico.mx\/?p=117634#respond"]}]},{"@type":"WebPage","@id":"https:\/\/quehacerpolitico.mx\/?p=117634","url":"https:\/\/quehacerpolitico.mx\/?p=117634","name":"Sobre Ovidio: \"El juicio de esta persona es el juicio de esta persona\" Sheinbaum evita hablar del juicio de ovidio -","isPartOf":{"@id":"https:\/\/quehacerpolitico.mx\/#website"},"primaryImageOfPage":{"@id":"https:\/\/quehacerpolitico.mx\/?p=117634#primaryimage"},"image":{"@id":"https:\/\/quehacerpolitico.mx\/?p=117634#primaryimage"},"thumbnailUrl":"https:\/\/quehacerpolitico.mx\/wp-content\/uploads\/2025\/07\/IMG_1659.jpeg","datePublished":"2025-07-11T19:47:21+00:00","dateModified":"2025-07-11T19:49:14+00:00","author":{"@id":"https:\/\/quehacerpolitico.mx\/#\/schema\/person\/496d8ad2d1d3f8036101dca7ee39e585"},"breadcrumb":{"@id":"https:\/\/quehacerpolitico.mx\/?p=117634#breadcrumb"},"inLanguage":"es","potentialAction":[{"@type":"ReadAction","target":["https:\/\/quehacerpolitico.mx\/?p=117634"]}]},{"@type":"ImageObject","inLanguage":"es","@id":"https:\/\/quehacerpolitico.mx\/?p=117634#primaryimage","url":"https:\/\/quehacerpolitico.mx\/wp-content\/uploads\/2025\/07\/IMG_1659.jpeg","contentUrl":"https:\/\/quehacerpolitico.mx\/wp-content\/uploads\/2025\/07\/IMG_1659.jpeg","width":1170,"height":646,"caption":"Screenshot"},{"@type":"BreadcrumbList","@id":"https:\/\/quehacerpolitico.mx\/?p=117634#breadcrumb","itemListElement":[{"@type":"ListItem","position":1,"name":"Inicio","item":"https:\/\/quehacerpolitico.mx\/"},{"@type":"ListItem","position":2,"name":"Sobre Ovidio: &#8220;El juicio de esta persona es el juicio de esta persona&#8221; Sheinbaum evita hablar del juicio de ovidio"}]},{"@type":"WebSite","@id":"https:\/\/quehacerpolitico.mx\/#website","url":"https:\/\/quehacerpolitico.mx\/","name":"","description":"","potentialAction":[{"@type":"SearchAction","target":{"@type":"EntryPoint","urlTemplate":"https:\/\/quehacerpolitico.mx\/?s={search_term_string}"},"query-input":{"@type":"PropertyValueSpecification","valueRequired":true,"valueName":"search_term_string"}}],"inLanguage":"es"},{"@type":"Person","@id":"https:\/\/quehacerpolitico.mx\/#\/schema\/person\/496d8ad2d1d3f8036101dca7ee39e585","name":"Redacci\u00f3n QP","image":{"@type":"ImageObject","inLanguage":"es","@id":"https:\/\/secure.gravatar.com\/avatar\/c7164ed6fdec453195284ad24a5ae5b6e1eed2b848477fa2a4787ba9adf39a41?s=96&d=mm&r=g","url":"https:\/\/secure.gravatar.com\/avatar\/c7164ed6fdec453195284ad24a5ae5b6e1eed2b848477fa2a4787ba9adf39a41?s=96&d=mm&r=g","contentUrl":"https:\/\/secure.gravatar.com\/avatar\/c7164ed6fdec453195284ad24a5ae5b6e1eed2b848477fa2a4787ba9adf39a41?s=96&d=mm&r=g","caption":"Redacci\u00f3n QP"},"url":"https:\/\/quehacerpolitico.mx\/?author=2"}]}},"featured_image_urls":{"full":["https:\/\/quehacerpolitico.mx\/wp-content\/uploads\/2025\/07\/IMG_1659.jpeg",1170,646,false],"thumbnail":["https:\/\/quehacerpolitico.mx\/wp-content\/uploads\/2025\/07\/IMG_1659-150x150.jpeg",150,150,true],"medium":["https:\/\/quehacerpolitico.mx\/wp-content\/uploads\/2025\/07\/IMG_1659-300x166.jpeg",300,166,true],"medium_large":["https:\/\/quehacerpolitico.mx\/wp-content\/uploads\/2025\/07\/IMG_1659-768x424.jpeg",640,353,true],"large":["https:\/\/quehacerpolitico.mx\/wp-content\/uploads\/2025\/07\/IMG_1659-1024x565.jpeg",640,353,true],"1536x1536":["https:\/\/quehacerpolitico.mx\/wp-content\/uploads\/2025\/07\/IMG_1659.jpeg",1170,646,false],"2048x2048":["https:\/\/quehacerpolitico.mx\/wp-content\/uploads\/2025\/07\/IMG_1659.jpeg",1170,646,false],"covernews-featured":["https:\/\/quehacerpolitico.mx\/wp-content\/uploads\/2025\/07\/IMG_1659-1024x565.jpeg",1024,565,true],"covernews-medium":["https:\/\/quehacerpolitico.mx\/wp-content\/uploads\/2025\/07\/IMG_1659-540x340.jpeg",540,340,true]},"author_info":{"display_name":"Redacci\u00f3n QP","author_link":"https:\/\/quehacerpolitico.mx\/?author=2"},"category_info":"<a href=\"https:\/\/quehacerpolitico.mx\/?cat=280\" rel=\"category\">Nacionales<\/a> <a href=\"https:\/\/quehacerpolitico.mx\/?cat=2\" rel=\"category\">Noticias<\/a>","tag_info":"Noticias","comment_count":"0","_links":{"self":[{"href":"https:\/\/quehacerpolitico.mx\/index.php?rest_route=\/wp\/v2\/posts\/117634","targetHints":{"allow":["GET"]}}],"collection":[{"href":"https:\/\/quehacerpolitico.mx\/index.php?rest_route=\/wp\/v2\/posts"}],"about":[{"href":"https:\/\/quehacerpolitico.mx\/index.php?rest_route=\/wp\/v2\/types\/post"}],"author":[{"embeddable":true,"href":"https:\/\/quehacerpolitico.mx\/index.php?rest_route=\/wp\/v2\/users\/2"}],"replies":[{"embeddable":true,"href":"https:\/\/quehacerpolitico.mx\/index.php?rest_route=%2Fwp%2Fv2%2Fcomments&post=117634"}],"version-history":[{"count":2,"href":"https:\/\/quehacerpolitico.mx\/index.php?rest_route=\/wp\/v2\/posts\/117634\/revisions"}],"predecessor-version":[{"id":117637,"href":"https:\/\/quehacerpolitico.mx\/index.php?rest_route=\/wp\/v2\/posts\/117634\/revisions\/117637"}],"wp:featuredmedia":[{"embeddable":true,"href":"https:\/\/quehacerpolitico.mx\/index.php?rest_route=\/wp\/v2\/media\/117635"}],"wp:attachment":[{"href":"https:\/\/quehacerpolitico.mx\/index.php?rest_route=%2Fwp%2Fv2%2Fmedia&parent=117634"}],"wp:term":[{"taxonomy":"category","embeddable":true,"href":"https:\/\/quehacerpolitico.mx\/index.php?rest_route=%2Fwp%2Fv2%2Fcategories&post=117634"},{"taxonomy":"post_tag","embeddable":true,"href":"https:\/\/quehacerpolitico.mx\/index.php?rest_route=%2Fwp%2Fv2%2Ftags&post=117634"}],"curies":[{"name":"wp","href":"https:\/\/api.w.org\/{rel}","templated":true}]}}