{"id":117629,"date":"2025-07-11T13:22:20","date_gmt":"2025-07-11T19:22:20","guid":{"rendered":"https:\/\/quehacerpolitico.mx\/?p=117629"},"modified":"2025-07-11T13:24:37","modified_gmt":"2025-07-11T19:24:37","slug":"sheinbaum-responde-por-criticas-al-chocolate-del-bienestar","status":"publish","type":"post","link":"https:\/\/quehacerpolitico.mx\/?p=117629","title":{"rendered":"Defiende Sheinbaum el Chocolate del Bienestar, afirmando que es el que \u201cm\u00e1s cacao tiene de todos los chocolates que se venden en el mercado\u201d"},"content":{"rendered":"\n<p>Por Redacci\u00f3n QP<\/p>\n\n\n\n<p>Desde el d\u00eda de ayer, diversas cuentas de redes sociales se dedicaron a burlarse y a criticar el lanzamiento del producto en las Tiendas del Bienestar<\/p>\n\n\n\n<p>El d\u00eda de ayer,&nbsp;<mark><strong>el Gobierno de M\u00e9xico present\u00f3 el &#8220;Chocolate del Bienestar&#8221; desde Palacio Nacional, producto presentado como una &#8220;golosina sana&#8221; por Mar\u00eda Luisa Albores Gonz\u00e1lez, titular de Alimentaci\u00f3n para el Bienestar<\/strong><\/mark>. El producto est\u00e1 hecho en M\u00e9xico y se obtiene del acopio de cosechas de productores de pueblos originarios.<\/p>\n\n\n\n<p>&#8220;Este contribuye a la justicia social al beneficiar directamente a comunidades ind\u00edgenas que hist\u00f3ricamente han sido marginadas [\u2026]&nbsp;<mark>Tiene 50 % de cacao y 35 % az\u00facar de ca\u00f1a, sin edulcorantes, ni saborizantes artificiales<\/mark>&#8220;, destac\u00f3 Albores.<\/p>\n\n\n\n<p>Explic\u00f3 que habr\u00e1 tres presentaciones del Chocolate del Bienestar:<\/p>\n\n\n\n<ul class=\"wp-block-list\">\n<li>En barra, de&nbsp;<mark>14 pesos<\/mark><\/li>\n\n\n\n<li>En polvo, de&nbsp;<mark>38 pesos<\/mark><\/li>\n\n\n\n<li>De mesa, de&nbsp;<mark>96 pesos<\/mark><\/li>\n<\/ul>\n\n\n\n<p>La Presidenta Claudia Sheinbaum inform\u00f3 que estos productos, por ahora, solo ser\u00e1n distribuidos para su venta en las Tiendas del Bienestar y ya pueden ser adquiridos.<\/p>\n\n\n\n<figure class=\"wp-block-embed is-type-rich is-provider-twitter wp-block-embed-twitter\"><div class=\"wp-block-embed__wrapper\">\n<blockquote class=\"twitter-tweet\" data-width=\"550\" data-dnt=\"true\"><p lang=\"es\" dir=\"ltr\"><a href=\"https:\/\/twitter.com\/hashtag\/Ma%C3%B1aneraDelPueblo?src=hash&amp;ref_src=twsrc%5Etfw\">#Ma\u00f1aneraDelPueblo<\/a> \ud83d\udcf0 | Defiende la presidenta Claudia Sheinbaum el Chocolate del Bienestar, afirmando que es el que \u201cm\u00e1s cacao tiene de todos los chocolates que se venden en el mercado\u201d. <br><br>\ud83d\uddde\ufe0f Israel Aldave v\u00eda <a href=\"https:\/\/twitter.com\/Radio_Formula?ref_src=twsrc%5Etfw\">@Radio_Formula<\/a> <a href=\"https:\/\/t.co\/6aYMEcTYi4\">pic.twitter.com\/6aYMEcTYi4<\/a><\/p>&mdash; Azucena Uresti (@azucenau) <a href=\"https:\/\/twitter.com\/azucenau\/status\/1943678012878180354?ref_src=twsrc%5Etfw\">July 11, 2025<\/a><\/blockquote><script async src=\"https:\/\/platform.twitter.com\/widgets.js\" charset=\"utf-8\"><\/script>\n<\/div><\/figure>\n\n\n\n<h3 class=\"wp-block-heading\">\u00bfC\u00f3mo reaccion\u00f3 la oposici\u00f3n ante el lanzamiento del Chocolate del Bienestar?<\/h3>\n\n\n\n<p>Desde el d\u00eda de ayer, posterior al lanzamiento del producto, diversas cuentas de X, pertenecientes a periodistas reconocidos a nivel nacional,&nbsp;<strong>han compartido sus negativas impresiones acerca del Chocolate del Bienestar, argumentando que el presupuesto de la federaci\u00f3n deber\u00eda utilizarse en otros sectores con mayor necesidad, como el de la salud<\/strong>.<\/p>\n\n\n\n<p>Algunos otros usuarios no desaprovecharon el momento y compartieron memes donde se mofaron del nombre \u2014Bienestar\u2014, mismo que se encuentra en todas las iniciativas y programas del Gobierno de M\u00e9xico y que ha causado gracia entre las y los internautas.<\/p>\n\n\n\n<figure class=\"wp-block-image\" id=\"cnt_img_8294\"><img decoding=\"async\" src=\"https:\/\/www.informador.mx\/export\/sites\/elinformador\/img\/2025\/07\/11\/captura_de_pantalla_2025-07-11_100650.png_919118540.png\" alt=\"\u00a0X \/ @citizenedgar\" title=\"\u00a0X \/ @citizenedgar\"\/><figcaption class=\"wp-element-caption\">&nbsp;X \/ @citizenedgar&nbsp;<\/figcaption><\/figure>\n\n\n\n<figure class=\"wp-block-image\"><img decoding=\"async\" src=\"https:\/\/www.informador.mx\/export\/sites\/elinformador\/img\/2025\/07\/11\/captura_de_pantalla_2025-07-11_100547.png_384896883.png\" alt=\"\u00a0\u00a0X \/ @lord_inario\" title=\"\u00a0\u00a0X \/ @lord_inario\"\/><\/figure>\n\n\n\n<figure class=\"wp-block-image\" id=\"cnt_img_5406\"><img decoding=\"async\" src=\"https:\/\/www.informador.mx\/export\/sites\/elinformador\/img\/2025\/07\/11\/captura_de_pantalla_2025-07-11_095810.png_981592579.png\" alt=\"\u00a0\u00a0X \/ @rthur013\" title=\"\u00a0\u00a0X \/ @rthur013\"\/><figcaption class=\"wp-element-caption\">&nbsp;&nbsp;X \/ @rthur013&nbsp;<\/figcaption><\/figure>\n\n\n\n<h3 class=\"wp-block-heading\"><a href=\"https:\/\/www.informador.mx\/mexico\/Salinas-Pliego-afirma-que-Claudia-Sheinbaum-lo-utiliza-como-distractor-politico-20250710-0087.html\" target=\"_blank\" rel=\"noreferrer noopener\">&nbsp;<\/a>La respuesta de Claudia Sheinbaum<\/h3>\n\n\n\n<p>Este viernes, durante &#8220;La Ma\u00f1anera&#8221;,&nbsp;<mark><strong>la Presidenta realiz\u00f3 declaraciones ante el impacto negativo que present\u00f3 el lanzamiento de este nuevo producto para la oposici\u00f3n<\/strong><\/mark>.<\/p>\n\n\n\n<p>&#8220;\u00bfAyer no vieron lo molestos que se pusieron con lo del Chocolate? No, no, bueno, bueno, bueno&#8230; [&#8230;] un chocolate que es el que m\u00e1s cacao tiene de todos los chocolates que se venden en el mercado.<\/p>\n\n\n\n<p>&#8220;<strong>Es un programa para apoyar a los campesinos pobres en M\u00e9xico, eso es lo que m\u00e1s les molesta: si hay programas del Bienestar, se molestan; si hay apoyo para la producci\u00f3n de campesinos pobres para comprarles a precio justo el cacao que se transforme, que se pueda vender en una barra de chocolate para las Tiendas del Bienestar, les molesta<\/strong>.&nbsp;<mark>Les molesta que haya pol\u00edticas para los pobres<\/mark>, les molesta que &#8220;Por el bien de todos, primero los pobres&#8221;, ellos creen que, si se apoya arriba, un d\u00eda va a llegar abajo, eso es lo que en el fondo les molesta tanto&#8221; inquiri\u00f3 la Mandataria desde Palacio Nacional.<\/p>\n\n\n\n<p>Adem\u00e1s explic\u00f3 el proceso que lleva el cacao y los beneficios que uno de los programas del Bienestar est\u00e1 trayendo para las y los productores de este fruto.<\/p>\n\n\n\n<p>&#8220;Se apoya a los campesinos pobres, peque\u00f1os propietarios de Tabasco, que producen cacao: ellos mismos lo transforman para poder vender la semilla seca, se transforma en chocolate con alto contenido de cacao [&#8230;]&nbsp;<strong>busquen cu\u00e1ntos chocolates en el mercado tienen 50 % de cacao, que no tenga conservadores<\/strong>.<\/p>\n\n\n\n<p>&#8220;De igual manera, lo que digamos les va a molestar [&#8230;] que le suban el nivel a su cr\u00edtica porque s\u00ed es muy lamentable&#8221;, asever\u00f3 la Presidenta.<\/p>\n\n\n\n<p><em>Con informaci\u00f3n de SUN.<\/em><\/p>\n","protected":false},"excerpt":{"rendered":"<p>Por Redacci\u00f3n QP Desde el d\u00eda de ayer, diversas cuentas de redes sociales se dedicaron&#8230;<\/p>\n","protected":false},"author":2,"featured_media":117630,"comment_status":"open","ping_status":"open","sticky":false,"template":"","format":"standard","meta":{"_monsterinsights_skip_tracking":false,"_monsterinsights_sitenote_active":false,"_monsterinsights_sitenote_note":"","_monsterinsights_sitenote_category":0,"footnotes":""},"categories":[280,2],"tags":[],"class_list":["post-117629","post","type-post","status-publish","format-standard","has-post-thumbnail","hentry","category-nacionales","category-noticias"],"yoast_head":"<!-- This site is optimized with the Yoast SEO plugin v27.3 - https:\/\/yoast.com\/product\/yoast-seo-wordpress\/ -->\n<title>Defiende Sheinbaum el Chocolate del Bienestar, afirmando que es el que \u201cm\u00e1s cacao tiene de todos los chocolates que se venden en el mercado\u201d -<\/title>\n<meta name=\"robots\" content=\"index, follow, max-snippet:-1, max-image-preview:large, max-video-preview:-1\" \/>\n<link rel=\"canonical\" href=\"https:\/\/quehacerpolitico.mx\/?p=117629\" \/>\n<meta property=\"og:locale\" content=\"es_MX\" \/>\n<meta property=\"og:type\" content=\"article\" \/>\n<meta property=\"og:title\" content=\"Defiende Sheinbaum el Chocolate del Bienestar, afirmando que es el que \u201cm\u00e1s cacao tiene de todos los chocolates que se venden en el mercado\u201d -\" \/>\n<meta property=\"og:description\" content=\"Por Redacci\u00f3n QP Desde el d\u00eda de ayer, diversas cuentas de redes sociales se dedicaron...\" \/>\n<meta property=\"og:url\" content=\"https:\/\/quehacerpolitico.mx\/?p=117629\" \/>\n<meta property=\"article:published_time\" content=\"2025-07-11T19:22:20+00:00\" \/>\n<meta property=\"article:modified_time\" content=\"2025-07-11T19:24:37+00:00\" \/>\n<meta property=\"og:image\" content=\"https:\/\/quehacerpolitico.mx\/wp-content\/uploads\/2025\/07\/IMG_1656.jpeg\" \/>\n\t<meta property=\"og:image:width\" content=\"1170\" \/>\n\t<meta property=\"og:image:height\" content=\"645\" \/>\n\t<meta property=\"og:image:type\" content=\"image\/jpeg\" \/>\n<meta name=\"author\" content=\"Redacci\u00f3n QP\" \/>\n<meta name=\"twitter:card\" content=\"summary_large_image\" \/>\n<meta name=\"twitter:label1\" content=\"Escrito por\" \/>\n\t<meta name=\"twitter:data1\" content=\"Redacci\u00f3n QP\" \/>\n\t<meta name=\"twitter:label2\" content=\"Tiempo de lectura\" \/>\n\t<meta name=\"twitter:data2\" content=\"3 minutos\" \/>\n<script type=\"application\/ld+json\" class=\"yoast-schema-graph\">{\"@context\":\"https:\\\/\\\/schema.org\",\"@graph\":[{\"@type\":\"Article\",\"@id\":\"https:\\\/\\\/quehacerpolitico.mx\\\/?p=117629#article\",\"isPartOf\":{\"@id\":\"https:\\\/\\\/quehacerpolitico.mx\\\/?p=117629\"},\"author\":{\"name\":\"Redacci\u00f3n QP\",\"@id\":\"https:\\\/\\\/quehacerpolitico.mx\\\/#\\\/schema\\\/person\\\/496d8ad2d1d3f8036101dca7ee39e585\"},\"headline\":\"Defiende Sheinbaum el Chocolate del Bienestar, afirmando que es el que \u201cm\u00e1s cacao tiene de todos los chocolates que se venden en el mercado\u201d\",\"datePublished\":\"2025-07-11T19:22:20+00:00\",\"dateModified\":\"2025-07-11T19:24:37+00:00\",\"mainEntityOfPage\":{\"@id\":\"https:\\\/\\\/quehacerpolitico.mx\\\/?p=117629\"},\"wordCount\":618,\"commentCount\":0,\"image\":{\"@id\":\"https:\\\/\\\/quehacerpolitico.mx\\\/?p=117629#primaryimage\"},\"thumbnailUrl\":\"https:\\\/\\\/quehacerpolitico.mx\\\/wp-content\\\/uploads\\\/2025\\\/07\\\/IMG_1656.jpeg\",\"articleSection\":[\"Nacionales\",\"Noticias\"],\"inLanguage\":\"es\",\"potentialAction\":[{\"@type\":\"CommentAction\",\"name\":\"Comment\",\"target\":[\"https:\\\/\\\/quehacerpolitico.mx\\\/?p=117629#respond\"]}]},{\"@type\":\"WebPage\",\"@id\":\"https:\\\/\\\/quehacerpolitico.mx\\\/?p=117629\",\"url\":\"https:\\\/\\\/quehacerpolitico.mx\\\/?p=117629\",\"name\":\"Defiende Sheinbaum el Chocolate del Bienestar, afirmando que es el que \u201cm\u00e1s cacao tiene de todos los chocolates que se venden en el mercado\u201d -\",\"isPartOf\":{\"@id\":\"https:\\\/\\\/quehacerpolitico.mx\\\/#website\"},\"primaryImageOfPage\":{\"@id\":\"https:\\\/\\\/quehacerpolitico.mx\\\/?p=117629#primaryimage\"},\"image\":{\"@id\":\"https:\\\/\\\/quehacerpolitico.mx\\\/?p=117629#primaryimage\"},\"thumbnailUrl\":\"https:\\\/\\\/quehacerpolitico.mx\\\/wp-content\\\/uploads\\\/2025\\\/07\\\/IMG_1656.jpeg\",\"datePublished\":\"2025-07-11T19:22:20+00:00\",\"dateModified\":\"2025-07-11T19:24:37+00:00\",\"author\":{\"@id\":\"https:\\\/\\\/quehacerpolitico.mx\\\/#\\\/schema\\\/person\\\/496d8ad2d1d3f8036101dca7ee39e585\"},\"breadcrumb\":{\"@id\":\"https:\\\/\\\/quehacerpolitico.mx\\\/?p=117629#breadcrumb\"},\"inLanguage\":\"es\",\"potentialAction\":[{\"@type\":\"ReadAction\",\"target\":[\"https:\\\/\\\/quehacerpolitico.mx\\\/?p=117629\"]}]},{\"@type\":\"ImageObject\",\"inLanguage\":\"es\",\"@id\":\"https:\\\/\\\/quehacerpolitico.mx\\\/?p=117629#primaryimage\",\"url\":\"https:\\\/\\\/quehacerpolitico.mx\\\/wp-content\\\/uploads\\\/2025\\\/07\\\/IMG_1656.jpeg\",\"contentUrl\":\"https:\\\/\\\/quehacerpolitico.mx\\\/wp-content\\\/uploads\\\/2025\\\/07\\\/IMG_1656.jpeg\",\"width\":1170,\"height\":645,\"caption\":\"Screenshot\"},{\"@type\":\"BreadcrumbList\",\"@id\":\"https:\\\/\\\/quehacerpolitico.mx\\\/?p=117629#breadcrumb\",\"itemListElement\":[{\"@type\":\"ListItem\",\"position\":1,\"name\":\"Inicio\",\"item\":\"https:\\\/\\\/quehacerpolitico.mx\\\/\"},{\"@type\":\"ListItem\",\"position\":2,\"name\":\"Defiende Sheinbaum el Chocolate del Bienestar, afirmando que es el que \u201cm\u00e1s cacao tiene de todos los chocolates que se venden en el mercado\u201d\"}]},{\"@type\":\"WebSite\",\"@id\":\"https:\\\/\\\/quehacerpolitico.mx\\\/#website\",\"url\":\"https:\\\/\\\/quehacerpolitico.mx\\\/\",\"name\":\"\",\"description\":\"\",\"potentialAction\":[{\"@type\":\"SearchAction\",\"target\":{\"@type\":\"EntryPoint\",\"urlTemplate\":\"https:\\\/\\\/quehacerpolitico.mx\\\/?s={search_term_string}\"},\"query-input\":{\"@type\":\"PropertyValueSpecification\",\"valueRequired\":true,\"valueName\":\"search_term_string\"}}],\"inLanguage\":\"es\"},{\"@type\":\"Person\",\"@id\":\"https:\\\/\\\/quehacerpolitico.mx\\\/#\\\/schema\\\/person\\\/496d8ad2d1d3f8036101dca7ee39e585\",\"name\":\"Redacci\u00f3n QP\",\"image\":{\"@type\":\"ImageObject\",\"inLanguage\":\"es\",\"@id\":\"https:\\\/\\\/secure.gravatar.com\\\/avatar\\\/c7164ed6fdec453195284ad24a5ae5b6e1eed2b848477fa2a4787ba9adf39a41?s=96&d=mm&r=g\",\"url\":\"https:\\\/\\\/secure.gravatar.com\\\/avatar\\\/c7164ed6fdec453195284ad24a5ae5b6e1eed2b848477fa2a4787ba9adf39a41?s=96&d=mm&r=g\",\"contentUrl\":\"https:\\\/\\\/secure.gravatar.com\\\/avatar\\\/c7164ed6fdec453195284ad24a5ae5b6e1eed2b848477fa2a4787ba9adf39a41?s=96&d=mm&r=g\",\"caption\":\"Redacci\u00f3n QP\"},\"url\":\"https:\\\/\\\/quehacerpolitico.mx\\\/?author=2\"}]}<\/script>\n<!-- \/ Yoast SEO plugin. -->","yoast_head_json":{"title":"Defiende Sheinbaum el Chocolate del Bienestar, afirmando que es el que \u201cm\u00e1s cacao tiene de todos los chocolates que se venden en el mercado\u201d -","robots":{"index":"index","follow":"follow","max-snippet":"max-snippet:-1","max-image-preview":"max-image-preview:large","max-video-preview":"max-video-preview:-1"},"canonical":"https:\/\/quehacerpolitico.mx\/?p=117629","og_locale":"es_MX","og_type":"article","og_title":"Defiende Sheinbaum el Chocolate del Bienestar, afirmando que es el que \u201cm\u00e1s cacao tiene de todos los chocolates que se venden en el mercado\u201d -","og_description":"Por Redacci\u00f3n QP Desde el d\u00eda de ayer, diversas cuentas de redes sociales se dedicaron...","og_url":"https:\/\/quehacerpolitico.mx\/?p=117629","article_published_time":"2025-07-11T19:22:20+00:00","article_modified_time":"2025-07-11T19:24:37+00:00","og_image":[{"width":1170,"height":645,"url":"https:\/\/quehacerpolitico.mx\/wp-content\/uploads\/2025\/07\/IMG_1656.jpeg","type":"image\/jpeg"}],"author":"Redacci\u00f3n QP","twitter_card":"summary_large_image","twitter_misc":{"Escrito por":"Redacci\u00f3n QP","Tiempo de lectura":"3 minutos"},"schema":{"@context":"https:\/\/schema.org","@graph":[{"@type":"Article","@id":"https:\/\/quehacerpolitico.mx\/?p=117629#article","isPartOf":{"@id":"https:\/\/quehacerpolitico.mx\/?p=117629"},"author":{"name":"Redacci\u00f3n QP","@id":"https:\/\/quehacerpolitico.mx\/#\/schema\/person\/496d8ad2d1d3f8036101dca7ee39e585"},"headline":"Defiende Sheinbaum el Chocolate del Bienestar, afirmando que es el que \u201cm\u00e1s cacao tiene de todos los chocolates que se venden en el mercado\u201d","datePublished":"2025-07-11T19:22:20+00:00","dateModified":"2025-07-11T19:24:37+00:00","mainEntityOfPage":{"@id":"https:\/\/quehacerpolitico.mx\/?p=117629"},"wordCount":618,"commentCount":0,"image":{"@id":"https:\/\/quehacerpolitico.mx\/?p=117629#primaryimage"},"thumbnailUrl":"https:\/\/quehacerpolitico.mx\/wp-content\/uploads\/2025\/07\/IMG_1656.jpeg","articleSection":["Nacionales","Noticias"],"inLanguage":"es","potentialAction":[{"@type":"CommentAction","name":"Comment","target":["https:\/\/quehacerpolitico.mx\/?p=117629#respond"]}]},{"@type":"WebPage","@id":"https:\/\/quehacerpolitico.mx\/?p=117629","url":"https:\/\/quehacerpolitico.mx\/?p=117629","name":"Defiende Sheinbaum el Chocolate del Bienestar, afirmando que es el que \u201cm\u00e1s cacao tiene de todos los chocolates que se venden en el mercado\u201d -","isPartOf":{"@id":"https:\/\/quehacerpolitico.mx\/#website"},"primaryImageOfPage":{"@id":"https:\/\/quehacerpolitico.mx\/?p=117629#primaryimage"},"image":{"@id":"https:\/\/quehacerpolitico.mx\/?p=117629#primaryimage"},"thumbnailUrl":"https:\/\/quehacerpolitico.mx\/wp-content\/uploads\/2025\/07\/IMG_1656.jpeg","datePublished":"2025-07-11T19:22:20+00:00","dateModified":"2025-07-11T19:24:37+00:00","author":{"@id":"https:\/\/quehacerpolitico.mx\/#\/schema\/person\/496d8ad2d1d3f8036101dca7ee39e585"},"breadcrumb":{"@id":"https:\/\/quehacerpolitico.mx\/?p=117629#breadcrumb"},"inLanguage":"es","potentialAction":[{"@type":"ReadAction","target":["https:\/\/quehacerpolitico.mx\/?p=117629"]}]},{"@type":"ImageObject","inLanguage":"es","@id":"https:\/\/quehacerpolitico.mx\/?p=117629#primaryimage","url":"https:\/\/quehacerpolitico.mx\/wp-content\/uploads\/2025\/07\/IMG_1656.jpeg","contentUrl":"https:\/\/quehacerpolitico.mx\/wp-content\/uploads\/2025\/07\/IMG_1656.jpeg","width":1170,"height":645,"caption":"Screenshot"},{"@type":"BreadcrumbList","@id":"https:\/\/quehacerpolitico.mx\/?p=117629#breadcrumb","itemListElement":[{"@type":"ListItem","position":1,"name":"Inicio","item":"https:\/\/quehacerpolitico.mx\/"},{"@type":"ListItem","position":2,"name":"Defiende Sheinbaum el Chocolate del Bienestar, afirmando que es el que \u201cm\u00e1s cacao tiene de todos los chocolates que se venden en el mercado\u201d"}]},{"@type":"WebSite","@id":"https:\/\/quehacerpolitico.mx\/#website","url":"https:\/\/quehacerpolitico.mx\/","name":"","description":"","potentialAction":[{"@type":"SearchAction","target":{"@type":"EntryPoint","urlTemplate":"https:\/\/quehacerpolitico.mx\/?s={search_term_string}"},"query-input":{"@type":"PropertyValueSpecification","valueRequired":true,"valueName":"search_term_string"}}],"inLanguage":"es"},{"@type":"Person","@id":"https:\/\/quehacerpolitico.mx\/#\/schema\/person\/496d8ad2d1d3f8036101dca7ee39e585","name":"Redacci\u00f3n QP","image":{"@type":"ImageObject","inLanguage":"es","@id":"https:\/\/secure.gravatar.com\/avatar\/c7164ed6fdec453195284ad24a5ae5b6e1eed2b848477fa2a4787ba9adf39a41?s=96&d=mm&r=g","url":"https:\/\/secure.gravatar.com\/avatar\/c7164ed6fdec453195284ad24a5ae5b6e1eed2b848477fa2a4787ba9adf39a41?s=96&d=mm&r=g","contentUrl":"https:\/\/secure.gravatar.com\/avatar\/c7164ed6fdec453195284ad24a5ae5b6e1eed2b848477fa2a4787ba9adf39a41?s=96&d=mm&r=g","caption":"Redacci\u00f3n QP"},"url":"https:\/\/quehacerpolitico.mx\/?author=2"}]}},"featured_image_urls":{"full":["https:\/\/quehacerpolitico.mx\/wp-content\/uploads\/2025\/07\/IMG_1656.jpeg",1170,645,false],"thumbnail":["https:\/\/quehacerpolitico.mx\/wp-content\/uploads\/2025\/07\/IMG_1656-150x150.jpeg",150,150,true],"medium":["https:\/\/quehacerpolitico.mx\/wp-content\/uploads\/2025\/07\/IMG_1656-300x165.jpeg",300,165,true],"medium_large":["https:\/\/quehacerpolitico.mx\/wp-content\/uploads\/2025\/07\/IMG_1656-768x423.jpeg",640,353,true],"large":["https:\/\/quehacerpolitico.mx\/wp-content\/uploads\/2025\/07\/IMG_1656-1024x565.jpeg",640,353,true],"1536x1536":["https:\/\/quehacerpolitico.mx\/wp-content\/uploads\/2025\/07\/IMG_1656.jpeg",1170,645,false],"2048x2048":["https:\/\/quehacerpolitico.mx\/wp-content\/uploads\/2025\/07\/IMG_1656.jpeg",1170,645,false],"covernews-featured":["https:\/\/quehacerpolitico.mx\/wp-content\/uploads\/2025\/07\/IMG_1656-1024x565.jpeg",1024,565,true],"covernews-medium":["https:\/\/quehacerpolitico.mx\/wp-content\/uploads\/2025\/07\/IMG_1656-540x340.jpeg",540,340,true]},"author_info":{"display_name":"Redacci\u00f3n QP","author_link":"https:\/\/quehacerpolitico.mx\/?author=2"},"category_info":"<a href=\"https:\/\/quehacerpolitico.mx\/?cat=280\" rel=\"category\">Nacionales<\/a> <a href=\"https:\/\/quehacerpolitico.mx\/?cat=2\" rel=\"category\">Noticias<\/a>","tag_info":"Noticias","comment_count":"0","_links":{"self":[{"href":"https:\/\/quehacerpolitico.mx\/index.php?rest_route=\/wp\/v2\/posts\/117629","targetHints":{"allow":["GET"]}}],"collection":[{"href":"https:\/\/quehacerpolitico.mx\/index.php?rest_route=\/wp\/v2\/posts"}],"about":[{"href":"https:\/\/quehacerpolitico.mx\/index.php?rest_route=\/wp\/v2\/types\/post"}],"author":[{"embeddable":true,"href":"https:\/\/quehacerpolitico.mx\/index.php?rest_route=\/wp\/v2\/users\/2"}],"replies":[{"embeddable":true,"href":"https:\/\/quehacerpolitico.mx\/index.php?rest_route=%2Fwp%2Fv2%2Fcomments&post=117629"}],"version-history":[{"count":2,"href":"https:\/\/quehacerpolitico.mx\/index.php?rest_route=\/wp\/v2\/posts\/117629\/revisions"}],"predecessor-version":[{"id":117633,"href":"https:\/\/quehacerpolitico.mx\/index.php?rest_route=\/wp\/v2\/posts\/117629\/revisions\/117633"}],"wp:featuredmedia":[{"embeddable":true,"href":"https:\/\/quehacerpolitico.mx\/index.php?rest_route=\/wp\/v2\/media\/117630"}],"wp:attachment":[{"href":"https:\/\/quehacerpolitico.mx\/index.php?rest_route=%2Fwp%2Fv2%2Fmedia&parent=117629"}],"wp:term":[{"taxonomy":"category","embeddable":true,"href":"https:\/\/quehacerpolitico.mx\/index.php?rest_route=%2Fwp%2Fv2%2Fcategories&post=117629"},{"taxonomy":"post_tag","embeddable":true,"href":"https:\/\/quehacerpolitico.mx\/index.php?rest_route=%2Fwp%2Fv2%2Ftags&post=117629"}],"curies":[{"name":"wp","href":"https:\/\/api.w.org\/{rel}","templated":true}]}}