{"id":117626,"date":"2025-07-11T12:50:44","date_gmt":"2025-07-11T18:50:44","guid":{"rendered":"https:\/\/quehacerpolitico.mx\/?p=117626"},"modified":"2025-07-11T14:52:03","modified_gmt":"2025-07-11T20:52:03","slug":"ovidio-guzman-se-declara-culpable-de-trafico-de-drogas-en-eu","status":"publish","type":"post","link":"https:\/\/quehacerpolitico.mx\/?p=117626","title":{"rendered":"Ovidio Guzm\u00e1n se declara culpable de tr\u00e1fico de drogas en EU"},"content":{"rendered":"\n<p>Por Redacci\u00f3n QP<\/p>\n\n\n\n<p>Es el primero de los hijos de &#8220;Chapo&#8221; Guzm\u00e1n en llegar a un acuerdo de culpabilidad;&nbsp;los t\u00e9rminos no han sido revelados por las autoridades estadounidenses<\/p>\n\n\n\n<p>Ovidio Guzm\u00e1n se declara culpable en EU de 4 cargos de narcotr\u00e1fico y crimen organizado.<\/p>\n\n\n\n<p>Se ha vuelto ya colaborador del gobierno estadounidense.<\/p>\n\n\n\n<p>No le habr\u00edan ofrecido un acuerdo si no tuviera pruebas de lo que dir\u00e1 para embarrar a m\u00e1s de uno.<\/p>\n\n\n\n<p>Un hijo del reconocido capo mexicano&nbsp;Joaquin \u201cChapo\u201d Guzman&nbsp;se declar\u00f3 culpable hoy viernes 11 de julio,&nbsp;<strong>de cargos de narcotr\u00e1fico en Estados Unidos.<\/strong>&nbsp;Es el primero de los hijos de &#8220;El Chapo&#8221; en llegar a un acuerdo de culpabilidad.<\/p>\n\n\n\n<p>Los fiscales alegan que&nbsp;Ovidio Guzman L\u00f3pez y su hermano, Joaqu\u00edn Guzm\u00e1n L\u00f3pez, dirig\u00edan una facci\u00f3n del&nbsp;c\u00e1rtel de Sinaloa. Se conocen localmente como &#8220;Los Chapitos&#8221;, y las autoridades federales en 2023 describieron la operaci\u00f3n como un esfuerzo masivo para enviar cantidades &#8220;asombrosas&#8221; de fentanilo a Estados Unidos.<\/p>\n\n\n\n<p><strong>Ovidio&nbsp;Guzm\u00e1n L\u00f3pez se declar\u00f3 culpable de cargos de tr\u00e1fico de drogas, lavado de dinero y armas de fuego relacionados con su papel de liderazgo en el c\u00e1rtel.<\/strong><\/p>\n\n\n\n<figure class=\"wp-block-embed is-type-rich is-provider-twitter wp-block-embed-twitter\"><div class=\"wp-block-embed__wrapper\">\n<blockquote class=\"twitter-tweet\" data-width=\"550\" data-dnt=\"true\"><p lang=\"es\" dir=\"ltr\">\ud83d\udea8 Lo que dice Jeffrey Lichtman, el abogado de <a href=\"https:\/\/twitter.com\/hashtag\/OvidioGuzm%C3%A1n?src=hash&amp;ref_src=twsrc%5Etfw\">#OvidioGuzm\u00e1n<\/a>, es la clave de la desconfianza de EU hacia M\u00e9xico y sobre todo AMLO.<br><br>Excluyeron al gobierno mexicano por el antecedente de lo sucedido con la exoneraci\u00f3n del general Cienfuegos.<br><br>[\ud83d\udcf9 <a href=\"https:\/\/twitter.com\/nmasforo?ref_src=twsrc%5Etfw\">@nmasforo<\/a>] <a href=\"https:\/\/t.co\/MHCRyYUyRy\">pic.twitter.com\/MHCRyYUyRy<\/a><\/p>&mdash; Manuel Lopez San Martin (@MLopezSanMartin) <a href=\"https:\/\/twitter.com\/MLopezSanMartin\/status\/1943741027841380705?ref_src=twsrc%5Etfw\">July 11, 2025<\/a><\/blockquote><script async src=\"https:\/\/platform.twitter.com\/widgets.js\" charset=\"utf-8\"><\/script>\n<\/div><\/figure>\n\n\n\n<p>Como parte de un acuerdo de culpabilidad, Guzm\u00e1n L\u00f3pez admiti\u00f3 haber supervisado la producci\u00f3n y el&nbsp;<strong>tr\u00e1fico de grandes cantidades de coca\u00edna, hero\u00edna, metanfetamina, marihuana y fentanilo hacia Estados Unidos<\/strong>, alimentando una crisis que ha contribuido a decenas de miles de muertes por sobredosis anualmente. Los t\u00e9rminos del acuerdo, incluidas las recomendaciones de sentencia o acuerdos de cooperaci\u00f3n, no han sido revelados por las autoridades estadounidenses.<\/p>\n\n\n\n<figure class=\"wp-block-gallery has-nested-images columns-default is-cropped wp-block-gallery-1 is-layout-flex wp-block-gallery-is-layout-flex\">\n<figure class=\"wp-block-image size-large\"><img loading=\"lazy\" decoding=\"async\" width=\"793\" height=\"1024\" data-id=\"117646\" src=\"https:\/\/quehacerpolitico.mx\/wp-content\/uploads\/2025\/07\/IMG_1666-793x1024.jpeg\" alt=\"\" class=\"wp-image-117646\" srcset=\"https:\/\/quehacerpolitico.mx\/wp-content\/uploads\/2025\/07\/IMG_1666-793x1024.jpeg 793w, https:\/\/quehacerpolitico.mx\/wp-content\/uploads\/2025\/07\/IMG_1666-232x300.jpeg 232w, https:\/\/quehacerpolitico.mx\/wp-content\/uploads\/2025\/07\/IMG_1666-768x991.jpeg 768w, https:\/\/quehacerpolitico.mx\/wp-content\/uploads\/2025\/07\/IMG_1666.jpeg 894w\" sizes=\"auto, (max-width: 793px) 100vw, 793px\" \/><\/figure>\n\n\n\n<figure class=\"wp-block-image size-large\"><img loading=\"lazy\" decoding=\"async\" width=\"952\" height=\"1024\" data-id=\"117647\" src=\"https:\/\/quehacerpolitico.mx\/wp-content\/uploads\/2025\/07\/IMG_1667-952x1024.jpeg\" alt=\"\" class=\"wp-image-117647\" srcset=\"https:\/\/quehacerpolitico.mx\/wp-content\/uploads\/2025\/07\/IMG_1667-952x1024.jpeg 952w, https:\/\/quehacerpolitico.mx\/wp-content\/uploads\/2025\/07\/IMG_1667-279x300.jpeg 279w, https:\/\/quehacerpolitico.mx\/wp-content\/uploads\/2025\/07\/IMG_1667-768x826.jpeg 768w, https:\/\/quehacerpolitico.mx\/wp-content\/uploads\/2025\/07\/IMG_1667.jpeg 1012w\" sizes=\"auto, (max-width: 952px) 100vw, 952px\" \/><\/figure>\n<\/figure>\n\n\n\n<p>La especulaci\u00f3n sobre un acuerdo ha ido en aumento durante meses, a medida que las negociaciones tras bambalinas progresaban discreta y lentamente.<\/p>\n\n\n\n<p>La audiencia fue inicialmente programada para el pasado mi\u00e9rcoles, pero fue reprogramada para este viernes por la jueza federal de distrito Sharon Coleman sin explicaci\u00f3n. Las audiencias a menudo han sido retrasadas o reprogramadas.<\/p>\n\n\n\n<p><strong>El padre de&nbsp;Ovidio&nbsp;Guzm\u00e1n L\u00f3pez, Joaqu\u00edn &#8220;Chapo&#8221; Guzm\u00e1n, cumple actualmente una condena de cadena perpetua tras ser declarado culpable en 2019 por su papel como&nbsp;exl\u00edder&nbsp;del c\u00e1rtel de&nbsp;Sinaloa,<\/strong>&nbsp;habiendo traficado monta\u00f1as de coca\u00edna y otras drogas a&nbsp;Estados Unidos&nbsp;durante 25 a\u00f1os. Los hermanos supuestamente asumieron el antiguo papel de su padre como l\u00edderes del c\u00e1rtel de Sinaloa.<\/p>\n\n\n\n<p>Ovidio Guzm\u00e1n L\u00f3pez fue detenido por las autoridades mexicanas a principios de 2023 y extraditado hacia Estados Unidos.&nbsp;<strong>Inicialmente, se declar\u00f3 inocente, pero en los \u00faltimos meses se\u00f1al\u00f3 su intenci\u00f3n de cambiar su declaraci\u00f3n.<\/strong><\/p>\n\n\n\n<p>Joaqu\u00edn Guzm\u00e1n L\u00f3pez y otro de los l\u00edderes del c\u00e1rtel durante varios a\u00f1os, Ismael &#8220;Mayo&#8221; Zambada, fueron arrestados en julio de 2024 en Texas despu\u00e9s de llegar a bordo de un avi\u00f3n privado. Ambos hombres se han declarado inocentes de m\u00faltiples cargos. Su captura desat\u00f3 una ola de violencia en el estado de Sinaloa, en el norte de M\u00e9xico, al tiempo que dos facciones del c\u00e1rtel se enfrentaban.<\/p>\n\n\n\n<figure class=\"wp-block-embed is-type-video is-provider-youtube wp-block-embed-youtube wp-embed-aspect-16-9 wp-has-aspect-ratio\"><div class=\"wp-block-embed__wrapper\">\n<iframe loading=\"lazy\" title=\"Ovidio Guzm\u00e1n se declara culpable de narcotr\u00e1fico en EU\" width=\"640\" height=\"360\" src=\"https:\/\/www.youtube.com\/embed\/QZsbpz0Szyo?feature=oembed\" frameborder=\"0\" allow=\"accelerometer; autoplay; clipboard-write; encrypted-media; gyroscope; picture-in-picture; web-share\" referrerpolicy=\"strict-origin-when-cross-origin\" allowfullscreen><\/iframe>\n<\/div><\/figure>\n\n\n\n<p>Con informaci\u00f3n de AP<\/p>\n","protected":false},"excerpt":{"rendered":"<p>Por Redacci\u00f3n QP Es el primero de los hijos de &#8220;Chapo&#8221; Guzm\u00e1n en llegar a&#8230;<\/p>\n","protected":false},"author":2,"featured_media":117627,"comment_status":"open","ping_status":"open","sticky":false,"template":"","format":"standard","meta":{"_monsterinsights_skip_tracking":false,"_monsterinsights_sitenote_active":false,"_monsterinsights_sitenote_note":"","_monsterinsights_sitenote_category":0,"footnotes":""},"categories":[280,2],"tags":[],"class_list":["post-117626","post","type-post","status-publish","format-standard","has-post-thumbnail","hentry","category-nacionales","category-noticias"],"yoast_head":"<!-- This site is optimized with the Yoast SEO plugin v27.3 - https:\/\/yoast.com\/product\/yoast-seo-wordpress\/ -->\n<title>Ovidio Guzm\u00e1n se declara culpable de tr\u00e1fico de drogas en EU -<\/title>\n<meta name=\"robots\" content=\"index, follow, max-snippet:-1, max-image-preview:large, max-video-preview:-1\" \/>\n<link rel=\"canonical\" href=\"https:\/\/quehacerpolitico.mx\/?p=117626\" \/>\n<meta property=\"og:locale\" content=\"es_MX\" \/>\n<meta property=\"og:type\" content=\"article\" \/>\n<meta property=\"og:title\" content=\"Ovidio Guzm\u00e1n se declara culpable de tr\u00e1fico de drogas en EU -\" \/>\n<meta property=\"og:description\" content=\"Por Redacci\u00f3n QP Es el primero de los hijos de &#8220;Chapo&#8221; Guzm\u00e1n en llegar a...\" \/>\n<meta property=\"og:url\" content=\"https:\/\/quehacerpolitico.mx\/?p=117626\" \/>\n<meta property=\"article:published_time\" content=\"2025-07-11T18:50:44+00:00\" \/>\n<meta property=\"article:modified_time\" content=\"2025-07-11T20:52:03+00:00\" \/>\n<meta property=\"og:image\" content=\"https:\/\/quehacerpolitico.mx\/wp-content\/uploads\/2025\/07\/IMG_1650.png\" \/>\n\t<meta property=\"og:image:width\" content=\"414\" \/>\n\t<meta property=\"og:image:height\" content=\"233\" \/>\n\t<meta property=\"og:image:type\" content=\"image\/png\" \/>\n<meta name=\"author\" content=\"Redacci\u00f3n QP\" \/>\n<meta name=\"twitter:card\" content=\"summary_large_image\" \/>\n<meta name=\"twitter:label1\" content=\"Escrito por\" \/>\n\t<meta name=\"twitter:data1\" content=\"Redacci\u00f3n QP\" \/>\n\t<meta name=\"twitter:label2\" content=\"Tiempo de lectura\" \/>\n\t<meta name=\"twitter:data2\" content=\"3 minutos\" \/>\n<script type=\"application\/ld+json\" class=\"yoast-schema-graph\">{\"@context\":\"https:\\\/\\\/schema.org\",\"@graph\":[{\"@type\":\"Article\",\"@id\":\"https:\\\/\\\/quehacerpolitico.mx\\\/?p=117626#article\",\"isPartOf\":{\"@id\":\"https:\\\/\\\/quehacerpolitico.mx\\\/?p=117626\"},\"author\":{\"name\":\"Redacci\u00f3n QP\",\"@id\":\"https:\\\/\\\/quehacerpolitico.mx\\\/#\\\/schema\\\/person\\\/496d8ad2d1d3f8036101dca7ee39e585\"},\"headline\":\"Ovidio Guzm\u00e1n se declara culpable de tr\u00e1fico de drogas en EU\",\"datePublished\":\"2025-07-11T18:50:44+00:00\",\"dateModified\":\"2025-07-11T20:52:03+00:00\",\"mainEntityOfPage\":{\"@id\":\"https:\\\/\\\/quehacerpolitico.mx\\\/?p=117626\"},\"wordCount\":576,\"commentCount\":0,\"image\":{\"@id\":\"https:\\\/\\\/quehacerpolitico.mx\\\/?p=117626#primaryimage\"},\"thumbnailUrl\":\"https:\\\/\\\/quehacerpolitico.mx\\\/wp-content\\\/uploads\\\/2025\\\/07\\\/IMG_1650.png\",\"articleSection\":[\"Nacionales\",\"Noticias\"],\"inLanguage\":\"es\",\"potentialAction\":[{\"@type\":\"CommentAction\",\"name\":\"Comment\",\"target\":[\"https:\\\/\\\/quehacerpolitico.mx\\\/?p=117626#respond\"]}]},{\"@type\":\"WebPage\",\"@id\":\"https:\\\/\\\/quehacerpolitico.mx\\\/?p=117626\",\"url\":\"https:\\\/\\\/quehacerpolitico.mx\\\/?p=117626\",\"name\":\"Ovidio Guzm\u00e1n se declara culpable de tr\u00e1fico de drogas en EU -\",\"isPartOf\":{\"@id\":\"https:\\\/\\\/quehacerpolitico.mx\\\/#website\"},\"primaryImageOfPage\":{\"@id\":\"https:\\\/\\\/quehacerpolitico.mx\\\/?p=117626#primaryimage\"},\"image\":{\"@id\":\"https:\\\/\\\/quehacerpolitico.mx\\\/?p=117626#primaryimage\"},\"thumbnailUrl\":\"https:\\\/\\\/quehacerpolitico.mx\\\/wp-content\\\/uploads\\\/2025\\\/07\\\/IMG_1650.png\",\"datePublished\":\"2025-07-11T18:50:44+00:00\",\"dateModified\":\"2025-07-11T20:52:03+00:00\",\"author\":{\"@id\":\"https:\\\/\\\/quehacerpolitico.mx\\\/#\\\/schema\\\/person\\\/496d8ad2d1d3f8036101dca7ee39e585\"},\"breadcrumb\":{\"@id\":\"https:\\\/\\\/quehacerpolitico.mx\\\/?p=117626#breadcrumb\"},\"inLanguage\":\"es\",\"potentialAction\":[{\"@type\":\"ReadAction\",\"target\":[\"https:\\\/\\\/quehacerpolitico.mx\\\/?p=117626\"]}]},{\"@type\":\"ImageObject\",\"inLanguage\":\"es\",\"@id\":\"https:\\\/\\\/quehacerpolitico.mx\\\/?p=117626#primaryimage\",\"url\":\"https:\\\/\\\/quehacerpolitico.mx\\\/wp-content\\\/uploads\\\/2025\\\/07\\\/IMG_1650.png\",\"contentUrl\":\"https:\\\/\\\/quehacerpolitico.mx\\\/wp-content\\\/uploads\\\/2025\\\/07\\\/IMG_1650.png\",\"width\":414,\"height\":233},{\"@type\":\"BreadcrumbList\",\"@id\":\"https:\\\/\\\/quehacerpolitico.mx\\\/?p=117626#breadcrumb\",\"itemListElement\":[{\"@type\":\"ListItem\",\"position\":1,\"name\":\"Inicio\",\"item\":\"https:\\\/\\\/quehacerpolitico.mx\\\/\"},{\"@type\":\"ListItem\",\"position\":2,\"name\":\"Ovidio Guzm\u00e1n se declara culpable de tr\u00e1fico de drogas en EU\"}]},{\"@type\":\"WebSite\",\"@id\":\"https:\\\/\\\/quehacerpolitico.mx\\\/#website\",\"url\":\"https:\\\/\\\/quehacerpolitico.mx\\\/\",\"name\":\"\",\"description\":\"\",\"potentialAction\":[{\"@type\":\"SearchAction\",\"target\":{\"@type\":\"EntryPoint\",\"urlTemplate\":\"https:\\\/\\\/quehacerpolitico.mx\\\/?s={search_term_string}\"},\"query-input\":{\"@type\":\"PropertyValueSpecification\",\"valueRequired\":true,\"valueName\":\"search_term_string\"}}],\"inLanguage\":\"es\"},{\"@type\":\"Person\",\"@id\":\"https:\\\/\\\/quehacerpolitico.mx\\\/#\\\/schema\\\/person\\\/496d8ad2d1d3f8036101dca7ee39e585\",\"name\":\"Redacci\u00f3n QP\",\"image\":{\"@type\":\"ImageObject\",\"inLanguage\":\"es\",\"@id\":\"https:\\\/\\\/secure.gravatar.com\\\/avatar\\\/c7164ed6fdec453195284ad24a5ae5b6e1eed2b848477fa2a4787ba9adf39a41?s=96&d=mm&r=g\",\"url\":\"https:\\\/\\\/secure.gravatar.com\\\/avatar\\\/c7164ed6fdec453195284ad24a5ae5b6e1eed2b848477fa2a4787ba9adf39a41?s=96&d=mm&r=g\",\"contentUrl\":\"https:\\\/\\\/secure.gravatar.com\\\/avatar\\\/c7164ed6fdec453195284ad24a5ae5b6e1eed2b848477fa2a4787ba9adf39a41?s=96&d=mm&r=g\",\"caption\":\"Redacci\u00f3n QP\"},\"url\":\"https:\\\/\\\/quehacerpolitico.mx\\\/?author=2\"}]}<\/script>\n<!-- \/ Yoast SEO plugin. -->","yoast_head_json":{"title":"Ovidio Guzm\u00e1n se declara culpable de tr\u00e1fico de drogas en EU -","robots":{"index":"index","follow":"follow","max-snippet":"max-snippet:-1","max-image-preview":"max-image-preview:large","max-video-preview":"max-video-preview:-1"},"canonical":"https:\/\/quehacerpolitico.mx\/?p=117626","og_locale":"es_MX","og_type":"article","og_title":"Ovidio Guzm\u00e1n se declara culpable de tr\u00e1fico de drogas en EU -","og_description":"Por Redacci\u00f3n QP Es el primero de los hijos de &#8220;Chapo&#8221; Guzm\u00e1n en llegar a...","og_url":"https:\/\/quehacerpolitico.mx\/?p=117626","article_published_time":"2025-07-11T18:50:44+00:00","article_modified_time":"2025-07-11T20:52:03+00:00","og_image":[{"width":414,"height":233,"url":"https:\/\/quehacerpolitico.mx\/wp-content\/uploads\/2025\/07\/IMG_1650.png","type":"image\/png"}],"author":"Redacci\u00f3n QP","twitter_card":"summary_large_image","twitter_misc":{"Escrito por":"Redacci\u00f3n QP","Tiempo de lectura":"3 minutos"},"schema":{"@context":"https:\/\/schema.org","@graph":[{"@type":"Article","@id":"https:\/\/quehacerpolitico.mx\/?p=117626#article","isPartOf":{"@id":"https:\/\/quehacerpolitico.mx\/?p=117626"},"author":{"name":"Redacci\u00f3n QP","@id":"https:\/\/quehacerpolitico.mx\/#\/schema\/person\/496d8ad2d1d3f8036101dca7ee39e585"},"headline":"Ovidio Guzm\u00e1n se declara culpable de tr\u00e1fico de drogas en EU","datePublished":"2025-07-11T18:50:44+00:00","dateModified":"2025-07-11T20:52:03+00:00","mainEntityOfPage":{"@id":"https:\/\/quehacerpolitico.mx\/?p=117626"},"wordCount":576,"commentCount":0,"image":{"@id":"https:\/\/quehacerpolitico.mx\/?p=117626#primaryimage"},"thumbnailUrl":"https:\/\/quehacerpolitico.mx\/wp-content\/uploads\/2025\/07\/IMG_1650.png","articleSection":["Nacionales","Noticias"],"inLanguage":"es","potentialAction":[{"@type":"CommentAction","name":"Comment","target":["https:\/\/quehacerpolitico.mx\/?p=117626#respond"]}]},{"@type":"WebPage","@id":"https:\/\/quehacerpolitico.mx\/?p=117626","url":"https:\/\/quehacerpolitico.mx\/?p=117626","name":"Ovidio Guzm\u00e1n se declara culpable de tr\u00e1fico de drogas en EU -","isPartOf":{"@id":"https:\/\/quehacerpolitico.mx\/#website"},"primaryImageOfPage":{"@id":"https:\/\/quehacerpolitico.mx\/?p=117626#primaryimage"},"image":{"@id":"https:\/\/quehacerpolitico.mx\/?p=117626#primaryimage"},"thumbnailUrl":"https:\/\/quehacerpolitico.mx\/wp-content\/uploads\/2025\/07\/IMG_1650.png","datePublished":"2025-07-11T18:50:44+00:00","dateModified":"2025-07-11T20:52:03+00:00","author":{"@id":"https:\/\/quehacerpolitico.mx\/#\/schema\/person\/496d8ad2d1d3f8036101dca7ee39e585"},"breadcrumb":{"@id":"https:\/\/quehacerpolitico.mx\/?p=117626#breadcrumb"},"inLanguage":"es","potentialAction":[{"@type":"ReadAction","target":["https:\/\/quehacerpolitico.mx\/?p=117626"]}]},{"@type":"ImageObject","inLanguage":"es","@id":"https:\/\/quehacerpolitico.mx\/?p=117626#primaryimage","url":"https:\/\/quehacerpolitico.mx\/wp-content\/uploads\/2025\/07\/IMG_1650.png","contentUrl":"https:\/\/quehacerpolitico.mx\/wp-content\/uploads\/2025\/07\/IMG_1650.png","width":414,"height":233},{"@type":"BreadcrumbList","@id":"https:\/\/quehacerpolitico.mx\/?p=117626#breadcrumb","itemListElement":[{"@type":"ListItem","position":1,"name":"Inicio","item":"https:\/\/quehacerpolitico.mx\/"},{"@type":"ListItem","position":2,"name":"Ovidio Guzm\u00e1n se declara culpable de tr\u00e1fico de drogas en EU"}]},{"@type":"WebSite","@id":"https:\/\/quehacerpolitico.mx\/#website","url":"https:\/\/quehacerpolitico.mx\/","name":"","description":"","potentialAction":[{"@type":"SearchAction","target":{"@type":"EntryPoint","urlTemplate":"https:\/\/quehacerpolitico.mx\/?s={search_term_string}"},"query-input":{"@type":"PropertyValueSpecification","valueRequired":true,"valueName":"search_term_string"}}],"inLanguage":"es"},{"@type":"Person","@id":"https:\/\/quehacerpolitico.mx\/#\/schema\/person\/496d8ad2d1d3f8036101dca7ee39e585","name":"Redacci\u00f3n QP","image":{"@type":"ImageObject","inLanguage":"es","@id":"https:\/\/secure.gravatar.com\/avatar\/c7164ed6fdec453195284ad24a5ae5b6e1eed2b848477fa2a4787ba9adf39a41?s=96&d=mm&r=g","url":"https:\/\/secure.gravatar.com\/avatar\/c7164ed6fdec453195284ad24a5ae5b6e1eed2b848477fa2a4787ba9adf39a41?s=96&d=mm&r=g","contentUrl":"https:\/\/secure.gravatar.com\/avatar\/c7164ed6fdec453195284ad24a5ae5b6e1eed2b848477fa2a4787ba9adf39a41?s=96&d=mm&r=g","caption":"Redacci\u00f3n QP"},"url":"https:\/\/quehacerpolitico.mx\/?author=2"}]}},"featured_image_urls":{"full":["https:\/\/quehacerpolitico.mx\/wp-content\/uploads\/2025\/07\/IMG_1650.png",414,233,false],"thumbnail":["https:\/\/quehacerpolitico.mx\/wp-content\/uploads\/2025\/07\/IMG_1650-150x150.png",150,150,true],"medium":["https:\/\/quehacerpolitico.mx\/wp-content\/uploads\/2025\/07\/IMG_1650-300x169.png",300,169,true],"medium_large":["https:\/\/quehacerpolitico.mx\/wp-content\/uploads\/2025\/07\/IMG_1650.png",414,233,false],"large":["https:\/\/quehacerpolitico.mx\/wp-content\/uploads\/2025\/07\/IMG_1650.png",414,233,false],"1536x1536":["https:\/\/quehacerpolitico.mx\/wp-content\/uploads\/2025\/07\/IMG_1650.png",414,233,false],"2048x2048":["https:\/\/quehacerpolitico.mx\/wp-content\/uploads\/2025\/07\/IMG_1650.png",414,233,false],"covernews-featured":["https:\/\/quehacerpolitico.mx\/wp-content\/uploads\/2025\/07\/IMG_1650.png",414,233,false],"covernews-medium":["https:\/\/quehacerpolitico.mx\/wp-content\/uploads\/2025\/07\/IMG_1650.png",414,233,false]},"author_info":{"display_name":"Redacci\u00f3n QP","author_link":"https:\/\/quehacerpolitico.mx\/?author=2"},"category_info":"<a href=\"https:\/\/quehacerpolitico.mx\/?cat=280\" rel=\"category\">Nacionales<\/a> <a href=\"https:\/\/quehacerpolitico.mx\/?cat=2\" rel=\"category\">Noticias<\/a>","tag_info":"Noticias","comment_count":"0","_links":{"self":[{"href":"https:\/\/quehacerpolitico.mx\/index.php?rest_route=\/wp\/v2\/posts\/117626","targetHints":{"allow":["GET"]}}],"collection":[{"href":"https:\/\/quehacerpolitico.mx\/index.php?rest_route=\/wp\/v2\/posts"}],"about":[{"href":"https:\/\/quehacerpolitico.mx\/index.php?rest_route=\/wp\/v2\/types\/post"}],"author":[{"embeddable":true,"href":"https:\/\/quehacerpolitico.mx\/index.php?rest_route=\/wp\/v2\/users\/2"}],"replies":[{"embeddable":true,"href":"https:\/\/quehacerpolitico.mx\/index.php?rest_route=%2Fwp%2Fv2%2Fcomments&post=117626"}],"version-history":[{"count":2,"href":"https:\/\/quehacerpolitico.mx\/index.php?rest_route=\/wp\/v2\/posts\/117626\/revisions"}],"predecessor-version":[{"id":117648,"href":"https:\/\/quehacerpolitico.mx\/index.php?rest_route=\/wp\/v2\/posts\/117626\/revisions\/117648"}],"wp:featuredmedia":[{"embeddable":true,"href":"https:\/\/quehacerpolitico.mx\/index.php?rest_route=\/wp\/v2\/media\/117627"}],"wp:attachment":[{"href":"https:\/\/quehacerpolitico.mx\/index.php?rest_route=%2Fwp%2Fv2%2Fmedia&parent=117626"}],"wp:term":[{"taxonomy":"category","embeddable":true,"href":"https:\/\/quehacerpolitico.mx\/index.php?rest_route=%2Fwp%2Fv2%2Fcategories&post=117626"},{"taxonomy":"post_tag","embeddable":true,"href":"https:\/\/quehacerpolitico.mx\/index.php?rest_route=%2Fwp%2Fv2%2Ftags&post=117626"}],"curies":[{"name":"wp","href":"https:\/\/api.w.org\/{rel}","templated":true}]}}