{"id":117614,"date":"2025-07-10T16:55:10","date_gmt":"2025-07-10T22:55:10","guid":{"rendered":"https:\/\/quehacerpolitico.mx\/?p=117614"},"modified":"2025-07-10T16:55:13","modified_gmt":"2025-07-10T22:55:13","slug":"la-fifa-dio-a-conocer-este-jueves-10-de-abril-su-ranking-mensual-de-selecciones-donde-mexico-subio-algunas-puestos","status":"publish","type":"post","link":"https:\/\/quehacerpolitico.mx\/?p=117614","title":{"rendered":"La FIFA dio a conocer este jueves 10 de abril su ranking mensual de selecciones, donde M\u00e9xico subi\u00f3 algunas puestos"},"content":{"rendered":"\n<p>Por Redacci\u00f3n QP<\/p>\n\n\n\n<p><strong>M\u00e9xico<\/strong>&nbsp;subi\u00f3 escalones en el&nbsp;ranking FIFA&nbsp;tras conseguir la&nbsp;Copa Oro 2025, y se ubic\u00f3 por encima del combinado de los&nbsp;<strong>Estados Unidos.<\/strong><\/p>\n\n\n\n<p>El Tricolor se coloc\u00f3 en la posici\u00f3n 13 de la clasificaci\u00f3n con un total de 1689.73 puntos, siendo la tercer mejor selecci\u00f3n de Am\u00e9rica tan solo por detr\u00e1s de&nbsp;<strong>Brasil<\/strong>&nbsp;y&nbsp;<strong>Argentina<\/strong>. El combinado estadounidense se ubic\u00f3 en la posici\u00f3n 15.<\/p>\n\n\n\n<figure class=\"wp-block-embed is-type-rich is-provider-twitter wp-block-embed-twitter\"><div class=\"wp-block-embed__wrapper\">\n<blockquote class=\"twitter-tweet\" data-width=\"550\" data-dnt=\"true\"><p lang=\"en\" dir=\"ltr\">A few shifts in the latest <a href=\"https:\/\/twitter.com\/hashtag\/FIFARanking?src=hash&amp;ref_src=twsrc%5Etfw\">#FIFARanking<\/a>! \ud83d\udcca\ud83c\udf0d<\/p>&mdash; FIFA World Cup (@FIFAWorldCup) <a href=\"https:\/\/twitter.com\/FIFAWorldCup\/status\/1943219069681045665?ref_src=twsrc%5Etfw\">July 10, 2025<\/a><\/blockquote><script async src=\"https:\/\/platform.twitter.com\/widgets.js\" charset=\"utf-8\"><\/script>\n<\/div><\/figure>\n\n\n\n<p>M\u00e9xico derrot\u00f3 el domingo 6 de julio en la final de la Copa Oro 2025 a los Estados Unidos, coron\u00e1ndose bicampe\u00f3n del certamen.<\/p>\n\n\n\n<p>Argentina ocupa el primer lugar en el ranking FIFA, con un total de 1885.36 puntos, seguida de Espa\u00f1a y Francia, quienes recortaron la desventaja que ten\u00edan y se situaron en la segunda y tercera posici\u00f3n con 1867.09 y 1862.03 puntos, respectivamente.<\/p>\n\n\n\n<p>En el caso de la albiceleste, que no se baja de su actual puesto de privilegio desde el mes de abril del 2023, apenas sufri\u00f3 variaci\u00f3n al retroceder 0.8 puntos. Sin embargo Espa\u00f1a, tras ser finalista de la Liga de Naciones, sum\u00f3 12.45 puntos, mientras que Francia, que cay\u00f3 en semifinales ante los de Luis de la Fuente, tiene 9.32 m\u00e1s.<\/p>\n\n\n\n<p>Con respecto al resto del top 10, Inglaterra se mantiene cuarta (1813.32), seguida de Brasil (1777.69). Portugal, tras ganar la Liga de Naciones, se posiciona sexta (1770.53) al adelantar a Pa\u00edses Bajos (1758.18). B\u00e9lgica es octava (1736.38), Alemania, que sube un puesto, novena (1716.98) y Croacia se mete en una lista (1707.51) de la que sale Italia tras bajar dos posiciones y ser und\u00e9cima (1702.58).<\/p>\n\n\n\n<p>Adem\u00e1s, nadie baja tanto como Congo, Hait\u00ed, Jamaica y Maldivas, con siete puestos cada una. Las \u00faltimas cinco son Turcas y Caicos (803.98), Islas V\u00edrgenes Estadounidenses (779.71), Islas V\u00edrgenes Estadounidenses (768.5), Anguila (758.52) y San Marino (738.24).<\/p>\n\n\n\n<p>El ranking FIFA volver\u00e1 a actualizarse el pr\u00f3ximo 18 de septiembre.<\/p>\n","protected":false},"excerpt":{"rendered":"<p>Por Redacci\u00f3n QP M\u00e9xico&nbsp;subi\u00f3 escalones en el&nbsp;ranking FIFA&nbsp;tras conseguir la&nbsp;Copa Oro 2025, y se ubic\u00f3&#8230;<\/p>\n","protected":false},"author":2,"featured_media":117615,"comment_status":"open","ping_status":"open","sticky":false,"template":"","format":"standard","meta":{"_monsterinsights_skip_tracking":false,"_monsterinsights_sitenote_active":false,"_monsterinsights_sitenote_note":"","_monsterinsights_sitenote_category":0,"footnotes":""},"categories":[54],"tags":[],"class_list":["post-117614","post","type-post","status-publish","format-standard","has-post-thumbnail","hentry","category-deportes"],"yoast_head":"<!-- This site is optimized with the Yoast SEO plugin v27.3 - https:\/\/yoast.com\/product\/yoast-seo-wordpress\/ -->\n<title>La FIFA dio a conocer este jueves 10 de abril su ranking mensual de selecciones, donde M\u00e9xico subi\u00f3 algunas puestos -<\/title>\n<meta name=\"robots\" content=\"index, follow, max-snippet:-1, max-image-preview:large, max-video-preview:-1\" \/>\n<link rel=\"canonical\" href=\"https:\/\/quehacerpolitico.mx\/?p=117614\" \/>\n<meta property=\"og:locale\" content=\"es_MX\" \/>\n<meta property=\"og:type\" content=\"article\" \/>\n<meta property=\"og:title\" content=\"La FIFA dio a conocer este jueves 10 de abril su ranking mensual de selecciones, donde M\u00e9xico subi\u00f3 algunas puestos -\" \/>\n<meta property=\"og:description\" content=\"Por Redacci\u00f3n QP M\u00e9xico&nbsp;subi\u00f3 escalones en el&nbsp;ranking FIFA&nbsp;tras conseguir la&nbsp;Copa Oro 2025, y se ubic\u00f3...\" \/>\n<meta property=\"og:url\" content=\"https:\/\/quehacerpolitico.mx\/?p=117614\" \/>\n<meta property=\"article:published_time\" content=\"2025-07-10T22:55:10+00:00\" \/>\n<meta property=\"article:modified_time\" content=\"2025-07-10T22:55:13+00:00\" \/>\n<meta property=\"og:image\" content=\"https:\/\/quehacerpolitico.mx\/wp-content\/uploads\/2025\/07\/IMG_1634.jpeg\" \/>\n\t<meta property=\"og:image:width\" content=\"739\" \/>\n\t<meta property=\"og:image:height\" content=\"415\" \/>\n\t<meta property=\"og:image:type\" content=\"image\/jpeg\" \/>\n<meta name=\"author\" content=\"Redacci\u00f3n QP\" \/>\n<meta name=\"twitter:card\" content=\"summary_large_image\" \/>\n<meta name=\"twitter:label1\" content=\"Escrito por\" \/>\n\t<meta name=\"twitter:data1\" content=\"Redacci\u00f3n QP\" \/>\n\t<meta name=\"twitter:label2\" content=\"Tiempo de lectura\" \/>\n\t<meta name=\"twitter:data2\" content=\"2 minutos\" \/>\n<script type=\"application\/ld+json\" class=\"yoast-schema-graph\">{\"@context\":\"https:\\\/\\\/schema.org\",\"@graph\":[{\"@type\":\"Article\",\"@id\":\"https:\\\/\\\/quehacerpolitico.mx\\\/?p=117614#article\",\"isPartOf\":{\"@id\":\"https:\\\/\\\/quehacerpolitico.mx\\\/?p=117614\"},\"author\":{\"name\":\"Redacci\u00f3n QP\",\"@id\":\"https:\\\/\\\/quehacerpolitico.mx\\\/#\\\/schema\\\/person\\\/496d8ad2d1d3f8036101dca7ee39e585\"},\"headline\":\"La FIFA dio a conocer este jueves 10 de abril su ranking mensual de selecciones, donde M\u00e9xico subi\u00f3 algunas puestos\",\"datePublished\":\"2025-07-10T22:55:10+00:00\",\"dateModified\":\"2025-07-10T22:55:13+00:00\",\"mainEntityOfPage\":{\"@id\":\"https:\\\/\\\/quehacerpolitico.mx\\\/?p=117614\"},\"wordCount\":336,\"commentCount\":0,\"image\":{\"@id\":\"https:\\\/\\\/quehacerpolitico.mx\\\/?p=117614#primaryimage\"},\"thumbnailUrl\":\"https:\\\/\\\/quehacerpolitico.mx\\\/wp-content\\\/uploads\\\/2025\\\/07\\\/IMG_1634.jpeg\",\"articleSection\":[\"Deportes\"],\"inLanguage\":\"es\",\"potentialAction\":[{\"@type\":\"CommentAction\",\"name\":\"Comment\",\"target\":[\"https:\\\/\\\/quehacerpolitico.mx\\\/?p=117614#respond\"]}]},{\"@type\":\"WebPage\",\"@id\":\"https:\\\/\\\/quehacerpolitico.mx\\\/?p=117614\",\"url\":\"https:\\\/\\\/quehacerpolitico.mx\\\/?p=117614\",\"name\":\"La FIFA dio a conocer este jueves 10 de abril su ranking mensual de selecciones, donde M\u00e9xico subi\u00f3 algunas puestos -\",\"isPartOf\":{\"@id\":\"https:\\\/\\\/quehacerpolitico.mx\\\/#website\"},\"primaryImageOfPage\":{\"@id\":\"https:\\\/\\\/quehacerpolitico.mx\\\/?p=117614#primaryimage\"},\"image\":{\"@id\":\"https:\\\/\\\/quehacerpolitico.mx\\\/?p=117614#primaryimage\"},\"thumbnailUrl\":\"https:\\\/\\\/quehacerpolitico.mx\\\/wp-content\\\/uploads\\\/2025\\\/07\\\/IMG_1634.jpeg\",\"datePublished\":\"2025-07-10T22:55:10+00:00\",\"dateModified\":\"2025-07-10T22:55:13+00:00\",\"author\":{\"@id\":\"https:\\\/\\\/quehacerpolitico.mx\\\/#\\\/schema\\\/person\\\/496d8ad2d1d3f8036101dca7ee39e585\"},\"breadcrumb\":{\"@id\":\"https:\\\/\\\/quehacerpolitico.mx\\\/?p=117614#breadcrumb\"},\"inLanguage\":\"es\",\"potentialAction\":[{\"@type\":\"ReadAction\",\"target\":[\"https:\\\/\\\/quehacerpolitico.mx\\\/?p=117614\"]}]},{\"@type\":\"ImageObject\",\"inLanguage\":\"es\",\"@id\":\"https:\\\/\\\/quehacerpolitico.mx\\\/?p=117614#primaryimage\",\"url\":\"https:\\\/\\\/quehacerpolitico.mx\\\/wp-content\\\/uploads\\\/2025\\\/07\\\/IMG_1634.jpeg\",\"contentUrl\":\"https:\\\/\\\/quehacerpolitico.mx\\\/wp-content\\\/uploads\\\/2025\\\/07\\\/IMG_1634.jpeg\",\"width\":739,\"height\":415},{\"@type\":\"BreadcrumbList\",\"@id\":\"https:\\\/\\\/quehacerpolitico.mx\\\/?p=117614#breadcrumb\",\"itemListElement\":[{\"@type\":\"ListItem\",\"position\":1,\"name\":\"Inicio\",\"item\":\"https:\\\/\\\/quehacerpolitico.mx\\\/\"},{\"@type\":\"ListItem\",\"position\":2,\"name\":\"La FIFA dio a conocer este jueves 10 de abril su ranking mensual de selecciones, donde M\u00e9xico subi\u00f3 algunas puestos\"}]},{\"@type\":\"WebSite\",\"@id\":\"https:\\\/\\\/quehacerpolitico.mx\\\/#website\",\"url\":\"https:\\\/\\\/quehacerpolitico.mx\\\/\",\"name\":\"\",\"description\":\"\",\"potentialAction\":[{\"@type\":\"SearchAction\",\"target\":{\"@type\":\"EntryPoint\",\"urlTemplate\":\"https:\\\/\\\/quehacerpolitico.mx\\\/?s={search_term_string}\"},\"query-input\":{\"@type\":\"PropertyValueSpecification\",\"valueRequired\":true,\"valueName\":\"search_term_string\"}}],\"inLanguage\":\"es\"},{\"@type\":\"Person\",\"@id\":\"https:\\\/\\\/quehacerpolitico.mx\\\/#\\\/schema\\\/person\\\/496d8ad2d1d3f8036101dca7ee39e585\",\"name\":\"Redacci\u00f3n QP\",\"image\":{\"@type\":\"ImageObject\",\"inLanguage\":\"es\",\"@id\":\"https:\\\/\\\/secure.gravatar.com\\\/avatar\\\/c7164ed6fdec453195284ad24a5ae5b6e1eed2b848477fa2a4787ba9adf39a41?s=96&d=mm&r=g\",\"url\":\"https:\\\/\\\/secure.gravatar.com\\\/avatar\\\/c7164ed6fdec453195284ad24a5ae5b6e1eed2b848477fa2a4787ba9adf39a41?s=96&d=mm&r=g\",\"contentUrl\":\"https:\\\/\\\/secure.gravatar.com\\\/avatar\\\/c7164ed6fdec453195284ad24a5ae5b6e1eed2b848477fa2a4787ba9adf39a41?s=96&d=mm&r=g\",\"caption\":\"Redacci\u00f3n QP\"},\"url\":\"https:\\\/\\\/quehacerpolitico.mx\\\/?author=2\"}]}<\/script>\n<!-- \/ Yoast SEO plugin. -->","yoast_head_json":{"title":"La FIFA dio a conocer este jueves 10 de abril su ranking mensual de selecciones, donde M\u00e9xico subi\u00f3 algunas puestos -","robots":{"index":"index","follow":"follow","max-snippet":"max-snippet:-1","max-image-preview":"max-image-preview:large","max-video-preview":"max-video-preview:-1"},"canonical":"https:\/\/quehacerpolitico.mx\/?p=117614","og_locale":"es_MX","og_type":"article","og_title":"La FIFA dio a conocer este jueves 10 de abril su ranking mensual de selecciones, donde M\u00e9xico subi\u00f3 algunas puestos -","og_description":"Por Redacci\u00f3n QP M\u00e9xico&nbsp;subi\u00f3 escalones en el&nbsp;ranking FIFA&nbsp;tras conseguir la&nbsp;Copa Oro 2025, y se ubic\u00f3...","og_url":"https:\/\/quehacerpolitico.mx\/?p=117614","article_published_time":"2025-07-10T22:55:10+00:00","article_modified_time":"2025-07-10T22:55:13+00:00","og_image":[{"width":739,"height":415,"url":"https:\/\/quehacerpolitico.mx\/wp-content\/uploads\/2025\/07\/IMG_1634.jpeg","type":"image\/jpeg"}],"author":"Redacci\u00f3n QP","twitter_card":"summary_large_image","twitter_misc":{"Escrito por":"Redacci\u00f3n QP","Tiempo de lectura":"2 minutos"},"schema":{"@context":"https:\/\/schema.org","@graph":[{"@type":"Article","@id":"https:\/\/quehacerpolitico.mx\/?p=117614#article","isPartOf":{"@id":"https:\/\/quehacerpolitico.mx\/?p=117614"},"author":{"name":"Redacci\u00f3n QP","@id":"https:\/\/quehacerpolitico.mx\/#\/schema\/person\/496d8ad2d1d3f8036101dca7ee39e585"},"headline":"La FIFA dio a conocer este jueves 10 de abril su ranking mensual de selecciones, donde M\u00e9xico subi\u00f3 algunas puestos","datePublished":"2025-07-10T22:55:10+00:00","dateModified":"2025-07-10T22:55:13+00:00","mainEntityOfPage":{"@id":"https:\/\/quehacerpolitico.mx\/?p=117614"},"wordCount":336,"commentCount":0,"image":{"@id":"https:\/\/quehacerpolitico.mx\/?p=117614#primaryimage"},"thumbnailUrl":"https:\/\/quehacerpolitico.mx\/wp-content\/uploads\/2025\/07\/IMG_1634.jpeg","articleSection":["Deportes"],"inLanguage":"es","potentialAction":[{"@type":"CommentAction","name":"Comment","target":["https:\/\/quehacerpolitico.mx\/?p=117614#respond"]}]},{"@type":"WebPage","@id":"https:\/\/quehacerpolitico.mx\/?p=117614","url":"https:\/\/quehacerpolitico.mx\/?p=117614","name":"La FIFA dio a conocer este jueves 10 de abril su ranking mensual de selecciones, donde M\u00e9xico subi\u00f3 algunas puestos -","isPartOf":{"@id":"https:\/\/quehacerpolitico.mx\/#website"},"primaryImageOfPage":{"@id":"https:\/\/quehacerpolitico.mx\/?p=117614#primaryimage"},"image":{"@id":"https:\/\/quehacerpolitico.mx\/?p=117614#primaryimage"},"thumbnailUrl":"https:\/\/quehacerpolitico.mx\/wp-content\/uploads\/2025\/07\/IMG_1634.jpeg","datePublished":"2025-07-10T22:55:10+00:00","dateModified":"2025-07-10T22:55:13+00:00","author":{"@id":"https:\/\/quehacerpolitico.mx\/#\/schema\/person\/496d8ad2d1d3f8036101dca7ee39e585"},"breadcrumb":{"@id":"https:\/\/quehacerpolitico.mx\/?p=117614#breadcrumb"},"inLanguage":"es","potentialAction":[{"@type":"ReadAction","target":["https:\/\/quehacerpolitico.mx\/?p=117614"]}]},{"@type":"ImageObject","inLanguage":"es","@id":"https:\/\/quehacerpolitico.mx\/?p=117614#primaryimage","url":"https:\/\/quehacerpolitico.mx\/wp-content\/uploads\/2025\/07\/IMG_1634.jpeg","contentUrl":"https:\/\/quehacerpolitico.mx\/wp-content\/uploads\/2025\/07\/IMG_1634.jpeg","width":739,"height":415},{"@type":"BreadcrumbList","@id":"https:\/\/quehacerpolitico.mx\/?p=117614#breadcrumb","itemListElement":[{"@type":"ListItem","position":1,"name":"Inicio","item":"https:\/\/quehacerpolitico.mx\/"},{"@type":"ListItem","position":2,"name":"La FIFA dio a conocer este jueves 10 de abril su ranking mensual de selecciones, donde M\u00e9xico subi\u00f3 algunas puestos"}]},{"@type":"WebSite","@id":"https:\/\/quehacerpolitico.mx\/#website","url":"https:\/\/quehacerpolitico.mx\/","name":"","description":"","potentialAction":[{"@type":"SearchAction","target":{"@type":"EntryPoint","urlTemplate":"https:\/\/quehacerpolitico.mx\/?s={search_term_string}"},"query-input":{"@type":"PropertyValueSpecification","valueRequired":true,"valueName":"search_term_string"}}],"inLanguage":"es"},{"@type":"Person","@id":"https:\/\/quehacerpolitico.mx\/#\/schema\/person\/496d8ad2d1d3f8036101dca7ee39e585","name":"Redacci\u00f3n QP","image":{"@type":"ImageObject","inLanguage":"es","@id":"https:\/\/secure.gravatar.com\/avatar\/c7164ed6fdec453195284ad24a5ae5b6e1eed2b848477fa2a4787ba9adf39a41?s=96&d=mm&r=g","url":"https:\/\/secure.gravatar.com\/avatar\/c7164ed6fdec453195284ad24a5ae5b6e1eed2b848477fa2a4787ba9adf39a41?s=96&d=mm&r=g","contentUrl":"https:\/\/secure.gravatar.com\/avatar\/c7164ed6fdec453195284ad24a5ae5b6e1eed2b848477fa2a4787ba9adf39a41?s=96&d=mm&r=g","caption":"Redacci\u00f3n QP"},"url":"https:\/\/quehacerpolitico.mx\/?author=2"}]}},"featured_image_urls":{"full":["https:\/\/quehacerpolitico.mx\/wp-content\/uploads\/2025\/07\/IMG_1634.jpeg",739,415,false],"thumbnail":["https:\/\/quehacerpolitico.mx\/wp-content\/uploads\/2025\/07\/IMG_1634-150x150.jpeg",150,150,true],"medium":["https:\/\/quehacerpolitico.mx\/wp-content\/uploads\/2025\/07\/IMG_1634-300x168.jpeg",300,168,true],"medium_large":["https:\/\/quehacerpolitico.mx\/wp-content\/uploads\/2025\/07\/IMG_1634.jpeg",640,359,false],"large":["https:\/\/quehacerpolitico.mx\/wp-content\/uploads\/2025\/07\/IMG_1634.jpeg",640,359,false],"1536x1536":["https:\/\/quehacerpolitico.mx\/wp-content\/uploads\/2025\/07\/IMG_1634.jpeg",739,415,false],"2048x2048":["https:\/\/quehacerpolitico.mx\/wp-content\/uploads\/2025\/07\/IMG_1634.jpeg",739,415,false],"covernews-featured":["https:\/\/quehacerpolitico.mx\/wp-content\/uploads\/2025\/07\/IMG_1634.jpeg",739,415,false],"covernews-medium":["https:\/\/quehacerpolitico.mx\/wp-content\/uploads\/2025\/07\/IMG_1634-540x340.jpeg",540,340,true]},"author_info":{"display_name":"Redacci\u00f3n QP","author_link":"https:\/\/quehacerpolitico.mx\/?author=2"},"category_info":"<a href=\"https:\/\/quehacerpolitico.mx\/?cat=54\" rel=\"category\">Deportes<\/a>","tag_info":"Deportes","comment_count":"0","_links":{"self":[{"href":"https:\/\/quehacerpolitico.mx\/index.php?rest_route=\/wp\/v2\/posts\/117614","targetHints":{"allow":["GET"]}}],"collection":[{"href":"https:\/\/quehacerpolitico.mx\/index.php?rest_route=\/wp\/v2\/posts"}],"about":[{"href":"https:\/\/quehacerpolitico.mx\/index.php?rest_route=\/wp\/v2\/types\/post"}],"author":[{"embeddable":true,"href":"https:\/\/quehacerpolitico.mx\/index.php?rest_route=\/wp\/v2\/users\/2"}],"replies":[{"embeddable":true,"href":"https:\/\/quehacerpolitico.mx\/index.php?rest_route=%2Fwp%2Fv2%2Fcomments&post=117614"}],"version-history":[{"count":1,"href":"https:\/\/quehacerpolitico.mx\/index.php?rest_route=\/wp\/v2\/posts\/117614\/revisions"}],"predecessor-version":[{"id":117616,"href":"https:\/\/quehacerpolitico.mx\/index.php?rest_route=\/wp\/v2\/posts\/117614\/revisions\/117616"}],"wp:featuredmedia":[{"embeddable":true,"href":"https:\/\/quehacerpolitico.mx\/index.php?rest_route=\/wp\/v2\/media\/117615"}],"wp:attachment":[{"href":"https:\/\/quehacerpolitico.mx\/index.php?rest_route=%2Fwp%2Fv2%2Fmedia&parent=117614"}],"wp:term":[{"taxonomy":"category","embeddable":true,"href":"https:\/\/quehacerpolitico.mx\/index.php?rest_route=%2Fwp%2Fv2%2Fcategories&post=117614"},{"taxonomy":"post_tag","embeddable":true,"href":"https:\/\/quehacerpolitico.mx\/index.php?rest_route=%2Fwp%2Fv2%2Ftags&post=117614"}],"curies":[{"name":"wp","href":"https:\/\/api.w.org\/{rel}","templated":true}]}}