{"id":117611,"date":"2025-07-10T16:35:13","date_gmt":"2025-07-10T22:35:13","guid":{"rendered":"https:\/\/quehacerpolitico.mx\/?p=117611"},"modified":"2025-07-10T16:35:14","modified_gmt":"2025-07-10T22:35:14","slug":"debilidad-economica-prevalecera-pero-habra-un-proceso-de-desinflacion-banxico","status":"publish","type":"post","link":"https:\/\/quehacerpolitico.mx\/?p=117611","title":{"rendered":"Debilidad econ\u00f3mica prevalecer\u00e1, pero habr\u00e1 un proceso de desinflaci\u00f3n: Banxico"},"content":{"rendered":"\n<p>Por Redacci\u00f3n QP<\/p>\n\n\n\n<p>El banco central afirm\u00f3 que los precios dejar\u00e1n de aumentar por la holgura en la econom\u00eda, la apreciaci\u00f3n de la moneda nacional y el anclaje de las expectativas de la inflaci\u00f3n<\/p>\n\n\n\n<p>El&nbsp;<strong>Banco de M\u00e9xico<\/strong>&nbsp;(Banxico) pronostic\u00f3 que la&nbsp;<strong>debilidad<\/strong>&nbsp;<strong>econ\u00f3mica<\/strong>continuar\u00e1 en el pa\u00eds, as\u00ed como que las&nbsp;<strong>presiones<\/strong>&nbsp;actuales no ser\u00e1n sostenidas, lo que ayudar\u00e1 al &#8220;proceso de desinflaci\u00f3n&#8221;.<\/p>\n\n\n\n<p>&#8220;Algunos prev\u00e9n que la debilidad de la actividad econ\u00f3mica prevalezca&#8221;, expuso la Junta de Gobierno del banco central, en una minuta difundida este jueves, en la que a\u00f1adi\u00f3 que &#8220;uno extern\u00f3 que para 2025 se anticipa un&nbsp;<strong>estancamiento<\/strong>&nbsp;o incluso una ligera&nbsp;<strong>contracci\u00f3n<\/strong>&#8220;.<\/p>\n\n\n\n<p>El documento corresponde a la reuni\u00f3n del 26 de junio, cuando&nbsp;<strong>Banxico<\/strong>&nbsp;rebaj\u00f3 la tasa de inter\u00e9s al 8%, su octavo recorte consecutivo y el cuarto de 50 puntos, ante el actual&nbsp;<strong>panorama<\/strong><strong>inflacionario<\/strong>, el grado de restricci\u00f3n monetaria y la &#8220;aton\u00eda&#8221; de las perspectivas econ\u00f3micas.<\/p>\n\n\n\n<p>El texto se difunde tras revelarse el mi\u00e9rcoles que la inflaci\u00f3n general descendi\u00f3 en junio 4.32%, luego de cuatro meses al alza y contin\u00faa por encima de las expectativas del mercado.<\/p>\n\n\n\n<p>&#8220;La mayor\u00eda indic\u00f3 el&nbsp;<strong>buen comportamiento<\/strong>&nbsp;de los determinantes de la inflaci\u00f3n de mediano plazo, los cuales apuntan a que las presiones que se est\u00e1n resintiendo no ser\u00e1n sostenidas&#8221;, explic\u00f3 el organismo aut\u00f3nomo.<\/p>\n\n\n\n<p>Entre los determinantes, apuntaron, est\u00e1n la&nbsp;<strong>holgura en la econom\u00eda<\/strong>, la apreciaci\u00f3n de la moneda nacional y el anclaje de las expectativas de inflaci\u00f3n.<\/p>\n\n\n\n<p>La&nbsp;<strong>incertidumbre comercial<\/strong>, provocada por la imposici\u00f3n de aranceles del presidente de Estados Unidos,&nbsp;<strong>Donald<\/strong><strong>Trump<\/strong>, ocasion\u00f3&nbsp;que organismos financieros como Fitch y UBS pronostiquen una&nbsp;<strong>recesi\u00f3n<\/strong>&nbsp;en M\u00e9xico, cuya econom\u00eda creci\u00f3 un 1.5% en 2024, pero cay\u00f3 un 0.6% de octubre a diciembre, su primera contracci\u00f3n a tasa trimestral en los \u00faltimos tres a\u00f1os, aunque repunt\u00f3 un 0.2% en el primer trimestre de 2025.<\/p>\n\n\n\n<p>En este contexto, la&nbsp;<strong>Junta de Gobierno&nbsp;<\/strong>&#8220;se\u00f1al\u00f3 que la debilidad prevista de la actividad econ\u00f3mica y mayores condiciones de holgura contribuir\u00e1n a que el proceso de desinflaci\u00f3n contin\u00fae&#8221;.&nbsp;<\/p>\n\n\n\n<p>Por ello, el banco central anticip\u00f3 que, tomando en cuenta el actual panorama inflacionario y el grado de restricci\u00f3n monetaria prevaleciente,&nbsp;<strong>valorar\u00e1n recortes adicionales a la tasa de intereses.<\/strong><\/p>\n\n\n\n<p>La Junta de Gobierno adelant\u00f3 que &#8220;tomar\u00e1 en cuenta los efectos de todos los determinantes de la inflaci\u00f3n. Las acciones que se implementen ser\u00e1n tales que la tasa de referencia sea congruente, en todo momento, con la trayectoria requerida para propiciar la convergencia ordenada y sostenida de la inflaci\u00f3n general a la meta de 3% en el plazo previsto&#8221;.&nbsp;<\/p>\n\n\n\n<p>Esta fue la cuarta decisi\u00f3n del a\u00f1o del banco central, que anunciar\u00e1 su pr\u00f3xima pol\u00edtica monetaria el 7 de agosto.<\/p>\n\n\n\n<p>Con informaci\u00f3n de EFE<\/p>\n","protected":false},"excerpt":{"rendered":"<p>Por Redacci\u00f3n QP El banco central afirm\u00f3 que los precios dejar\u00e1n de aumentar por la&#8230;<\/p>\n","protected":false},"author":2,"featured_media":117612,"comment_status":"open","ping_status":"open","sticky":false,"template":"","format":"standard","meta":{"_monsterinsights_skip_tracking":false,"_monsterinsights_sitenote_active":false,"_monsterinsights_sitenote_note":"","_monsterinsights_sitenote_category":0,"footnotes":""},"categories":[56],"tags":[],"class_list":["post-117611","post","type-post","status-publish","format-standard","has-post-thumbnail","hentry","category-economia"],"yoast_head":"<!-- This site is optimized with the Yoast SEO plugin v27.3 - https:\/\/yoast.com\/product\/yoast-seo-wordpress\/ -->\n<title>Debilidad econ\u00f3mica prevalecer\u00e1, pero habr\u00e1 un proceso de desinflaci\u00f3n: Banxico -<\/title>\n<meta name=\"robots\" content=\"index, follow, max-snippet:-1, max-image-preview:large, max-video-preview:-1\" \/>\n<link rel=\"canonical\" href=\"https:\/\/quehacerpolitico.mx\/?p=117611\" \/>\n<meta property=\"og:locale\" content=\"es_MX\" \/>\n<meta property=\"og:type\" content=\"article\" \/>\n<meta property=\"og:title\" content=\"Debilidad econ\u00f3mica prevalecer\u00e1, pero habr\u00e1 un proceso de desinflaci\u00f3n: Banxico -\" \/>\n<meta property=\"og:description\" content=\"Por Redacci\u00f3n QP El banco central afirm\u00f3 que los precios dejar\u00e1n de aumentar por la...\" \/>\n<meta property=\"og:url\" content=\"https:\/\/quehacerpolitico.mx\/?p=117611\" \/>\n<meta property=\"article:published_time\" content=\"2025-07-10T22:35:13+00:00\" \/>\n<meta property=\"article:modified_time\" content=\"2025-07-10T22:35:14+00:00\" \/>\n<meta property=\"og:image\" content=\"https:\/\/quehacerpolitico.mx\/wp-content\/uploads\/2025\/07\/IMG_1632.jpeg\" \/>\n\t<meta property=\"og:image:width\" content=\"679\" \/>\n\t<meta property=\"og:image:height\" content=\"452\" \/>\n\t<meta property=\"og:image:type\" content=\"image\/jpeg\" \/>\n<meta name=\"author\" content=\"Redacci\u00f3n QP\" \/>\n<meta name=\"twitter:card\" content=\"summary_large_image\" \/>\n<meta name=\"twitter:label1\" content=\"Escrito por\" \/>\n\t<meta name=\"twitter:data1\" content=\"Redacci\u00f3n QP\" \/>\n\t<meta name=\"twitter:label2\" content=\"Tiempo de lectura\" \/>\n\t<meta name=\"twitter:data2\" content=\"3 minutos\" \/>\n<script type=\"application\/ld+json\" class=\"yoast-schema-graph\">{\"@context\":\"https:\\\/\\\/schema.org\",\"@graph\":[{\"@type\":\"Article\",\"@id\":\"https:\\\/\\\/quehacerpolitico.mx\\\/?p=117611#article\",\"isPartOf\":{\"@id\":\"https:\\\/\\\/quehacerpolitico.mx\\\/?p=117611\"},\"author\":{\"name\":\"Redacci\u00f3n QP\",\"@id\":\"https:\\\/\\\/quehacerpolitico.mx\\\/#\\\/schema\\\/person\\\/496d8ad2d1d3f8036101dca7ee39e585\"},\"headline\":\"Debilidad econ\u00f3mica prevalecer\u00e1, pero habr\u00e1 un proceso de desinflaci\u00f3n: Banxico\",\"datePublished\":\"2025-07-10T22:35:13+00:00\",\"dateModified\":\"2025-07-10T22:35:14+00:00\",\"mainEntityOfPage\":{\"@id\":\"https:\\\/\\\/quehacerpolitico.mx\\\/?p=117611\"},\"wordCount\":523,\"commentCount\":0,\"image\":{\"@id\":\"https:\\\/\\\/quehacerpolitico.mx\\\/?p=117611#primaryimage\"},\"thumbnailUrl\":\"https:\\\/\\\/quehacerpolitico.mx\\\/wp-content\\\/uploads\\\/2025\\\/07\\\/IMG_1632.jpeg\",\"articleSection\":[\"Econom\u00eda\"],\"inLanguage\":\"es\",\"potentialAction\":[{\"@type\":\"CommentAction\",\"name\":\"Comment\",\"target\":[\"https:\\\/\\\/quehacerpolitico.mx\\\/?p=117611#respond\"]}]},{\"@type\":\"WebPage\",\"@id\":\"https:\\\/\\\/quehacerpolitico.mx\\\/?p=117611\",\"url\":\"https:\\\/\\\/quehacerpolitico.mx\\\/?p=117611\",\"name\":\"Debilidad econ\u00f3mica prevalecer\u00e1, pero habr\u00e1 un proceso de desinflaci\u00f3n: Banxico -\",\"isPartOf\":{\"@id\":\"https:\\\/\\\/quehacerpolitico.mx\\\/#website\"},\"primaryImageOfPage\":{\"@id\":\"https:\\\/\\\/quehacerpolitico.mx\\\/?p=117611#primaryimage\"},\"image\":{\"@id\":\"https:\\\/\\\/quehacerpolitico.mx\\\/?p=117611#primaryimage\"},\"thumbnailUrl\":\"https:\\\/\\\/quehacerpolitico.mx\\\/wp-content\\\/uploads\\\/2025\\\/07\\\/IMG_1632.jpeg\",\"datePublished\":\"2025-07-10T22:35:13+00:00\",\"dateModified\":\"2025-07-10T22:35:14+00:00\",\"author\":{\"@id\":\"https:\\\/\\\/quehacerpolitico.mx\\\/#\\\/schema\\\/person\\\/496d8ad2d1d3f8036101dca7ee39e585\"},\"breadcrumb\":{\"@id\":\"https:\\\/\\\/quehacerpolitico.mx\\\/?p=117611#breadcrumb\"},\"inLanguage\":\"es\",\"potentialAction\":[{\"@type\":\"ReadAction\",\"target\":[\"https:\\\/\\\/quehacerpolitico.mx\\\/?p=117611\"]}]},{\"@type\":\"ImageObject\",\"inLanguage\":\"es\",\"@id\":\"https:\\\/\\\/quehacerpolitico.mx\\\/?p=117611#primaryimage\",\"url\":\"https:\\\/\\\/quehacerpolitico.mx\\\/wp-content\\\/uploads\\\/2025\\\/07\\\/IMG_1632.jpeg\",\"contentUrl\":\"https:\\\/\\\/quehacerpolitico.mx\\\/wp-content\\\/uploads\\\/2025\\\/07\\\/IMG_1632.jpeg\",\"width\":679,\"height\":452},{\"@type\":\"BreadcrumbList\",\"@id\":\"https:\\\/\\\/quehacerpolitico.mx\\\/?p=117611#breadcrumb\",\"itemListElement\":[{\"@type\":\"ListItem\",\"position\":1,\"name\":\"Inicio\",\"item\":\"https:\\\/\\\/quehacerpolitico.mx\\\/\"},{\"@type\":\"ListItem\",\"position\":2,\"name\":\"Debilidad econ\u00f3mica prevalecer\u00e1, pero habr\u00e1 un proceso de desinflaci\u00f3n: Banxico\"}]},{\"@type\":\"WebSite\",\"@id\":\"https:\\\/\\\/quehacerpolitico.mx\\\/#website\",\"url\":\"https:\\\/\\\/quehacerpolitico.mx\\\/\",\"name\":\"\",\"description\":\"\",\"potentialAction\":[{\"@type\":\"SearchAction\",\"target\":{\"@type\":\"EntryPoint\",\"urlTemplate\":\"https:\\\/\\\/quehacerpolitico.mx\\\/?s={search_term_string}\"},\"query-input\":{\"@type\":\"PropertyValueSpecification\",\"valueRequired\":true,\"valueName\":\"search_term_string\"}}],\"inLanguage\":\"es\"},{\"@type\":\"Person\",\"@id\":\"https:\\\/\\\/quehacerpolitico.mx\\\/#\\\/schema\\\/person\\\/496d8ad2d1d3f8036101dca7ee39e585\",\"name\":\"Redacci\u00f3n QP\",\"image\":{\"@type\":\"ImageObject\",\"inLanguage\":\"es\",\"@id\":\"https:\\\/\\\/secure.gravatar.com\\\/avatar\\\/c7164ed6fdec453195284ad24a5ae5b6e1eed2b848477fa2a4787ba9adf39a41?s=96&d=mm&r=g\",\"url\":\"https:\\\/\\\/secure.gravatar.com\\\/avatar\\\/c7164ed6fdec453195284ad24a5ae5b6e1eed2b848477fa2a4787ba9adf39a41?s=96&d=mm&r=g\",\"contentUrl\":\"https:\\\/\\\/secure.gravatar.com\\\/avatar\\\/c7164ed6fdec453195284ad24a5ae5b6e1eed2b848477fa2a4787ba9adf39a41?s=96&d=mm&r=g\",\"caption\":\"Redacci\u00f3n QP\"},\"url\":\"https:\\\/\\\/quehacerpolitico.mx\\\/?author=2\"}]}<\/script>\n<!-- \/ Yoast SEO plugin. -->","yoast_head_json":{"title":"Debilidad econ\u00f3mica prevalecer\u00e1, pero habr\u00e1 un proceso de desinflaci\u00f3n: Banxico -","robots":{"index":"index","follow":"follow","max-snippet":"max-snippet:-1","max-image-preview":"max-image-preview:large","max-video-preview":"max-video-preview:-1"},"canonical":"https:\/\/quehacerpolitico.mx\/?p=117611","og_locale":"es_MX","og_type":"article","og_title":"Debilidad econ\u00f3mica prevalecer\u00e1, pero habr\u00e1 un proceso de desinflaci\u00f3n: Banxico -","og_description":"Por Redacci\u00f3n QP El banco central afirm\u00f3 que los precios dejar\u00e1n de aumentar por la...","og_url":"https:\/\/quehacerpolitico.mx\/?p=117611","article_published_time":"2025-07-10T22:35:13+00:00","article_modified_time":"2025-07-10T22:35:14+00:00","og_image":[{"width":679,"height":452,"url":"https:\/\/quehacerpolitico.mx\/wp-content\/uploads\/2025\/07\/IMG_1632.jpeg","type":"image\/jpeg"}],"author":"Redacci\u00f3n QP","twitter_card":"summary_large_image","twitter_misc":{"Escrito por":"Redacci\u00f3n QP","Tiempo de lectura":"3 minutos"},"schema":{"@context":"https:\/\/schema.org","@graph":[{"@type":"Article","@id":"https:\/\/quehacerpolitico.mx\/?p=117611#article","isPartOf":{"@id":"https:\/\/quehacerpolitico.mx\/?p=117611"},"author":{"name":"Redacci\u00f3n QP","@id":"https:\/\/quehacerpolitico.mx\/#\/schema\/person\/496d8ad2d1d3f8036101dca7ee39e585"},"headline":"Debilidad econ\u00f3mica prevalecer\u00e1, pero habr\u00e1 un proceso de desinflaci\u00f3n: Banxico","datePublished":"2025-07-10T22:35:13+00:00","dateModified":"2025-07-10T22:35:14+00:00","mainEntityOfPage":{"@id":"https:\/\/quehacerpolitico.mx\/?p=117611"},"wordCount":523,"commentCount":0,"image":{"@id":"https:\/\/quehacerpolitico.mx\/?p=117611#primaryimage"},"thumbnailUrl":"https:\/\/quehacerpolitico.mx\/wp-content\/uploads\/2025\/07\/IMG_1632.jpeg","articleSection":["Econom\u00eda"],"inLanguage":"es","potentialAction":[{"@type":"CommentAction","name":"Comment","target":["https:\/\/quehacerpolitico.mx\/?p=117611#respond"]}]},{"@type":"WebPage","@id":"https:\/\/quehacerpolitico.mx\/?p=117611","url":"https:\/\/quehacerpolitico.mx\/?p=117611","name":"Debilidad econ\u00f3mica prevalecer\u00e1, pero habr\u00e1 un proceso de desinflaci\u00f3n: Banxico -","isPartOf":{"@id":"https:\/\/quehacerpolitico.mx\/#website"},"primaryImageOfPage":{"@id":"https:\/\/quehacerpolitico.mx\/?p=117611#primaryimage"},"image":{"@id":"https:\/\/quehacerpolitico.mx\/?p=117611#primaryimage"},"thumbnailUrl":"https:\/\/quehacerpolitico.mx\/wp-content\/uploads\/2025\/07\/IMG_1632.jpeg","datePublished":"2025-07-10T22:35:13+00:00","dateModified":"2025-07-10T22:35:14+00:00","author":{"@id":"https:\/\/quehacerpolitico.mx\/#\/schema\/person\/496d8ad2d1d3f8036101dca7ee39e585"},"breadcrumb":{"@id":"https:\/\/quehacerpolitico.mx\/?p=117611#breadcrumb"},"inLanguage":"es","potentialAction":[{"@type":"ReadAction","target":["https:\/\/quehacerpolitico.mx\/?p=117611"]}]},{"@type":"ImageObject","inLanguage":"es","@id":"https:\/\/quehacerpolitico.mx\/?p=117611#primaryimage","url":"https:\/\/quehacerpolitico.mx\/wp-content\/uploads\/2025\/07\/IMG_1632.jpeg","contentUrl":"https:\/\/quehacerpolitico.mx\/wp-content\/uploads\/2025\/07\/IMG_1632.jpeg","width":679,"height":452},{"@type":"BreadcrumbList","@id":"https:\/\/quehacerpolitico.mx\/?p=117611#breadcrumb","itemListElement":[{"@type":"ListItem","position":1,"name":"Inicio","item":"https:\/\/quehacerpolitico.mx\/"},{"@type":"ListItem","position":2,"name":"Debilidad econ\u00f3mica prevalecer\u00e1, pero habr\u00e1 un proceso de desinflaci\u00f3n: Banxico"}]},{"@type":"WebSite","@id":"https:\/\/quehacerpolitico.mx\/#website","url":"https:\/\/quehacerpolitico.mx\/","name":"","description":"","potentialAction":[{"@type":"SearchAction","target":{"@type":"EntryPoint","urlTemplate":"https:\/\/quehacerpolitico.mx\/?s={search_term_string}"},"query-input":{"@type":"PropertyValueSpecification","valueRequired":true,"valueName":"search_term_string"}}],"inLanguage":"es"},{"@type":"Person","@id":"https:\/\/quehacerpolitico.mx\/#\/schema\/person\/496d8ad2d1d3f8036101dca7ee39e585","name":"Redacci\u00f3n QP","image":{"@type":"ImageObject","inLanguage":"es","@id":"https:\/\/secure.gravatar.com\/avatar\/c7164ed6fdec453195284ad24a5ae5b6e1eed2b848477fa2a4787ba9adf39a41?s=96&d=mm&r=g","url":"https:\/\/secure.gravatar.com\/avatar\/c7164ed6fdec453195284ad24a5ae5b6e1eed2b848477fa2a4787ba9adf39a41?s=96&d=mm&r=g","contentUrl":"https:\/\/secure.gravatar.com\/avatar\/c7164ed6fdec453195284ad24a5ae5b6e1eed2b848477fa2a4787ba9adf39a41?s=96&d=mm&r=g","caption":"Redacci\u00f3n QP"},"url":"https:\/\/quehacerpolitico.mx\/?author=2"}]}},"featured_image_urls":{"full":["https:\/\/quehacerpolitico.mx\/wp-content\/uploads\/2025\/07\/IMG_1632.jpeg",679,452,false],"thumbnail":["https:\/\/quehacerpolitico.mx\/wp-content\/uploads\/2025\/07\/IMG_1632-150x150.jpeg",150,150,true],"medium":["https:\/\/quehacerpolitico.mx\/wp-content\/uploads\/2025\/07\/IMG_1632-300x200.jpeg",300,200,true],"medium_large":["https:\/\/quehacerpolitico.mx\/wp-content\/uploads\/2025\/07\/IMG_1632.jpeg",640,426,false],"large":["https:\/\/quehacerpolitico.mx\/wp-content\/uploads\/2025\/07\/IMG_1632.jpeg",640,426,false],"1536x1536":["https:\/\/quehacerpolitico.mx\/wp-content\/uploads\/2025\/07\/IMG_1632.jpeg",679,452,false],"2048x2048":["https:\/\/quehacerpolitico.mx\/wp-content\/uploads\/2025\/07\/IMG_1632.jpeg",679,452,false],"covernews-featured":["https:\/\/quehacerpolitico.mx\/wp-content\/uploads\/2025\/07\/IMG_1632.jpeg",679,452,false],"covernews-medium":["https:\/\/quehacerpolitico.mx\/wp-content\/uploads\/2025\/07\/IMG_1632-540x340.jpeg",540,340,true]},"author_info":{"display_name":"Redacci\u00f3n QP","author_link":"https:\/\/quehacerpolitico.mx\/?author=2"},"category_info":"<a href=\"https:\/\/quehacerpolitico.mx\/?cat=56\" rel=\"category\">Econom\u00eda<\/a>","tag_info":"Econom\u00eda","comment_count":"0","_links":{"self":[{"href":"https:\/\/quehacerpolitico.mx\/index.php?rest_route=\/wp\/v2\/posts\/117611","targetHints":{"allow":["GET"]}}],"collection":[{"href":"https:\/\/quehacerpolitico.mx\/index.php?rest_route=\/wp\/v2\/posts"}],"about":[{"href":"https:\/\/quehacerpolitico.mx\/index.php?rest_route=\/wp\/v2\/types\/post"}],"author":[{"embeddable":true,"href":"https:\/\/quehacerpolitico.mx\/index.php?rest_route=\/wp\/v2\/users\/2"}],"replies":[{"embeddable":true,"href":"https:\/\/quehacerpolitico.mx\/index.php?rest_route=%2Fwp%2Fv2%2Fcomments&post=117611"}],"version-history":[{"count":1,"href":"https:\/\/quehacerpolitico.mx\/index.php?rest_route=\/wp\/v2\/posts\/117611\/revisions"}],"predecessor-version":[{"id":117613,"href":"https:\/\/quehacerpolitico.mx\/index.php?rest_route=\/wp\/v2\/posts\/117611\/revisions\/117613"}],"wp:featuredmedia":[{"embeddable":true,"href":"https:\/\/quehacerpolitico.mx\/index.php?rest_route=\/wp\/v2\/media\/117612"}],"wp:attachment":[{"href":"https:\/\/quehacerpolitico.mx\/index.php?rest_route=%2Fwp%2Fv2%2Fmedia&parent=117611"}],"wp:term":[{"taxonomy":"category","embeddable":true,"href":"https:\/\/quehacerpolitico.mx\/index.php?rest_route=%2Fwp%2Fv2%2Fcategories&post=117611"},{"taxonomy":"post_tag","embeddable":true,"href":"https:\/\/quehacerpolitico.mx\/index.php?rest_route=%2Fwp%2Fv2%2Ftags&post=117611"}],"curies":[{"name":"wp","href":"https:\/\/api.w.org\/{rel}","templated":true}]}}