{"id":117608,"date":"2025-07-10T16:14:55","date_gmt":"2025-07-10T22:14:55","guid":{"rendered":"https:\/\/quehacerpolitico.mx\/?p=117608"},"modified":"2025-07-10T16:14:58","modified_gmt":"2025-07-10T22:14:58","slug":"procesan-a-diputada-de-morena-y-dos-personas-mas-por-abuso-de-menores-en-hidalgo","status":"publish","type":"post","link":"https:\/\/quehacerpolitico.mx\/?p=117608","title":{"rendered":"Procesan a diputada de Morena y dos personas m\u00e1s por abuso de menores en Hidalgo"},"content":{"rendered":"\n<p>Por Redacci\u00f3n QP<\/p>\n\n\n\n<p>La legisladora local, as\u00ed como Arturo Williams \u201cT\u201d y Bertha Eva \u201cM son se\u00f1alados de haber violentado a sus sobrinas en un hecho ocurrido en 2022 en el municipio de Zimap\u00e1n<\/p>\n\n\n\n<p>El juez de control penal en Pachuca, Hidalgo,&nbsp;<strong>Jes\u00fas Anim Ope Islas<\/strong>, vincul\u00f3 a proceso a&nbsp;<strong>Arturo<\/strong>&nbsp;<strong>Williams<\/strong>&nbsp;\u201cT\u201d, su esposa&nbsp;<strong>Bertha<\/strong>&nbsp;<strong>Eva<\/strong>&nbsp;\u201cM\u201d, as\u00ed como a la diputada de Morena en Hidalgo,&nbsp;<strong>Alhely<\/strong>&nbsp;&#8220;<strong>M&#8221;<\/strong>, por los&nbsp;cargos de&nbsp;<strong>abuso sexual y violaci\u00f3n<\/strong>&nbsp;equiparada en contra de dos de sus sobrinas menores de edad, un hecho ocurrido en 2022 en Zimap\u00e1n, Hidalgo.<\/p>\n\n\n\n<p>El juez dict\u00f3 p<strong>risi\u00f3n preventiva justificada&nbsp;<\/strong>para Arturo Williams y su esposa, mientras que para la diputada morenista la firma peri\u00f3dica mensual ante el juzgado, adem\u00e1s de la prohibici\u00f3n para salir del pa\u00eds, inform\u00f3&nbsp;en un comunicado&nbsp;la Procuradur\u00eda General de Justicia de Hidalgo.<\/p>\n\n\n\n<p>Las tres personas mencionadas cuentan con un&nbsp;<strong>amparo federal&nbsp;<\/strong>que los protege de ser detenidos por el momento;&nbsp;la prisi\u00f3n preventiva justificada no podr\u00e1 surtir efecto en su contra hasta que un colegiado resuelva el amparo de fondo.<\/p>\n\n\n\n<p>De acuerdo con asistentes a la&nbsp;audiencia inicial, que comenz\u00f3 a las 9:00 de la ma\u00f1ana de ayer&nbsp;mi\u00e9rcoles&nbsp;y concluy\u00f3 esta madrugada, la diputada<strong><\/strong>Alhely&nbsp;&#8220;M&#8221;, Arturo Williams \u201cT\u201d, su esposa Bertha Eva \u201cM\u201d, comparecieron de manera virtual, y&nbsp;<strong>negaron haber abusado de dos de sus sobrinas.<\/strong><\/p>\n\n\n\n<p>Alhely&nbsp;&#8220;M&#8221; acus\u00f3 que la quieren derrumbar y \u201censuciar\u201d su nombre como&nbsp;<strong>diputada<\/strong>. Y respecto a por qu\u00e9 solicit\u00f3 licencia indefinida al Congreso de Hidalgo, argument\u00f3 que por as\u00ed convenir a su derecho y sus intereses. Al conocer su vinculaci\u00f3n a proceso, las tres personas imputadas&nbsp;<strong>soltaron en llanto.<\/strong><\/p>\n\n\n\n<p>La vinculaci\u00f3n a proceso sent\u00f3 un&nbsp;<strong>precedente<\/strong>, ya que la Fiscal\u00eda Especial para los Delitos de Violencia contra las Mujeres y Trata de Personas (Fevimtra) de la FGR tiene adem\u00e1s abierta una carpeta de investigaci\u00f3n (por los delitos de pornograf\u00eda infantil y trata de personas) en contra esas tres personas, y tambi\u00e9n&nbsp;en contra&nbsp;de&nbsp;<strong>Ixtshelle<\/strong>&nbsp;\u201cT\u201d y su esposo&nbsp;<strong>Eduardo<\/strong>&nbsp;\u201cB\u201d, a quienes las dos menores tambi\u00e9n identifican como sus agresores sexuales.<\/p>\n\n\n\n<p>Actualmente,&nbsp;Ixtshelle \u201cT\u201d y su esposo se encuentran&nbsp;<strong>pr\u00f3fugos<\/strong>&nbsp;y cuentan con una orden de aprehensi\u00f3n y Ficha Roja de Interpol.<\/p>\n\n\n\n<p>Durante la marat\u00f3nica audiencia, el abogado de las tres personas vinculadas a proceso argument\u00f3 que del 18 al 28 de abril del 2022, cuando habr\u00edan ocurrido una<strong>&nbsp;serie de abusos contra las dos menores<\/strong>, sus clientes (Arturo Williams, Eva \u201cM\u201d y Alhely&nbsp;&#8220;M&#8221;) no ten\u00edan a su cargo a las dos menores que actualmente se encuentran en un&nbsp;<strong>refugio de v\u00edctimas,<\/strong>&nbsp;junto con su madre. El abogado argument\u00f3 que quienes s\u00ed ten\u00edan a su cargo a las dos ni\u00f1as eran Ixtshelle y Eduardo.&nbsp;<\/p>\n\n\n\n<p>Lo anterior, debido a que Jaqueline, la madre de las menores, fue intervenida y estuvo en recuperaci\u00f3n por un procedimiento de ap\u00e9ndice en el Centro M\u00e9dico Pasteur de Ixmiquilpan del 18 al 20 de abril de 2022.&nbsp;<\/p>\n\n\n\n<p>Jacqueline, madre de las dos menores afectadas, denunci\u00f3 en 2022 como autores de la<strong>&nbsp;violaci\u00f3n equiparada&nbsp;<\/strong>en contra de sus dos hijas a su hermano Arturo Wiliams \u201cT\u201d, un empresario, pastor de una iglesia evangelista y pol\u00edtico de Morena, as\u00ed como a la diputada Alhely&nbsp;&#8220;M&#8221;, adem\u00e1s de los t\u00edos de las ni\u00f1as, Bertha Eva \u201cM\u201d, Eduardo \u201cB.\u201d e Itxshell T.&nbsp;<\/p>\n\n\n\n<p>Tanto en las carpetas de investigaci\u00f3n en la Fiscal\u00eda de Hidalgo como en&nbsp;<strong>Fevimtra<\/strong>, las dos menores identifican como sus agresores a las cinco personas mencionadas.&nbsp;<\/p>\n\n\n\n<p>Para tratar de deslindarse del abuso, durante la audiencia, Arturo Williams \u201cT\u201d y su abogado argumentaron que<strong>&nbsp;no hubo rastro de violaci\u00f3n hacia las dos menores<\/strong>, sino hasta que la Fevimtra hizo pruebas m\u00e9dicas. Sin embargo, la defensa de las dos menores present\u00f3 pruebas m\u00e9dicas que se le hicieron a las dos menores en 2022 en el Hospital del Ni\u00f1o DIF de Pachuca, incluida una&nbsp;<strong>biopsia<\/strong>.&nbsp;<\/p>\n\n\n\n<p>Tambi\u00e9n presentaron un estudio donde se muestra el borramiento anal y destrucci\u00f3n de esf\u00ednter.&nbsp;<\/p>\n\n\n\n<p>en los cuerpos de las dos menores, as\u00ed como una prueba positiva al&nbsp;<strong>Virus del Papiloma Humano<\/strong>&nbsp;en una de ellas. La defensa de los tres implicados argument\u00f3 que la menor pudo haberse contagiado del VPH por el&nbsp;<strong>uso de toallas de ba\u00f1o.<\/strong><\/p>\n\n\n\n<p>El juez Jes\u00fas Anim Ope Islas&nbsp;cuestion\u00f3 al abogado por tratar de realizar una&nbsp;<strong>coartada<\/strong>&nbsp;a trav\u00e9s de desestimar las evidencias de abuso presentadas. Dijo que los testimonios de las dos ni\u00f1as son tan&nbsp;evidentes que hasta son capaces de&nbsp;<strong>describir las sensaciones<\/strong>&nbsp;que sent\u00edan cuando sufr\u00edan la violaci\u00f3n.&nbsp;<\/p>\n\n\n\n<p>Durante la audiencia estuvo presente el padre de las dos menores, quien al final de la misma solt\u00f3 en llanto. El juez determin\u00f3 tres meses para la investigaci\u00f3n complementaria de este caso.<\/p>\n","protected":false},"excerpt":{"rendered":"<p>Por Redacci\u00f3n QP La legisladora local, as\u00ed como Arturo Williams \u201cT\u201d y Bertha Eva \u201cM&#8230;<\/p>\n","protected":false},"author":2,"featured_media":117609,"comment_status":"open","ping_status":"open","sticky":false,"template":"","format":"standard","meta":{"_monsterinsights_skip_tracking":false,"_monsterinsights_sitenote_active":false,"_monsterinsights_sitenote_note":"","_monsterinsights_sitenote_category":0,"footnotes":""},"categories":[280,2],"tags":[],"class_list":["post-117608","post","type-post","status-publish","format-standard","has-post-thumbnail","hentry","category-nacionales","category-noticias"],"yoast_head":"<!-- This site is optimized with the Yoast SEO plugin v27.3 - https:\/\/yoast.com\/product\/yoast-seo-wordpress\/ -->\n<title>Procesan a diputada de Morena y dos personas m\u00e1s por abuso de menores en Hidalgo -<\/title>\n<meta name=\"robots\" content=\"index, follow, max-snippet:-1, max-image-preview:large, max-video-preview:-1\" \/>\n<link rel=\"canonical\" href=\"https:\/\/quehacerpolitico.mx\/?p=117608\" \/>\n<meta property=\"og:locale\" content=\"es_MX\" \/>\n<meta property=\"og:type\" content=\"article\" \/>\n<meta property=\"og:title\" content=\"Procesan a diputada de Morena y dos personas m\u00e1s por abuso de menores en Hidalgo -\" \/>\n<meta property=\"og:description\" content=\"Por Redacci\u00f3n QP La legisladora local, as\u00ed como Arturo Williams \u201cT\u201d y Bertha Eva \u201cM...\" \/>\n<meta property=\"og:url\" content=\"https:\/\/quehacerpolitico.mx\/?p=117608\" \/>\n<meta property=\"article:published_time\" content=\"2025-07-10T22:14:55+00:00\" \/>\n<meta property=\"article:modified_time\" content=\"2025-07-10T22:14:58+00:00\" \/>\n<meta property=\"og:image\" content=\"https:\/\/quehacerpolitico.mx\/wp-content\/uploads\/2025\/07\/IMG_1630.jpeg\" \/>\n\t<meta property=\"og:image:width\" content=\"713\" \/>\n\t<meta property=\"og:image:height\" content=\"430\" \/>\n\t<meta property=\"og:image:type\" content=\"image\/jpeg\" \/>\n<meta name=\"author\" content=\"Redacci\u00f3n QP\" \/>\n<meta name=\"twitter:card\" content=\"summary_large_image\" \/>\n<meta name=\"twitter:label1\" content=\"Escrito por\" \/>\n\t<meta name=\"twitter:data1\" content=\"Redacci\u00f3n QP\" \/>\n\t<meta name=\"twitter:label2\" content=\"Tiempo de lectura\" \/>\n\t<meta name=\"twitter:data2\" content=\"4 minutos\" \/>\n<script type=\"application\/ld+json\" class=\"yoast-schema-graph\">{\"@context\":\"https:\\\/\\\/schema.org\",\"@graph\":[{\"@type\":\"Article\",\"@id\":\"https:\\\/\\\/quehacerpolitico.mx\\\/?p=117608#article\",\"isPartOf\":{\"@id\":\"https:\\\/\\\/quehacerpolitico.mx\\\/?p=117608\"},\"author\":{\"name\":\"Redacci\u00f3n QP\",\"@id\":\"https:\\\/\\\/quehacerpolitico.mx\\\/#\\\/schema\\\/person\\\/496d8ad2d1d3f8036101dca7ee39e585\"},\"headline\":\"Procesan a diputada de Morena y dos personas m\u00e1s por abuso de menores en Hidalgo\",\"datePublished\":\"2025-07-10T22:14:55+00:00\",\"dateModified\":\"2025-07-10T22:14:58+00:00\",\"mainEntityOfPage\":{\"@id\":\"https:\\\/\\\/quehacerpolitico.mx\\\/?p=117608\"},\"wordCount\":903,\"commentCount\":0,\"image\":{\"@id\":\"https:\\\/\\\/quehacerpolitico.mx\\\/?p=117608#primaryimage\"},\"thumbnailUrl\":\"https:\\\/\\\/quehacerpolitico.mx\\\/wp-content\\\/uploads\\\/2025\\\/07\\\/IMG_1630.jpeg\",\"articleSection\":[\"Nacionales\",\"Noticias\"],\"inLanguage\":\"es\",\"potentialAction\":[{\"@type\":\"CommentAction\",\"name\":\"Comment\",\"target\":[\"https:\\\/\\\/quehacerpolitico.mx\\\/?p=117608#respond\"]}]},{\"@type\":\"WebPage\",\"@id\":\"https:\\\/\\\/quehacerpolitico.mx\\\/?p=117608\",\"url\":\"https:\\\/\\\/quehacerpolitico.mx\\\/?p=117608\",\"name\":\"Procesan a diputada de Morena y dos personas m\u00e1s por abuso de menores en Hidalgo -\",\"isPartOf\":{\"@id\":\"https:\\\/\\\/quehacerpolitico.mx\\\/#website\"},\"primaryImageOfPage\":{\"@id\":\"https:\\\/\\\/quehacerpolitico.mx\\\/?p=117608#primaryimage\"},\"image\":{\"@id\":\"https:\\\/\\\/quehacerpolitico.mx\\\/?p=117608#primaryimage\"},\"thumbnailUrl\":\"https:\\\/\\\/quehacerpolitico.mx\\\/wp-content\\\/uploads\\\/2025\\\/07\\\/IMG_1630.jpeg\",\"datePublished\":\"2025-07-10T22:14:55+00:00\",\"dateModified\":\"2025-07-10T22:14:58+00:00\",\"author\":{\"@id\":\"https:\\\/\\\/quehacerpolitico.mx\\\/#\\\/schema\\\/person\\\/496d8ad2d1d3f8036101dca7ee39e585\"},\"breadcrumb\":{\"@id\":\"https:\\\/\\\/quehacerpolitico.mx\\\/?p=117608#breadcrumb\"},\"inLanguage\":\"es\",\"potentialAction\":[{\"@type\":\"ReadAction\",\"target\":[\"https:\\\/\\\/quehacerpolitico.mx\\\/?p=117608\"]}]},{\"@type\":\"ImageObject\",\"inLanguage\":\"es\",\"@id\":\"https:\\\/\\\/quehacerpolitico.mx\\\/?p=117608#primaryimage\",\"url\":\"https:\\\/\\\/quehacerpolitico.mx\\\/wp-content\\\/uploads\\\/2025\\\/07\\\/IMG_1630.jpeg\",\"contentUrl\":\"https:\\\/\\\/quehacerpolitico.mx\\\/wp-content\\\/uploads\\\/2025\\\/07\\\/IMG_1630.jpeg\",\"width\":713,\"height\":430},{\"@type\":\"BreadcrumbList\",\"@id\":\"https:\\\/\\\/quehacerpolitico.mx\\\/?p=117608#breadcrumb\",\"itemListElement\":[{\"@type\":\"ListItem\",\"position\":1,\"name\":\"Inicio\",\"item\":\"https:\\\/\\\/quehacerpolitico.mx\\\/\"},{\"@type\":\"ListItem\",\"position\":2,\"name\":\"Procesan a diputada de Morena y dos personas m\u00e1s por abuso de menores en Hidalgo\"}]},{\"@type\":\"WebSite\",\"@id\":\"https:\\\/\\\/quehacerpolitico.mx\\\/#website\",\"url\":\"https:\\\/\\\/quehacerpolitico.mx\\\/\",\"name\":\"\",\"description\":\"\",\"potentialAction\":[{\"@type\":\"SearchAction\",\"target\":{\"@type\":\"EntryPoint\",\"urlTemplate\":\"https:\\\/\\\/quehacerpolitico.mx\\\/?s={search_term_string}\"},\"query-input\":{\"@type\":\"PropertyValueSpecification\",\"valueRequired\":true,\"valueName\":\"search_term_string\"}}],\"inLanguage\":\"es\"},{\"@type\":\"Person\",\"@id\":\"https:\\\/\\\/quehacerpolitico.mx\\\/#\\\/schema\\\/person\\\/496d8ad2d1d3f8036101dca7ee39e585\",\"name\":\"Redacci\u00f3n QP\",\"image\":{\"@type\":\"ImageObject\",\"inLanguage\":\"es\",\"@id\":\"https:\\\/\\\/secure.gravatar.com\\\/avatar\\\/c7164ed6fdec453195284ad24a5ae5b6e1eed2b848477fa2a4787ba9adf39a41?s=96&d=mm&r=g\",\"url\":\"https:\\\/\\\/secure.gravatar.com\\\/avatar\\\/c7164ed6fdec453195284ad24a5ae5b6e1eed2b848477fa2a4787ba9adf39a41?s=96&d=mm&r=g\",\"contentUrl\":\"https:\\\/\\\/secure.gravatar.com\\\/avatar\\\/c7164ed6fdec453195284ad24a5ae5b6e1eed2b848477fa2a4787ba9adf39a41?s=96&d=mm&r=g\",\"caption\":\"Redacci\u00f3n QP\"},\"url\":\"https:\\\/\\\/quehacerpolitico.mx\\\/?author=2\"}]}<\/script>\n<!-- \/ Yoast SEO plugin. -->","yoast_head_json":{"title":"Procesan a diputada de Morena y dos personas m\u00e1s por abuso de menores en Hidalgo -","robots":{"index":"index","follow":"follow","max-snippet":"max-snippet:-1","max-image-preview":"max-image-preview:large","max-video-preview":"max-video-preview:-1"},"canonical":"https:\/\/quehacerpolitico.mx\/?p=117608","og_locale":"es_MX","og_type":"article","og_title":"Procesan a diputada de Morena y dos personas m\u00e1s por abuso de menores en Hidalgo -","og_description":"Por Redacci\u00f3n QP La legisladora local, as\u00ed como Arturo Williams \u201cT\u201d y Bertha Eva \u201cM...","og_url":"https:\/\/quehacerpolitico.mx\/?p=117608","article_published_time":"2025-07-10T22:14:55+00:00","article_modified_time":"2025-07-10T22:14:58+00:00","og_image":[{"width":713,"height":430,"url":"https:\/\/quehacerpolitico.mx\/wp-content\/uploads\/2025\/07\/IMG_1630.jpeg","type":"image\/jpeg"}],"author":"Redacci\u00f3n QP","twitter_card":"summary_large_image","twitter_misc":{"Escrito por":"Redacci\u00f3n QP","Tiempo de lectura":"4 minutos"},"schema":{"@context":"https:\/\/schema.org","@graph":[{"@type":"Article","@id":"https:\/\/quehacerpolitico.mx\/?p=117608#article","isPartOf":{"@id":"https:\/\/quehacerpolitico.mx\/?p=117608"},"author":{"name":"Redacci\u00f3n QP","@id":"https:\/\/quehacerpolitico.mx\/#\/schema\/person\/496d8ad2d1d3f8036101dca7ee39e585"},"headline":"Procesan a diputada de Morena y dos personas m\u00e1s por abuso de menores en Hidalgo","datePublished":"2025-07-10T22:14:55+00:00","dateModified":"2025-07-10T22:14:58+00:00","mainEntityOfPage":{"@id":"https:\/\/quehacerpolitico.mx\/?p=117608"},"wordCount":903,"commentCount":0,"image":{"@id":"https:\/\/quehacerpolitico.mx\/?p=117608#primaryimage"},"thumbnailUrl":"https:\/\/quehacerpolitico.mx\/wp-content\/uploads\/2025\/07\/IMG_1630.jpeg","articleSection":["Nacionales","Noticias"],"inLanguage":"es","potentialAction":[{"@type":"CommentAction","name":"Comment","target":["https:\/\/quehacerpolitico.mx\/?p=117608#respond"]}]},{"@type":"WebPage","@id":"https:\/\/quehacerpolitico.mx\/?p=117608","url":"https:\/\/quehacerpolitico.mx\/?p=117608","name":"Procesan a diputada de Morena y dos personas m\u00e1s por abuso de menores en Hidalgo -","isPartOf":{"@id":"https:\/\/quehacerpolitico.mx\/#website"},"primaryImageOfPage":{"@id":"https:\/\/quehacerpolitico.mx\/?p=117608#primaryimage"},"image":{"@id":"https:\/\/quehacerpolitico.mx\/?p=117608#primaryimage"},"thumbnailUrl":"https:\/\/quehacerpolitico.mx\/wp-content\/uploads\/2025\/07\/IMG_1630.jpeg","datePublished":"2025-07-10T22:14:55+00:00","dateModified":"2025-07-10T22:14:58+00:00","author":{"@id":"https:\/\/quehacerpolitico.mx\/#\/schema\/person\/496d8ad2d1d3f8036101dca7ee39e585"},"breadcrumb":{"@id":"https:\/\/quehacerpolitico.mx\/?p=117608#breadcrumb"},"inLanguage":"es","potentialAction":[{"@type":"ReadAction","target":["https:\/\/quehacerpolitico.mx\/?p=117608"]}]},{"@type":"ImageObject","inLanguage":"es","@id":"https:\/\/quehacerpolitico.mx\/?p=117608#primaryimage","url":"https:\/\/quehacerpolitico.mx\/wp-content\/uploads\/2025\/07\/IMG_1630.jpeg","contentUrl":"https:\/\/quehacerpolitico.mx\/wp-content\/uploads\/2025\/07\/IMG_1630.jpeg","width":713,"height":430},{"@type":"BreadcrumbList","@id":"https:\/\/quehacerpolitico.mx\/?p=117608#breadcrumb","itemListElement":[{"@type":"ListItem","position":1,"name":"Inicio","item":"https:\/\/quehacerpolitico.mx\/"},{"@type":"ListItem","position":2,"name":"Procesan a diputada de Morena y dos personas m\u00e1s por abuso de menores en Hidalgo"}]},{"@type":"WebSite","@id":"https:\/\/quehacerpolitico.mx\/#website","url":"https:\/\/quehacerpolitico.mx\/","name":"","description":"","potentialAction":[{"@type":"SearchAction","target":{"@type":"EntryPoint","urlTemplate":"https:\/\/quehacerpolitico.mx\/?s={search_term_string}"},"query-input":{"@type":"PropertyValueSpecification","valueRequired":true,"valueName":"search_term_string"}}],"inLanguage":"es"},{"@type":"Person","@id":"https:\/\/quehacerpolitico.mx\/#\/schema\/person\/496d8ad2d1d3f8036101dca7ee39e585","name":"Redacci\u00f3n QP","image":{"@type":"ImageObject","inLanguage":"es","@id":"https:\/\/secure.gravatar.com\/avatar\/c7164ed6fdec453195284ad24a5ae5b6e1eed2b848477fa2a4787ba9adf39a41?s=96&d=mm&r=g","url":"https:\/\/secure.gravatar.com\/avatar\/c7164ed6fdec453195284ad24a5ae5b6e1eed2b848477fa2a4787ba9adf39a41?s=96&d=mm&r=g","contentUrl":"https:\/\/secure.gravatar.com\/avatar\/c7164ed6fdec453195284ad24a5ae5b6e1eed2b848477fa2a4787ba9adf39a41?s=96&d=mm&r=g","caption":"Redacci\u00f3n QP"},"url":"https:\/\/quehacerpolitico.mx\/?author=2"}]}},"featured_image_urls":{"full":["https:\/\/quehacerpolitico.mx\/wp-content\/uploads\/2025\/07\/IMG_1630.jpeg",713,430,false],"thumbnail":["https:\/\/quehacerpolitico.mx\/wp-content\/uploads\/2025\/07\/IMG_1630-150x150.jpeg",150,150,true],"medium":["https:\/\/quehacerpolitico.mx\/wp-content\/uploads\/2025\/07\/IMG_1630-300x181.jpeg",300,181,true],"medium_large":["https:\/\/quehacerpolitico.mx\/wp-content\/uploads\/2025\/07\/IMG_1630.jpeg",640,386,false],"large":["https:\/\/quehacerpolitico.mx\/wp-content\/uploads\/2025\/07\/IMG_1630.jpeg",640,386,false],"1536x1536":["https:\/\/quehacerpolitico.mx\/wp-content\/uploads\/2025\/07\/IMG_1630.jpeg",713,430,false],"2048x2048":["https:\/\/quehacerpolitico.mx\/wp-content\/uploads\/2025\/07\/IMG_1630.jpeg",713,430,false],"covernews-featured":["https:\/\/quehacerpolitico.mx\/wp-content\/uploads\/2025\/07\/IMG_1630.jpeg",713,430,false],"covernews-medium":["https:\/\/quehacerpolitico.mx\/wp-content\/uploads\/2025\/07\/IMG_1630-540x340.jpeg",540,340,true]},"author_info":{"display_name":"Redacci\u00f3n QP","author_link":"https:\/\/quehacerpolitico.mx\/?author=2"},"category_info":"<a href=\"https:\/\/quehacerpolitico.mx\/?cat=280\" rel=\"category\">Nacionales<\/a> <a href=\"https:\/\/quehacerpolitico.mx\/?cat=2\" rel=\"category\">Noticias<\/a>","tag_info":"Noticias","comment_count":"0","_links":{"self":[{"href":"https:\/\/quehacerpolitico.mx\/index.php?rest_route=\/wp\/v2\/posts\/117608","targetHints":{"allow":["GET"]}}],"collection":[{"href":"https:\/\/quehacerpolitico.mx\/index.php?rest_route=\/wp\/v2\/posts"}],"about":[{"href":"https:\/\/quehacerpolitico.mx\/index.php?rest_route=\/wp\/v2\/types\/post"}],"author":[{"embeddable":true,"href":"https:\/\/quehacerpolitico.mx\/index.php?rest_route=\/wp\/v2\/users\/2"}],"replies":[{"embeddable":true,"href":"https:\/\/quehacerpolitico.mx\/index.php?rest_route=%2Fwp%2Fv2%2Fcomments&post=117608"}],"version-history":[{"count":1,"href":"https:\/\/quehacerpolitico.mx\/index.php?rest_route=\/wp\/v2\/posts\/117608\/revisions"}],"predecessor-version":[{"id":117610,"href":"https:\/\/quehacerpolitico.mx\/index.php?rest_route=\/wp\/v2\/posts\/117608\/revisions\/117610"}],"wp:featuredmedia":[{"embeddable":true,"href":"https:\/\/quehacerpolitico.mx\/index.php?rest_route=\/wp\/v2\/media\/117609"}],"wp:attachment":[{"href":"https:\/\/quehacerpolitico.mx\/index.php?rest_route=%2Fwp%2Fv2%2Fmedia&parent=117608"}],"wp:term":[{"taxonomy":"category","embeddable":true,"href":"https:\/\/quehacerpolitico.mx\/index.php?rest_route=%2Fwp%2Fv2%2Fcategories&post=117608"},{"taxonomy":"post_tag","embeddable":true,"href":"https:\/\/quehacerpolitico.mx\/index.php?rest_route=%2Fwp%2Fv2%2Ftags&post=117608"}],"curies":[{"name":"wp","href":"https:\/\/api.w.org\/{rel}","templated":true}]}}