{"id":117593,"date":"2025-07-08T20:10:27","date_gmt":"2025-07-09T02:10:27","guid":{"rendered":"https:\/\/quehacerpolitico.mx\/?p=117593"},"modified":"2025-07-08T20:10:28","modified_gmt":"2025-07-09T02:10:28","slug":"la-jefa-de-gobierno-clara-brugada-impulsa-campana-para-prevenir-el-racismo-y-la-discriminacion-en-la-cdmx","status":"publish","type":"post","link":"https:\/\/quehacerpolitico.mx\/?p=117593","title":{"rendered":"La Jefa de Gobierno Clara Brugada impulsa campa\u00f1a para prevenir el racismo y la discriminaci\u00f3n en la CDMX"},"content":{"rendered":"\n<p>Por Redacci\u00f3n QP<\/p>\n\n\n\n<p>Se realizar\u00e1n dos campa\u00f1as para prevenir el racismo y la discriminaci\u00f3n en la CDMX<\/p>\n\n\n\n<p>La jefa de Gobierno,&nbsp;Clara Brugada, afirm\u00f3 que la discriminaci\u00f3n en la Ciudad de M\u00e9xico es un delito y quien la ejerza debe tener&nbsp;<strong>consecuencias<\/strong>.<\/p>\n\n\n\n<p>Al referirse a&nbsp;<strong>Lady Racista&nbsp;<\/strong>quien discrimin\u00f3 a un elemento de la Secretar\u00eda de Seguridad Ciudadana (SSC), Brugada inform\u00f3 que tanto la Fiscal\u00eda de Justicia de la Ciudad de M\u00e9xico (<strong>FGJ<\/strong>) como el Consejo para Prevenir y Eliminar la Discriminaci\u00f3n (Copred)&nbsp;<strong>ya investigan el caso.<\/strong><\/p>\n\n\n\n<figure class=\"wp-block-embed is-type-rich is-provider-twitter wp-block-embed-twitter\"><div class=\"wp-block-embed__wrapper\">\n<blockquote class=\"twitter-tweet\" data-width=\"550\" data-dnt=\"true\"><p lang=\"es\" dir=\"ltr\">\ud83d\ude4c\ud83c\udffb \u2728 \u00a1Todos los d\u00edas nos comprometemos para construir una <a href=\"https:\/\/twitter.com\/hashtag\/CapitalDeLaTransformaci%C3%B3n?src=hash&amp;ref_src=twsrc%5Etfw\">#CapitalDeLaTransformaci\u00f3n<\/a> sin racismo! <br><br>\ud83d\udc49\ud83c\udffb \ud83e\udec2 Nuestra gran tarea es consolidar una Ciudad de M\u00e9xico sin racismo, sin machismo, sin clasismo, sin xenofobia y sin discriminaci\u00f3n. Es por ello que esta campa\u00f1a pr\u00f3xima a\u2026 <a href=\"https:\/\/t.co\/AHCIFqgT75\">pic.twitter.com\/AHCIFqgT75<\/a><\/p>&mdash; Gobierno de la Ciudad de M\u00e9xico (@GobCDMX) <a href=\"https:\/\/twitter.com\/GobCDMX\/status\/1942691601291063380?ref_src=twsrc%5Etfw\">July 8, 2025<\/a><\/blockquote><script async src=\"https:\/\/platform.twitter.com\/widgets.js\" charset=\"utf-8\"><\/script>\n<\/div><\/figure>\n\n\n\n<p><strong>\u201cAquel o aquella o quien discrimine en esta ciudad debe tener consecuencias, la discriminaci\u00f3n es un delito y en la fiscal\u00eda se tiene justamente all\u00ed la tarea de procurar la justicia y est\u00e1 muy claro lo que se tiene que hacer ante cualquier denuncia de discriminaci\u00f3n y tenemos tambi\u00e9n a Copred como otra instancia administrativa que atiende estas denuncias, as\u00ed que tambi\u00e9n tenemos que dejar muy claro que quien discrimina tiene que tener consecuencias\u201d, dijo.<\/strong><\/p>\n\n\n\n<p>El Copred trabajar\u00e1 elaborando una\u00a0<strong>opini\u00f3n t\u00e9cnica\u00a0<\/strong>sobre el caso de\u00a0Lady Racista\u00a0para apoyar a que la\u00a0<strong>FGJ\u00a0<\/strong>realice la investigaci\u00f3n.<\/p>\n\n\n\n<p>Geraldina Gonz\u00e1lez, titular de Copred, indic\u00f3 que apoyar\u00e1n al elemento de la SSC agredido por\u00a0<strong>Lady Racista\u00a0<\/strong>para que esta le ofrezca, incluso, reparaci\u00f3n del da\u00f1o,\u00a0<strong>disculpas p\u00fablicas\u00a0<\/strong>y se capacite contra la discriminaci\u00f3n<\/p>\n\n\n\n<p><strong>\u201cAyer recibimos a nuestro compa\u00f1ero polic\u00eda, y de conformidad con nuestras atribuciones, estaremos garantizando medidas de reparaci\u00f3n integral, que puedan incluir disculpas p\u00fablicas y acciones educativas de sensibilizaci\u00f3n. Asimismo, acompa\u00f1aremos como perito en la materia, el proceso penal, con nuestra compa\u00f1era Bertha Alcalde, que ha sido igualmente ya iniciado por parte del compa\u00f1ero agredido. Precisamente el d\u00eda de hoy, ya la gente del Ministerio P\u00fablico nos ha solicitado la opini\u00f3n t\u00e9cnica correspondiente, la cual estaremos emitiendo en los pr\u00f3ximos d\u00edas, para acompa\u00f1ar el proceso penal, como lo hemos hecho ya desde hace varios a\u00f1os\u201d, dijo.<\/strong><\/p>\n\n\n\n<p>Gonz\u00e1lez se\u00f1al\u00f3 que las personas con&nbsp;<strong>piel morena<\/strong>,&nbsp;<strong>ind\u00edgenas&nbsp;<\/strong>y las mujeres son de los grupos m\u00e1s discriminados.<\/p>\n\n\n\n<p>Indic\u00f3 que el caso se agrava debido a que, adem\u00e1s de la&nbsp;<strong>discriminaci\u00f3n&nbsp;<\/strong>al polic\u00eda, tambi\u00e9n se compromete a la instituci\u00f3n p\u00fablica.<\/p>\n\n\n\n<figure class=\"wp-block-embed is-type-rich is-provider-twitter wp-block-embed-twitter\"><div class=\"wp-block-embed__wrapper\">\n<blockquote class=\"twitter-tweet\" data-width=\"550\" data-dnt=\"true\"><p lang=\"es\" dir=\"ltr\">\ud83d\udc4f\ud83c\udffb \u2728 <a href=\"https:\/\/twitter.com\/mardoniocarbalo?ref_src=twsrc%5Etfw\">@mardoniocarbalo<\/a>, escritor y poeta, anunci\u00f3 que se llevar\u00e1 a cabo una campa\u00f1a en contra del racismo llamada &quot;Con Doble R: Historias de Racismo y Resistencia&quot;. Esta campa\u00f1a se coordinar\u00e1 a trav\u00e9s del \u00e1rea de Comunicaci\u00f3n Social y <a href=\"https:\/\/twitter.com\/Capital21_Tv?ref_src=twsrc%5Etfw\">@Capital21_Tv<\/a>, para conseguir una\u2026 <a href=\"https:\/\/t.co\/CB96E294Mf\">pic.twitter.com\/CB96E294Mf<\/a><\/p>&mdash; Gobierno de la Ciudad de M\u00e9xico (@GobCDMX) <a href=\"https:\/\/twitter.com\/GobCDMX\/status\/1942703993643491779?ref_src=twsrc%5Etfw\">July 8, 2025<\/a><\/blockquote><script async src=\"https:\/\/platform.twitter.com\/widgets.js\" charset=\"utf-8\"><\/script>\n<\/div><\/figure>\n\n\n\n<p>La jefa de Gobierno anunci\u00f3 que el&nbsp;<strong>Copred&nbsp;<\/strong>y el poeta&nbsp;<strong>Mardonio Carballo&nbsp;<\/strong>realizar\u00e1n dos campa\u00f1as para prevenir el racismo y la discriminaci\u00f3n.<\/p>\n\n\n\n<p>Las campa\u00f1as servir\u00e1n para prevenir casos como el de&nbsp;<strong>Lady Racista&nbsp;<\/strong>y el discurso de odio en manifestaciones como la del viernes contra la gentrificaci\u00f3n, adem\u00e1s para que las personas sepan d\u00f3nde y c\u00f3mo denunciar.<\/p>\n\n\n\n<p>Carballo indic\u00f3 que el primer cap\u00edtulo de su campa\u00f1a televisiva contra la discriminaci\u00f3n&nbsp;contar\u00e1 la historia del polic\u00eda discriminado por&nbsp;<strong>Lady<\/strong>&nbsp;<strong>Racista<\/strong>.<\/p>\n","protected":false},"excerpt":{"rendered":"<p>Por Redacci\u00f3n QP Se realizar\u00e1n dos campa\u00f1as para prevenir el racismo y la discriminaci\u00f3n en&#8230;<\/p>\n","protected":false},"author":2,"featured_media":117594,"comment_status":"open","ping_status":"open","sticky":false,"template":"","format":"standard","meta":{"_monsterinsights_skip_tracking":false,"_monsterinsights_sitenote_active":false,"_monsterinsights_sitenote_note":"","_monsterinsights_sitenote_category":0,"footnotes":""},"categories":[55],"tags":[],"class_list":["post-117593","post","type-post","status-publish","format-standard","has-post-thumbnail","hentry","category-cdmx"],"yoast_head":"<!-- This site is optimized with the Yoast SEO plugin v27.3 - https:\/\/yoast.com\/product\/yoast-seo-wordpress\/ -->\n<title>La Jefa de Gobierno Clara Brugada impulsa campa\u00f1a para prevenir el racismo y la discriminaci\u00f3n en la CDMX -<\/title>\n<meta name=\"robots\" content=\"index, follow, max-snippet:-1, max-image-preview:large, max-video-preview:-1\" \/>\n<link rel=\"canonical\" href=\"https:\/\/quehacerpolitico.mx\/?p=117593\" \/>\n<meta property=\"og:locale\" content=\"es_MX\" \/>\n<meta property=\"og:type\" content=\"article\" \/>\n<meta property=\"og:title\" content=\"La Jefa de Gobierno Clara Brugada impulsa campa\u00f1a para prevenir el racismo y la discriminaci\u00f3n en la CDMX -\" \/>\n<meta property=\"og:description\" content=\"Por Redacci\u00f3n QP Se realizar\u00e1n dos campa\u00f1as para prevenir el racismo y la discriminaci\u00f3n en...\" \/>\n<meta property=\"og:url\" content=\"https:\/\/quehacerpolitico.mx\/?p=117593\" \/>\n<meta property=\"article:published_time\" content=\"2025-07-09T02:10:27+00:00\" \/>\n<meta property=\"article:modified_time\" content=\"2025-07-09T02:10:28+00:00\" \/>\n<meta property=\"og:image\" content=\"https:\/\/quehacerpolitico.mx\/wp-content\/uploads\/2025\/07\/IMG_1592.jpeg\" \/>\n\t<meta property=\"og:image:width\" content=\"1600\" \/>\n\t<meta property=\"og:image:height\" content=\"1066\" \/>\n\t<meta property=\"og:image:type\" content=\"image\/jpeg\" \/>\n<meta name=\"author\" content=\"Redacci\u00f3n QP\" \/>\n<meta name=\"twitter:card\" content=\"summary_large_image\" \/>\n<meta name=\"twitter:label1\" content=\"Escrito por\" \/>\n\t<meta name=\"twitter:data1\" content=\"Redacci\u00f3n QP\" \/>\n\t<meta name=\"twitter:label2\" content=\"Tiempo de lectura\" \/>\n\t<meta name=\"twitter:data2\" content=\"3 minutos\" \/>\n<script type=\"application\/ld+json\" class=\"yoast-schema-graph\">{\"@context\":\"https:\\\/\\\/schema.org\",\"@graph\":[{\"@type\":\"Article\",\"@id\":\"https:\\\/\\\/quehacerpolitico.mx\\\/?p=117593#article\",\"isPartOf\":{\"@id\":\"https:\\\/\\\/quehacerpolitico.mx\\\/?p=117593\"},\"author\":{\"name\":\"Redacci\u00f3n QP\",\"@id\":\"https:\\\/\\\/quehacerpolitico.mx\\\/#\\\/schema\\\/person\\\/496d8ad2d1d3f8036101dca7ee39e585\"},\"headline\":\"La Jefa de Gobierno Clara Brugada impulsa campa\u00f1a para prevenir el racismo y la discriminaci\u00f3n en la CDMX\",\"datePublished\":\"2025-07-09T02:10:27+00:00\",\"dateModified\":\"2025-07-09T02:10:28+00:00\",\"mainEntityOfPage\":{\"@id\":\"https:\\\/\\\/quehacerpolitico.mx\\\/?p=117593\"},\"wordCount\":547,\"commentCount\":0,\"image\":{\"@id\":\"https:\\\/\\\/quehacerpolitico.mx\\\/?p=117593#primaryimage\"},\"thumbnailUrl\":\"https:\\\/\\\/quehacerpolitico.mx\\\/wp-content\\\/uploads\\\/2025\\\/07\\\/IMG_1592.jpeg\",\"articleSection\":[\"CDMX\"],\"inLanguage\":\"es\",\"potentialAction\":[{\"@type\":\"CommentAction\",\"name\":\"Comment\",\"target\":[\"https:\\\/\\\/quehacerpolitico.mx\\\/?p=117593#respond\"]}]},{\"@type\":\"WebPage\",\"@id\":\"https:\\\/\\\/quehacerpolitico.mx\\\/?p=117593\",\"url\":\"https:\\\/\\\/quehacerpolitico.mx\\\/?p=117593\",\"name\":\"La Jefa de Gobierno Clara Brugada impulsa campa\u00f1a para prevenir el racismo y la discriminaci\u00f3n en la CDMX -\",\"isPartOf\":{\"@id\":\"https:\\\/\\\/quehacerpolitico.mx\\\/#website\"},\"primaryImageOfPage\":{\"@id\":\"https:\\\/\\\/quehacerpolitico.mx\\\/?p=117593#primaryimage\"},\"image\":{\"@id\":\"https:\\\/\\\/quehacerpolitico.mx\\\/?p=117593#primaryimage\"},\"thumbnailUrl\":\"https:\\\/\\\/quehacerpolitico.mx\\\/wp-content\\\/uploads\\\/2025\\\/07\\\/IMG_1592.jpeg\",\"datePublished\":\"2025-07-09T02:10:27+00:00\",\"dateModified\":\"2025-07-09T02:10:28+00:00\",\"author\":{\"@id\":\"https:\\\/\\\/quehacerpolitico.mx\\\/#\\\/schema\\\/person\\\/496d8ad2d1d3f8036101dca7ee39e585\"},\"breadcrumb\":{\"@id\":\"https:\\\/\\\/quehacerpolitico.mx\\\/?p=117593#breadcrumb\"},\"inLanguage\":\"es\",\"potentialAction\":[{\"@type\":\"ReadAction\",\"target\":[\"https:\\\/\\\/quehacerpolitico.mx\\\/?p=117593\"]}]},{\"@type\":\"ImageObject\",\"inLanguage\":\"es\",\"@id\":\"https:\\\/\\\/quehacerpolitico.mx\\\/?p=117593#primaryimage\",\"url\":\"https:\\\/\\\/quehacerpolitico.mx\\\/wp-content\\\/uploads\\\/2025\\\/07\\\/IMG_1592.jpeg\",\"contentUrl\":\"https:\\\/\\\/quehacerpolitico.mx\\\/wp-content\\\/uploads\\\/2025\\\/07\\\/IMG_1592.jpeg\",\"width\":1600,\"height\":1066},{\"@type\":\"BreadcrumbList\",\"@id\":\"https:\\\/\\\/quehacerpolitico.mx\\\/?p=117593#breadcrumb\",\"itemListElement\":[{\"@type\":\"ListItem\",\"position\":1,\"name\":\"Inicio\",\"item\":\"https:\\\/\\\/quehacerpolitico.mx\\\/\"},{\"@type\":\"ListItem\",\"position\":2,\"name\":\"La Jefa de Gobierno Clara Brugada impulsa campa\u00f1a para prevenir el racismo y la discriminaci\u00f3n en la CDMX\"}]},{\"@type\":\"WebSite\",\"@id\":\"https:\\\/\\\/quehacerpolitico.mx\\\/#website\",\"url\":\"https:\\\/\\\/quehacerpolitico.mx\\\/\",\"name\":\"\",\"description\":\"\",\"potentialAction\":[{\"@type\":\"SearchAction\",\"target\":{\"@type\":\"EntryPoint\",\"urlTemplate\":\"https:\\\/\\\/quehacerpolitico.mx\\\/?s={search_term_string}\"},\"query-input\":{\"@type\":\"PropertyValueSpecification\",\"valueRequired\":true,\"valueName\":\"search_term_string\"}}],\"inLanguage\":\"es\"},{\"@type\":\"Person\",\"@id\":\"https:\\\/\\\/quehacerpolitico.mx\\\/#\\\/schema\\\/person\\\/496d8ad2d1d3f8036101dca7ee39e585\",\"name\":\"Redacci\u00f3n QP\",\"image\":{\"@type\":\"ImageObject\",\"inLanguage\":\"es\",\"@id\":\"https:\\\/\\\/secure.gravatar.com\\\/avatar\\\/c7164ed6fdec453195284ad24a5ae5b6e1eed2b848477fa2a4787ba9adf39a41?s=96&d=mm&r=g\",\"url\":\"https:\\\/\\\/secure.gravatar.com\\\/avatar\\\/c7164ed6fdec453195284ad24a5ae5b6e1eed2b848477fa2a4787ba9adf39a41?s=96&d=mm&r=g\",\"contentUrl\":\"https:\\\/\\\/secure.gravatar.com\\\/avatar\\\/c7164ed6fdec453195284ad24a5ae5b6e1eed2b848477fa2a4787ba9adf39a41?s=96&d=mm&r=g\",\"caption\":\"Redacci\u00f3n QP\"},\"url\":\"https:\\\/\\\/quehacerpolitico.mx\\\/?author=2\"}]}<\/script>\n<!-- \/ Yoast SEO plugin. -->","yoast_head_json":{"title":"La Jefa de Gobierno Clara Brugada impulsa campa\u00f1a para prevenir el racismo y la discriminaci\u00f3n en la CDMX -","robots":{"index":"index","follow":"follow","max-snippet":"max-snippet:-1","max-image-preview":"max-image-preview:large","max-video-preview":"max-video-preview:-1"},"canonical":"https:\/\/quehacerpolitico.mx\/?p=117593","og_locale":"es_MX","og_type":"article","og_title":"La Jefa de Gobierno Clara Brugada impulsa campa\u00f1a para prevenir el racismo y la discriminaci\u00f3n en la CDMX -","og_description":"Por Redacci\u00f3n QP Se realizar\u00e1n dos campa\u00f1as para prevenir el racismo y la discriminaci\u00f3n en...","og_url":"https:\/\/quehacerpolitico.mx\/?p=117593","article_published_time":"2025-07-09T02:10:27+00:00","article_modified_time":"2025-07-09T02:10:28+00:00","og_image":[{"width":1600,"height":1066,"url":"https:\/\/quehacerpolitico.mx\/wp-content\/uploads\/2025\/07\/IMG_1592.jpeg","type":"image\/jpeg"}],"author":"Redacci\u00f3n QP","twitter_card":"summary_large_image","twitter_misc":{"Escrito por":"Redacci\u00f3n QP","Tiempo de lectura":"3 minutos"},"schema":{"@context":"https:\/\/schema.org","@graph":[{"@type":"Article","@id":"https:\/\/quehacerpolitico.mx\/?p=117593#article","isPartOf":{"@id":"https:\/\/quehacerpolitico.mx\/?p=117593"},"author":{"name":"Redacci\u00f3n QP","@id":"https:\/\/quehacerpolitico.mx\/#\/schema\/person\/496d8ad2d1d3f8036101dca7ee39e585"},"headline":"La Jefa de Gobierno Clara Brugada impulsa campa\u00f1a para prevenir el racismo y la discriminaci\u00f3n en la CDMX","datePublished":"2025-07-09T02:10:27+00:00","dateModified":"2025-07-09T02:10:28+00:00","mainEntityOfPage":{"@id":"https:\/\/quehacerpolitico.mx\/?p=117593"},"wordCount":547,"commentCount":0,"image":{"@id":"https:\/\/quehacerpolitico.mx\/?p=117593#primaryimage"},"thumbnailUrl":"https:\/\/quehacerpolitico.mx\/wp-content\/uploads\/2025\/07\/IMG_1592.jpeg","articleSection":["CDMX"],"inLanguage":"es","potentialAction":[{"@type":"CommentAction","name":"Comment","target":["https:\/\/quehacerpolitico.mx\/?p=117593#respond"]}]},{"@type":"WebPage","@id":"https:\/\/quehacerpolitico.mx\/?p=117593","url":"https:\/\/quehacerpolitico.mx\/?p=117593","name":"La Jefa de Gobierno Clara Brugada impulsa campa\u00f1a para prevenir el racismo y la discriminaci\u00f3n en la CDMX -","isPartOf":{"@id":"https:\/\/quehacerpolitico.mx\/#website"},"primaryImageOfPage":{"@id":"https:\/\/quehacerpolitico.mx\/?p=117593#primaryimage"},"image":{"@id":"https:\/\/quehacerpolitico.mx\/?p=117593#primaryimage"},"thumbnailUrl":"https:\/\/quehacerpolitico.mx\/wp-content\/uploads\/2025\/07\/IMG_1592.jpeg","datePublished":"2025-07-09T02:10:27+00:00","dateModified":"2025-07-09T02:10:28+00:00","author":{"@id":"https:\/\/quehacerpolitico.mx\/#\/schema\/person\/496d8ad2d1d3f8036101dca7ee39e585"},"breadcrumb":{"@id":"https:\/\/quehacerpolitico.mx\/?p=117593#breadcrumb"},"inLanguage":"es","potentialAction":[{"@type":"ReadAction","target":["https:\/\/quehacerpolitico.mx\/?p=117593"]}]},{"@type":"ImageObject","inLanguage":"es","@id":"https:\/\/quehacerpolitico.mx\/?p=117593#primaryimage","url":"https:\/\/quehacerpolitico.mx\/wp-content\/uploads\/2025\/07\/IMG_1592.jpeg","contentUrl":"https:\/\/quehacerpolitico.mx\/wp-content\/uploads\/2025\/07\/IMG_1592.jpeg","width":1600,"height":1066},{"@type":"BreadcrumbList","@id":"https:\/\/quehacerpolitico.mx\/?p=117593#breadcrumb","itemListElement":[{"@type":"ListItem","position":1,"name":"Inicio","item":"https:\/\/quehacerpolitico.mx\/"},{"@type":"ListItem","position":2,"name":"La Jefa de Gobierno Clara Brugada impulsa campa\u00f1a para prevenir el racismo y la discriminaci\u00f3n en la CDMX"}]},{"@type":"WebSite","@id":"https:\/\/quehacerpolitico.mx\/#website","url":"https:\/\/quehacerpolitico.mx\/","name":"","description":"","potentialAction":[{"@type":"SearchAction","target":{"@type":"EntryPoint","urlTemplate":"https:\/\/quehacerpolitico.mx\/?s={search_term_string}"},"query-input":{"@type":"PropertyValueSpecification","valueRequired":true,"valueName":"search_term_string"}}],"inLanguage":"es"},{"@type":"Person","@id":"https:\/\/quehacerpolitico.mx\/#\/schema\/person\/496d8ad2d1d3f8036101dca7ee39e585","name":"Redacci\u00f3n QP","image":{"@type":"ImageObject","inLanguage":"es","@id":"https:\/\/secure.gravatar.com\/avatar\/c7164ed6fdec453195284ad24a5ae5b6e1eed2b848477fa2a4787ba9adf39a41?s=96&d=mm&r=g","url":"https:\/\/secure.gravatar.com\/avatar\/c7164ed6fdec453195284ad24a5ae5b6e1eed2b848477fa2a4787ba9adf39a41?s=96&d=mm&r=g","contentUrl":"https:\/\/secure.gravatar.com\/avatar\/c7164ed6fdec453195284ad24a5ae5b6e1eed2b848477fa2a4787ba9adf39a41?s=96&d=mm&r=g","caption":"Redacci\u00f3n QP"},"url":"https:\/\/quehacerpolitico.mx\/?author=2"}]}},"featured_image_urls":{"full":["https:\/\/quehacerpolitico.mx\/wp-content\/uploads\/2025\/07\/IMG_1592.jpeg",1600,1066,false],"thumbnail":["https:\/\/quehacerpolitico.mx\/wp-content\/uploads\/2025\/07\/IMG_1592-150x150.jpeg",150,150,true],"medium":["https:\/\/quehacerpolitico.mx\/wp-content\/uploads\/2025\/07\/IMG_1592-300x200.jpeg",300,200,true],"medium_large":["https:\/\/quehacerpolitico.mx\/wp-content\/uploads\/2025\/07\/IMG_1592-768x512.jpeg",640,427,true],"large":["https:\/\/quehacerpolitico.mx\/wp-content\/uploads\/2025\/07\/IMG_1592-1024x682.jpeg",640,426,true],"1536x1536":["https:\/\/quehacerpolitico.mx\/wp-content\/uploads\/2025\/07\/IMG_1592-1536x1023.jpeg",1536,1023,true],"2048x2048":["https:\/\/quehacerpolitico.mx\/wp-content\/uploads\/2025\/07\/IMG_1592.jpeg",1600,1066,false],"covernews-featured":["https:\/\/quehacerpolitico.mx\/wp-content\/uploads\/2025\/07\/IMG_1592-1024x682.jpeg",1024,682,true],"covernews-medium":["https:\/\/quehacerpolitico.mx\/wp-content\/uploads\/2025\/07\/IMG_1592-540x340.jpeg",540,340,true]},"author_info":{"display_name":"Redacci\u00f3n QP","author_link":"https:\/\/quehacerpolitico.mx\/?author=2"},"category_info":"<a href=\"https:\/\/quehacerpolitico.mx\/?cat=55\" rel=\"category\">CDMX<\/a>","tag_info":"CDMX","comment_count":"0","_links":{"self":[{"href":"https:\/\/quehacerpolitico.mx\/index.php?rest_route=\/wp\/v2\/posts\/117593","targetHints":{"allow":["GET"]}}],"collection":[{"href":"https:\/\/quehacerpolitico.mx\/index.php?rest_route=\/wp\/v2\/posts"}],"about":[{"href":"https:\/\/quehacerpolitico.mx\/index.php?rest_route=\/wp\/v2\/types\/post"}],"author":[{"embeddable":true,"href":"https:\/\/quehacerpolitico.mx\/index.php?rest_route=\/wp\/v2\/users\/2"}],"replies":[{"embeddable":true,"href":"https:\/\/quehacerpolitico.mx\/index.php?rest_route=%2Fwp%2Fv2%2Fcomments&post=117593"}],"version-history":[{"count":1,"href":"https:\/\/quehacerpolitico.mx\/index.php?rest_route=\/wp\/v2\/posts\/117593\/revisions"}],"predecessor-version":[{"id":117595,"href":"https:\/\/quehacerpolitico.mx\/index.php?rest_route=\/wp\/v2\/posts\/117593\/revisions\/117595"}],"wp:featuredmedia":[{"embeddable":true,"href":"https:\/\/quehacerpolitico.mx\/index.php?rest_route=\/wp\/v2\/media\/117594"}],"wp:attachment":[{"href":"https:\/\/quehacerpolitico.mx\/index.php?rest_route=%2Fwp%2Fv2%2Fmedia&parent=117593"}],"wp:term":[{"taxonomy":"category","embeddable":true,"href":"https:\/\/quehacerpolitico.mx\/index.php?rest_route=%2Fwp%2Fv2%2Fcategories&post=117593"},{"taxonomy":"post_tag","embeddable":true,"href":"https:\/\/quehacerpolitico.mx\/index.php?rest_route=%2Fwp%2Fv2%2Ftags&post=117593"}],"curies":[{"name":"wp","href":"https:\/\/api.w.org\/{rel}","templated":true}]}}