{"id":117581,"date":"2025-07-08T19:49:49","date_gmt":"2025-07-09T01:49:49","guid":{"rendered":"https:\/\/quehacerpolitico.mx\/?p=117581"},"modified":"2025-07-08T19:49:51","modified_gmt":"2025-07-09T01:49:51","slug":"verano-cultural-2025-descubre-crea-y-disfruta","status":"publish","type":"post","link":"https:\/\/quehacerpolitico.mx\/?p=117581","title":{"rendered":"VERANO CULTURAL 2025: DESCUBRE, CREA Y DISFRUTA"},"content":{"rendered":"\n<p>Por Redacci\u00f3n QP<\/p>\n\n\n\n<ul class=\"wp-block-list\">\n<li><strong>Arte, m\u00fasica, talleres y espect\u00e1culos para todas las edades, con actividades gratuitas o de bajo costo en las distintas regiones de M\u00e9xico<\/strong><\/li>\n\n\n\n<li><strong>Museos, teatros y centros culturales abrir\u00e1n sus puertas en julio y agosto para ofrecer un verano lleno de cultura, aprendizaje y diversi\u00f3n<\/strong><\/li>\n<\/ul>\n\n\n\n<p>En el pr\u00f3ximo periodo vacacional, la Secretar\u00eda de Cultura del Gobierno de M\u00e9xico ofrece la cartelera Verano Cultural 2025, una amplia agenda con actividades dise\u00f1adas para todas las edades y gustos. Talleres creativos, campamentos infantiles, conciertos, exposiciones, propuestas familiares y cursos formativos, conforman la cartelera que fortalece el derecho a la cultura en todo el pa\u00eds.<\/p>\n\n\n\n<p>Por ejemplo, el Centro Nacional de las Artes (Cenart) presenta la exposici\u00f3n PAPIAM-D 2023, hasta el 10 de agosto, con obras que exploran los cruces entre arte, discapacidad y medios digitales en las galer\u00edas Manuel Felgu\u00e9rez y Espacio Alternativo.<\/p>\n\n\n\n<p><em>Suspensiones bajo la lluvia&nbsp;<\/em>es una serie de instalaciones sonoras al aire libre que invitan a la interacci\u00f3n del p\u00fablico. Entre las propuestas m\u00e1s originales est\u00e1 el taller \u201cOrquesta de sartenes\u201d, del 28 al 30 de julio, que ense\u00f1a a crear m\u00fasica con utensilios de cocina, con un cierre especial en vivo de \u201cUniversos sonoros cotidianos\u201d, el 30 de julio.<\/p>\n\n\n\n<figure class=\"wp-block-image size-large\"><img loading=\"lazy\" decoding=\"async\" width=\"1024\" height=\"1024\" src=\"https:\/\/quehacerpolitico.mx\/wp-content\/uploads\/2025\/07\/IMG_1598-1024x1024.jpeg\" alt=\"\" class=\"wp-image-117583\" srcset=\"https:\/\/quehacerpolitico.mx\/wp-content\/uploads\/2025\/07\/IMG_1598-1024x1024.jpeg 1024w, https:\/\/quehacerpolitico.mx\/wp-content\/uploads\/2025\/07\/IMG_1598-300x300.jpeg 300w, https:\/\/quehacerpolitico.mx\/wp-content\/uploads\/2025\/07\/IMG_1598-150x150.jpeg 150w, https:\/\/quehacerpolitico.mx\/wp-content\/uploads\/2025\/07\/IMG_1598-768x768.jpeg 768w, https:\/\/quehacerpolitico.mx\/wp-content\/uploads\/2025\/07\/IMG_1598.jpeg 1201w\" sizes=\"auto, (max-width: 1024px) 100vw, 1024px\" \/><\/figure>\n\n\n\n<p>El ciclo de jazz \u201cSincopado&#8221; reunir\u00e1 en el Auditorio Blas Galindo, del 13 al 27 de julio, a figuras destacadas del g\u00e9nero como Roberto Aymes D\u00fao, Elizabeth Meza, Miguel Chuck Rodr\u00edguez, Erick Carrillo Quinteto y Som Bit.<\/p>\n\n\n\n<p><strong>Campamentos y talleres para infancias y adolescencias<\/strong><\/p>\n\n\n\n<p>El Centro Cultural Tijuana (Cecut) realizar\u00e1 su tradicional Campamento de Verano, del 14 de julio al 8 de agosto 2025, para infancias de 6 a 12 a\u00f1os. Incluye talleres de artes pl\u00e1sticas, m\u00fasica, danza inclusiva, esgrima, teatro, ajedrez, cuentacuentos y visitas al Domo IMAX y al Acuario.<\/p>\n\n\n\n<figure class=\"wp-block-image size-large\"><img loading=\"lazy\" decoding=\"async\" width=\"819\" height=\"1024\" src=\"https:\/\/quehacerpolitico.mx\/wp-content\/uploads\/2025\/07\/IMG_1597-1-819x1024.jpeg\" alt=\"\" class=\"wp-image-117584\" srcset=\"https:\/\/quehacerpolitico.mx\/wp-content\/uploads\/2025\/07\/IMG_1597-1-819x1024.jpeg 819w, https:\/\/quehacerpolitico.mx\/wp-content\/uploads\/2025\/07\/IMG_1597-1-240x300.jpeg 240w, https:\/\/quehacerpolitico.mx\/wp-content\/uploads\/2025\/07\/IMG_1597-1-768x960.jpeg 768w, https:\/\/quehacerpolitico.mx\/wp-content\/uploads\/2025\/07\/IMG_1597-1-1229x1536.jpeg 1229w, https:\/\/quehacerpolitico.mx\/wp-content\/uploads\/2025\/07\/IMG_1597-1-1639x2048.jpeg 1639w, https:\/\/quehacerpolitico.mx\/wp-content\/uploads\/2025\/07\/IMG_1597-1-1024x1280.jpeg 1024w, https:\/\/quehacerpolitico.mx\/wp-content\/uploads\/2025\/07\/IMG_1597-1-scaled.jpeg 2048w\" sizes=\"auto, (max-width: 819px) 100vw, 819px\" \/><\/figure>\n\n\n\n<p>Los museos de Arte Moderno y La Tallera, en Ciudad de M\u00e9xico y Morelos, respectivamente, ofrecen los cursos de verano \u201cModernos en Acci\u00f3n\u201d y \u201cEsto me lo llevo: museos chiquitos\u201d para ni\u00f1as y ni\u00f1os que crean, imaginan y descubren el arte moderno del 12 al 31 de julio.<\/p>\n\n\n\n<p>El Centro Cultural Hel\u00e9nico mantiene una atractiva cartelera teatral con montajes como<em>Grand Slam, Detr\u00e1s de m\u00ed, Quijote y Panza, El hilador, Dios es un bicho, C19&nbsp;<\/em>y&nbsp;<em>El ni\u00f1o salvaje<\/em>, con descuentos especiales. Tambi\u00e9n est\u00e1n programados cursos de verano gratuitos con registro previo para infancias del 14 al 25 de julio, en dos segmentos por edades, m\u00e1s informaci\u00f3n en&nbsp;<a href=\"https:\/\/helenico.gob.mx\/\" target=\"_blank\" rel=\"noreferrer noopener\">helenico.gob.mx.<\/a><\/p>\n\n\n\n<p>La Fonoteca Nacional celebra Verano Sonoro, del 21 de julio al 1 de agosto, con los talleres gratuitos de arte sonoro, m\u00fasica experimental, poes\u00eda, rap, stop motion y hardware de audio para ni\u00f1as, ni\u00f1os y j\u00f3venes, con el objetivo de sensibilizar a las y los participantes sobre la importancia de la escucha en la vida cotidiana, a trav\u00e9s de ejercicios que estimulan la sensibilidad auditiva, promuevan la expresi\u00f3n art\u00edstica y fortalezcan el sentido colectivo. M\u00e1s informaci\u00f3n v\u00eda correo electr\u00f3nico en&nbsp;<a href=\"mailto:veranosonorofn@cultura.gob.mx\" target=\"_blank\" rel=\"noreferrer noopener\">veranosonorofn@cultura.gob.mx<\/a>.<\/p>\n\n\n\n<figure class=\"wp-block-image size-large\"><img loading=\"lazy\" decoding=\"async\" width=\"1024\" height=\"1024\" src=\"https:\/\/quehacerpolitico.mx\/wp-content\/uploads\/2025\/07\/IMG_1599-1024x1024.jpeg\" alt=\"\" class=\"wp-image-117585\" srcset=\"https:\/\/quehacerpolitico.mx\/wp-content\/uploads\/2025\/07\/IMG_1599-1024x1024.jpeg 1024w, https:\/\/quehacerpolitico.mx\/wp-content\/uploads\/2025\/07\/IMG_1599-300x300.jpeg 300w, https:\/\/quehacerpolitico.mx\/wp-content\/uploads\/2025\/07\/IMG_1599-150x150.jpeg 150w, https:\/\/quehacerpolitico.mx\/wp-content\/uploads\/2025\/07\/IMG_1599-768x768.jpeg 768w, https:\/\/quehacerpolitico.mx\/wp-content\/uploads\/2025\/07\/IMG_1599-1536x1536.jpeg 1536w, https:\/\/quehacerpolitico.mx\/wp-content\/uploads\/2025\/07\/IMG_1599.jpeg 1600w\" sizes=\"auto, (max-width: 1024px) 100vw, 1024px\" \/><\/figure>\n\n\n\n<p>El Centro de Cultura Digital organiza talleres gratuitos para infancias del 21 de julio al 8 de agosto, que explorar\u00e1n electr\u00f3nica, animaci\u00f3n y experimentaci\u00f3n auditiva con sonidos del bosque en experiencias l\u00fadicas y creativas. Las inscripciones ya est\u00e1n abiertas&nbsp;y se pueden consultar en&nbsp;<a href=\"http:\/\/centroculturadigital.mx\/\" target=\"_blank\" rel=\"noreferrer noopener\">centroculturadigital.mx<\/a>.&nbsp;<\/p>\n\n\n\n<p><strong>Cultura comunitaria para todas las edades<\/strong><\/p>\n\n\n\n<p>El programa Cultura Comunitaria, de la Direcci\u00f3n General de Vinculaci\u00f3n Cultural, ofrece &#8220;Vacaciones de verano en el Pabell\u00f3n\u201d los s\u00e1bados y domingos de julio, con actividades l\u00fadicas, creativas y participativas; talleres de cartoner\u00eda, construcci\u00f3n de memorias comunitarias, encuentros con Semilleros Creativos de Artes Gr\u00e1ficas y Circo, karaoke comunitario, clases de danz\u00f3n queer y cine infantil gratuito, como un refuerzo de la convivencia familiar y el derecho a la cultura, todo en el Pabell\u00f3n de Cultura Comunitaria, ubicado en la segunda secci\u00f3n del Bosque de Chapultepec.<\/p>\n\n\n\n<figure class=\"wp-block-image size-large\"><img loading=\"lazy\" decoding=\"async\" width=\"930\" height=\"1024\" src=\"https:\/\/quehacerpolitico.mx\/wp-content\/uploads\/2025\/07\/IMG_1602-930x1024.jpeg\" alt=\"\" class=\"wp-image-117586\" srcset=\"https:\/\/quehacerpolitico.mx\/wp-content\/uploads\/2025\/07\/IMG_1602-930x1024.jpeg 930w, https:\/\/quehacerpolitico.mx\/wp-content\/uploads\/2025\/07\/IMG_1602-273x300.jpeg 273w, https:\/\/quehacerpolitico.mx\/wp-content\/uploads\/2025\/07\/IMG_1602-768x845.jpeg 768w, https:\/\/quehacerpolitico.mx\/wp-content\/uploads\/2025\/07\/IMG_1602-1396x1536.jpeg 1396w, https:\/\/quehacerpolitico.mx\/wp-content\/uploads\/2025\/07\/IMG_1602-1861x2048.jpeg 1861w, https:\/\/quehacerpolitico.mx\/wp-content\/uploads\/2025\/07\/IMG_1602-1024x1127.jpeg 1024w\" sizes=\"auto, (max-width: 930px) 100vw, 930px\" \/><\/figure>\n\n\n\n<p>En el resto del pa\u00eds, se activar\u00e1 el Verano Convitero, con 98 jornadas de Convite Cultural que ofrecen artes pl\u00e1sticas, m\u00fasica, teatro, narraci\u00f3n oral, arte circense y juegos participativos; a su vez, los Semilleros Creativos comenzar\u00e1n sus cursos de verano del 28 de julio al 22 de agosto en sus sedes locales, con talleres como artes pl\u00e1sticas en Teloloapan, Guerrero, y la puesta en escena Mujeres de Tradici\u00f3n, en Hecelchak\u00e1n, Campeche.<\/p>\n\n\n\n<p><strong>Aprender y jugar en los museos del INAH<\/strong><\/p>\n\n\n\n<p>El Instituto Nacional de Antropolog\u00eda e Historia (INAH) ofrece una amplia programaci\u00f3n en sus museos y zonas arqueol\u00f3gicas en julio y agosto; en la capital del pa\u00eds, por ejemplo, el Museo Nacional de Antropolog\u00eda brindar\u00e1 talleres para ni\u00f1as, ni\u00f1os, j\u00f3venes y personas adultas, sobre artes esc\u00e9nicas, arqueolog\u00eda, historia, texturas en barro, bordado y cer\u00e1mica, opciones para acercar al p\u00fablico al conocimiento hist\u00f3rico y al patrimonio.<\/p>\n\n\n\n<p>A su vez, el Museo Nacional de las Intervenciones brindar\u00e1 el taller \u201cEl Ahuizotito\u201d del 21 de julio al 8 de agosto para ni\u00f1as y ni\u00f1os, en el que se hablar\u00e1 de la Revoluci\u00f3n Mexicana. El Museo de El Carmen, en San \u00c1ngel, tendr\u00e1 actividades especiales sobre la tem\u00e1tica floral, m\u00fasica en vivo y un rally para toda la familia, con programaci\u00f3n hasta el 25 de julio, para celebrar la tradicional Feria de las Flores de San \u00c1ngel, con propuestas que invitan a descubrir el patrimonio cultural desde distintas miradas.<\/p>\n\n\n\n<figure class=\"wp-block-image size-large\"><img loading=\"lazy\" decoding=\"async\" width=\"1024\" height=\"1024\" src=\"https:\/\/quehacerpolitico.mx\/wp-content\/uploads\/2025\/07\/IMG_1601-1024x1024.jpeg\" alt=\"\" class=\"wp-image-117587\" srcset=\"https:\/\/quehacerpolitico.mx\/wp-content\/uploads\/2025\/07\/IMG_1601-1024x1024.jpeg 1024w, https:\/\/quehacerpolitico.mx\/wp-content\/uploads\/2025\/07\/IMG_1601-300x300.jpeg 300w, https:\/\/quehacerpolitico.mx\/wp-content\/uploads\/2025\/07\/IMG_1601-150x150.jpeg 150w, https:\/\/quehacerpolitico.mx\/wp-content\/uploads\/2025\/07\/IMG_1601-768x768.jpeg 768w, https:\/\/quehacerpolitico.mx\/wp-content\/uploads\/2025\/07\/IMG_1601-1536x1536.jpeg 1536w, https:\/\/quehacerpolitico.mx\/wp-content\/uploads\/2025\/07\/IMG_1601.jpeg 1600w\" sizes=\"auto, (max-width: 1024px) 100vw, 1024px\" \/><\/figure>\n\n\n\n<p>El Museo Casa de Carranza ofrecer\u00e1 durante julio y agosto un programa con ciclos de cine, presentaciones musicales, talleres, recorridos guiados, clases de ajedrez, exposiciones temporales, dise\u00f1adas para acercar la historia a p\u00fablicos de todas las edades.<\/p>\n\n\n\n<p>Al interior del pa\u00eds, el Museo Nacional del Virreinato impartir\u00e1 su taller gratuito \u201cEl vidrio novohispano\u201d, dirigido a infancias, j\u00f3venes y adultos. El Museo Regional de Historia de Colima ofrecer\u00e1 \u201cXolitos&#8221;, del 15 al 26 de julio, donde ni\u00f1as y ni\u00f1os crear\u00e1n instrumentos musicales y aprender\u00e1n a ser gu\u00edas de museo.<\/p>\n\n\n\n<p>A su vez, el Museo Regional de Quer\u00e9taro tendr\u00e1 \u201cRecreando historias\u201d del 15 de julio al 8 de agosto, con talleres y visitas guiadas. En Puebla, el Museo de Arte Religioso de Santa M\u00f3nica ofrecer\u00e1 \u201cVeranearte en Santa M\u00f3nica\u201d del 14 de julio al 1 de agosto para ni\u00f1as y ni\u00f1os, con actividades creativas y l\u00fadicas.<\/p>\n\n\n\n<figure class=\"wp-block-image size-large\"><img loading=\"lazy\" decoding=\"async\" width=\"1024\" height=\"576\" src=\"https:\/\/quehacerpolitico.mx\/wp-content\/uploads\/2025\/07\/IMG_1600-1024x576.jpeg\" alt=\"\" class=\"wp-image-117588\" srcset=\"https:\/\/quehacerpolitico.mx\/wp-content\/uploads\/2025\/07\/IMG_1600-1024x576.jpeg 1024w, https:\/\/quehacerpolitico.mx\/wp-content\/uploads\/2025\/07\/IMG_1600-300x169.jpeg 300w, https:\/\/quehacerpolitico.mx\/wp-content\/uploads\/2025\/07\/IMG_1600-768x432.jpeg 768w, https:\/\/quehacerpolitico.mx\/wp-content\/uploads\/2025\/07\/IMG_1600-1536x864.jpeg 1536w, https:\/\/quehacerpolitico.mx\/wp-content\/uploads\/2025\/07\/IMG_1600-2048x1152.jpeg 2048w\" sizes=\"auto, (max-width: 1024px) 100vw, 1024px\" \/><\/figure>\n\n\n\n<p>De vuelta en la capital del pa\u00eds, el Colegio de San Ildefonso mantiene la exposici\u00f3n \u201cUn cielo sin fronteras. Rosario Castellanos: archivo in\u00e9dito\u201d durante el verano, con visitas guiadas incluidas con el boleto de entrada. Tambi\u00e9n ofrecer\u00e1 talleres dominicales de grabado, est\u00e9ncil y serigraf\u00eda con cuotas accesibles y un curso de teatro en papel para infancias, del 4 al 8 de agosto.<\/p>\n\n\n\n<p>En el Lunario del Auditorio Nacional se presenta \u201cJazzpeando con La Trouppe\u201d, con el que la agrupaci\u00f3n celebrar\u00e1 45 a\u00f1os de trayectoria. Las funciones ser\u00e1n los domingos 13, 20 y 27 de julio, y 3 de agosto, como un acercamiento a las infancias a la m\u00fasica en vivo de una forma divertida y educativa.<\/p>\n\n\n\n<p>El Instituto Nacional de Estudios Hist\u00f3ricos de las Revoluciones de M\u00e9xico (INEHRM) ofrece su curso de verano \u201cTransformaciones en el siglo XXI,\u201d los martes de julio y agosto a las 17:00 h, de manera h\u00edbrida, presencial en su sede y en l\u00ednea a trav\u00e9s de sus redes sociales, para pensar el presente y el futuro del pa\u00eds.<\/p>\n\n\n\n<figure class=\"wp-block-image size-large\"><img loading=\"lazy\" decoding=\"async\" width=\"1024\" height=\"576\" src=\"https:\/\/quehacerpolitico.mx\/wp-content\/uploads\/2025\/07\/IMG_1603-1024x576.jpeg\" alt=\"\" class=\"wp-image-117589\" srcset=\"https:\/\/quehacerpolitico.mx\/wp-content\/uploads\/2025\/07\/IMG_1603-1024x576.jpeg 1024w, https:\/\/quehacerpolitico.mx\/wp-content\/uploads\/2025\/07\/IMG_1603-300x169.jpeg 300w, https:\/\/quehacerpolitico.mx\/wp-content\/uploads\/2025\/07\/IMG_1603-768x432.jpeg 768w, https:\/\/quehacerpolitico.mx\/wp-content\/uploads\/2025\/07\/IMG_1603-1536x864.jpeg 1536w, https:\/\/quehacerpolitico.mx\/wp-content\/uploads\/2025\/07\/IMG_1603-2048x1152.jpeg 2048w\" sizes=\"auto, (max-width: 1024px) 100vw, 1024px\" \/><\/figure>\n\n\n\n<p>Las y los artistas del Sistema Creaci\u00f3n tambi\u00e9n tendr\u00e1n actividades para diversos p\u00fablicos, por ejemplo, el 9 de agosto, para conmemorar el D\u00eda internacional de los pueblos ind\u00edgenas, la escritora Clyo Mendoza, de la Generaci\u00f3n 2025-2025 de J\u00f3venes Creadores, impartir\u00e1 la charla \u201cAnimalidad y nahualismo\u201d, en torno a los desdoblamientos del cuerpo seg\u00fan la tradici\u00f3n oral mexicana. La charla se realiza en colaboraci\u00f3n con la Coordinaci\u00f3n Nacional de Literatura del INBAL. Las inscripciones ser\u00e1n a trav\u00e9s del correo electr\u00f3nico: programaci\u00f3<a href=\"mailto:n.sacpc@cultura.gob.mx\" target=\"_blank\" rel=\"noreferrer noopener\">n.sacpc@cultura.<wbr>gob.mx<\/a><\/p>\n\n\n\n<p>La Direccion General de Bibliotecas invita a ni\u00f1as, ni\u00f1os y adolescentes est\u00e1n invitados a los talleres del programa \u201cMis Vacaciones en la Biblioteca 2025\u201d, que se llevar\u00e1n a cabo del 21 de julio al 22 de agosto en las 7,476 bibliotecas p\u00fablicas en la Rep\u00fablica Mexicana. Los nombres de los talleres son: \u201cHuateque de palabras\u201d; \u201cPiqu\u00edn de versos y sones\u201d; \u201cFactor sorpresa\u201d; \u201cSue\u00f1os de tinta y papel\u201d y \u201cRetratos de familia\u201d; el prop\u00f3sito es formar lectores y hablantes que puedan tomar la palabra en diversas situaciones comunicativas; que vean en la biblioteca un ambiente que fomente el deseo por leer y socializar. Para m\u00e1s informaci\u00f3n, consulta<a href=\"https:\/\/dgb.cultura.gob.mx\/\" target=\"_blank\" rel=\"noreferrer noopener\">dgb.cultura.gob.mx<\/a><\/p>\n\n\n\n<figure class=\"wp-block-image size-large\"><img loading=\"lazy\" decoding=\"async\" width=\"768\" height=\"1024\" src=\"https:\/\/quehacerpolitico.mx\/wp-content\/uploads\/2025\/07\/IMG_1605-768x1024.jpeg\" alt=\"\" class=\"wp-image-117590\" srcset=\"https:\/\/quehacerpolitico.mx\/wp-content\/uploads\/2025\/07\/IMG_1605-768x1024.jpeg 768w, https:\/\/quehacerpolitico.mx\/wp-content\/uploads\/2025\/07\/IMG_1605-225x300.jpeg 225w, https:\/\/quehacerpolitico.mx\/wp-content\/uploads\/2025\/07\/IMG_1605-1024x1365.jpeg 1024w, https:\/\/quehacerpolitico.mx\/wp-content\/uploads\/2025\/07\/IMG_1605.jpeg 1080w\" sizes=\"auto, (max-width: 768px) 100vw, 768px\" \/><\/figure>\n\n\n\n<p>La Secretar\u00eda de Cultura del Gobierno de M\u00e9xico reafirma su compromiso de garantizar el acceso a la cultura como un derecho, al ofrecer en todo el pa\u00eds un verano lleno de arte, creatividad y comunidad. Participa en talleres, conciertos, espect\u00e1culos y experiencias para todas las edades y disfruta de unas vacaciones diferentes, inclusivas y enriquecedoras.<\/p>\n\n\n\n<p>Consulta la cartelera completa en<a href=\"https:\/\/www.mexicoescultura.com\/\" target=\"_blank\" rel=\"noreferrer noopener\">&nbsp;mexicoescultura.com<\/a>&nbsp;y sigue las redes sociales oficiales para m\u00e1s informaci\u00f3n y actualizaciones.<\/p>\n","protected":false},"excerpt":{"rendered":"<p>Por Redacci\u00f3n QP En el pr\u00f3ximo periodo vacacional, la Secretar\u00eda de Cultura del Gobierno de&#8230;<\/p>\n","protected":false},"author":2,"featured_media":117591,"comment_status":"open","ping_status":"open","sticky":false,"template":"","format":"standard","meta":{"_monsterinsights_skip_tracking":false,"_monsterinsights_sitenote_active":false,"_monsterinsights_sitenote_note":"","_monsterinsights_sitenote_category":0,"footnotes":""},"categories":[58],"tags":[],"class_list":["post-117581","post","type-post","status-publish","format-standard","has-post-thumbnail","hentry","category-cultura"],"yoast_head":"<!-- This site is optimized with the Yoast SEO plugin v27.3 - https:\/\/yoast.com\/product\/yoast-seo-wordpress\/ -->\n<title>VERANO CULTURAL 2025: DESCUBRE, CREA Y DISFRUTA -<\/title>\n<meta name=\"robots\" content=\"index, follow, max-snippet:-1, max-image-preview:large, max-video-preview:-1\" \/>\n<link rel=\"canonical\" href=\"https:\/\/quehacerpolitico.mx\/?p=117581\" \/>\n<meta property=\"og:locale\" content=\"es_MX\" \/>\n<meta property=\"og:type\" content=\"article\" \/>\n<meta property=\"og:title\" content=\"VERANO CULTURAL 2025: DESCUBRE, CREA Y DISFRUTA -\" \/>\n<meta property=\"og:description\" content=\"Por Redacci\u00f3n QP En el pr\u00f3ximo periodo vacacional, la Secretar\u00eda de Cultura del Gobierno de...\" \/>\n<meta property=\"og:url\" content=\"https:\/\/quehacerpolitico.mx\/?p=117581\" \/>\n<meta property=\"article:published_time\" content=\"2025-07-09T01:49:49+00:00\" \/>\n<meta property=\"article:modified_time\" content=\"2025-07-09T01:49:51+00:00\" \/>\n<meta property=\"og:image\" content=\"https:\/\/quehacerpolitico.mx\/wp-content\/uploads\/2025\/07\/IMG_1604.jpeg\" \/>\n\t<meta property=\"og:image:width\" content=\"1600\" \/>\n\t<meta property=\"og:image:height\" content=\"1066\" \/>\n\t<meta property=\"og:image:type\" content=\"image\/jpeg\" \/>\n<meta name=\"author\" content=\"Redacci\u00f3n QP\" \/>\n<meta name=\"twitter:card\" content=\"summary_large_image\" \/>\n<meta name=\"twitter:label1\" content=\"Escrito por\" \/>\n\t<meta name=\"twitter:data1\" content=\"Redacci\u00f3n QP\" \/>\n\t<meta name=\"twitter:label2\" content=\"Tiempo de lectura\" \/>\n\t<meta name=\"twitter:data2\" content=\"8 minutos\" \/>\n<script type=\"application\/ld+json\" class=\"yoast-schema-graph\">{\"@context\":\"https:\\\/\\\/schema.org\",\"@graph\":[{\"@type\":\"Article\",\"@id\":\"https:\\\/\\\/quehacerpolitico.mx\\\/?p=117581#article\",\"isPartOf\":{\"@id\":\"https:\\\/\\\/quehacerpolitico.mx\\\/?p=117581\"},\"author\":{\"name\":\"Redacci\u00f3n QP\",\"@id\":\"https:\\\/\\\/quehacerpolitico.mx\\\/#\\\/schema\\\/person\\\/496d8ad2d1d3f8036101dca7ee39e585\"},\"headline\":\"VERANO CULTURAL 2025: DESCUBRE, CREA Y DISFRUTA\",\"datePublished\":\"2025-07-09T01:49:49+00:00\",\"dateModified\":\"2025-07-09T01:49:51+00:00\",\"mainEntityOfPage\":{\"@id\":\"https:\\\/\\\/quehacerpolitico.mx\\\/?p=117581\"},\"wordCount\":1567,\"commentCount\":0,\"image\":{\"@id\":\"https:\\\/\\\/quehacerpolitico.mx\\\/?p=117581#primaryimage\"},\"thumbnailUrl\":\"https:\\\/\\\/quehacerpolitico.mx\\\/wp-content\\\/uploads\\\/2025\\\/07\\\/IMG_1604.jpeg\",\"articleSection\":[\"Cultura y Entretenimiento\"],\"inLanguage\":\"es\",\"potentialAction\":[{\"@type\":\"CommentAction\",\"name\":\"Comment\",\"target\":[\"https:\\\/\\\/quehacerpolitico.mx\\\/?p=117581#respond\"]}]},{\"@type\":\"WebPage\",\"@id\":\"https:\\\/\\\/quehacerpolitico.mx\\\/?p=117581\",\"url\":\"https:\\\/\\\/quehacerpolitico.mx\\\/?p=117581\",\"name\":\"VERANO CULTURAL 2025: DESCUBRE, CREA Y DISFRUTA -\",\"isPartOf\":{\"@id\":\"https:\\\/\\\/quehacerpolitico.mx\\\/#website\"},\"primaryImageOfPage\":{\"@id\":\"https:\\\/\\\/quehacerpolitico.mx\\\/?p=117581#primaryimage\"},\"image\":{\"@id\":\"https:\\\/\\\/quehacerpolitico.mx\\\/?p=117581#primaryimage\"},\"thumbnailUrl\":\"https:\\\/\\\/quehacerpolitico.mx\\\/wp-content\\\/uploads\\\/2025\\\/07\\\/IMG_1604.jpeg\",\"datePublished\":\"2025-07-09T01:49:49+00:00\",\"dateModified\":\"2025-07-09T01:49:51+00:00\",\"author\":{\"@id\":\"https:\\\/\\\/quehacerpolitico.mx\\\/#\\\/schema\\\/person\\\/496d8ad2d1d3f8036101dca7ee39e585\"},\"breadcrumb\":{\"@id\":\"https:\\\/\\\/quehacerpolitico.mx\\\/?p=117581#breadcrumb\"},\"inLanguage\":\"es\",\"potentialAction\":[{\"@type\":\"ReadAction\",\"target\":[\"https:\\\/\\\/quehacerpolitico.mx\\\/?p=117581\"]}]},{\"@type\":\"ImageObject\",\"inLanguage\":\"es\",\"@id\":\"https:\\\/\\\/quehacerpolitico.mx\\\/?p=117581#primaryimage\",\"url\":\"https:\\\/\\\/quehacerpolitico.mx\\\/wp-content\\\/uploads\\\/2025\\\/07\\\/IMG_1604.jpeg\",\"contentUrl\":\"https:\\\/\\\/quehacerpolitico.mx\\\/wp-content\\\/uploads\\\/2025\\\/07\\\/IMG_1604.jpeg\",\"width\":1600,\"height\":1066},{\"@type\":\"BreadcrumbList\",\"@id\":\"https:\\\/\\\/quehacerpolitico.mx\\\/?p=117581#breadcrumb\",\"itemListElement\":[{\"@type\":\"ListItem\",\"position\":1,\"name\":\"Inicio\",\"item\":\"https:\\\/\\\/quehacerpolitico.mx\\\/\"},{\"@type\":\"ListItem\",\"position\":2,\"name\":\"VERANO CULTURAL 2025: DESCUBRE, CREA Y DISFRUTA\"}]},{\"@type\":\"WebSite\",\"@id\":\"https:\\\/\\\/quehacerpolitico.mx\\\/#website\",\"url\":\"https:\\\/\\\/quehacerpolitico.mx\\\/\",\"name\":\"\",\"description\":\"\",\"potentialAction\":[{\"@type\":\"SearchAction\",\"target\":{\"@type\":\"EntryPoint\",\"urlTemplate\":\"https:\\\/\\\/quehacerpolitico.mx\\\/?s={search_term_string}\"},\"query-input\":{\"@type\":\"PropertyValueSpecification\",\"valueRequired\":true,\"valueName\":\"search_term_string\"}}],\"inLanguage\":\"es\"},{\"@type\":\"Person\",\"@id\":\"https:\\\/\\\/quehacerpolitico.mx\\\/#\\\/schema\\\/person\\\/496d8ad2d1d3f8036101dca7ee39e585\",\"name\":\"Redacci\u00f3n QP\",\"image\":{\"@type\":\"ImageObject\",\"inLanguage\":\"es\",\"@id\":\"https:\\\/\\\/secure.gravatar.com\\\/avatar\\\/c7164ed6fdec453195284ad24a5ae5b6e1eed2b848477fa2a4787ba9adf39a41?s=96&d=mm&r=g\",\"url\":\"https:\\\/\\\/secure.gravatar.com\\\/avatar\\\/c7164ed6fdec453195284ad24a5ae5b6e1eed2b848477fa2a4787ba9adf39a41?s=96&d=mm&r=g\",\"contentUrl\":\"https:\\\/\\\/secure.gravatar.com\\\/avatar\\\/c7164ed6fdec453195284ad24a5ae5b6e1eed2b848477fa2a4787ba9adf39a41?s=96&d=mm&r=g\",\"caption\":\"Redacci\u00f3n QP\"},\"url\":\"https:\\\/\\\/quehacerpolitico.mx\\\/?author=2\"}]}<\/script>\n<!-- \/ Yoast SEO plugin. -->","yoast_head_json":{"title":"VERANO CULTURAL 2025: DESCUBRE, CREA Y DISFRUTA -","robots":{"index":"index","follow":"follow","max-snippet":"max-snippet:-1","max-image-preview":"max-image-preview:large","max-video-preview":"max-video-preview:-1"},"canonical":"https:\/\/quehacerpolitico.mx\/?p=117581","og_locale":"es_MX","og_type":"article","og_title":"VERANO CULTURAL 2025: DESCUBRE, CREA Y DISFRUTA -","og_description":"Por Redacci\u00f3n QP En el pr\u00f3ximo periodo vacacional, la Secretar\u00eda de Cultura del Gobierno de...","og_url":"https:\/\/quehacerpolitico.mx\/?p=117581","article_published_time":"2025-07-09T01:49:49+00:00","article_modified_time":"2025-07-09T01:49:51+00:00","og_image":[{"width":1600,"height":1066,"url":"https:\/\/quehacerpolitico.mx\/wp-content\/uploads\/2025\/07\/IMG_1604.jpeg","type":"image\/jpeg"}],"author":"Redacci\u00f3n QP","twitter_card":"summary_large_image","twitter_misc":{"Escrito por":"Redacci\u00f3n QP","Tiempo de lectura":"8 minutos"},"schema":{"@context":"https:\/\/schema.org","@graph":[{"@type":"Article","@id":"https:\/\/quehacerpolitico.mx\/?p=117581#article","isPartOf":{"@id":"https:\/\/quehacerpolitico.mx\/?p=117581"},"author":{"name":"Redacci\u00f3n QP","@id":"https:\/\/quehacerpolitico.mx\/#\/schema\/person\/496d8ad2d1d3f8036101dca7ee39e585"},"headline":"VERANO CULTURAL 2025: DESCUBRE, CREA Y DISFRUTA","datePublished":"2025-07-09T01:49:49+00:00","dateModified":"2025-07-09T01:49:51+00:00","mainEntityOfPage":{"@id":"https:\/\/quehacerpolitico.mx\/?p=117581"},"wordCount":1567,"commentCount":0,"image":{"@id":"https:\/\/quehacerpolitico.mx\/?p=117581#primaryimage"},"thumbnailUrl":"https:\/\/quehacerpolitico.mx\/wp-content\/uploads\/2025\/07\/IMG_1604.jpeg","articleSection":["Cultura y Entretenimiento"],"inLanguage":"es","potentialAction":[{"@type":"CommentAction","name":"Comment","target":["https:\/\/quehacerpolitico.mx\/?p=117581#respond"]}]},{"@type":"WebPage","@id":"https:\/\/quehacerpolitico.mx\/?p=117581","url":"https:\/\/quehacerpolitico.mx\/?p=117581","name":"VERANO CULTURAL 2025: DESCUBRE, CREA Y DISFRUTA -","isPartOf":{"@id":"https:\/\/quehacerpolitico.mx\/#website"},"primaryImageOfPage":{"@id":"https:\/\/quehacerpolitico.mx\/?p=117581#primaryimage"},"image":{"@id":"https:\/\/quehacerpolitico.mx\/?p=117581#primaryimage"},"thumbnailUrl":"https:\/\/quehacerpolitico.mx\/wp-content\/uploads\/2025\/07\/IMG_1604.jpeg","datePublished":"2025-07-09T01:49:49+00:00","dateModified":"2025-07-09T01:49:51+00:00","author":{"@id":"https:\/\/quehacerpolitico.mx\/#\/schema\/person\/496d8ad2d1d3f8036101dca7ee39e585"},"breadcrumb":{"@id":"https:\/\/quehacerpolitico.mx\/?p=117581#breadcrumb"},"inLanguage":"es","potentialAction":[{"@type":"ReadAction","target":["https:\/\/quehacerpolitico.mx\/?p=117581"]}]},{"@type":"ImageObject","inLanguage":"es","@id":"https:\/\/quehacerpolitico.mx\/?p=117581#primaryimage","url":"https:\/\/quehacerpolitico.mx\/wp-content\/uploads\/2025\/07\/IMG_1604.jpeg","contentUrl":"https:\/\/quehacerpolitico.mx\/wp-content\/uploads\/2025\/07\/IMG_1604.jpeg","width":1600,"height":1066},{"@type":"BreadcrumbList","@id":"https:\/\/quehacerpolitico.mx\/?p=117581#breadcrumb","itemListElement":[{"@type":"ListItem","position":1,"name":"Inicio","item":"https:\/\/quehacerpolitico.mx\/"},{"@type":"ListItem","position":2,"name":"VERANO CULTURAL 2025: DESCUBRE, CREA Y DISFRUTA"}]},{"@type":"WebSite","@id":"https:\/\/quehacerpolitico.mx\/#website","url":"https:\/\/quehacerpolitico.mx\/","name":"","description":"","potentialAction":[{"@type":"SearchAction","target":{"@type":"EntryPoint","urlTemplate":"https:\/\/quehacerpolitico.mx\/?s={search_term_string}"},"query-input":{"@type":"PropertyValueSpecification","valueRequired":true,"valueName":"search_term_string"}}],"inLanguage":"es"},{"@type":"Person","@id":"https:\/\/quehacerpolitico.mx\/#\/schema\/person\/496d8ad2d1d3f8036101dca7ee39e585","name":"Redacci\u00f3n QP","image":{"@type":"ImageObject","inLanguage":"es","@id":"https:\/\/secure.gravatar.com\/avatar\/c7164ed6fdec453195284ad24a5ae5b6e1eed2b848477fa2a4787ba9adf39a41?s=96&d=mm&r=g","url":"https:\/\/secure.gravatar.com\/avatar\/c7164ed6fdec453195284ad24a5ae5b6e1eed2b848477fa2a4787ba9adf39a41?s=96&d=mm&r=g","contentUrl":"https:\/\/secure.gravatar.com\/avatar\/c7164ed6fdec453195284ad24a5ae5b6e1eed2b848477fa2a4787ba9adf39a41?s=96&d=mm&r=g","caption":"Redacci\u00f3n QP"},"url":"https:\/\/quehacerpolitico.mx\/?author=2"}]}},"featured_image_urls":{"full":["https:\/\/quehacerpolitico.mx\/wp-content\/uploads\/2025\/07\/IMG_1604.jpeg",1600,1066,false],"thumbnail":["https:\/\/quehacerpolitico.mx\/wp-content\/uploads\/2025\/07\/IMG_1604-150x150.jpeg",150,150,true],"medium":["https:\/\/quehacerpolitico.mx\/wp-content\/uploads\/2025\/07\/IMG_1604-300x200.jpeg",300,200,true],"medium_large":["https:\/\/quehacerpolitico.mx\/wp-content\/uploads\/2025\/07\/IMG_1604-768x512.jpeg",640,427,true],"large":["https:\/\/quehacerpolitico.mx\/wp-content\/uploads\/2025\/07\/IMG_1604-1024x682.jpeg",640,426,true],"1536x1536":["https:\/\/quehacerpolitico.mx\/wp-content\/uploads\/2025\/07\/IMG_1604-1536x1023.jpeg",1536,1023,true],"2048x2048":["https:\/\/quehacerpolitico.mx\/wp-content\/uploads\/2025\/07\/IMG_1604.jpeg",1600,1066,false],"covernews-featured":["https:\/\/quehacerpolitico.mx\/wp-content\/uploads\/2025\/07\/IMG_1604-1024x682.jpeg",1024,682,true],"covernews-medium":["https:\/\/quehacerpolitico.mx\/wp-content\/uploads\/2025\/07\/IMG_1604-540x340.jpeg",540,340,true]},"author_info":{"display_name":"Redacci\u00f3n QP","author_link":"https:\/\/quehacerpolitico.mx\/?author=2"},"category_info":"<a href=\"https:\/\/quehacerpolitico.mx\/?cat=58\" rel=\"category\">Cultura y Entretenimiento<\/a>","tag_info":"Cultura y Entretenimiento","comment_count":"0","_links":{"self":[{"href":"https:\/\/quehacerpolitico.mx\/index.php?rest_route=\/wp\/v2\/posts\/117581","targetHints":{"allow":["GET"]}}],"collection":[{"href":"https:\/\/quehacerpolitico.mx\/index.php?rest_route=\/wp\/v2\/posts"}],"about":[{"href":"https:\/\/quehacerpolitico.mx\/index.php?rest_route=\/wp\/v2\/types\/post"}],"author":[{"embeddable":true,"href":"https:\/\/quehacerpolitico.mx\/index.php?rest_route=\/wp\/v2\/users\/2"}],"replies":[{"embeddable":true,"href":"https:\/\/quehacerpolitico.mx\/index.php?rest_route=%2Fwp%2Fv2%2Fcomments&post=117581"}],"version-history":[{"count":1,"href":"https:\/\/quehacerpolitico.mx\/index.php?rest_route=\/wp\/v2\/posts\/117581\/revisions"}],"predecessor-version":[{"id":117592,"href":"https:\/\/quehacerpolitico.mx\/index.php?rest_route=\/wp\/v2\/posts\/117581\/revisions\/117592"}],"wp:featuredmedia":[{"embeddable":true,"href":"https:\/\/quehacerpolitico.mx\/index.php?rest_route=\/wp\/v2\/media\/117591"}],"wp:attachment":[{"href":"https:\/\/quehacerpolitico.mx\/index.php?rest_route=%2Fwp%2Fv2%2Fmedia&parent=117581"}],"wp:term":[{"taxonomy":"category","embeddable":true,"href":"https:\/\/quehacerpolitico.mx\/index.php?rest_route=%2Fwp%2Fv2%2Fcategories&post=117581"},{"taxonomy":"post_tag","embeddable":true,"href":"https:\/\/quehacerpolitico.mx\/index.php?rest_route=%2Fwp%2Fv2%2Ftags&post=117581"}],"curies":[{"name":"wp","href":"https:\/\/api.w.org\/{rel}","templated":true}]}}