{"id":117575,"date":"2025-07-08T18:56:50","date_gmt":"2025-07-09T00:56:50","guid":{"rendered":"https:\/\/quehacerpolitico.mx\/?p=117575"},"modified":"2025-07-08T18:56:53","modified_gmt":"2025-07-09T00:56:53","slug":"el-sistema-de-transporte-colectivo-stc-metro-lanza-una-campana-para-que-los-usuarios-manejen-el-estres","status":"publish","type":"post","link":"https:\/\/quehacerpolitico.mx\/?p=117575","title":{"rendered":"El Sistema de Transporte Colectivo\u00a0(STC Metro) lanza una campa\u00f1a para que los usuarios manejen el estr\u00e9s"},"content":{"rendered":"\n<p>Por Redacci\u00f3n QP<\/p>\n\n\n\n<p>El director del STC record\u00f3 que impulsan el programa \u201cSalvando Vidas\u201d, que tiene el objetivo de ayudar a personas<\/p>\n\n\n\n<p>El Sistema de Transporte Colectivo<a href=\"https:\/\/www.excelsior.com.mx\/comunidad\/salvan-a-800-personas-en-el-metro-de-la-cdmx\/1726006\" target=\"_blank\" rel=\"noreferrer noopener\">\u00a0<\/a>(STC Metro) una campa\u00f1a para que los usuarios accedan a informaci\u00f3n para tener una mejor calidad de\u00a0<strong>vida\u00a0<\/strong>y consejos para manejar el\u00a0<strong>estr\u00e9s<\/strong>.<\/p>\n\n\n\n<p>Los&nbsp;<strong>mensajes&nbsp;<\/strong>ser\u00e1n transmitidos a trav\u00e9s de las pantallas del&nbsp;<strong>Metro&nbsp;<\/strong>en los que habr\u00e1 herramientas como y tips para reducir el estr\u00e9s en su d\u00eda a d\u00eda, promover emociones positivas, conectar con su prop\u00f3sito de vida y fomentar el bienestar&nbsp;<strong>integral<\/strong>, seg\u00fan inform\u00f3 el director del Metro,&nbsp;<strong>Adri\u00e1n Ruvalcaba<\/strong>.<\/p>\n\n\n\n<p><strong>&#8220;Sabemos, seg\u00fan los datos del IMSS, que el 74% de la poblaci\u00f3n maneja estr\u00e9s y entendiendo la capacidad que tiene nuestro sistema de movilidad, de mover una gran cantidad de personas, pensamos que es una gran idea trabajar con estas dos empresas que tienen un conocimiento importante, uno, en c\u00f3mo comunicar y la otra justamente en temas de salud&#8221;.<\/strong><\/p>\n\n\n\n<p>&#8220;Hemos decidido hacer esta campa\u00f1a a trav\u00e9s de los medios de comunicaci\u00f3n que tiene ISATV en el Metro, con la finalidad de ayudar a todos los usuarios a que puedan tener una mejor calidad de vida, entender c\u00f3mo manejar de manera m\u00e1s contundente el estr\u00e9s&#8221;, indic\u00f3 el funcionario.<\/p>\n\n\n\n<p>Acompa\u00f1ado de los representantes de las empresas con los que coordinar\u00e1n esta campa\u00f1a,&nbsp;<strong>Ruvalcaba&nbsp;<\/strong>agreg\u00f3 que tambi\u00e9n carteles en las estaciones del&nbsp;<strong>Metro&nbsp;<\/strong>que contar\u00e1n con un QR que contendr\u00e1 informaci\u00f3n m\u00e1s detallada para el bienestar de las personas.<\/p>\n\n\n\n<p>&#8220;Estamos revisando tambi\u00e9n que 4 de cada&nbsp;<strong>10 j\u00f3venes tienen problemas de salud&nbsp;<\/strong>y pensamos que el Metro puede ser un v\u00ednculo para poder generar esta alianza entre la salud mental de los usuarios y por supuesto estas empresas que conocen bien de c\u00f3mo tratar&#8221;.<\/p>\n\n\n\n<p><strong>&#8220;Tambi\u00e9n hemos visualizado que el Metro no solamente est\u00e1 enfocado en sus mejoras en el servicio, sino tambi\u00e9n estamos decididos a trabajar en c\u00f3mo mejorar la calidad de servicio y el trato a los usuarios&#8221;, se\u00f1al\u00f3.<\/strong><\/p>\n\n\n\n<figure class=\"wp-block-embed is-type-rich is-provider-twitter wp-block-embed-twitter\"><div class=\"wp-block-embed__wrapper\">\n<blockquote class=\"twitter-tweet\" data-width=\"550\" data-dnt=\"true\"><p lang=\"es\" dir=\"ltr\">Di la bienvenida a la campa\u00f1a impulsada por <a href=\"https:\/\/twitter.com\/hashtag\/Tecmilenio?src=hash&amp;ref_src=twsrc%5Etfw\">#Tecmilenio<\/a> para sumar fuerzas y llevar contenidos transformadores a millones de usuarios del <a href=\"https:\/\/twitter.com\/MetroCDMX?ref_src=twsrc%5Etfw\">@MetroCDMX<\/a>.<br>Como parte de esta iniciativa, los usuarios podr\u00e1n acceder a c\u00e1psulas breves con herramientas y consejos pr\u00e1cticos para:<br>\u2022\u2026 <a href=\"https:\/\/t.co\/QmpRYxkCU0\">pic.twitter.com\/QmpRYxkCU0<\/a><\/p>&mdash; Adri\u00e1n Rubalcava (@AdrianRubalcava) <a href=\"https:\/\/twitter.com\/AdrianRubalcava\/status\/1942658611013894488?ref_src=twsrc%5Etfw\">July 8, 2025<\/a><\/blockquote><script async src=\"https:\/\/platform.twitter.com\/widgets.js\" charset=\"utf-8\"><\/script>\n<\/div><\/figure>\n\n\n\n<p>En este sentido el director del\u00a0<strong>STC\u00a0<\/strong>record\u00f3 que impulsan el programa \u201cSalvando Vidas\u201d, que tiene el objetivo de ayudar a personas con intenciones suicidas en la<strong>\u00a0zona de v\u00edas.<\/strong><\/p>\n\n\n\n<p><strong>&#8220;Hemos logrado salvar a m\u00e1s de 800 personas que han intentado quitarse la vida aqu\u00ed en el Metro y tambi\u00e9n estamos capacitando a los polic\u00edas de la Polic\u00eda Auxiliar y la Polic\u00eda Bancaria que trabajan en el Metro con la finalidad de poder dar asistencia psicol\u00f3gica a todos los usuarios&#8221;.<\/strong><\/p>\n\n\n\n<p>&#8220;As\u00ed es que esto viene a reforzar de una manera muy importante los programas que ya ten\u00eda el Metro y ahora con el apoyo de estas dos grandes empresas, grandes aliadas del Gobierno de la ciudad, vienen a ayudarnos de manera contundente apoyar un programa muy importante a la jefa de Gobierno, que es cuidar la salud mental&#8221;, declar\u00f3.<\/p>\n","protected":false},"excerpt":{"rendered":"<p>Por Redacci\u00f3n QP El director del STC record\u00f3 que impulsan el programa \u201cSalvando Vidas\u201d, que&#8230;<\/p>\n","protected":false},"author":2,"featured_media":117576,"comment_status":"open","ping_status":"open","sticky":false,"template":"","format":"standard","meta":{"_monsterinsights_skip_tracking":false,"_monsterinsights_sitenote_active":false,"_monsterinsights_sitenote_note":"","_monsterinsights_sitenote_category":0,"footnotes":""},"categories":[55],"tags":[],"class_list":["post-117575","post","type-post","status-publish","format-standard","has-post-thumbnail","hentry","category-cdmx"],"yoast_head":"<!-- This site is optimized with the Yoast SEO plugin v27.3 - https:\/\/yoast.com\/product\/yoast-seo-wordpress\/ -->\n<title>El Sistema de Transporte Colectivo\u00a0(STC Metro) lanza una campa\u00f1a para que los usuarios manejen el estr\u00e9s -<\/title>\n<meta name=\"robots\" content=\"index, follow, max-snippet:-1, max-image-preview:large, max-video-preview:-1\" \/>\n<link rel=\"canonical\" href=\"https:\/\/quehacerpolitico.mx\/?p=117575\" \/>\n<meta property=\"og:locale\" content=\"es_MX\" \/>\n<meta property=\"og:type\" content=\"article\" \/>\n<meta property=\"og:title\" content=\"El Sistema de Transporte Colectivo\u00a0(STC Metro) lanza una campa\u00f1a para que los usuarios manejen el estr\u00e9s -\" \/>\n<meta property=\"og:description\" content=\"Por Redacci\u00f3n QP El director del STC record\u00f3 que impulsan el programa \u201cSalvando Vidas\u201d, que...\" \/>\n<meta property=\"og:url\" content=\"https:\/\/quehacerpolitico.mx\/?p=117575\" \/>\n<meta property=\"article:published_time\" content=\"2025-07-09T00:56:50+00:00\" \/>\n<meta property=\"article:modified_time\" content=\"2025-07-09T00:56:53+00:00\" \/>\n<meta property=\"og:image\" content=\"https:\/\/quehacerpolitico.mx\/wp-content\/uploads\/2025\/07\/IMG_1589.jpeg\" \/>\n\t<meta property=\"og:image:width\" content=\"2048\" \/>\n\t<meta property=\"og:image:height\" content=\"1503\" \/>\n\t<meta property=\"og:image:type\" content=\"image\/jpeg\" \/>\n<meta name=\"author\" content=\"Redacci\u00f3n QP\" \/>\n<meta name=\"twitter:card\" content=\"summary_large_image\" \/>\n<meta name=\"twitter:label1\" content=\"Escrito por\" \/>\n\t<meta name=\"twitter:data1\" content=\"Redacci\u00f3n QP\" \/>\n\t<meta name=\"twitter:label2\" content=\"Tiempo de lectura\" \/>\n\t<meta name=\"twitter:data2\" content=\"3 minutos\" \/>\n<script type=\"application\/ld+json\" class=\"yoast-schema-graph\">{\"@context\":\"https:\\\/\\\/schema.org\",\"@graph\":[{\"@type\":\"Article\",\"@id\":\"https:\\\/\\\/quehacerpolitico.mx\\\/?p=117575#article\",\"isPartOf\":{\"@id\":\"https:\\\/\\\/quehacerpolitico.mx\\\/?p=117575\"},\"author\":{\"name\":\"Redacci\u00f3n QP\",\"@id\":\"https:\\\/\\\/quehacerpolitico.mx\\\/#\\\/schema\\\/person\\\/496d8ad2d1d3f8036101dca7ee39e585\"},\"headline\":\"El Sistema de Transporte Colectivo\u00a0(STC Metro) lanza una campa\u00f1a para que los usuarios manejen el estr\u00e9s\",\"datePublished\":\"2025-07-09T00:56:50+00:00\",\"dateModified\":\"2025-07-09T00:56:53+00:00\",\"mainEntityOfPage\":{\"@id\":\"https:\\\/\\\/quehacerpolitico.mx\\\/?p=117575\"},\"wordCount\":545,\"commentCount\":0,\"image\":{\"@id\":\"https:\\\/\\\/quehacerpolitico.mx\\\/?p=117575#primaryimage\"},\"thumbnailUrl\":\"https:\\\/\\\/quehacerpolitico.mx\\\/wp-content\\\/uploads\\\/2025\\\/07\\\/IMG_1589.jpeg\",\"articleSection\":[\"CDMX\"],\"inLanguage\":\"es\",\"potentialAction\":[{\"@type\":\"CommentAction\",\"name\":\"Comment\",\"target\":[\"https:\\\/\\\/quehacerpolitico.mx\\\/?p=117575#respond\"]}]},{\"@type\":\"WebPage\",\"@id\":\"https:\\\/\\\/quehacerpolitico.mx\\\/?p=117575\",\"url\":\"https:\\\/\\\/quehacerpolitico.mx\\\/?p=117575\",\"name\":\"El Sistema de Transporte Colectivo\u00a0(STC Metro) lanza una campa\u00f1a para que los usuarios manejen el estr\u00e9s -\",\"isPartOf\":{\"@id\":\"https:\\\/\\\/quehacerpolitico.mx\\\/#website\"},\"primaryImageOfPage\":{\"@id\":\"https:\\\/\\\/quehacerpolitico.mx\\\/?p=117575#primaryimage\"},\"image\":{\"@id\":\"https:\\\/\\\/quehacerpolitico.mx\\\/?p=117575#primaryimage\"},\"thumbnailUrl\":\"https:\\\/\\\/quehacerpolitico.mx\\\/wp-content\\\/uploads\\\/2025\\\/07\\\/IMG_1589.jpeg\",\"datePublished\":\"2025-07-09T00:56:50+00:00\",\"dateModified\":\"2025-07-09T00:56:53+00:00\",\"author\":{\"@id\":\"https:\\\/\\\/quehacerpolitico.mx\\\/#\\\/schema\\\/person\\\/496d8ad2d1d3f8036101dca7ee39e585\"},\"breadcrumb\":{\"@id\":\"https:\\\/\\\/quehacerpolitico.mx\\\/?p=117575#breadcrumb\"},\"inLanguage\":\"es\",\"potentialAction\":[{\"@type\":\"ReadAction\",\"target\":[\"https:\\\/\\\/quehacerpolitico.mx\\\/?p=117575\"]}]},{\"@type\":\"ImageObject\",\"inLanguage\":\"es\",\"@id\":\"https:\\\/\\\/quehacerpolitico.mx\\\/?p=117575#primaryimage\",\"url\":\"https:\\\/\\\/quehacerpolitico.mx\\\/wp-content\\\/uploads\\\/2025\\\/07\\\/IMG_1589.jpeg\",\"contentUrl\":\"https:\\\/\\\/quehacerpolitico.mx\\\/wp-content\\\/uploads\\\/2025\\\/07\\\/IMG_1589.jpeg\",\"width\":2048,\"height\":1503},{\"@type\":\"BreadcrumbList\",\"@id\":\"https:\\\/\\\/quehacerpolitico.mx\\\/?p=117575#breadcrumb\",\"itemListElement\":[{\"@type\":\"ListItem\",\"position\":1,\"name\":\"Inicio\",\"item\":\"https:\\\/\\\/quehacerpolitico.mx\\\/\"},{\"@type\":\"ListItem\",\"position\":2,\"name\":\"El Sistema de Transporte Colectivo\u00a0(STC Metro) lanza una campa\u00f1a para que los usuarios manejen el estr\u00e9s\"}]},{\"@type\":\"WebSite\",\"@id\":\"https:\\\/\\\/quehacerpolitico.mx\\\/#website\",\"url\":\"https:\\\/\\\/quehacerpolitico.mx\\\/\",\"name\":\"\",\"description\":\"\",\"potentialAction\":[{\"@type\":\"SearchAction\",\"target\":{\"@type\":\"EntryPoint\",\"urlTemplate\":\"https:\\\/\\\/quehacerpolitico.mx\\\/?s={search_term_string}\"},\"query-input\":{\"@type\":\"PropertyValueSpecification\",\"valueRequired\":true,\"valueName\":\"search_term_string\"}}],\"inLanguage\":\"es\"},{\"@type\":\"Person\",\"@id\":\"https:\\\/\\\/quehacerpolitico.mx\\\/#\\\/schema\\\/person\\\/496d8ad2d1d3f8036101dca7ee39e585\",\"name\":\"Redacci\u00f3n QP\",\"image\":{\"@type\":\"ImageObject\",\"inLanguage\":\"es\",\"@id\":\"https:\\\/\\\/secure.gravatar.com\\\/avatar\\\/c7164ed6fdec453195284ad24a5ae5b6e1eed2b848477fa2a4787ba9adf39a41?s=96&d=mm&r=g\",\"url\":\"https:\\\/\\\/secure.gravatar.com\\\/avatar\\\/c7164ed6fdec453195284ad24a5ae5b6e1eed2b848477fa2a4787ba9adf39a41?s=96&d=mm&r=g\",\"contentUrl\":\"https:\\\/\\\/secure.gravatar.com\\\/avatar\\\/c7164ed6fdec453195284ad24a5ae5b6e1eed2b848477fa2a4787ba9adf39a41?s=96&d=mm&r=g\",\"caption\":\"Redacci\u00f3n QP\"},\"url\":\"https:\\\/\\\/quehacerpolitico.mx\\\/?author=2\"}]}<\/script>\n<!-- \/ Yoast SEO plugin. -->","yoast_head_json":{"title":"El Sistema de Transporte Colectivo\u00a0(STC Metro) lanza una campa\u00f1a para que los usuarios manejen el estr\u00e9s -","robots":{"index":"index","follow":"follow","max-snippet":"max-snippet:-1","max-image-preview":"max-image-preview:large","max-video-preview":"max-video-preview:-1"},"canonical":"https:\/\/quehacerpolitico.mx\/?p=117575","og_locale":"es_MX","og_type":"article","og_title":"El Sistema de Transporte Colectivo\u00a0(STC Metro) lanza una campa\u00f1a para que los usuarios manejen el estr\u00e9s -","og_description":"Por Redacci\u00f3n QP El director del STC record\u00f3 que impulsan el programa \u201cSalvando Vidas\u201d, que...","og_url":"https:\/\/quehacerpolitico.mx\/?p=117575","article_published_time":"2025-07-09T00:56:50+00:00","article_modified_time":"2025-07-09T00:56:53+00:00","og_image":[{"width":2048,"height":1503,"url":"https:\/\/quehacerpolitico.mx\/wp-content\/uploads\/2025\/07\/IMG_1589.jpeg","type":"image\/jpeg"}],"author":"Redacci\u00f3n QP","twitter_card":"summary_large_image","twitter_misc":{"Escrito por":"Redacci\u00f3n QP","Tiempo de lectura":"3 minutos"},"schema":{"@context":"https:\/\/schema.org","@graph":[{"@type":"Article","@id":"https:\/\/quehacerpolitico.mx\/?p=117575#article","isPartOf":{"@id":"https:\/\/quehacerpolitico.mx\/?p=117575"},"author":{"name":"Redacci\u00f3n QP","@id":"https:\/\/quehacerpolitico.mx\/#\/schema\/person\/496d8ad2d1d3f8036101dca7ee39e585"},"headline":"El Sistema de Transporte Colectivo\u00a0(STC Metro) lanza una campa\u00f1a para que los usuarios manejen el estr\u00e9s","datePublished":"2025-07-09T00:56:50+00:00","dateModified":"2025-07-09T00:56:53+00:00","mainEntityOfPage":{"@id":"https:\/\/quehacerpolitico.mx\/?p=117575"},"wordCount":545,"commentCount":0,"image":{"@id":"https:\/\/quehacerpolitico.mx\/?p=117575#primaryimage"},"thumbnailUrl":"https:\/\/quehacerpolitico.mx\/wp-content\/uploads\/2025\/07\/IMG_1589.jpeg","articleSection":["CDMX"],"inLanguage":"es","potentialAction":[{"@type":"CommentAction","name":"Comment","target":["https:\/\/quehacerpolitico.mx\/?p=117575#respond"]}]},{"@type":"WebPage","@id":"https:\/\/quehacerpolitico.mx\/?p=117575","url":"https:\/\/quehacerpolitico.mx\/?p=117575","name":"El Sistema de Transporte Colectivo\u00a0(STC Metro) lanza una campa\u00f1a para que los usuarios manejen el estr\u00e9s -","isPartOf":{"@id":"https:\/\/quehacerpolitico.mx\/#website"},"primaryImageOfPage":{"@id":"https:\/\/quehacerpolitico.mx\/?p=117575#primaryimage"},"image":{"@id":"https:\/\/quehacerpolitico.mx\/?p=117575#primaryimage"},"thumbnailUrl":"https:\/\/quehacerpolitico.mx\/wp-content\/uploads\/2025\/07\/IMG_1589.jpeg","datePublished":"2025-07-09T00:56:50+00:00","dateModified":"2025-07-09T00:56:53+00:00","author":{"@id":"https:\/\/quehacerpolitico.mx\/#\/schema\/person\/496d8ad2d1d3f8036101dca7ee39e585"},"breadcrumb":{"@id":"https:\/\/quehacerpolitico.mx\/?p=117575#breadcrumb"},"inLanguage":"es","potentialAction":[{"@type":"ReadAction","target":["https:\/\/quehacerpolitico.mx\/?p=117575"]}]},{"@type":"ImageObject","inLanguage":"es","@id":"https:\/\/quehacerpolitico.mx\/?p=117575#primaryimage","url":"https:\/\/quehacerpolitico.mx\/wp-content\/uploads\/2025\/07\/IMG_1589.jpeg","contentUrl":"https:\/\/quehacerpolitico.mx\/wp-content\/uploads\/2025\/07\/IMG_1589.jpeg","width":2048,"height":1503},{"@type":"BreadcrumbList","@id":"https:\/\/quehacerpolitico.mx\/?p=117575#breadcrumb","itemListElement":[{"@type":"ListItem","position":1,"name":"Inicio","item":"https:\/\/quehacerpolitico.mx\/"},{"@type":"ListItem","position":2,"name":"El Sistema de Transporte Colectivo\u00a0(STC Metro) lanza una campa\u00f1a para que los usuarios manejen el estr\u00e9s"}]},{"@type":"WebSite","@id":"https:\/\/quehacerpolitico.mx\/#website","url":"https:\/\/quehacerpolitico.mx\/","name":"","description":"","potentialAction":[{"@type":"SearchAction","target":{"@type":"EntryPoint","urlTemplate":"https:\/\/quehacerpolitico.mx\/?s={search_term_string}"},"query-input":{"@type":"PropertyValueSpecification","valueRequired":true,"valueName":"search_term_string"}}],"inLanguage":"es"},{"@type":"Person","@id":"https:\/\/quehacerpolitico.mx\/#\/schema\/person\/496d8ad2d1d3f8036101dca7ee39e585","name":"Redacci\u00f3n QP","image":{"@type":"ImageObject","inLanguage":"es","@id":"https:\/\/secure.gravatar.com\/avatar\/c7164ed6fdec453195284ad24a5ae5b6e1eed2b848477fa2a4787ba9adf39a41?s=96&d=mm&r=g","url":"https:\/\/secure.gravatar.com\/avatar\/c7164ed6fdec453195284ad24a5ae5b6e1eed2b848477fa2a4787ba9adf39a41?s=96&d=mm&r=g","contentUrl":"https:\/\/secure.gravatar.com\/avatar\/c7164ed6fdec453195284ad24a5ae5b6e1eed2b848477fa2a4787ba9adf39a41?s=96&d=mm&r=g","caption":"Redacci\u00f3n QP"},"url":"https:\/\/quehacerpolitico.mx\/?author=2"}]}},"featured_image_urls":{"full":["https:\/\/quehacerpolitico.mx\/wp-content\/uploads\/2025\/07\/IMG_1589.jpeg",2048,1503,false],"thumbnail":["https:\/\/quehacerpolitico.mx\/wp-content\/uploads\/2025\/07\/IMG_1589-150x150.jpeg",150,150,true],"medium":["https:\/\/quehacerpolitico.mx\/wp-content\/uploads\/2025\/07\/IMG_1589-300x220.jpeg",300,220,true],"medium_large":["https:\/\/quehacerpolitico.mx\/wp-content\/uploads\/2025\/07\/IMG_1589-768x564.jpeg",640,470,true],"large":["https:\/\/quehacerpolitico.mx\/wp-content\/uploads\/2025\/07\/IMG_1589-1024x752.jpeg",640,470,true],"1536x1536":["https:\/\/quehacerpolitico.mx\/wp-content\/uploads\/2025\/07\/IMG_1589-1536x1127.jpeg",1536,1127,true],"2048x2048":["https:\/\/quehacerpolitico.mx\/wp-content\/uploads\/2025\/07\/IMG_1589.jpeg",2048,1503,false],"covernews-featured":["https:\/\/quehacerpolitico.mx\/wp-content\/uploads\/2025\/07\/IMG_1589-1024x752.jpeg",1024,752,true],"covernews-medium":["https:\/\/quehacerpolitico.mx\/wp-content\/uploads\/2025\/07\/IMG_1589-540x340.jpeg",540,340,true]},"author_info":{"display_name":"Redacci\u00f3n QP","author_link":"https:\/\/quehacerpolitico.mx\/?author=2"},"category_info":"<a href=\"https:\/\/quehacerpolitico.mx\/?cat=55\" rel=\"category\">CDMX<\/a>","tag_info":"CDMX","comment_count":"0","_links":{"self":[{"href":"https:\/\/quehacerpolitico.mx\/index.php?rest_route=\/wp\/v2\/posts\/117575","targetHints":{"allow":["GET"]}}],"collection":[{"href":"https:\/\/quehacerpolitico.mx\/index.php?rest_route=\/wp\/v2\/posts"}],"about":[{"href":"https:\/\/quehacerpolitico.mx\/index.php?rest_route=\/wp\/v2\/types\/post"}],"author":[{"embeddable":true,"href":"https:\/\/quehacerpolitico.mx\/index.php?rest_route=\/wp\/v2\/users\/2"}],"replies":[{"embeddable":true,"href":"https:\/\/quehacerpolitico.mx\/index.php?rest_route=%2Fwp%2Fv2%2Fcomments&post=117575"}],"version-history":[{"count":1,"href":"https:\/\/quehacerpolitico.mx\/index.php?rest_route=\/wp\/v2\/posts\/117575\/revisions"}],"predecessor-version":[{"id":117577,"href":"https:\/\/quehacerpolitico.mx\/index.php?rest_route=\/wp\/v2\/posts\/117575\/revisions\/117577"}],"wp:featuredmedia":[{"embeddable":true,"href":"https:\/\/quehacerpolitico.mx\/index.php?rest_route=\/wp\/v2\/media\/117576"}],"wp:attachment":[{"href":"https:\/\/quehacerpolitico.mx\/index.php?rest_route=%2Fwp%2Fv2%2Fmedia&parent=117575"}],"wp:term":[{"taxonomy":"category","embeddable":true,"href":"https:\/\/quehacerpolitico.mx\/index.php?rest_route=%2Fwp%2Fv2%2Fcategories&post=117575"},{"taxonomy":"post_tag","embeddable":true,"href":"https:\/\/quehacerpolitico.mx\/index.php?rest_route=%2Fwp%2Fv2%2Ftags&post=117575"}],"curies":[{"name":"wp","href":"https:\/\/api.w.org\/{rel}","templated":true}]}}