{"id":117557,"date":"2025-07-08T10:56:52","date_gmt":"2025-07-08T16:56:52","guid":{"rendered":"https:\/\/quehacerpolitico.mx\/?p=117557"},"modified":"2025-07-08T10:56:55","modified_gmt":"2025-07-08T16:56:55","slug":"sheinbaum-admite-que-la-extorsion-no-ha-disminuido-y-anuncia-iniciativa-para-perseguirla-de-oficio","status":"publish","type":"post","link":"https:\/\/quehacerpolitico.mx\/?p=117557","title":{"rendered":"Sheinbaum admite que la extorsi\u00f3n no ha disminuido y anuncia iniciativa para perseguirla de oficio"},"content":{"rendered":"\n<p>Por Redacci\u00f3n QP<\/p>\n\n\n\n<p>La mandataria indic\u00f3 que con este cambio se busca&nbsp;quitar el peso a las v\u00edctimas de la extorsi\u00f3n para que el Estado lo asuma<\/p>\n\n\n\n<p>La presidenta<strong>&nbsp;Claudia Sheinbaum&nbsp;<\/strong>admiti\u00f3 que la extorsi\u00f3n es un delito que no han podido disminuir y anunci\u00f3 este martes que presentar\u00e1 una iniciativa para combatir el delito.&nbsp;<\/p>\n\n\n\n<p>La mandataria indic\u00f3 que con este cambio se busca&nbsp;quitar el peso a las v\u00edctimas de la extorsi\u00f3n para que el Estado lo asuma.&nbsp;<\/p>\n\n\n\n<p>Adem\u00e1s, se\u00f1al\u00f3 que con esto la extorsi\u00f3n&nbsp;<strong>se perseguir\u00e1 de oficio<\/strong>, al igual que un homicidio.<\/p>\n\n\n\n<p>&#8220;Hoy quien tiene que denunciar la extorsi\u00f3n es la v\u00edctima, poniendo en riesgo su vida. Entonces, le estamos quitando a la v\u00edctima ese peso (&#8230;)\u00a0La v\u00edctima somos todas y todos.<strong>\u00a0La v\u00edctima es el Estado<\/strong>&#8220;, explic\u00f3.<\/p>\n\n\n\n<figure class=\"wp-block-embed is-type-rich is-provider-twitter wp-block-embed-twitter\"><div class=\"wp-block-embed__wrapper\">\n<blockquote class=\"twitter-tweet\" data-width=\"550\" data-dnt=\"true\"><p lang=\"es\" dir=\"ltr\"><a href=\"https:\/\/twitter.com\/hashtag\/Ma%C3%B1aneraDelPueblo?src=hash&amp;ref_src=twsrc%5Etfw\">#Ma\u00f1aneraDelPueblo<\/a> \ud83d\udcf0 | El delito de extorsi\u00f3n no solo no ha disminuido, sino que ha ido en aumento, indic\u00f3 la presidenta Claudia Sheinbaum. <br><br>\u27a1\ufe0f Destac\u00f3 el establecimiento del n\u00famero telef\u00f3nico nacional 089 donde se podr\u00e1 denunciar este delito de forma an\u00f3nima. <br><br>\ud83d\uddde\ufe0f Israel\u2026 <a href=\"https:\/\/t.co\/ETFpG5bH8B\">pic.twitter.com\/ETFpG5bH8B<\/a><\/p>&mdash; Azucena Uresti (@azucenau) <a href=\"https:\/\/twitter.com\/azucenau\/status\/1942598999174746449?ref_src=twsrc%5Etfw\">July 8, 2025<\/a><\/blockquote><script async src=\"https:\/\/platform.twitter.com\/widgets.js\" charset=\"utf-8\"><\/script>\n<\/div><\/figure>\n\n\n\n<p>Sheinbaum dijo que esto es parte de la estrategia que se anunci\u00f3 el domingo pasado para denunciar la extorsi\u00f3n al 089 de manera an\u00f3nima.&nbsp;&nbsp;<\/p>\n\n\n\n<p>&#8220;La extorsi\u00f3n es un delito que a\u00fan no podemos disminuir. Sigue aumentando&#8221;, admiti\u00f3.&nbsp;<\/p>\n\n\n\n<p>La consejera jur\u00eddica de la Presidencia, Ernestina Godoy, explic\u00f3 que la iniciativa se enviar\u00e1 pr\u00f3ximamente a la&nbsp;<strong>C\u00e1mara de Diputados.<\/strong><\/p>\n\n\n\n<figure class=\"wp-block-embed is-type-rich is-provider-twitter wp-block-embed-twitter\"><div class=\"wp-block-embed__wrapper\">\n<blockquote class=\"twitter-tweet\" data-width=\"550\" data-dnt=\"true\"><p lang=\"es\" dir=\"ltr\"><a href=\"https:\/\/twitter.com\/hashtag\/Ma%C3%B1aneraDelPueblo?src=hash&amp;ref_src=twsrc%5Etfw\">#Ma\u00f1aneraDelPueblo<\/a> \ud83d\udcf0 | Presenta Ernestina Godoy, consejera jur\u00eddica del Ejecutivo Federal, iniciativa para que el Congreso cuente con las facultades para expedir una ley con un tipo penal \u00fanico (la extorsi\u00f3n), agravantes, delitos vinculados y sanciones \u201cpara prevenir, investigar\u2026 <a href=\"https:\/\/t.co\/Inwj6O9cw5\">pic.twitter.com\/Inwj6O9cw5<\/a><\/p>&mdash; Azucena Uresti (@azucenau) <a href=\"https:\/\/twitter.com\/azucenau\/status\/1942595468178883036?ref_src=twsrc%5Etfw\">July 8, 2025<\/a><\/blockquote><script async src=\"https:\/\/platform.twitter.com\/widgets.js\" charset=\"utf-8\"><\/script>\n<\/div><\/figure>\n\n\n\n<p>En espec\u00edfico, la consejera jur\u00eddica indic\u00f3 que en la propuesta se plantea&nbsp;la modificaci\u00f3n en el art\u00edculo 73, fracci\u00f3n 21, inciso A.&nbsp;<\/p>\n","protected":false},"excerpt":{"rendered":"<p>Por Redacci\u00f3n QP La mandataria indic\u00f3 que con este cambio se busca&nbsp;quitar el peso a&#8230;<\/p>\n","protected":false},"author":2,"featured_media":117559,"comment_status":"open","ping_status":"open","sticky":false,"template":"","format":"standard","meta":{"_monsterinsights_skip_tracking":false,"_monsterinsights_sitenote_active":false,"_monsterinsights_sitenote_note":"","_monsterinsights_sitenote_category":0,"footnotes":""},"categories":[280,2],"tags":[],"class_list":["post-117557","post","type-post","status-publish","format-standard","has-post-thumbnail","hentry","category-nacionales","category-noticias"],"yoast_head":"<!-- This site is optimized with the Yoast SEO plugin v27.3 - https:\/\/yoast.com\/product\/yoast-seo-wordpress\/ -->\n<title>Sheinbaum admite que la extorsi\u00f3n no ha disminuido y anuncia iniciativa para perseguirla de oficio -<\/title>\n<meta name=\"robots\" content=\"index, follow, max-snippet:-1, max-image-preview:large, max-video-preview:-1\" \/>\n<link rel=\"canonical\" href=\"https:\/\/quehacerpolitico.mx\/?p=117557\" \/>\n<meta property=\"og:locale\" content=\"es_MX\" \/>\n<meta property=\"og:type\" content=\"article\" \/>\n<meta property=\"og:title\" content=\"Sheinbaum admite que la extorsi\u00f3n no ha disminuido y anuncia iniciativa para perseguirla de oficio -\" \/>\n<meta property=\"og:description\" content=\"Por Redacci\u00f3n QP La mandataria indic\u00f3 que con este cambio se busca&nbsp;quitar el peso a...\" \/>\n<meta property=\"og:url\" content=\"https:\/\/quehacerpolitico.mx\/?p=117557\" \/>\n<meta property=\"article:published_time\" content=\"2025-07-08T16:56:52+00:00\" \/>\n<meta property=\"article:modified_time\" content=\"2025-07-08T16:56:55+00:00\" \/>\n<meta property=\"og:image\" content=\"https:\/\/quehacerpolitico.mx\/wp-content\/uploads\/2025\/07\/IMG_1575.jpeg\" \/>\n\t<meta property=\"og:image:width\" content=\"1170\" \/>\n\t<meta property=\"og:image:height\" content=\"661\" \/>\n\t<meta property=\"og:image:type\" content=\"image\/jpeg\" \/>\n<meta name=\"author\" content=\"Redacci\u00f3n QP\" \/>\n<meta name=\"twitter:card\" content=\"summary_large_image\" \/>\n<meta name=\"twitter:label1\" content=\"Escrito por\" \/>\n\t<meta name=\"twitter:data1\" content=\"Redacci\u00f3n QP\" \/>\n\t<meta name=\"twitter:label2\" content=\"Tiempo de lectura\" \/>\n\t<meta name=\"twitter:data2\" content=\"1 minuto\" \/>\n<script type=\"application\/ld+json\" class=\"yoast-schema-graph\">{\"@context\":\"https:\\\/\\\/schema.org\",\"@graph\":[{\"@type\":\"Article\",\"@id\":\"https:\\\/\\\/quehacerpolitico.mx\\\/?p=117557#article\",\"isPartOf\":{\"@id\":\"https:\\\/\\\/quehacerpolitico.mx\\\/?p=117557\"},\"author\":{\"name\":\"Redacci\u00f3n QP\",\"@id\":\"https:\\\/\\\/quehacerpolitico.mx\\\/#\\\/schema\\\/person\\\/496d8ad2d1d3f8036101dca7ee39e585\"},\"headline\":\"Sheinbaum admite que la extorsi\u00f3n no ha disminuido y anuncia iniciativa para perseguirla de oficio\",\"datePublished\":\"2025-07-08T16:56:52+00:00\",\"dateModified\":\"2025-07-08T16:56:55+00:00\",\"mainEntityOfPage\":{\"@id\":\"https:\\\/\\\/quehacerpolitico.mx\\\/?p=117557\"},\"wordCount\":274,\"commentCount\":0,\"image\":{\"@id\":\"https:\\\/\\\/quehacerpolitico.mx\\\/?p=117557#primaryimage\"},\"thumbnailUrl\":\"https:\\\/\\\/quehacerpolitico.mx\\\/wp-content\\\/uploads\\\/2025\\\/07\\\/IMG_1575.jpeg\",\"articleSection\":[\"Nacionales\",\"Noticias\"],\"inLanguage\":\"es\",\"potentialAction\":[{\"@type\":\"CommentAction\",\"name\":\"Comment\",\"target\":[\"https:\\\/\\\/quehacerpolitico.mx\\\/?p=117557#respond\"]}]},{\"@type\":\"WebPage\",\"@id\":\"https:\\\/\\\/quehacerpolitico.mx\\\/?p=117557\",\"url\":\"https:\\\/\\\/quehacerpolitico.mx\\\/?p=117557\",\"name\":\"Sheinbaum admite que la extorsi\u00f3n no ha disminuido y anuncia iniciativa para perseguirla de oficio -\",\"isPartOf\":{\"@id\":\"https:\\\/\\\/quehacerpolitico.mx\\\/#website\"},\"primaryImageOfPage\":{\"@id\":\"https:\\\/\\\/quehacerpolitico.mx\\\/?p=117557#primaryimage\"},\"image\":{\"@id\":\"https:\\\/\\\/quehacerpolitico.mx\\\/?p=117557#primaryimage\"},\"thumbnailUrl\":\"https:\\\/\\\/quehacerpolitico.mx\\\/wp-content\\\/uploads\\\/2025\\\/07\\\/IMG_1575.jpeg\",\"datePublished\":\"2025-07-08T16:56:52+00:00\",\"dateModified\":\"2025-07-08T16:56:55+00:00\",\"author\":{\"@id\":\"https:\\\/\\\/quehacerpolitico.mx\\\/#\\\/schema\\\/person\\\/496d8ad2d1d3f8036101dca7ee39e585\"},\"breadcrumb\":{\"@id\":\"https:\\\/\\\/quehacerpolitico.mx\\\/?p=117557#breadcrumb\"},\"inLanguage\":\"es\",\"potentialAction\":[{\"@type\":\"ReadAction\",\"target\":[\"https:\\\/\\\/quehacerpolitico.mx\\\/?p=117557\"]}]},{\"@type\":\"ImageObject\",\"inLanguage\":\"es\",\"@id\":\"https:\\\/\\\/quehacerpolitico.mx\\\/?p=117557#primaryimage\",\"url\":\"https:\\\/\\\/quehacerpolitico.mx\\\/wp-content\\\/uploads\\\/2025\\\/07\\\/IMG_1575.jpeg\",\"contentUrl\":\"https:\\\/\\\/quehacerpolitico.mx\\\/wp-content\\\/uploads\\\/2025\\\/07\\\/IMG_1575.jpeg\",\"width\":1170,\"height\":661,\"caption\":\"Screenshot\"},{\"@type\":\"BreadcrumbList\",\"@id\":\"https:\\\/\\\/quehacerpolitico.mx\\\/?p=117557#breadcrumb\",\"itemListElement\":[{\"@type\":\"ListItem\",\"position\":1,\"name\":\"Inicio\",\"item\":\"https:\\\/\\\/quehacerpolitico.mx\\\/\"},{\"@type\":\"ListItem\",\"position\":2,\"name\":\"Sheinbaum admite que la extorsi\u00f3n no ha disminuido y anuncia iniciativa para perseguirla de oficio\"}]},{\"@type\":\"WebSite\",\"@id\":\"https:\\\/\\\/quehacerpolitico.mx\\\/#website\",\"url\":\"https:\\\/\\\/quehacerpolitico.mx\\\/\",\"name\":\"\",\"description\":\"\",\"potentialAction\":[{\"@type\":\"SearchAction\",\"target\":{\"@type\":\"EntryPoint\",\"urlTemplate\":\"https:\\\/\\\/quehacerpolitico.mx\\\/?s={search_term_string}\"},\"query-input\":{\"@type\":\"PropertyValueSpecification\",\"valueRequired\":true,\"valueName\":\"search_term_string\"}}],\"inLanguage\":\"es\"},{\"@type\":\"Person\",\"@id\":\"https:\\\/\\\/quehacerpolitico.mx\\\/#\\\/schema\\\/person\\\/496d8ad2d1d3f8036101dca7ee39e585\",\"name\":\"Redacci\u00f3n QP\",\"image\":{\"@type\":\"ImageObject\",\"inLanguage\":\"es\",\"@id\":\"https:\\\/\\\/secure.gravatar.com\\\/avatar\\\/c7164ed6fdec453195284ad24a5ae5b6e1eed2b848477fa2a4787ba9adf39a41?s=96&d=mm&r=g\",\"url\":\"https:\\\/\\\/secure.gravatar.com\\\/avatar\\\/c7164ed6fdec453195284ad24a5ae5b6e1eed2b848477fa2a4787ba9adf39a41?s=96&d=mm&r=g\",\"contentUrl\":\"https:\\\/\\\/secure.gravatar.com\\\/avatar\\\/c7164ed6fdec453195284ad24a5ae5b6e1eed2b848477fa2a4787ba9adf39a41?s=96&d=mm&r=g\",\"caption\":\"Redacci\u00f3n QP\"},\"url\":\"https:\\\/\\\/quehacerpolitico.mx\\\/?author=2\"}]}<\/script>\n<!-- \/ Yoast SEO plugin. -->","yoast_head_json":{"title":"Sheinbaum admite que la extorsi\u00f3n no ha disminuido y anuncia iniciativa para perseguirla de oficio -","robots":{"index":"index","follow":"follow","max-snippet":"max-snippet:-1","max-image-preview":"max-image-preview:large","max-video-preview":"max-video-preview:-1"},"canonical":"https:\/\/quehacerpolitico.mx\/?p=117557","og_locale":"es_MX","og_type":"article","og_title":"Sheinbaum admite que la extorsi\u00f3n no ha disminuido y anuncia iniciativa para perseguirla de oficio -","og_description":"Por Redacci\u00f3n QP La mandataria indic\u00f3 que con este cambio se busca&nbsp;quitar el peso a...","og_url":"https:\/\/quehacerpolitico.mx\/?p=117557","article_published_time":"2025-07-08T16:56:52+00:00","article_modified_time":"2025-07-08T16:56:55+00:00","og_image":[{"width":1170,"height":661,"url":"https:\/\/quehacerpolitico.mx\/wp-content\/uploads\/2025\/07\/IMG_1575.jpeg","type":"image\/jpeg"}],"author":"Redacci\u00f3n QP","twitter_card":"summary_large_image","twitter_misc":{"Escrito por":"Redacci\u00f3n QP","Tiempo de lectura":"1 minuto"},"schema":{"@context":"https:\/\/schema.org","@graph":[{"@type":"Article","@id":"https:\/\/quehacerpolitico.mx\/?p=117557#article","isPartOf":{"@id":"https:\/\/quehacerpolitico.mx\/?p=117557"},"author":{"name":"Redacci\u00f3n QP","@id":"https:\/\/quehacerpolitico.mx\/#\/schema\/person\/496d8ad2d1d3f8036101dca7ee39e585"},"headline":"Sheinbaum admite que la extorsi\u00f3n no ha disminuido y anuncia iniciativa para perseguirla de oficio","datePublished":"2025-07-08T16:56:52+00:00","dateModified":"2025-07-08T16:56:55+00:00","mainEntityOfPage":{"@id":"https:\/\/quehacerpolitico.mx\/?p=117557"},"wordCount":274,"commentCount":0,"image":{"@id":"https:\/\/quehacerpolitico.mx\/?p=117557#primaryimage"},"thumbnailUrl":"https:\/\/quehacerpolitico.mx\/wp-content\/uploads\/2025\/07\/IMG_1575.jpeg","articleSection":["Nacionales","Noticias"],"inLanguage":"es","potentialAction":[{"@type":"CommentAction","name":"Comment","target":["https:\/\/quehacerpolitico.mx\/?p=117557#respond"]}]},{"@type":"WebPage","@id":"https:\/\/quehacerpolitico.mx\/?p=117557","url":"https:\/\/quehacerpolitico.mx\/?p=117557","name":"Sheinbaum admite que la extorsi\u00f3n no ha disminuido y anuncia iniciativa para perseguirla de oficio -","isPartOf":{"@id":"https:\/\/quehacerpolitico.mx\/#website"},"primaryImageOfPage":{"@id":"https:\/\/quehacerpolitico.mx\/?p=117557#primaryimage"},"image":{"@id":"https:\/\/quehacerpolitico.mx\/?p=117557#primaryimage"},"thumbnailUrl":"https:\/\/quehacerpolitico.mx\/wp-content\/uploads\/2025\/07\/IMG_1575.jpeg","datePublished":"2025-07-08T16:56:52+00:00","dateModified":"2025-07-08T16:56:55+00:00","author":{"@id":"https:\/\/quehacerpolitico.mx\/#\/schema\/person\/496d8ad2d1d3f8036101dca7ee39e585"},"breadcrumb":{"@id":"https:\/\/quehacerpolitico.mx\/?p=117557#breadcrumb"},"inLanguage":"es","potentialAction":[{"@type":"ReadAction","target":["https:\/\/quehacerpolitico.mx\/?p=117557"]}]},{"@type":"ImageObject","inLanguage":"es","@id":"https:\/\/quehacerpolitico.mx\/?p=117557#primaryimage","url":"https:\/\/quehacerpolitico.mx\/wp-content\/uploads\/2025\/07\/IMG_1575.jpeg","contentUrl":"https:\/\/quehacerpolitico.mx\/wp-content\/uploads\/2025\/07\/IMG_1575.jpeg","width":1170,"height":661,"caption":"Screenshot"},{"@type":"BreadcrumbList","@id":"https:\/\/quehacerpolitico.mx\/?p=117557#breadcrumb","itemListElement":[{"@type":"ListItem","position":1,"name":"Inicio","item":"https:\/\/quehacerpolitico.mx\/"},{"@type":"ListItem","position":2,"name":"Sheinbaum admite que la extorsi\u00f3n no ha disminuido y anuncia iniciativa para perseguirla de oficio"}]},{"@type":"WebSite","@id":"https:\/\/quehacerpolitico.mx\/#website","url":"https:\/\/quehacerpolitico.mx\/","name":"","description":"","potentialAction":[{"@type":"SearchAction","target":{"@type":"EntryPoint","urlTemplate":"https:\/\/quehacerpolitico.mx\/?s={search_term_string}"},"query-input":{"@type":"PropertyValueSpecification","valueRequired":true,"valueName":"search_term_string"}}],"inLanguage":"es"},{"@type":"Person","@id":"https:\/\/quehacerpolitico.mx\/#\/schema\/person\/496d8ad2d1d3f8036101dca7ee39e585","name":"Redacci\u00f3n QP","image":{"@type":"ImageObject","inLanguage":"es","@id":"https:\/\/secure.gravatar.com\/avatar\/c7164ed6fdec453195284ad24a5ae5b6e1eed2b848477fa2a4787ba9adf39a41?s=96&d=mm&r=g","url":"https:\/\/secure.gravatar.com\/avatar\/c7164ed6fdec453195284ad24a5ae5b6e1eed2b848477fa2a4787ba9adf39a41?s=96&d=mm&r=g","contentUrl":"https:\/\/secure.gravatar.com\/avatar\/c7164ed6fdec453195284ad24a5ae5b6e1eed2b848477fa2a4787ba9adf39a41?s=96&d=mm&r=g","caption":"Redacci\u00f3n QP"},"url":"https:\/\/quehacerpolitico.mx\/?author=2"}]}},"featured_image_urls":{"full":["https:\/\/quehacerpolitico.mx\/wp-content\/uploads\/2025\/07\/IMG_1575.jpeg",1170,661,false],"thumbnail":["https:\/\/quehacerpolitico.mx\/wp-content\/uploads\/2025\/07\/IMG_1575-150x150.jpeg",150,150,true],"medium":["https:\/\/quehacerpolitico.mx\/wp-content\/uploads\/2025\/07\/IMG_1575-300x169.jpeg",300,169,true],"medium_large":["https:\/\/quehacerpolitico.mx\/wp-content\/uploads\/2025\/07\/IMG_1575-768x434.jpeg",640,362,true],"large":["https:\/\/quehacerpolitico.mx\/wp-content\/uploads\/2025\/07\/IMG_1575-1024x579.jpeg",640,362,true],"1536x1536":["https:\/\/quehacerpolitico.mx\/wp-content\/uploads\/2025\/07\/IMG_1575.jpeg",1170,661,false],"2048x2048":["https:\/\/quehacerpolitico.mx\/wp-content\/uploads\/2025\/07\/IMG_1575.jpeg",1170,661,false],"covernews-featured":["https:\/\/quehacerpolitico.mx\/wp-content\/uploads\/2025\/07\/IMG_1575-1024x579.jpeg",1024,579,true],"covernews-medium":["https:\/\/quehacerpolitico.mx\/wp-content\/uploads\/2025\/07\/IMG_1575-540x340.jpeg",540,340,true]},"author_info":{"display_name":"Redacci\u00f3n QP","author_link":"https:\/\/quehacerpolitico.mx\/?author=2"},"category_info":"<a href=\"https:\/\/quehacerpolitico.mx\/?cat=280\" rel=\"category\">Nacionales<\/a> <a href=\"https:\/\/quehacerpolitico.mx\/?cat=2\" rel=\"category\">Noticias<\/a>","tag_info":"Noticias","comment_count":"0","_links":{"self":[{"href":"https:\/\/quehacerpolitico.mx\/index.php?rest_route=\/wp\/v2\/posts\/117557","targetHints":{"allow":["GET"]}}],"collection":[{"href":"https:\/\/quehacerpolitico.mx\/index.php?rest_route=\/wp\/v2\/posts"}],"about":[{"href":"https:\/\/quehacerpolitico.mx\/index.php?rest_route=\/wp\/v2\/types\/post"}],"author":[{"embeddable":true,"href":"https:\/\/quehacerpolitico.mx\/index.php?rest_route=\/wp\/v2\/users\/2"}],"replies":[{"embeddable":true,"href":"https:\/\/quehacerpolitico.mx\/index.php?rest_route=%2Fwp%2Fv2%2Fcomments&post=117557"}],"version-history":[{"count":1,"href":"https:\/\/quehacerpolitico.mx\/index.php?rest_route=\/wp\/v2\/posts\/117557\/revisions"}],"predecessor-version":[{"id":117560,"href":"https:\/\/quehacerpolitico.mx\/index.php?rest_route=\/wp\/v2\/posts\/117557\/revisions\/117560"}],"wp:featuredmedia":[{"embeddable":true,"href":"https:\/\/quehacerpolitico.mx\/index.php?rest_route=\/wp\/v2\/media\/117559"}],"wp:attachment":[{"href":"https:\/\/quehacerpolitico.mx\/index.php?rest_route=%2Fwp%2Fv2%2Fmedia&parent=117557"}],"wp:term":[{"taxonomy":"category","embeddable":true,"href":"https:\/\/quehacerpolitico.mx\/index.php?rest_route=%2Fwp%2Fv2%2Fcategories&post=117557"},{"taxonomy":"post_tag","embeddable":true,"href":"https:\/\/quehacerpolitico.mx\/index.php?rest_route=%2Fwp%2Fv2%2Ftags&post=117557"}],"curies":[{"name":"wp","href":"https:\/\/api.w.org\/{rel}","templated":true}]}}