{"id":117547,"date":"2025-07-07T12:58:43","date_gmt":"2025-07-07T18:58:43","guid":{"rendered":"https:\/\/quehacerpolitico.mx\/?p=117547"},"modified":"2025-07-07T12:58:46","modified_gmt":"2025-07-07T18:58:46","slug":"el-gobierno-de-la-ciudad-de-mexico-entrego-este-lunes-25-mil-apoyos-economicos-de-2-mil-pesos-bimestrales-a-hombres-capitalinos-de-entre-57-y-59-anos","status":"publish","type":"post","link":"https:\/\/quehacerpolitico.mx\/?p=117547","title":{"rendered":"El\u00a0gobierno de la Ciudad de M\u00e9xico\u00a0entreg\u00f3 este lunes\u00a025 mil apoyos econ\u00f3micos de 2 mil pesos bimestrales\u00a0a\u00a0hombres capitalinos de entre 57 y 59 a\u00f1os"},"content":{"rendered":"\n<p>Por Redacci\u00f3n QP<\/p>\n\n\n\n<p>CDMX entrega apoyos de $2,000 bimestrales a hombres de 57 a 59 a\u00f1os a trav\u00e9s del programa Ingreso Ciudadano Universal. Ya suman 71 mil beneficiarios.<\/p>\n\n\n\n<p>El&nbsp;<strong>gobierno de la Ciudad de M\u00e9xico<\/strong>&nbsp;entreg\u00f3 este lunes&nbsp;<strong>25 mil apoyos econ\u00f3micos de 2 mil pesos bimestrales<\/strong>&nbsp;a&nbsp;<strong>hombres capitalinos de entre 57 y 59 a\u00f1os.<\/strong><\/p>\n\n\n\n<p>Con esta entrega, ya suman 71 mil beneficiarios rumbo a la meta de 77 mil establecida para 2025, como parte del programa&nbsp;<strong>Ingreso Ciudadano Universal (ICU).<\/strong><\/p>\n\n\n\n<figure class=\"wp-block-embed is-type-rich is-provider-twitter wp-block-embed-twitter\"><div class=\"wp-block-embed__wrapper\">\n<blockquote class=\"twitter-tweet\" data-width=\"550\" data-dnt=\"true\"><p lang=\"es\" dir=\"ltr\">25 mil personas m\u00e1s ya cuentan con el apoyo del programa <a href=\"https:\/\/twitter.com\/hashtag\/IngresoCiudadanoUniversal?src=hash&amp;ref_src=twsrc%5Etfw\">#IngresoCiudadanoUniversal<\/a>, \u00fanico en todo el pa\u00eds y que cumple con la Constituci\u00f3n de nuestra ciudad. Este a\u00f1o vamos por la meta de 77 mil beneficiarios.<br><br>Nuestro gobierno trabaja todos los d\u00edas para garantizar bienestar,\u2026 <a href=\"https:\/\/t.co\/F357j1m3Nx\">pic.twitter.com\/F357j1m3Nx<\/a><\/p>&mdash; Clara Brugada Molina (@ClaraBrugadaM) <a href=\"https:\/\/twitter.com\/ClaraBrugadaM\/status\/1942294226424742390?ref_src=twsrc%5Etfw\">July 7, 2025<\/a><\/blockquote><script async src=\"https:\/\/platform.twitter.com\/widgets.js\" charset=\"utf-8\"><\/script>\n<\/div><\/figure>\n\n\n\n<p>La&nbsp;<strong>jefa de Gobierno, Clara Brugada,<\/strong>&nbsp;encabez\u00f3 el evento y destac\u00f3 que se trata de un programa social \u00fanico en el pa\u00eds, el cual responde al mandato de la&nbsp;<strong>Constituci\u00f3n de la Ciudad de M\u00e9xico<\/strong>, que establece la obligaci\u00f3n de garantizar un ingreso m\u00ednimo vital.<\/p>\n\n\n\n<p>Subray\u00f3 que la capital es pionera en&nbsp;<strong>programas sociales universales<\/strong>, al apoyar a cerca de 2 millones de personas con una inversi\u00f3n anual de 9 mil millones de pesos, lo que convierte a esta pol\u00edtica en la red de protecci\u00f3n social m\u00e1s importante del pa\u00eds.<\/p>\n\n\n\n<p>Brugada explic\u00f3 que el ICU est\u00e1 dise\u00f1ado para respaldar a hombres que a\u00fan no son adultos mayores, pero que ya enfrentan dificultades para encontrar empleo y comienzan a sufrir deterioro en su salud.<\/p>\n\n\n\n<p><strong>\u201cEste programa es previo a ser adulto mayor, esa edad dif\u00edcil, donde escasea el trabajo y tambi\u00e9n disminuye la salud. Decidimos apoyar a las personas de 57 a 59 a\u00f1os de edad y, con ello, reconocemos su contribuci\u00f3n hist\u00f3rica a esta ciudad, porque ustedes han sido quienes la han construido, quienes han formado familias, quienes han salido a trabajar en lo que sea con tal de mantenerlas\u201d, afirm\u00f3.<\/strong><\/p>\n\n\n\n<figure class=\"wp-block-embed is-type-rich is-provider-twitter wp-block-embed-twitter\"><div class=\"wp-block-embed__wrapper\">\n<blockquote class=\"twitter-tweet\" data-width=\"550\" data-dnt=\"true\"><p lang=\"es\" dir=\"ltr\"><a href=\"https:\/\/twitter.com\/hashtag\/EnVivo?src=hash&amp;ref_src=twsrc%5Etfw\">#EnVivo<\/a> \u25b6\ufe0f La <a href=\"https:\/\/twitter.com\/hashtag\/JefaDeGobierno?src=hash&amp;ref_src=twsrc%5Etfw\">#JefaDeGobierno<\/a>, <a href=\"https:\/\/twitter.com\/ClaraBrugadaM?ref_src=twsrc%5Etfw\">@ClaraBrugadaM<\/a>, encabeza la entrega de <a href=\"https:\/\/twitter.com\/hashtag\/IngresoCiudadanoUniversal?src=hash&amp;ref_src=twsrc%5Etfw\">#IngresoCiudadanoUniversal<\/a> de la Ciudad de M\u00e9xico. <a href=\"https:\/\/t.co\/aOp39VUsUP\">https:\/\/t.co\/aOp39VUsUP<\/a><\/p>&mdash; Gobierno de la Ciudad de M\u00e9xico (@GobCDMX) <a href=\"https:\/\/twitter.com\/GobCDMX\/status\/1942243498180350396?ref_src=twsrc%5Etfw\">July 7, 2025<\/a><\/blockquote><script async src=\"https:\/\/platform.twitter.com\/widgets.js\" charset=\"utf-8\"><\/script>\n<\/div><\/figure>\n","protected":false},"excerpt":{"rendered":"<p>Por Redacci\u00f3n QP CDMX entrega apoyos de $2,000 bimestrales a hombres de 57 a 59&#8230;<\/p>\n","protected":false},"author":2,"featured_media":117548,"comment_status":"open","ping_status":"open","sticky":false,"template":"","format":"standard","meta":{"_monsterinsights_skip_tracking":false,"_monsterinsights_sitenote_active":false,"_monsterinsights_sitenote_note":"","_monsterinsights_sitenote_category":0,"footnotes":""},"categories":[55],"tags":[],"class_list":["post-117547","post","type-post","status-publish","format-standard","has-post-thumbnail","hentry","category-cdmx"],"yoast_head":"<!-- This site is optimized with the Yoast SEO plugin v27.3 - https:\/\/yoast.com\/product\/yoast-seo-wordpress\/ -->\n<title>El\u00a0gobierno de la Ciudad de M\u00e9xico\u00a0entreg\u00f3 este lunes\u00a025 mil apoyos econ\u00f3micos de 2 mil pesos bimestrales\u00a0a\u00a0hombres capitalinos de entre 57 y 59 a\u00f1os -<\/title>\n<meta name=\"robots\" content=\"index, follow, max-snippet:-1, max-image-preview:large, max-video-preview:-1\" \/>\n<link rel=\"canonical\" href=\"https:\/\/quehacerpolitico.mx\/?p=117547\" \/>\n<meta property=\"og:locale\" content=\"es_MX\" \/>\n<meta property=\"og:type\" content=\"article\" \/>\n<meta property=\"og:title\" content=\"El\u00a0gobierno de la Ciudad de M\u00e9xico\u00a0entreg\u00f3 este lunes\u00a025 mil apoyos econ\u00f3micos de 2 mil pesos bimestrales\u00a0a\u00a0hombres capitalinos de entre 57 y 59 a\u00f1os -\" \/>\n<meta property=\"og:description\" content=\"Por Redacci\u00f3n QP CDMX entrega apoyos de $2,000 bimestrales a hombres de 57 a 59...\" \/>\n<meta property=\"og:url\" content=\"https:\/\/quehacerpolitico.mx\/?p=117547\" \/>\n<meta property=\"article:published_time\" content=\"2025-07-07T18:58:43+00:00\" \/>\n<meta property=\"article:modified_time\" content=\"2025-07-07T18:58:46+00:00\" \/>\n<meta property=\"og:image\" content=\"https:\/\/quehacerpolitico.mx\/wp-content\/uploads\/2025\/07\/IMG_1560.jpeg\" \/>\n\t<meta property=\"og:image:width\" content=\"2048\" \/>\n\t<meta property=\"og:image:height\" content=\"1148\" \/>\n\t<meta property=\"og:image:type\" content=\"image\/jpeg\" \/>\n<meta name=\"author\" content=\"Redacci\u00f3n QP\" \/>\n<meta name=\"twitter:card\" content=\"summary_large_image\" \/>\n<meta name=\"twitter:label1\" content=\"Escrito por\" \/>\n\t<meta name=\"twitter:data1\" content=\"Redacci\u00f3n QP\" \/>\n\t<meta name=\"twitter:label2\" content=\"Tiempo de lectura\" \/>\n\t<meta name=\"twitter:data2\" content=\"2 minutos\" \/>\n<script type=\"application\/ld+json\" class=\"yoast-schema-graph\">{\"@context\":\"https:\\\/\\\/schema.org\",\"@graph\":[{\"@type\":\"Article\",\"@id\":\"https:\\\/\\\/quehacerpolitico.mx\\\/?p=117547#article\",\"isPartOf\":{\"@id\":\"https:\\\/\\\/quehacerpolitico.mx\\\/?p=117547\"},\"author\":{\"name\":\"Redacci\u00f3n QP\",\"@id\":\"https:\\\/\\\/quehacerpolitico.mx\\\/#\\\/schema\\\/person\\\/496d8ad2d1d3f8036101dca7ee39e585\"},\"headline\":\"El\u00a0gobierno de la Ciudad de M\u00e9xico\u00a0entreg\u00f3 este lunes\u00a025 mil apoyos econ\u00f3micos de 2 mil pesos bimestrales\u00a0a\u00a0hombres capitalinos de entre 57 y 59 a\u00f1os\",\"datePublished\":\"2025-07-07T18:58:43+00:00\",\"dateModified\":\"2025-07-07T18:58:46+00:00\",\"mainEntityOfPage\":{\"@id\":\"https:\\\/\\\/quehacerpolitico.mx\\\/?p=117547\"},\"wordCount\":330,\"commentCount\":0,\"image\":{\"@id\":\"https:\\\/\\\/quehacerpolitico.mx\\\/?p=117547#primaryimage\"},\"thumbnailUrl\":\"https:\\\/\\\/quehacerpolitico.mx\\\/wp-content\\\/uploads\\\/2025\\\/07\\\/IMG_1560.jpeg\",\"articleSection\":[\"CDMX\"],\"inLanguage\":\"es\",\"potentialAction\":[{\"@type\":\"CommentAction\",\"name\":\"Comment\",\"target\":[\"https:\\\/\\\/quehacerpolitico.mx\\\/?p=117547#respond\"]}]},{\"@type\":\"WebPage\",\"@id\":\"https:\\\/\\\/quehacerpolitico.mx\\\/?p=117547\",\"url\":\"https:\\\/\\\/quehacerpolitico.mx\\\/?p=117547\",\"name\":\"El\u00a0gobierno de la Ciudad de M\u00e9xico\u00a0entreg\u00f3 este lunes\u00a025 mil apoyos econ\u00f3micos de 2 mil pesos bimestrales\u00a0a\u00a0hombres capitalinos de entre 57 y 59 a\u00f1os -\",\"isPartOf\":{\"@id\":\"https:\\\/\\\/quehacerpolitico.mx\\\/#website\"},\"primaryImageOfPage\":{\"@id\":\"https:\\\/\\\/quehacerpolitico.mx\\\/?p=117547#primaryimage\"},\"image\":{\"@id\":\"https:\\\/\\\/quehacerpolitico.mx\\\/?p=117547#primaryimage\"},\"thumbnailUrl\":\"https:\\\/\\\/quehacerpolitico.mx\\\/wp-content\\\/uploads\\\/2025\\\/07\\\/IMG_1560.jpeg\",\"datePublished\":\"2025-07-07T18:58:43+00:00\",\"dateModified\":\"2025-07-07T18:58:46+00:00\",\"author\":{\"@id\":\"https:\\\/\\\/quehacerpolitico.mx\\\/#\\\/schema\\\/person\\\/496d8ad2d1d3f8036101dca7ee39e585\"},\"breadcrumb\":{\"@id\":\"https:\\\/\\\/quehacerpolitico.mx\\\/?p=117547#breadcrumb\"},\"inLanguage\":\"es\",\"potentialAction\":[{\"@type\":\"ReadAction\",\"target\":[\"https:\\\/\\\/quehacerpolitico.mx\\\/?p=117547\"]}]},{\"@type\":\"ImageObject\",\"inLanguage\":\"es\",\"@id\":\"https:\\\/\\\/quehacerpolitico.mx\\\/?p=117547#primaryimage\",\"url\":\"https:\\\/\\\/quehacerpolitico.mx\\\/wp-content\\\/uploads\\\/2025\\\/07\\\/IMG_1560.jpeg\",\"contentUrl\":\"https:\\\/\\\/quehacerpolitico.mx\\\/wp-content\\\/uploads\\\/2025\\\/07\\\/IMG_1560.jpeg\",\"width\":2048,\"height\":1148},{\"@type\":\"BreadcrumbList\",\"@id\":\"https:\\\/\\\/quehacerpolitico.mx\\\/?p=117547#breadcrumb\",\"itemListElement\":[{\"@type\":\"ListItem\",\"position\":1,\"name\":\"Inicio\",\"item\":\"https:\\\/\\\/quehacerpolitico.mx\\\/\"},{\"@type\":\"ListItem\",\"position\":2,\"name\":\"El\u00a0gobierno de la Ciudad de M\u00e9xico\u00a0entreg\u00f3 este lunes\u00a025 mil apoyos econ\u00f3micos de 2 mil pesos bimestrales\u00a0a\u00a0hombres capitalinos de entre 57 y 59 a\u00f1os\"}]},{\"@type\":\"WebSite\",\"@id\":\"https:\\\/\\\/quehacerpolitico.mx\\\/#website\",\"url\":\"https:\\\/\\\/quehacerpolitico.mx\\\/\",\"name\":\"\",\"description\":\"\",\"potentialAction\":[{\"@type\":\"SearchAction\",\"target\":{\"@type\":\"EntryPoint\",\"urlTemplate\":\"https:\\\/\\\/quehacerpolitico.mx\\\/?s={search_term_string}\"},\"query-input\":{\"@type\":\"PropertyValueSpecification\",\"valueRequired\":true,\"valueName\":\"search_term_string\"}}],\"inLanguage\":\"es\"},{\"@type\":\"Person\",\"@id\":\"https:\\\/\\\/quehacerpolitico.mx\\\/#\\\/schema\\\/person\\\/496d8ad2d1d3f8036101dca7ee39e585\",\"name\":\"Redacci\u00f3n QP\",\"image\":{\"@type\":\"ImageObject\",\"inLanguage\":\"es\",\"@id\":\"https:\\\/\\\/secure.gravatar.com\\\/avatar\\\/c7164ed6fdec453195284ad24a5ae5b6e1eed2b848477fa2a4787ba9adf39a41?s=96&d=mm&r=g\",\"url\":\"https:\\\/\\\/secure.gravatar.com\\\/avatar\\\/c7164ed6fdec453195284ad24a5ae5b6e1eed2b848477fa2a4787ba9adf39a41?s=96&d=mm&r=g\",\"contentUrl\":\"https:\\\/\\\/secure.gravatar.com\\\/avatar\\\/c7164ed6fdec453195284ad24a5ae5b6e1eed2b848477fa2a4787ba9adf39a41?s=96&d=mm&r=g\",\"caption\":\"Redacci\u00f3n QP\"},\"url\":\"https:\\\/\\\/quehacerpolitico.mx\\\/?author=2\"}]}<\/script>\n<!-- \/ Yoast SEO plugin. -->","yoast_head_json":{"title":"El\u00a0gobierno de la Ciudad de M\u00e9xico\u00a0entreg\u00f3 este lunes\u00a025 mil apoyos econ\u00f3micos de 2 mil pesos bimestrales\u00a0a\u00a0hombres capitalinos de entre 57 y 59 a\u00f1os -","robots":{"index":"index","follow":"follow","max-snippet":"max-snippet:-1","max-image-preview":"max-image-preview:large","max-video-preview":"max-video-preview:-1"},"canonical":"https:\/\/quehacerpolitico.mx\/?p=117547","og_locale":"es_MX","og_type":"article","og_title":"El\u00a0gobierno de la Ciudad de M\u00e9xico\u00a0entreg\u00f3 este lunes\u00a025 mil apoyos econ\u00f3micos de 2 mil pesos bimestrales\u00a0a\u00a0hombres capitalinos de entre 57 y 59 a\u00f1os -","og_description":"Por Redacci\u00f3n QP CDMX entrega apoyos de $2,000 bimestrales a hombres de 57 a 59...","og_url":"https:\/\/quehacerpolitico.mx\/?p=117547","article_published_time":"2025-07-07T18:58:43+00:00","article_modified_time":"2025-07-07T18:58:46+00:00","og_image":[{"width":2048,"height":1148,"url":"https:\/\/quehacerpolitico.mx\/wp-content\/uploads\/2025\/07\/IMG_1560.jpeg","type":"image\/jpeg"}],"author":"Redacci\u00f3n QP","twitter_card":"summary_large_image","twitter_misc":{"Escrito por":"Redacci\u00f3n QP","Tiempo de lectura":"2 minutos"},"schema":{"@context":"https:\/\/schema.org","@graph":[{"@type":"Article","@id":"https:\/\/quehacerpolitico.mx\/?p=117547#article","isPartOf":{"@id":"https:\/\/quehacerpolitico.mx\/?p=117547"},"author":{"name":"Redacci\u00f3n QP","@id":"https:\/\/quehacerpolitico.mx\/#\/schema\/person\/496d8ad2d1d3f8036101dca7ee39e585"},"headline":"El\u00a0gobierno de la Ciudad de M\u00e9xico\u00a0entreg\u00f3 este lunes\u00a025 mil apoyos econ\u00f3micos de 2 mil pesos bimestrales\u00a0a\u00a0hombres capitalinos de entre 57 y 59 a\u00f1os","datePublished":"2025-07-07T18:58:43+00:00","dateModified":"2025-07-07T18:58:46+00:00","mainEntityOfPage":{"@id":"https:\/\/quehacerpolitico.mx\/?p=117547"},"wordCount":330,"commentCount":0,"image":{"@id":"https:\/\/quehacerpolitico.mx\/?p=117547#primaryimage"},"thumbnailUrl":"https:\/\/quehacerpolitico.mx\/wp-content\/uploads\/2025\/07\/IMG_1560.jpeg","articleSection":["CDMX"],"inLanguage":"es","potentialAction":[{"@type":"CommentAction","name":"Comment","target":["https:\/\/quehacerpolitico.mx\/?p=117547#respond"]}]},{"@type":"WebPage","@id":"https:\/\/quehacerpolitico.mx\/?p=117547","url":"https:\/\/quehacerpolitico.mx\/?p=117547","name":"El\u00a0gobierno de la Ciudad de M\u00e9xico\u00a0entreg\u00f3 este lunes\u00a025 mil apoyos econ\u00f3micos de 2 mil pesos bimestrales\u00a0a\u00a0hombres capitalinos de entre 57 y 59 a\u00f1os -","isPartOf":{"@id":"https:\/\/quehacerpolitico.mx\/#website"},"primaryImageOfPage":{"@id":"https:\/\/quehacerpolitico.mx\/?p=117547#primaryimage"},"image":{"@id":"https:\/\/quehacerpolitico.mx\/?p=117547#primaryimage"},"thumbnailUrl":"https:\/\/quehacerpolitico.mx\/wp-content\/uploads\/2025\/07\/IMG_1560.jpeg","datePublished":"2025-07-07T18:58:43+00:00","dateModified":"2025-07-07T18:58:46+00:00","author":{"@id":"https:\/\/quehacerpolitico.mx\/#\/schema\/person\/496d8ad2d1d3f8036101dca7ee39e585"},"breadcrumb":{"@id":"https:\/\/quehacerpolitico.mx\/?p=117547#breadcrumb"},"inLanguage":"es","potentialAction":[{"@type":"ReadAction","target":["https:\/\/quehacerpolitico.mx\/?p=117547"]}]},{"@type":"ImageObject","inLanguage":"es","@id":"https:\/\/quehacerpolitico.mx\/?p=117547#primaryimage","url":"https:\/\/quehacerpolitico.mx\/wp-content\/uploads\/2025\/07\/IMG_1560.jpeg","contentUrl":"https:\/\/quehacerpolitico.mx\/wp-content\/uploads\/2025\/07\/IMG_1560.jpeg","width":2048,"height":1148},{"@type":"BreadcrumbList","@id":"https:\/\/quehacerpolitico.mx\/?p=117547#breadcrumb","itemListElement":[{"@type":"ListItem","position":1,"name":"Inicio","item":"https:\/\/quehacerpolitico.mx\/"},{"@type":"ListItem","position":2,"name":"El\u00a0gobierno de la Ciudad de M\u00e9xico\u00a0entreg\u00f3 este lunes\u00a025 mil apoyos econ\u00f3micos de 2 mil pesos bimestrales\u00a0a\u00a0hombres capitalinos de entre 57 y 59 a\u00f1os"}]},{"@type":"WebSite","@id":"https:\/\/quehacerpolitico.mx\/#website","url":"https:\/\/quehacerpolitico.mx\/","name":"","description":"","potentialAction":[{"@type":"SearchAction","target":{"@type":"EntryPoint","urlTemplate":"https:\/\/quehacerpolitico.mx\/?s={search_term_string}"},"query-input":{"@type":"PropertyValueSpecification","valueRequired":true,"valueName":"search_term_string"}}],"inLanguage":"es"},{"@type":"Person","@id":"https:\/\/quehacerpolitico.mx\/#\/schema\/person\/496d8ad2d1d3f8036101dca7ee39e585","name":"Redacci\u00f3n QP","image":{"@type":"ImageObject","inLanguage":"es","@id":"https:\/\/secure.gravatar.com\/avatar\/c7164ed6fdec453195284ad24a5ae5b6e1eed2b848477fa2a4787ba9adf39a41?s=96&d=mm&r=g","url":"https:\/\/secure.gravatar.com\/avatar\/c7164ed6fdec453195284ad24a5ae5b6e1eed2b848477fa2a4787ba9adf39a41?s=96&d=mm&r=g","contentUrl":"https:\/\/secure.gravatar.com\/avatar\/c7164ed6fdec453195284ad24a5ae5b6e1eed2b848477fa2a4787ba9adf39a41?s=96&d=mm&r=g","caption":"Redacci\u00f3n QP"},"url":"https:\/\/quehacerpolitico.mx\/?author=2"}]}},"featured_image_urls":{"full":["https:\/\/quehacerpolitico.mx\/wp-content\/uploads\/2025\/07\/IMG_1560.jpeg",2048,1148,false],"thumbnail":["https:\/\/quehacerpolitico.mx\/wp-content\/uploads\/2025\/07\/IMG_1560-150x150.jpeg",150,150,true],"medium":["https:\/\/quehacerpolitico.mx\/wp-content\/uploads\/2025\/07\/IMG_1560-300x168.jpeg",300,168,true],"medium_large":["https:\/\/quehacerpolitico.mx\/wp-content\/uploads\/2025\/07\/IMG_1560-768x431.jpeg",640,359,true],"large":["https:\/\/quehacerpolitico.mx\/wp-content\/uploads\/2025\/07\/IMG_1560-1024x574.jpeg",640,359,true],"1536x1536":["https:\/\/quehacerpolitico.mx\/wp-content\/uploads\/2025\/07\/IMG_1560-1536x861.jpeg",1536,861,true],"2048x2048":["https:\/\/quehacerpolitico.mx\/wp-content\/uploads\/2025\/07\/IMG_1560.jpeg",2048,1148,false],"covernews-featured":["https:\/\/quehacerpolitico.mx\/wp-content\/uploads\/2025\/07\/IMG_1560-1024x574.jpeg",1024,574,true],"covernews-medium":["https:\/\/quehacerpolitico.mx\/wp-content\/uploads\/2025\/07\/IMG_1560-540x340.jpeg",540,340,true]},"author_info":{"display_name":"Redacci\u00f3n QP","author_link":"https:\/\/quehacerpolitico.mx\/?author=2"},"category_info":"<a href=\"https:\/\/quehacerpolitico.mx\/?cat=55\" rel=\"category\">CDMX<\/a>","tag_info":"CDMX","comment_count":"0","_links":{"self":[{"href":"https:\/\/quehacerpolitico.mx\/index.php?rest_route=\/wp\/v2\/posts\/117547","targetHints":{"allow":["GET"]}}],"collection":[{"href":"https:\/\/quehacerpolitico.mx\/index.php?rest_route=\/wp\/v2\/posts"}],"about":[{"href":"https:\/\/quehacerpolitico.mx\/index.php?rest_route=\/wp\/v2\/types\/post"}],"author":[{"embeddable":true,"href":"https:\/\/quehacerpolitico.mx\/index.php?rest_route=\/wp\/v2\/users\/2"}],"replies":[{"embeddable":true,"href":"https:\/\/quehacerpolitico.mx\/index.php?rest_route=%2Fwp%2Fv2%2Fcomments&post=117547"}],"version-history":[{"count":1,"href":"https:\/\/quehacerpolitico.mx\/index.php?rest_route=\/wp\/v2\/posts\/117547\/revisions"}],"predecessor-version":[{"id":117549,"href":"https:\/\/quehacerpolitico.mx\/index.php?rest_route=\/wp\/v2\/posts\/117547\/revisions\/117549"}],"wp:featuredmedia":[{"embeddable":true,"href":"https:\/\/quehacerpolitico.mx\/index.php?rest_route=\/wp\/v2\/media\/117548"}],"wp:attachment":[{"href":"https:\/\/quehacerpolitico.mx\/index.php?rest_route=%2Fwp%2Fv2%2Fmedia&parent=117547"}],"wp:term":[{"taxonomy":"category","embeddable":true,"href":"https:\/\/quehacerpolitico.mx\/index.php?rest_route=%2Fwp%2Fv2%2Fcategories&post=117547"},{"taxonomy":"post_tag","embeddable":true,"href":"https:\/\/quehacerpolitico.mx\/index.php?rest_route=%2Fwp%2Fv2%2Ftags&post=117547"}],"curies":[{"name":"wp","href":"https:\/\/api.w.org\/{rel}","templated":true}]}}