{"id":117544,"date":"2025-07-07T12:38:08","date_gmt":"2025-07-07T18:38:08","guid":{"rendered":"https:\/\/quehacerpolitico.mx\/?p=117544"},"modified":"2025-07-07T12:38:11","modified_gmt":"2025-07-07T18:38:11","slug":"caen-2-83-las-exportaciones-de-autos-en-mexico-ante-las-presiones-comerciales-del-gobierno-de-trump","status":"publish","type":"post","link":"https:\/\/quehacerpolitico.mx\/?p=117544","title":{"rendered":"Caen 2.83% las exportaciones de autos en M\u00e9xico ante las presiones comerciales del gobierno de Trump"},"content":{"rendered":"\n<p>Por Redacci\u00f3n QP<\/p>\n\n\n\n<p>A pesar de la ca\u00edda en las ventas al extranjero, la producci\u00f3n de veh\u00edculos registr\u00f3 un aumento interanual de 0.47%<\/p>\n\n\n\n<p>La&nbsp;<strong>producci\u00f3n de veh\u00edculos ligeros en M\u00e9xico<\/strong>&nbsp;se elev\u00f3 un&nbsp;<strong>4.89%<\/strong>interanual en junio de 2025 hasta las 361 mil 47 unidades, inform\u00f3 este lunes el Instituto Nacional de Estad\u00edstica y Geograf\u00eda (Inegi), en medio de las tensiones comerciales por los aranceles de Estados Unidos.<\/p>\n\n\n\n<p>Seg\u00fan el m\u00e1s reciente&nbsp;<strong>Registro Administrativo de la Industria Automotriz de Veh\u00edculos Ligeros<\/strong>(RAIAVL), el pa\u00eds tambi\u00e9n registr\u00f3 un&nbsp;<strong>aumento del 14.04%<\/strong>&nbsp;en la exportaci\u00f3n de veh\u00edculos ligeros, hasta las 331 mil 517 unidades.<\/p>\n\n\n\n<p>En contraste,&nbsp;<strong>las ventas en el mercado interno<\/strong>&nbsp;presentaron una&nbsp;<strong>contracci\u00f3n de 5.94%<\/strong>&nbsp;hasta las 116 mil 62 unidades, seg\u00fan el informe del instituto aut\u00f3nomo.<\/p>\n\n\n\n<p>El aumento del sexto mes contrasta con las&nbsp;<strong>ca\u00eddas de los dos meses anteriores<\/strong>, y se suma al aumento de marzo, cuando la fabricaci\u00f3n de veh\u00edculos ligeros en M\u00e9xico creci\u00f3 un 12.15% interanual, aunque en el primer trimestre la producci\u00f3n cay\u00f3 un 6.04%.<\/p>\n\n\n\n<p>De esta manera, la fabricaci\u00f3n de veh\u00edculos ligeros en M\u00e9xico acumula un&nbsp;<strong>aumento interanual de 0.47%<\/strong>&nbsp;en el primer semestre de 2025, aunque las&nbsp;<strong>ventas nacionales decrecieron un 0.25%<\/strong>.<\/p>\n\n\n\n<p>&#8220;Durante el periodo enero a junio de 2025, se produjeron dos millones 6 mil 720 unidades, lo que represent\u00f3 una variaci\u00f3n de 0.5%, respecto al mismo lapso de 2024.&nbsp;<strong>Los camiones ligeros representaron 76.8% del total producido<\/strong>, mientras que el resto correspondi\u00f3 a la fabricaci\u00f3n de autom\u00f3viles&#8221;, detall\u00f3 el Inegi.<\/p>\n\n\n\n<p>En total, las&nbsp;<strong>exportaciones<\/strong>&nbsp;de autos fabricados en M\u00e9xico han&nbsp;<strong>disminuido 2.83%<\/strong>&nbsp;en lo que va del a\u00f1o, un total de un mill\u00f3n 666 mil 184 unidades, siendo&nbsp;<strong>Estados Unidos el principal destino<\/strong>.<\/p>\n\n\n\n<p><strong>La ca\u00edda de la exportaci\u00f3n<\/strong>&nbsp;del sector automovil\u00edstico, el mayor del pa\u00eds, ocurre tras las&nbsp;<strong>presiones comerciales de Donald Trump<\/strong>&nbsp;desde su regreso a la presidencia de Estados Unidos el 20 de enero pasado.&nbsp;<\/p>\n\n\n\n<p>\u201cEstados Unidos fue el&nbsp;<strong>principal destino<\/strong>de las exportaciones de veh\u00edculos ligeros, con&nbsp;<strong>79.7%<\/strong>\u201d, precis\u00f3 el Inegi.&nbsp;<\/p>\n\n\n\n<p>La importancia de la industria automotriz en M\u00e9xico radica en que&nbsp;<strong>representa casi un 4%<\/strong>&nbsp;del producto interno bruto (<strong>PIB<\/strong>) nacional y un&nbsp;<strong>20.5%<\/strong><strong>del PIB manufacturero<\/strong>, m\u00e1s que ning\u00fan otro sector, seg\u00fan la AMIA.&nbsp;<\/p>\n\n\n\n<p>La informaci\u00f3n del Inegi proviene de&nbsp;<strong>22 empresas afiliadas a la AMIA<\/strong>, as\u00ed como seis empresas no afiliadas, las cuales&nbsp;<strong>comercializan 39 marcas<\/strong>&nbsp;que se producen y comercializan en el pa\u00eds.&nbsp;<\/p>\n\n\n\n<p>La producci\u00f3n y exportaci\u00f3n de autos en M\u00e9xico subi\u00f3 m\u00e1s del 5% en 2024, con lo que hila tres a\u00f1os al alza tras la pandemia de la covid-19 y la escasez de insumos.<\/p>\n\n\n\n<p>Con informaci\u00f3n de EFE<\/p>\n","protected":false},"excerpt":{"rendered":"<p>Por Redacci\u00f3n QP A pesar de la ca\u00edda en las ventas al extranjero, la producci\u00f3n&#8230;<\/p>\n","protected":false},"author":2,"featured_media":117545,"comment_status":"open","ping_status":"open","sticky":false,"template":"","format":"standard","meta":{"_monsterinsights_skip_tracking":false,"_monsterinsights_sitenote_active":false,"_monsterinsights_sitenote_note":"","_monsterinsights_sitenote_category":0,"footnotes":""},"categories":[56],"tags":[],"class_list":["post-117544","post","type-post","status-publish","format-standard","has-post-thumbnail","hentry","category-economia"],"yoast_head":"<!-- This site is optimized with the Yoast SEO plugin v27.3 - https:\/\/yoast.com\/product\/yoast-seo-wordpress\/ -->\n<title>Caen 2.83% las exportaciones de autos en M\u00e9xico ante las presiones comerciales del gobierno de Trump -<\/title>\n<meta name=\"robots\" content=\"index, follow, max-snippet:-1, max-image-preview:large, max-video-preview:-1\" \/>\n<link rel=\"canonical\" href=\"https:\/\/quehacerpolitico.mx\/?p=117544\" \/>\n<meta property=\"og:locale\" content=\"es_MX\" \/>\n<meta property=\"og:type\" content=\"article\" \/>\n<meta property=\"og:title\" content=\"Caen 2.83% las exportaciones de autos en M\u00e9xico ante las presiones comerciales del gobierno de Trump -\" \/>\n<meta property=\"og:description\" content=\"Por Redacci\u00f3n QP A pesar de la ca\u00edda en las ventas al extranjero, la producci\u00f3n...\" \/>\n<meta property=\"og:url\" content=\"https:\/\/quehacerpolitico.mx\/?p=117544\" \/>\n<meta property=\"article:published_time\" content=\"2025-07-07T18:38:08+00:00\" \/>\n<meta property=\"article:modified_time\" content=\"2025-07-07T18:38:11+00:00\" \/>\n<meta property=\"og:image\" content=\"https:\/\/quehacerpolitico.mx\/wp-content\/uploads\/2025\/07\/IMG_1558.jpeg\" \/>\n\t<meta property=\"og:image:width\" content=\"678\" \/>\n\t<meta property=\"og:image:height\" content=\"452\" \/>\n\t<meta property=\"og:image:type\" content=\"image\/jpeg\" \/>\n<meta name=\"author\" content=\"Redacci\u00f3n QP\" \/>\n<meta name=\"twitter:card\" content=\"summary_large_image\" \/>\n<meta name=\"twitter:label1\" content=\"Escrito por\" \/>\n\t<meta name=\"twitter:data1\" content=\"Redacci\u00f3n QP\" \/>\n\t<meta name=\"twitter:label2\" content=\"Tiempo de lectura\" \/>\n\t<meta name=\"twitter:data2\" content=\"2 minutos\" \/>\n<script type=\"application\/ld+json\" class=\"yoast-schema-graph\">{\"@context\":\"https:\\\/\\\/schema.org\",\"@graph\":[{\"@type\":\"Article\",\"@id\":\"https:\\\/\\\/quehacerpolitico.mx\\\/?p=117544#article\",\"isPartOf\":{\"@id\":\"https:\\\/\\\/quehacerpolitico.mx\\\/?p=117544\"},\"author\":{\"name\":\"Redacci\u00f3n QP\",\"@id\":\"https:\\\/\\\/quehacerpolitico.mx\\\/#\\\/schema\\\/person\\\/496d8ad2d1d3f8036101dca7ee39e585\"},\"headline\":\"Caen 2.83% las exportaciones de autos en M\u00e9xico ante las presiones comerciales del gobierno de Trump\",\"datePublished\":\"2025-07-07T18:38:08+00:00\",\"dateModified\":\"2025-07-07T18:38:11+00:00\",\"mainEntityOfPage\":{\"@id\":\"https:\\\/\\\/quehacerpolitico.mx\\\/?p=117544\"},\"wordCount\":503,\"commentCount\":0,\"image\":{\"@id\":\"https:\\\/\\\/quehacerpolitico.mx\\\/?p=117544#primaryimage\"},\"thumbnailUrl\":\"https:\\\/\\\/quehacerpolitico.mx\\\/wp-content\\\/uploads\\\/2025\\\/07\\\/IMG_1558.jpeg\",\"articleSection\":[\"Econom\u00eda\"],\"inLanguage\":\"es\",\"potentialAction\":[{\"@type\":\"CommentAction\",\"name\":\"Comment\",\"target\":[\"https:\\\/\\\/quehacerpolitico.mx\\\/?p=117544#respond\"]}]},{\"@type\":\"WebPage\",\"@id\":\"https:\\\/\\\/quehacerpolitico.mx\\\/?p=117544\",\"url\":\"https:\\\/\\\/quehacerpolitico.mx\\\/?p=117544\",\"name\":\"Caen 2.83% las exportaciones de autos en M\u00e9xico ante las presiones comerciales del gobierno de Trump -\",\"isPartOf\":{\"@id\":\"https:\\\/\\\/quehacerpolitico.mx\\\/#website\"},\"primaryImageOfPage\":{\"@id\":\"https:\\\/\\\/quehacerpolitico.mx\\\/?p=117544#primaryimage\"},\"image\":{\"@id\":\"https:\\\/\\\/quehacerpolitico.mx\\\/?p=117544#primaryimage\"},\"thumbnailUrl\":\"https:\\\/\\\/quehacerpolitico.mx\\\/wp-content\\\/uploads\\\/2025\\\/07\\\/IMG_1558.jpeg\",\"datePublished\":\"2025-07-07T18:38:08+00:00\",\"dateModified\":\"2025-07-07T18:38:11+00:00\",\"author\":{\"@id\":\"https:\\\/\\\/quehacerpolitico.mx\\\/#\\\/schema\\\/person\\\/496d8ad2d1d3f8036101dca7ee39e585\"},\"breadcrumb\":{\"@id\":\"https:\\\/\\\/quehacerpolitico.mx\\\/?p=117544#breadcrumb\"},\"inLanguage\":\"es\",\"potentialAction\":[{\"@type\":\"ReadAction\",\"target\":[\"https:\\\/\\\/quehacerpolitico.mx\\\/?p=117544\"]}]},{\"@type\":\"ImageObject\",\"inLanguage\":\"es\",\"@id\":\"https:\\\/\\\/quehacerpolitico.mx\\\/?p=117544#primaryimage\",\"url\":\"https:\\\/\\\/quehacerpolitico.mx\\\/wp-content\\\/uploads\\\/2025\\\/07\\\/IMG_1558.jpeg\",\"contentUrl\":\"https:\\\/\\\/quehacerpolitico.mx\\\/wp-content\\\/uploads\\\/2025\\\/07\\\/IMG_1558.jpeg\",\"width\":678,\"height\":452},{\"@type\":\"BreadcrumbList\",\"@id\":\"https:\\\/\\\/quehacerpolitico.mx\\\/?p=117544#breadcrumb\",\"itemListElement\":[{\"@type\":\"ListItem\",\"position\":1,\"name\":\"Inicio\",\"item\":\"https:\\\/\\\/quehacerpolitico.mx\\\/\"},{\"@type\":\"ListItem\",\"position\":2,\"name\":\"Caen 2.83% las exportaciones de autos en M\u00e9xico ante las presiones comerciales del gobierno de Trump\"}]},{\"@type\":\"WebSite\",\"@id\":\"https:\\\/\\\/quehacerpolitico.mx\\\/#website\",\"url\":\"https:\\\/\\\/quehacerpolitico.mx\\\/\",\"name\":\"\",\"description\":\"\",\"potentialAction\":[{\"@type\":\"SearchAction\",\"target\":{\"@type\":\"EntryPoint\",\"urlTemplate\":\"https:\\\/\\\/quehacerpolitico.mx\\\/?s={search_term_string}\"},\"query-input\":{\"@type\":\"PropertyValueSpecification\",\"valueRequired\":true,\"valueName\":\"search_term_string\"}}],\"inLanguage\":\"es\"},{\"@type\":\"Person\",\"@id\":\"https:\\\/\\\/quehacerpolitico.mx\\\/#\\\/schema\\\/person\\\/496d8ad2d1d3f8036101dca7ee39e585\",\"name\":\"Redacci\u00f3n QP\",\"image\":{\"@type\":\"ImageObject\",\"inLanguage\":\"es\",\"@id\":\"https:\\\/\\\/secure.gravatar.com\\\/avatar\\\/c7164ed6fdec453195284ad24a5ae5b6e1eed2b848477fa2a4787ba9adf39a41?s=96&d=mm&r=g\",\"url\":\"https:\\\/\\\/secure.gravatar.com\\\/avatar\\\/c7164ed6fdec453195284ad24a5ae5b6e1eed2b848477fa2a4787ba9adf39a41?s=96&d=mm&r=g\",\"contentUrl\":\"https:\\\/\\\/secure.gravatar.com\\\/avatar\\\/c7164ed6fdec453195284ad24a5ae5b6e1eed2b848477fa2a4787ba9adf39a41?s=96&d=mm&r=g\",\"caption\":\"Redacci\u00f3n QP\"},\"url\":\"https:\\\/\\\/quehacerpolitico.mx\\\/?author=2\"}]}<\/script>\n<!-- \/ Yoast SEO plugin. -->","yoast_head_json":{"title":"Caen 2.83% las exportaciones de autos en M\u00e9xico ante las presiones comerciales del gobierno de Trump -","robots":{"index":"index","follow":"follow","max-snippet":"max-snippet:-1","max-image-preview":"max-image-preview:large","max-video-preview":"max-video-preview:-1"},"canonical":"https:\/\/quehacerpolitico.mx\/?p=117544","og_locale":"es_MX","og_type":"article","og_title":"Caen 2.83% las exportaciones de autos en M\u00e9xico ante las presiones comerciales del gobierno de Trump -","og_description":"Por Redacci\u00f3n QP A pesar de la ca\u00edda en las ventas al extranjero, la producci\u00f3n...","og_url":"https:\/\/quehacerpolitico.mx\/?p=117544","article_published_time":"2025-07-07T18:38:08+00:00","article_modified_time":"2025-07-07T18:38:11+00:00","og_image":[{"width":678,"height":452,"url":"https:\/\/quehacerpolitico.mx\/wp-content\/uploads\/2025\/07\/IMG_1558.jpeg","type":"image\/jpeg"}],"author":"Redacci\u00f3n QP","twitter_card":"summary_large_image","twitter_misc":{"Escrito por":"Redacci\u00f3n QP","Tiempo de lectura":"2 minutos"},"schema":{"@context":"https:\/\/schema.org","@graph":[{"@type":"Article","@id":"https:\/\/quehacerpolitico.mx\/?p=117544#article","isPartOf":{"@id":"https:\/\/quehacerpolitico.mx\/?p=117544"},"author":{"name":"Redacci\u00f3n QP","@id":"https:\/\/quehacerpolitico.mx\/#\/schema\/person\/496d8ad2d1d3f8036101dca7ee39e585"},"headline":"Caen 2.83% las exportaciones de autos en M\u00e9xico ante las presiones comerciales del gobierno de Trump","datePublished":"2025-07-07T18:38:08+00:00","dateModified":"2025-07-07T18:38:11+00:00","mainEntityOfPage":{"@id":"https:\/\/quehacerpolitico.mx\/?p=117544"},"wordCount":503,"commentCount":0,"image":{"@id":"https:\/\/quehacerpolitico.mx\/?p=117544#primaryimage"},"thumbnailUrl":"https:\/\/quehacerpolitico.mx\/wp-content\/uploads\/2025\/07\/IMG_1558.jpeg","articleSection":["Econom\u00eda"],"inLanguage":"es","potentialAction":[{"@type":"CommentAction","name":"Comment","target":["https:\/\/quehacerpolitico.mx\/?p=117544#respond"]}]},{"@type":"WebPage","@id":"https:\/\/quehacerpolitico.mx\/?p=117544","url":"https:\/\/quehacerpolitico.mx\/?p=117544","name":"Caen 2.83% las exportaciones de autos en M\u00e9xico ante las presiones comerciales del gobierno de Trump -","isPartOf":{"@id":"https:\/\/quehacerpolitico.mx\/#website"},"primaryImageOfPage":{"@id":"https:\/\/quehacerpolitico.mx\/?p=117544#primaryimage"},"image":{"@id":"https:\/\/quehacerpolitico.mx\/?p=117544#primaryimage"},"thumbnailUrl":"https:\/\/quehacerpolitico.mx\/wp-content\/uploads\/2025\/07\/IMG_1558.jpeg","datePublished":"2025-07-07T18:38:08+00:00","dateModified":"2025-07-07T18:38:11+00:00","author":{"@id":"https:\/\/quehacerpolitico.mx\/#\/schema\/person\/496d8ad2d1d3f8036101dca7ee39e585"},"breadcrumb":{"@id":"https:\/\/quehacerpolitico.mx\/?p=117544#breadcrumb"},"inLanguage":"es","potentialAction":[{"@type":"ReadAction","target":["https:\/\/quehacerpolitico.mx\/?p=117544"]}]},{"@type":"ImageObject","inLanguage":"es","@id":"https:\/\/quehacerpolitico.mx\/?p=117544#primaryimage","url":"https:\/\/quehacerpolitico.mx\/wp-content\/uploads\/2025\/07\/IMG_1558.jpeg","contentUrl":"https:\/\/quehacerpolitico.mx\/wp-content\/uploads\/2025\/07\/IMG_1558.jpeg","width":678,"height":452},{"@type":"BreadcrumbList","@id":"https:\/\/quehacerpolitico.mx\/?p=117544#breadcrumb","itemListElement":[{"@type":"ListItem","position":1,"name":"Inicio","item":"https:\/\/quehacerpolitico.mx\/"},{"@type":"ListItem","position":2,"name":"Caen 2.83% las exportaciones de autos en M\u00e9xico ante las presiones comerciales del gobierno de Trump"}]},{"@type":"WebSite","@id":"https:\/\/quehacerpolitico.mx\/#website","url":"https:\/\/quehacerpolitico.mx\/","name":"","description":"","potentialAction":[{"@type":"SearchAction","target":{"@type":"EntryPoint","urlTemplate":"https:\/\/quehacerpolitico.mx\/?s={search_term_string}"},"query-input":{"@type":"PropertyValueSpecification","valueRequired":true,"valueName":"search_term_string"}}],"inLanguage":"es"},{"@type":"Person","@id":"https:\/\/quehacerpolitico.mx\/#\/schema\/person\/496d8ad2d1d3f8036101dca7ee39e585","name":"Redacci\u00f3n QP","image":{"@type":"ImageObject","inLanguage":"es","@id":"https:\/\/secure.gravatar.com\/avatar\/c7164ed6fdec453195284ad24a5ae5b6e1eed2b848477fa2a4787ba9adf39a41?s=96&d=mm&r=g","url":"https:\/\/secure.gravatar.com\/avatar\/c7164ed6fdec453195284ad24a5ae5b6e1eed2b848477fa2a4787ba9adf39a41?s=96&d=mm&r=g","contentUrl":"https:\/\/secure.gravatar.com\/avatar\/c7164ed6fdec453195284ad24a5ae5b6e1eed2b848477fa2a4787ba9adf39a41?s=96&d=mm&r=g","caption":"Redacci\u00f3n QP"},"url":"https:\/\/quehacerpolitico.mx\/?author=2"}]}},"featured_image_urls":{"full":["https:\/\/quehacerpolitico.mx\/wp-content\/uploads\/2025\/07\/IMG_1558.jpeg",678,452,false],"thumbnail":["https:\/\/quehacerpolitico.mx\/wp-content\/uploads\/2025\/07\/IMG_1558-150x150.jpeg",150,150,true],"medium":["https:\/\/quehacerpolitico.mx\/wp-content\/uploads\/2025\/07\/IMG_1558-300x200.jpeg",300,200,true],"medium_large":["https:\/\/quehacerpolitico.mx\/wp-content\/uploads\/2025\/07\/IMG_1558.jpeg",640,427,false],"large":["https:\/\/quehacerpolitico.mx\/wp-content\/uploads\/2025\/07\/IMG_1558.jpeg",640,427,false],"1536x1536":["https:\/\/quehacerpolitico.mx\/wp-content\/uploads\/2025\/07\/IMG_1558.jpeg",678,452,false],"2048x2048":["https:\/\/quehacerpolitico.mx\/wp-content\/uploads\/2025\/07\/IMG_1558.jpeg",678,452,false],"covernews-featured":["https:\/\/quehacerpolitico.mx\/wp-content\/uploads\/2025\/07\/IMG_1558.jpeg",678,452,false],"covernews-medium":["https:\/\/quehacerpolitico.mx\/wp-content\/uploads\/2025\/07\/IMG_1558-540x340.jpeg",540,340,true]},"author_info":{"display_name":"Redacci\u00f3n QP","author_link":"https:\/\/quehacerpolitico.mx\/?author=2"},"category_info":"<a href=\"https:\/\/quehacerpolitico.mx\/?cat=56\" rel=\"category\">Econom\u00eda<\/a>","tag_info":"Econom\u00eda","comment_count":"0","_links":{"self":[{"href":"https:\/\/quehacerpolitico.mx\/index.php?rest_route=\/wp\/v2\/posts\/117544","targetHints":{"allow":["GET"]}}],"collection":[{"href":"https:\/\/quehacerpolitico.mx\/index.php?rest_route=\/wp\/v2\/posts"}],"about":[{"href":"https:\/\/quehacerpolitico.mx\/index.php?rest_route=\/wp\/v2\/types\/post"}],"author":[{"embeddable":true,"href":"https:\/\/quehacerpolitico.mx\/index.php?rest_route=\/wp\/v2\/users\/2"}],"replies":[{"embeddable":true,"href":"https:\/\/quehacerpolitico.mx\/index.php?rest_route=%2Fwp%2Fv2%2Fcomments&post=117544"}],"version-history":[{"count":1,"href":"https:\/\/quehacerpolitico.mx\/index.php?rest_route=\/wp\/v2\/posts\/117544\/revisions"}],"predecessor-version":[{"id":117546,"href":"https:\/\/quehacerpolitico.mx\/index.php?rest_route=\/wp\/v2\/posts\/117544\/revisions\/117546"}],"wp:featuredmedia":[{"embeddable":true,"href":"https:\/\/quehacerpolitico.mx\/index.php?rest_route=\/wp\/v2\/media\/117545"}],"wp:attachment":[{"href":"https:\/\/quehacerpolitico.mx\/index.php?rest_route=%2Fwp%2Fv2%2Fmedia&parent=117544"}],"wp:term":[{"taxonomy":"category","embeddable":true,"href":"https:\/\/quehacerpolitico.mx\/index.php?rest_route=%2Fwp%2Fv2%2Fcategories&post=117544"},{"taxonomy":"post_tag","embeddable":true,"href":"https:\/\/quehacerpolitico.mx\/index.php?rest_route=%2Fwp%2Fv2%2Ftags&post=117544"}],"curies":[{"name":"wp","href":"https:\/\/api.w.org\/{rel}","templated":true}]}}