{"id":117522,"date":"2025-07-06T20:20:10","date_gmt":"2025-07-07T02:20:10","guid":{"rendered":"https:\/\/quehacerpolitico.mx\/?p=117522"},"modified":"2025-07-06T20:20:12","modified_gmt":"2025-07-07T02:20:12","slug":"mexico-le-gana-2-1-a-estados-unidos-y-es-campeon-de-la-copa-de-oro","status":"publish","type":"post","link":"https:\/\/quehacerpolitico.mx\/?p=117522","title":{"rendered":"M\u00e9xico le gana 2-1 a Estados Unidos y es Campe\u00f3n de la Copa de Oro"},"content":{"rendered":"\n<p>Por Redacci\u00f3n QP<\/p>\n\n\n\n<p>El Tricolor venci\u00f3 2-1 a Estados Unidos en la Gran Final del torneo m\u00e1s importante del \u00e1rea para sumar su d\u00e9cima estrella dorada<\/p>\n\n\n\n<p><strong>La Selecci\u00f3n Mexicana volvi\u00f3 a levantar la Copa Oro<\/strong>. Lo hizo con car\u00e1cter, con orgullo, con historia en la espalda y futuro en los botines. Ante m\u00e1s de 71 mil espectadores en el NRG Stadium de Houston,&nbsp;el Tricolor venci\u00f3 2-1 a Estados Unidos en la Gran Final del torneo m\u00e1s importante del \u00e1rea, y sum\u00f3 as\u00ed su d\u00e9cima estrella dorada, confirm\u00e1ndose como el m\u00e1s grande de la Concacaf.<\/p>\n\n\n\n<p>Fue una noche cargada de emoci\u00f3n y simbolismo.&nbsp;<strong>La rivalidad hist\u00f3rica entre M\u00e9xico y Estados Unidos vivi\u00f3 otro cap\u00edtulo apasionante<\/strong>, y el conjunto dirigido por Javier Aguirre escribi\u00f3 una nueva p\u00e1gina de gloria en los libros del futbol mexicano. No solo volvi\u00f3 a vencer al ac\u00e9rrimo rival en una final, como en 1993, 1998, 2009, 2011 y 2019, sino que lo hizo en territorio estadounidense, como en las grandes gestas del pasado.<\/p>\n\n\n\n<figure class=\"wp-block-gallery has-nested-images columns-default is-cropped wp-block-gallery-1 is-layout-flex wp-block-gallery-is-layout-flex\">\n<figure class=\"wp-block-image size-large\"><img loading=\"lazy\" decoding=\"async\" width=\"1024\" height=\"682\" data-id=\"117523\" src=\"https:\/\/quehacerpolitico.mx\/wp-content\/uploads\/2025\/07\/IMG_1542-1024x682.jpeg\" alt=\"\" class=\"wp-image-117523\" srcset=\"https:\/\/quehacerpolitico.mx\/wp-content\/uploads\/2025\/07\/IMG_1542-1024x682.jpeg 1024w, https:\/\/quehacerpolitico.mx\/wp-content\/uploads\/2025\/07\/IMG_1542-300x200.jpeg 300w, https:\/\/quehacerpolitico.mx\/wp-content\/uploads\/2025\/07\/IMG_1542-768x512.jpeg 768w, https:\/\/quehacerpolitico.mx\/wp-content\/uploads\/2025\/07\/IMG_1542.jpeg 1280w\" sizes=\"auto, (max-width: 1024px) 100vw, 1024px\" \/><\/figure>\n\n\n\n<figure class=\"wp-block-image size-large\"><img loading=\"lazy\" decoding=\"async\" width=\"819\" height=\"1024\" data-id=\"117524\" src=\"https:\/\/quehacerpolitico.mx\/wp-content\/uploads\/2025\/07\/IMG_1544-819x1024.jpeg\" alt=\"\" class=\"wp-image-117524\" srcset=\"https:\/\/quehacerpolitico.mx\/wp-content\/uploads\/2025\/07\/IMG_1544-819x1024.jpeg 819w, https:\/\/quehacerpolitico.mx\/wp-content\/uploads\/2025\/07\/IMG_1544-240x300.jpeg 240w, https:\/\/quehacerpolitico.mx\/wp-content\/uploads\/2025\/07\/IMG_1544-768x960.jpeg 768w, https:\/\/quehacerpolitico.mx\/wp-content\/uploads\/2025\/07\/IMG_1544-1024x1280.jpeg 1024w, https:\/\/quehacerpolitico.mx\/wp-content\/uploads\/2025\/07\/IMG_1544.jpeg 1200w\" sizes=\"auto, (max-width: 819px) 100vw, 819px\" \/><\/figure>\n\n\n\n<figure class=\"wp-block-image size-large\"><img loading=\"lazy\" decoding=\"async\" width=\"819\" height=\"1024\" data-id=\"117525\" src=\"https:\/\/quehacerpolitico.mx\/wp-content\/uploads\/2025\/07\/IMG_1546-819x1024.jpeg\" alt=\"\" class=\"wp-image-117525\" srcset=\"https:\/\/quehacerpolitico.mx\/wp-content\/uploads\/2025\/07\/IMG_1546-819x1024.jpeg 819w, https:\/\/quehacerpolitico.mx\/wp-content\/uploads\/2025\/07\/IMG_1546-240x300.jpeg 240w, https:\/\/quehacerpolitico.mx\/wp-content\/uploads\/2025\/07\/IMG_1546-768x960.jpeg 768w, https:\/\/quehacerpolitico.mx\/wp-content\/uploads\/2025\/07\/IMG_1546-1229x1536.jpeg 1229w, https:\/\/quehacerpolitico.mx\/wp-content\/uploads\/2025\/07\/IMG_1546-1024x1280.jpeg 1024w, https:\/\/quehacerpolitico.mx\/wp-content\/uploads\/2025\/07\/IMG_1546.jpeg 1638w\" sizes=\"auto, (max-width: 819px) 100vw, 819px\" \/><\/figure>\n\n\n\n<figure class=\"wp-block-image size-large\"><img loading=\"lazy\" decoding=\"async\" width=\"819\" height=\"1024\" data-id=\"117526\" src=\"https:\/\/quehacerpolitico.mx\/wp-content\/uploads\/2025\/07\/IMG_1547-819x1024.jpeg\" alt=\"\" class=\"wp-image-117526\" srcset=\"https:\/\/quehacerpolitico.mx\/wp-content\/uploads\/2025\/07\/IMG_1547-819x1024.jpeg 819w, https:\/\/quehacerpolitico.mx\/wp-content\/uploads\/2025\/07\/IMG_1547-240x300.jpeg 240w, https:\/\/quehacerpolitico.mx\/wp-content\/uploads\/2025\/07\/IMG_1547-768x960.jpeg 768w, https:\/\/quehacerpolitico.mx\/wp-content\/uploads\/2025\/07\/IMG_1547-1024x1280.jpeg 1024w, https:\/\/quehacerpolitico.mx\/wp-content\/uploads\/2025\/07\/IMG_1547.jpeg 1200w\" sizes=\"auto, (max-width: 819px) 100vw, 819px\" \/><\/figure>\n<\/figure>\n\n\n\n<p>Adem\u00e1s,&nbsp;el Tricolor obtiene la segunda Copa de manera consecutiva, luego de haber obtenido la de la edici\u00f3n pasada, venciendo a Panam\u00e1 en la Final con gol de Santiago Gim\u00e9nez y dirigidos por Jaime Lozano.<\/p>\n\n\n\n<p>El inicio fue cuesta arriba. Apenas al minuto 3,&nbsp;<strong>Chris Richards<\/strong>&nbsp;adelant\u00f3 al conjunto de las barras y las estrellas con un certero remate de cabeza que se estrell\u00f3 en el travesa\u00f1o y cruz\u00f3 la l\u00ednea de gol. Pero M\u00e9xico no se desmoron\u00f3. Por el contrario, sac\u00f3 lo mejor de s\u00ed en su mejor partido del torneo, justo cuando m\u00e1s se necesitaba.<\/p>\n\n\n\n<figure class=\"wp-block-image size-large\"><img loading=\"lazy\" decoding=\"async\" width=\"1024\" height=\"576\" src=\"https:\/\/quehacerpolitico.mx\/wp-content\/uploads\/2025\/07\/image-1-1024x576.jpeg\" alt=\"\" class=\"wp-image-117527\" srcset=\"https:\/\/quehacerpolitico.mx\/wp-content\/uploads\/2025\/07\/image-1-1024x576.jpeg 1024w, https:\/\/quehacerpolitico.mx\/wp-content\/uploads\/2025\/07\/image-1-300x169.jpeg 300w, https:\/\/quehacerpolitico.mx\/wp-content\/uploads\/2025\/07\/image-1-768x432.jpeg 768w, https:\/\/quehacerpolitico.mx\/wp-content\/uploads\/2025\/07\/image-1-1536x864.jpeg 1536w, https:\/\/quehacerpolitico.mx\/wp-content\/uploads\/2025\/07\/image-1.jpeg 2048w\" sizes=\"auto, (max-width: 1024px) 100vw, 1024px\" \/><\/figure>\n\n\n\n<p>El empate lleg\u00f3 al minuto 26 con un golazo de&nbsp;<strong>Ra\u00fal Jim\u00e9nez<\/strong>, que volvi\u00f3 a ser ese delantero confiable y letal. Marcel Ruiz le filtr\u00f3 un pase magistral, y el &#8220;Lobo de Tepeji&#8221; defini\u00f3 con potencia y calidad. Ya en la segunda mitad, M\u00e9xico dio el golpe definitivo: en un doble cabezazo dentro del \u00e1rea, Johan V\u00e1squez pein\u00f3 la pelota y&nbsp;<strong>Edson \u00c1lvarez<\/strong>, con una palomita precisa, marc\u00f3 el 2-1. El VAR corrigi\u00f3 una injusticia: inicialmente se hab\u00eda anulado por fuera de lugar, pero el gol fue leg\u00edtimo.<\/p>\n\n\n\n<figure class=\"wp-block-image size-large\"><img loading=\"lazy\" decoding=\"async\" width=\"1024\" height=\"576\" src=\"https:\/\/quehacerpolitico.mx\/wp-content\/uploads\/2025\/07\/image-2-1024x576.jpeg\" alt=\"\" class=\"wp-image-117528\" srcset=\"https:\/\/quehacerpolitico.mx\/wp-content\/uploads\/2025\/07\/image-2-1024x576.jpeg 1024w, https:\/\/quehacerpolitico.mx\/wp-content\/uploads\/2025\/07\/image-2-300x169.jpeg 300w, https:\/\/quehacerpolitico.mx\/wp-content\/uploads\/2025\/07\/image-2-768x432.jpeg 768w, https:\/\/quehacerpolitico.mx\/wp-content\/uploads\/2025\/07\/image-2-1536x864.jpeg 1536w, https:\/\/quehacerpolitico.mx\/wp-content\/uploads\/2025\/07\/image-2.jpeg 2048w\" sizes=\"auto, (max-width: 1024px) 100vw, 1024px\" \/><\/figure>\n\n\n\n<p>Con este gol en la Final, Ra\u00fal&nbsp;Jim\u00e9nez lleg\u00f3 a 42 goles vistiendo la playera del Tricolor,&nbsp;y persigue de cerca a los dos mejores goleadores en la historia de la Selecci\u00f3n, ya que Jared Borgetti tiene 46, mientras que Javier \u201cChicharito\u201d Hern\u00e1ndez, todav\u00eda es el m\u00e1ximo anotador con 52 anotaciones.<\/p>\n\n\n\n<p>As\u00ed,&nbsp;<strong>M\u00e9xico se alz\u00f3 con su d\u00e9cima Copa Oro y suma adem\u00e1s el t\u00edtulo de la Nations League<\/strong>, cerrando de forma brillante su camino rumbo a la Copa del Mundo de 2026, que se jugar\u00e1 en casa.<\/p>\n\n\n\n<figure class=\"wp-block-embed is-type-rich is-provider-twitter wp-block-embed-twitter\"><div class=\"wp-block-embed__wrapper\">\n<blockquote class=\"twitter-tweet\" data-width=\"550\" data-dnt=\"true\"><p lang=\"es\" dir=\"ltr\">Incondicionales\u2026 \u00a1Somos Bicampeones! <br><br>Con orgullo y esfuerzo, la preparaci\u00f3n al 2026 contin\u00faa y, hoy, nos llevamos el trofeo del \u00e1rea a casa. \ud83c\udfc6<a href=\"https:\/\/twitter.com\/ATTMx?ref_src=twsrc%5Etfw\">@ATTMx<\/a> <a href=\"https:\/\/twitter.com\/hashtag\/PorM%C3%A9xicoTodo?src=hash&amp;ref_src=twsrc%5Etfw\">#PorM\u00e9xicoTodo<\/a> \ud83c\uddf2\ud83c\uddfd<br><br>* Publicidad para M\u00e9xico <a href=\"https:\/\/t.co\/Uxznqqc8ru\">pic.twitter.com\/Uxznqqc8ru<\/a><\/p>&mdash; Selecci\u00f3n Nacional (@miseleccionmx) <a href=\"https:\/\/twitter.com\/miseleccionmx\/status\/1942028568768270490?ref_src=twsrc%5Etfw\">July 7, 2025<\/a><\/blockquote><script async src=\"https:\/\/platform.twitter.com\/widgets.js\" charset=\"utf-8\"><\/script>\n<\/div><\/figure>\n\n\n\n<p>No fue un torneo sencillo: el funcionamiento hab\u00eda dejado dudas. Pero ante el rival de siempre, en la instancia m\u00e1s importante, el Tricolor volvi\u00f3 a ser grande. Porque en Concacaf, la historia sigue pintada de verde.<\/p>\n\n\n\n<figure class=\"wp-block-embed is-type-video is-provider-youtube wp-block-embed-youtube wp-embed-aspect-16-9 wp-has-aspect-ratio\"><div class=\"wp-block-embed__wrapper\">\n<iframe loading=\"lazy\" title=\"Resumen y goles - Estados Unidos 1-2 M\u00e9xico | Copa Oro - Final 2025 | TUDN\" width=\"640\" height=\"360\" src=\"https:\/\/www.youtube.com\/embed\/-uBJ_YA0ETM?feature=oembed\" frameborder=\"0\" allow=\"accelerometer; autoplay; clipboard-write; encrypted-media; gyroscope; picture-in-picture; web-share\" referrerpolicy=\"strict-origin-when-cross-origin\" allowfullscreen><\/iframe>\n<\/div><\/figure>\n\n\n\n<h2 class=\"wp-block-heading\">ALINEACIONES<\/h2>\n\n\n\n<h3 class=\"wp-block-heading\">ESTADOS UNIDOS<\/h3>\n\n\n\n<p><strong>PORTERO<\/strong><\/p>\n\n\n\n<ul class=\"wp-block-list\">\n<li>25. Matthew Freese<\/li>\n<\/ul>\n\n\n\n<p><strong>DEFENSAS<\/strong><\/p>\n\n\n\n<ul class=\"wp-block-list\">\n<li>13. Tim Ream<\/li>\n\n\n\n<li>3. Chris Richards<\/li>\n\n\n\n<li>18. Max Arfsten<\/li>\n\n\n\n<li>(86\u2019 2. J. Tolkin)<\/li>\n\n\n\n<li>16. Alex Freeman<\/li>\n<\/ul>\n\n\n\n<p><strong>MEDIOCAMPISTAS<\/strong><\/p>\n\n\n\n<ul class=\"wp-block-list\">\n<li>8. Sebastian Berhalter<\/li>\n\n\n\n<li>17. Malik Tillman<\/li>\n\n\n\n<li>14. Luca de la Torre<\/li>\n\n\n\n<li>(68\u2019 9. D. Downs)<\/li>\n\n\n\n<li>4. Tyler Adams<\/li>\n\n\n\n<li>(82\u2019 6. J. McGlynn)<\/li>\n<\/ul>\n\n\n\n<p><strong>DELANTEROS<\/strong><\/p>\n\n\n\n<ul class=\"wp-block-list\">\n<li>10. Diego Luna<\/li>\n\n\n\n<li>(86\u2019 11. B. Aaronson)<\/li>\n\n\n\n<li>24. Patrick Agyemang<\/li>\n<\/ul>\n\n\n\n<p><strong>D.T.<\/strong>&nbsp;Mauricio Pochettino&nbsp;<\/p>\n\n\n\n<h2 class=\"wp-block-heading\">M\u00c9XICO<\/h2>\n\n\n\n<p><strong>PORTERO<\/strong><\/p>\n\n\n\n<ul class=\"wp-block-list\">\n<li>1. Luis Malag\u00f3n<\/li>\n<\/ul>\n\n\n\n<p><strong>DEFENSAS<\/strong><\/p>\n\n\n\n<ul class=\"wp-block-list\">\n<li>2. Jorge S\u00e1nchez<\/li>\n\n\n\n<li>(85\u2019 15. I. Reyes)<\/li>\n\n\n\n<li>5. Johan V\u00e1squez<\/li>\n\n\n\n<li>3. C\u00e9sar Montes<\/li>\n\n\n\n<li>23. Jes\u00fas Gallardo<\/li>\n<\/ul>\n\n\n\n<p><strong>MEDIOCAMPISTAS<\/strong><\/p>\n\n\n\n<ul class=\"wp-block-list\">\n<li>7. Gilberto Mora<\/li>\n\n\n\n<li>(74\u2019 17. O. Pineda)<\/li>\n\n\n\n<li>4. Edson \u00c1lvarez<\/li>\n\n\n\n<li>14. Marcel Ruiz<\/li>\n<\/ul>\n\n\n\n<p><strong>DELANTEROS<\/strong><\/p>\n\n\n\n<ul class=\"wp-block-list\">\n<li>25. Roberto Alvarado<\/li>\n\n\n\n<li>(86\u2019 21. C. Huerta)<\/li>\n\n\n\n<li>9. Ra\u00fal Jim\u00e9nez<\/li>\n\n\n\n<li>(85\u2019 11. S. Gim\u00e9nez)<\/li>\n\n\n\n<li>10. Alexis Vega<\/li>\n<\/ul>\n\n\n\n<p><strong>D.T.<\/strong>&nbsp;Javier Aguirre<\/p>\n\n\n\n<p><br><br><br><br><\/p>\n","protected":false},"excerpt":{"rendered":"<p>Por Redacci\u00f3n QP El Tricolor venci\u00f3 2-1 a Estados Unidos en la Gran Final del&#8230;<\/p>\n","protected":false},"author":2,"featured_media":117529,"comment_status":"open","ping_status":"open","sticky":false,"template":"","format":"standard","meta":{"_monsterinsights_skip_tracking":false,"_monsterinsights_sitenote_active":false,"_monsterinsights_sitenote_note":"","_monsterinsights_sitenote_category":0,"footnotes":""},"categories":[54],"tags":[],"class_list":["post-117522","post","type-post","status-publish","format-standard","has-post-thumbnail","hentry","category-deportes"],"yoast_head":"<!-- This site is optimized with the Yoast SEO plugin v27.3 - https:\/\/yoast.com\/product\/yoast-seo-wordpress\/ -->\n<title>M\u00e9xico le gana 2-1 a Estados Unidos y es Campe\u00f3n de la Copa de Oro -<\/title>\n<meta name=\"robots\" content=\"index, follow, max-snippet:-1, max-image-preview:large, max-video-preview:-1\" \/>\n<link rel=\"canonical\" href=\"https:\/\/quehacerpolitico.mx\/?p=117522\" \/>\n<meta property=\"og:locale\" content=\"es_MX\" \/>\n<meta property=\"og:type\" content=\"article\" \/>\n<meta property=\"og:title\" content=\"M\u00e9xico le gana 2-1 a Estados Unidos y es Campe\u00f3n de la Copa de Oro -\" \/>\n<meta property=\"og:description\" content=\"Por Redacci\u00f3n QP El Tricolor venci\u00f3 2-1 a Estados Unidos en la Gran Final del...\" \/>\n<meta property=\"og:url\" content=\"https:\/\/quehacerpolitico.mx\/?p=117522\" \/>\n<meta property=\"article:published_time\" content=\"2025-07-07T02:20:10+00:00\" \/>\n<meta property=\"article:modified_time\" content=\"2025-07-07T02:20:12+00:00\" \/>\n<meta property=\"og:image\" content=\"https:\/\/quehacerpolitico.mx\/wp-content\/uploads\/2025\/07\/IMG_1542-1.jpeg\" \/>\n\t<meta property=\"og:image:width\" content=\"1280\" \/>\n\t<meta property=\"og:image:height\" content=\"853\" \/>\n\t<meta property=\"og:image:type\" content=\"image\/jpeg\" \/>\n<meta name=\"author\" content=\"Redacci\u00f3n QP\" \/>\n<meta name=\"twitter:card\" content=\"summary_large_image\" \/>\n<meta name=\"twitter:label1\" content=\"Escrito por\" \/>\n\t<meta name=\"twitter:data1\" content=\"Redacci\u00f3n QP\" \/>\n\t<meta name=\"twitter:label2\" content=\"Tiempo de lectura\" \/>\n\t<meta name=\"twitter:data2\" content=\"3 minutos\" \/>\n<script type=\"application\/ld+json\" class=\"yoast-schema-graph\">{\"@context\":\"https:\\\/\\\/schema.org\",\"@graph\":[{\"@type\":\"Article\",\"@id\":\"https:\\\/\\\/quehacerpolitico.mx\\\/?p=117522#article\",\"isPartOf\":{\"@id\":\"https:\\\/\\\/quehacerpolitico.mx\\\/?p=117522\"},\"author\":{\"name\":\"Redacci\u00f3n QP\",\"@id\":\"https:\\\/\\\/quehacerpolitico.mx\\\/#\\\/schema\\\/person\\\/496d8ad2d1d3f8036101dca7ee39e585\"},\"headline\":\"M\u00e9xico le gana 2-1 a Estados Unidos y es Campe\u00f3n de la Copa de Oro\",\"datePublished\":\"2025-07-07T02:20:10+00:00\",\"dateModified\":\"2025-07-07T02:20:12+00:00\",\"mainEntityOfPage\":{\"@id\":\"https:\\\/\\\/quehacerpolitico.mx\\\/?p=117522\"},\"wordCount\":643,\"commentCount\":0,\"image\":{\"@id\":\"https:\\\/\\\/quehacerpolitico.mx\\\/?p=117522#primaryimage\"},\"thumbnailUrl\":\"https:\\\/\\\/quehacerpolitico.mx\\\/wp-content\\\/uploads\\\/2025\\\/07\\\/IMG_1542-1.jpeg\",\"articleSection\":[\"Deportes\"],\"inLanguage\":\"es\",\"potentialAction\":[{\"@type\":\"CommentAction\",\"name\":\"Comment\",\"target\":[\"https:\\\/\\\/quehacerpolitico.mx\\\/?p=117522#respond\"]}]},{\"@type\":\"WebPage\",\"@id\":\"https:\\\/\\\/quehacerpolitico.mx\\\/?p=117522\",\"url\":\"https:\\\/\\\/quehacerpolitico.mx\\\/?p=117522\",\"name\":\"M\u00e9xico le gana 2-1 a Estados Unidos y es Campe\u00f3n de la Copa de Oro -\",\"isPartOf\":{\"@id\":\"https:\\\/\\\/quehacerpolitico.mx\\\/#website\"},\"primaryImageOfPage\":{\"@id\":\"https:\\\/\\\/quehacerpolitico.mx\\\/?p=117522#primaryimage\"},\"image\":{\"@id\":\"https:\\\/\\\/quehacerpolitico.mx\\\/?p=117522#primaryimage\"},\"thumbnailUrl\":\"https:\\\/\\\/quehacerpolitico.mx\\\/wp-content\\\/uploads\\\/2025\\\/07\\\/IMG_1542-1.jpeg\",\"datePublished\":\"2025-07-07T02:20:10+00:00\",\"dateModified\":\"2025-07-07T02:20:12+00:00\",\"author\":{\"@id\":\"https:\\\/\\\/quehacerpolitico.mx\\\/#\\\/schema\\\/person\\\/496d8ad2d1d3f8036101dca7ee39e585\"},\"breadcrumb\":{\"@id\":\"https:\\\/\\\/quehacerpolitico.mx\\\/?p=117522#breadcrumb\"},\"inLanguage\":\"es\",\"potentialAction\":[{\"@type\":\"ReadAction\",\"target\":[\"https:\\\/\\\/quehacerpolitico.mx\\\/?p=117522\"]}]},{\"@type\":\"ImageObject\",\"inLanguage\":\"es\",\"@id\":\"https:\\\/\\\/quehacerpolitico.mx\\\/?p=117522#primaryimage\",\"url\":\"https:\\\/\\\/quehacerpolitico.mx\\\/wp-content\\\/uploads\\\/2025\\\/07\\\/IMG_1542-1.jpeg\",\"contentUrl\":\"https:\\\/\\\/quehacerpolitico.mx\\\/wp-content\\\/uploads\\\/2025\\\/07\\\/IMG_1542-1.jpeg\",\"width\":1280,\"height\":853},{\"@type\":\"BreadcrumbList\",\"@id\":\"https:\\\/\\\/quehacerpolitico.mx\\\/?p=117522#breadcrumb\",\"itemListElement\":[{\"@type\":\"ListItem\",\"position\":1,\"name\":\"Inicio\",\"item\":\"https:\\\/\\\/quehacerpolitico.mx\\\/\"},{\"@type\":\"ListItem\",\"position\":2,\"name\":\"M\u00e9xico le gana 2-1 a Estados Unidos y es Campe\u00f3n de la Copa de Oro\"}]},{\"@type\":\"WebSite\",\"@id\":\"https:\\\/\\\/quehacerpolitico.mx\\\/#website\",\"url\":\"https:\\\/\\\/quehacerpolitico.mx\\\/\",\"name\":\"\",\"description\":\"\",\"potentialAction\":[{\"@type\":\"SearchAction\",\"target\":{\"@type\":\"EntryPoint\",\"urlTemplate\":\"https:\\\/\\\/quehacerpolitico.mx\\\/?s={search_term_string}\"},\"query-input\":{\"@type\":\"PropertyValueSpecification\",\"valueRequired\":true,\"valueName\":\"search_term_string\"}}],\"inLanguage\":\"es\"},{\"@type\":\"Person\",\"@id\":\"https:\\\/\\\/quehacerpolitico.mx\\\/#\\\/schema\\\/person\\\/496d8ad2d1d3f8036101dca7ee39e585\",\"name\":\"Redacci\u00f3n QP\",\"image\":{\"@type\":\"ImageObject\",\"inLanguage\":\"es\",\"@id\":\"https:\\\/\\\/secure.gravatar.com\\\/avatar\\\/c7164ed6fdec453195284ad24a5ae5b6e1eed2b848477fa2a4787ba9adf39a41?s=96&d=mm&r=g\",\"url\":\"https:\\\/\\\/secure.gravatar.com\\\/avatar\\\/c7164ed6fdec453195284ad24a5ae5b6e1eed2b848477fa2a4787ba9adf39a41?s=96&d=mm&r=g\",\"contentUrl\":\"https:\\\/\\\/secure.gravatar.com\\\/avatar\\\/c7164ed6fdec453195284ad24a5ae5b6e1eed2b848477fa2a4787ba9adf39a41?s=96&d=mm&r=g\",\"caption\":\"Redacci\u00f3n QP\"},\"url\":\"https:\\\/\\\/quehacerpolitico.mx\\\/?author=2\"}]}<\/script>\n<!-- \/ Yoast SEO plugin. -->","yoast_head_json":{"title":"M\u00e9xico le gana 2-1 a Estados Unidos y es Campe\u00f3n de la Copa de Oro -","robots":{"index":"index","follow":"follow","max-snippet":"max-snippet:-1","max-image-preview":"max-image-preview:large","max-video-preview":"max-video-preview:-1"},"canonical":"https:\/\/quehacerpolitico.mx\/?p=117522","og_locale":"es_MX","og_type":"article","og_title":"M\u00e9xico le gana 2-1 a Estados Unidos y es Campe\u00f3n de la Copa de Oro -","og_description":"Por Redacci\u00f3n QP El Tricolor venci\u00f3 2-1 a Estados Unidos en la Gran Final del...","og_url":"https:\/\/quehacerpolitico.mx\/?p=117522","article_published_time":"2025-07-07T02:20:10+00:00","article_modified_time":"2025-07-07T02:20:12+00:00","og_image":[{"width":1280,"height":853,"url":"https:\/\/quehacerpolitico.mx\/wp-content\/uploads\/2025\/07\/IMG_1542-1.jpeg","type":"image\/jpeg"}],"author":"Redacci\u00f3n QP","twitter_card":"summary_large_image","twitter_misc":{"Escrito por":"Redacci\u00f3n QP","Tiempo de lectura":"3 minutos"},"schema":{"@context":"https:\/\/schema.org","@graph":[{"@type":"Article","@id":"https:\/\/quehacerpolitico.mx\/?p=117522#article","isPartOf":{"@id":"https:\/\/quehacerpolitico.mx\/?p=117522"},"author":{"name":"Redacci\u00f3n QP","@id":"https:\/\/quehacerpolitico.mx\/#\/schema\/person\/496d8ad2d1d3f8036101dca7ee39e585"},"headline":"M\u00e9xico le gana 2-1 a Estados Unidos y es Campe\u00f3n de la Copa de Oro","datePublished":"2025-07-07T02:20:10+00:00","dateModified":"2025-07-07T02:20:12+00:00","mainEntityOfPage":{"@id":"https:\/\/quehacerpolitico.mx\/?p=117522"},"wordCount":643,"commentCount":0,"image":{"@id":"https:\/\/quehacerpolitico.mx\/?p=117522#primaryimage"},"thumbnailUrl":"https:\/\/quehacerpolitico.mx\/wp-content\/uploads\/2025\/07\/IMG_1542-1.jpeg","articleSection":["Deportes"],"inLanguage":"es","potentialAction":[{"@type":"CommentAction","name":"Comment","target":["https:\/\/quehacerpolitico.mx\/?p=117522#respond"]}]},{"@type":"WebPage","@id":"https:\/\/quehacerpolitico.mx\/?p=117522","url":"https:\/\/quehacerpolitico.mx\/?p=117522","name":"M\u00e9xico le gana 2-1 a Estados Unidos y es Campe\u00f3n de la Copa de Oro -","isPartOf":{"@id":"https:\/\/quehacerpolitico.mx\/#website"},"primaryImageOfPage":{"@id":"https:\/\/quehacerpolitico.mx\/?p=117522#primaryimage"},"image":{"@id":"https:\/\/quehacerpolitico.mx\/?p=117522#primaryimage"},"thumbnailUrl":"https:\/\/quehacerpolitico.mx\/wp-content\/uploads\/2025\/07\/IMG_1542-1.jpeg","datePublished":"2025-07-07T02:20:10+00:00","dateModified":"2025-07-07T02:20:12+00:00","author":{"@id":"https:\/\/quehacerpolitico.mx\/#\/schema\/person\/496d8ad2d1d3f8036101dca7ee39e585"},"breadcrumb":{"@id":"https:\/\/quehacerpolitico.mx\/?p=117522#breadcrumb"},"inLanguage":"es","potentialAction":[{"@type":"ReadAction","target":["https:\/\/quehacerpolitico.mx\/?p=117522"]}]},{"@type":"ImageObject","inLanguage":"es","@id":"https:\/\/quehacerpolitico.mx\/?p=117522#primaryimage","url":"https:\/\/quehacerpolitico.mx\/wp-content\/uploads\/2025\/07\/IMG_1542-1.jpeg","contentUrl":"https:\/\/quehacerpolitico.mx\/wp-content\/uploads\/2025\/07\/IMG_1542-1.jpeg","width":1280,"height":853},{"@type":"BreadcrumbList","@id":"https:\/\/quehacerpolitico.mx\/?p=117522#breadcrumb","itemListElement":[{"@type":"ListItem","position":1,"name":"Inicio","item":"https:\/\/quehacerpolitico.mx\/"},{"@type":"ListItem","position":2,"name":"M\u00e9xico le gana 2-1 a Estados Unidos y es Campe\u00f3n de la Copa de Oro"}]},{"@type":"WebSite","@id":"https:\/\/quehacerpolitico.mx\/#website","url":"https:\/\/quehacerpolitico.mx\/","name":"","description":"","potentialAction":[{"@type":"SearchAction","target":{"@type":"EntryPoint","urlTemplate":"https:\/\/quehacerpolitico.mx\/?s={search_term_string}"},"query-input":{"@type":"PropertyValueSpecification","valueRequired":true,"valueName":"search_term_string"}}],"inLanguage":"es"},{"@type":"Person","@id":"https:\/\/quehacerpolitico.mx\/#\/schema\/person\/496d8ad2d1d3f8036101dca7ee39e585","name":"Redacci\u00f3n QP","image":{"@type":"ImageObject","inLanguage":"es","@id":"https:\/\/secure.gravatar.com\/avatar\/c7164ed6fdec453195284ad24a5ae5b6e1eed2b848477fa2a4787ba9adf39a41?s=96&d=mm&r=g","url":"https:\/\/secure.gravatar.com\/avatar\/c7164ed6fdec453195284ad24a5ae5b6e1eed2b848477fa2a4787ba9adf39a41?s=96&d=mm&r=g","contentUrl":"https:\/\/secure.gravatar.com\/avatar\/c7164ed6fdec453195284ad24a5ae5b6e1eed2b848477fa2a4787ba9adf39a41?s=96&d=mm&r=g","caption":"Redacci\u00f3n QP"},"url":"https:\/\/quehacerpolitico.mx\/?author=2"}]}},"featured_image_urls":{"full":["https:\/\/quehacerpolitico.mx\/wp-content\/uploads\/2025\/07\/IMG_1542-1.jpeg",1280,853,false],"thumbnail":["https:\/\/quehacerpolitico.mx\/wp-content\/uploads\/2025\/07\/IMG_1542-1-150x150.jpeg",150,150,true],"medium":["https:\/\/quehacerpolitico.mx\/wp-content\/uploads\/2025\/07\/IMG_1542-1-300x200.jpeg",300,200,true],"medium_large":["https:\/\/quehacerpolitico.mx\/wp-content\/uploads\/2025\/07\/IMG_1542-1-768x512.jpeg",640,427,true],"large":["https:\/\/quehacerpolitico.mx\/wp-content\/uploads\/2025\/07\/IMG_1542-1-1024x682.jpeg",640,426,true],"1536x1536":["https:\/\/quehacerpolitico.mx\/wp-content\/uploads\/2025\/07\/IMG_1542-1.jpeg",1280,853,false],"2048x2048":["https:\/\/quehacerpolitico.mx\/wp-content\/uploads\/2025\/07\/IMG_1542-1.jpeg",1280,853,false],"covernews-featured":["https:\/\/quehacerpolitico.mx\/wp-content\/uploads\/2025\/07\/IMG_1542-1-1024x682.jpeg",1024,682,true],"covernews-medium":["https:\/\/quehacerpolitico.mx\/wp-content\/uploads\/2025\/07\/IMG_1542-1-540x340.jpeg",540,340,true]},"author_info":{"display_name":"Redacci\u00f3n QP","author_link":"https:\/\/quehacerpolitico.mx\/?author=2"},"category_info":"<a href=\"https:\/\/quehacerpolitico.mx\/?cat=54\" rel=\"category\">Deportes<\/a>","tag_info":"Deportes","comment_count":"0","_links":{"self":[{"href":"https:\/\/quehacerpolitico.mx\/index.php?rest_route=\/wp\/v2\/posts\/117522","targetHints":{"allow":["GET"]}}],"collection":[{"href":"https:\/\/quehacerpolitico.mx\/index.php?rest_route=\/wp\/v2\/posts"}],"about":[{"href":"https:\/\/quehacerpolitico.mx\/index.php?rest_route=\/wp\/v2\/types\/post"}],"author":[{"embeddable":true,"href":"https:\/\/quehacerpolitico.mx\/index.php?rest_route=\/wp\/v2\/users\/2"}],"replies":[{"embeddable":true,"href":"https:\/\/quehacerpolitico.mx\/index.php?rest_route=%2Fwp%2Fv2%2Fcomments&post=117522"}],"version-history":[{"count":1,"href":"https:\/\/quehacerpolitico.mx\/index.php?rest_route=\/wp\/v2\/posts\/117522\/revisions"}],"predecessor-version":[{"id":117530,"href":"https:\/\/quehacerpolitico.mx\/index.php?rest_route=\/wp\/v2\/posts\/117522\/revisions\/117530"}],"wp:featuredmedia":[{"embeddable":true,"href":"https:\/\/quehacerpolitico.mx\/index.php?rest_route=\/wp\/v2\/media\/117529"}],"wp:attachment":[{"href":"https:\/\/quehacerpolitico.mx\/index.php?rest_route=%2Fwp%2Fv2%2Fmedia&parent=117522"}],"wp:term":[{"taxonomy":"category","embeddable":true,"href":"https:\/\/quehacerpolitico.mx\/index.php?rest_route=%2Fwp%2Fv2%2Fcategories&post=117522"},{"taxonomy":"post_tag","embeddable":true,"href":"https:\/\/quehacerpolitico.mx\/index.php?rest_route=%2Fwp%2Fv2%2Ftags&post=117522"}],"curies":[{"name":"wp","href":"https:\/\/api.w.org\/{rel}","templated":true}]}}