{"id":117519,"date":"2025-07-05T22:40:36","date_gmt":"2025-07-06T04:40:36","guid":{"rendered":"https:\/\/quehacerpolitico.mx\/?p=117519"},"modified":"2025-07-05T22:40:38","modified_gmt":"2025-07-06T04:40:38","slug":"shakira-donara-parte-de-los-ingresos-de-su-concierto-de-este-sabado-para-los-afectados-por-las-inundaciones-ocurridas-en-san-antonio-texas","status":"publish","type":"post","link":"https:\/\/quehacerpolitico.mx\/?p=117519","title":{"rendered":"Shakira donar\u00e1 parte de los ingresos de su concierto de este s\u00e1bado para los afectados por las inundaciones ocurridas en San Antonio (Texas)"},"content":{"rendered":"\n<p>Por Redacci\u00f3n QP<\/p>\n\n\n\n<p>Shakira detall\u00f3 que la donaci\u00f3n ser\u00e1 canalizada a trav\u00e9s de la organizaci\u00f3n Catholic Charities of San Antonio, que coordina las labores de ayuda humanitaria en los condados declarados en emergencia por las lluvias e inundaciones<\/p>\n\n\n\n<p>La cantante colombiana&nbsp;<strong>Shakira<\/strong>&nbsp;donar\u00e1 parte de los ingresos de su concierto de este s\u00e1bado en&nbsp;<strong>San Antonio<\/strong>(<strong>Texas<\/strong>) a las familias afectadas por las inundaciones que han dejado al menos 52 muertos y decenas de desaparecidos en el centro-sur de ese estado de&nbsp;<strong>Estados Unidos<\/strong>.<\/p>\n\n\n\n<figure class=\"wp-block-embed is-type-video is-provider-youtube wp-block-embed-youtube wp-embed-aspect-16-9 wp-has-aspect-ratio\"><div class=\"wp-block-embed__wrapper\">\n<iframe loading=\"lazy\" title=\"Shakira makes donation to help recue and recovery efforts after catastrophic floods devastate Texas\" width=\"640\" height=\"360\" src=\"https:\/\/www.youtube.com\/embed\/a7-iBban1DY?feature=oembed\" frameborder=\"0\" allow=\"accelerometer; autoplay; clipboard-write; encrypted-media; gyroscope; picture-in-picture; web-share\" referrerpolicy=\"strict-origin-when-cross-origin\" allowfullscreen><\/iframe>\n<\/div><\/figure>\n\n\n\n<p>\u201cQuerido&nbsp;<strong>San Antonio<\/strong>, nuestros corazones y oraciones est\u00e1n con quienes se han visto afectados por la inundaci\u00f3n en&nbsp;<strong>Texas<\/strong>\u201c, escribi\u00f3 la artista en su cuenta de X.<\/p>\n\n\n\n<p>La cantante detall\u00f3 que la donaci\u00f3n ser\u00e1 canalizada a trav\u00e9s de la organizaci\u00f3n&nbsp;<strong>Catholic Charities of San Antonio<\/strong>, que coordina las labores de ayuda humanitaria en los condados declarados en emergencia por las lluvias e inundaciones.<\/p>\n\n\n\n<figure class=\"wp-block-image\" id=\"attachment_1723437\"><img decoding=\"async\" src=\"https:\/\/i0.wp.com\/lopezdoriga.com\/wp-content\/uploads\/2025\/07\/kerrville-texas-inundaciones-jul25.jpg?resize=800%2C602&amp;ssl=1\" alt=\"Shakira donar\u00e1 parte de los ingresos de su show en Texas a v\u00edctimas de inundaciones - kerrville-texas-inundaciones-jul25-1024x771\" class=\"wp-image-1723437\" title=\"\"\/><figcaption class=\"wp-element-caption\">Imagen cedida por la Guardia Costera de EE.UU. que muestra una inundaci\u00f3n en el \u00e1rea de Kerrville, Texas (EE.UU.). El n\u00famero de fallecidos confirmados en el centro-sur de Texas a causa de las graves inundaciones que afectan a la zona. Foto de EFE\/Guardia Costera de EE.UU.<\/figcaption><\/figure>\n\n\n\n<p>En la madrugada de este s\u00e1bado,&nbsp;<strong>Shakira<\/strong>&nbsp;expres\u00f3 su consternaci\u00f3n al llegar a la ciudad: \u201cAcabo de aterrizar en San Antonio, devastada al escuchar las noticias de las inundaciones, las muertes y las ni\u00f1as a\u00fan desaparecidas. No puedo m\u00e1s que pensar en sus familias y en su inmenso dolor. Mis oraciones est\u00e1n con ustedes en este triste d\u00eda\u201d.<\/p>\n\n\n\n<p>El gesto solidario coincide con la reprogramaci\u00f3n de su espect\u00e1culo en el&nbsp;<strong>Alamodome San Antonio<\/strong>, que hace parte de la gira mundial \u2018Las mujeres ya no lloran\u201d y que inicialmente estaba previsto para el pasado 13 de junio pero fue suspendido minutos antes de su inicio debido a problemas estructurales en la tarima.<\/p>\n\n\n\n<figure class=\"wp-block-embed is-type-video is-provider-youtube wp-block-embed-youtube wp-embed-aspect-16-9 wp-has-aspect-ratio\"><div class=\"wp-block-embed__wrapper\">\n<iframe loading=\"lazy\" title=\"Shakira se Solidariza con V\u00edctimas de las Fuertes Lluvias en Texas #shakira\" width=\"640\" height=\"360\" src=\"https:\/\/www.youtube.com\/embed\/E5-vPuWrJXY?feature=oembed\" frameborder=\"0\" allow=\"accelerometer; autoplay; clipboard-write; encrypted-media; gyroscope; picture-in-picture; web-share\" referrerpolicy=\"strict-origin-when-cross-origin\" allowfullscreen><\/iframe>\n<\/div><\/figure>\n\n\n\n<p>\u201cSi quieren sumarse a la donaci\u00f3n, pueden hacerlo en el enlace que he compartido\u201d, a\u00f1adi\u00f3 la colombiana, quien retom\u00f3 su gira mundial este lunes en Houston, tras resolver los inconvenientes log\u00edsticos que provocaron la suspensi\u00f3n anterior.<\/p>\n\n\n\n<figure class=\"wp-block-embed is-type-rich is-provider-twitter wp-block-embed-twitter\"><div class=\"wp-block-embed__wrapper\">\n<blockquote class=\"twitter-tweet\" data-width=\"550\" data-dnt=\"true\"><p lang=\"en\" dir=\"ltr\">Dear San Antonio,<br>Our hearts and prayers are with those affected by the flood in Central Texas.<br>We are donating a portion of tonight\u2019s show proceeds to Catholic Charities of San Antonio, who are providing disaster relief to the families impacted.<br>If you would like to join me in\u2026<\/p>&mdash; Shakira (@shakira) <a href=\"https:\/\/twitter.com\/shakira\/status\/1941601375630086567?ref_src=twsrc%5Etfw\">July 5, 2025<\/a><\/blockquote><script async src=\"https:\/\/platform.twitter.com\/widgets.js\" charset=\"utf-8\"><\/script>\n<\/div><\/figure>\n\n\n\n<p>Las&nbsp;<strong>lluvias torrenciales<\/strong>&nbsp;que comenzaron el viernes en&nbsp;<strong>Texas<\/strong>&nbsp;elevaron el caudal del&nbsp;<strong>r\u00edo Guadalupe<\/strong>&nbsp;a casi diez metros, arrasando viviendas, carreteras y un campamento cristiano para ni\u00f1as, donde pernoctaban decenas de menores y monitoras que permanecen desaparecidas.<\/p>\n\n\n\n<p>Adem\u00e1s, otras personas que acampaban en las riberas del r\u00edo para celebrar las festividades del 4 de julio fueron sorprendidas por la&nbsp;<strong>crecida repentina<\/strong>.<\/p>\n\n\n\n<p>Entre las v\u00edctimas mortales figuran al menos 28 adultos y 15 ni\u00f1os, mientras que decenas de menores siguen desaparecidos, seg\u00fan informaron las autoridades locales.<\/p>\n\n\n\n<p>El gobernador de&nbsp;<strong>Texas<\/strong>,&nbsp;<strong>Greg Abbott<\/strong>, declar\u00f3 la zona de desastre y orden\u00f3 reforzar los operativos de rescate con m\u00e1s de 2 mil 200 efectivos, helic\u00f3pteros de la&nbsp;<strong>Guardia Costera<\/strong>&nbsp;y drones con c\u00e1maras t\u00e9rmicas.<\/p>\n\n\n\n<p>Con informaci\u00f3n de EFE<\/p>\n","protected":false},"excerpt":{"rendered":"<p>Por Redacci\u00f3n QP Shakira detall\u00f3 que la donaci\u00f3n ser\u00e1 canalizada a trav\u00e9s de la organizaci\u00f3n&#8230;<\/p>\n","protected":false},"author":2,"featured_media":117520,"comment_status":"open","ping_status":"open","sticky":false,"template":"","format":"standard","meta":{"_monsterinsights_skip_tracking":false,"_monsterinsights_sitenote_active":false,"_monsterinsights_sitenote_note":"","_monsterinsights_sitenote_category":0,"footnotes":""},"categories":[58],"tags":[],"class_list":["post-117519","post","type-post","status-publish","format-standard","has-post-thumbnail","hentry","category-cultura"],"yoast_head":"<!-- This site is optimized with the Yoast SEO plugin v27.3 - https:\/\/yoast.com\/product\/yoast-seo-wordpress\/ -->\n<title>Shakira donar\u00e1 parte de los ingresos de su concierto de este s\u00e1bado para los afectados por las inundaciones ocurridas en San Antonio (Texas) -<\/title>\n<meta name=\"robots\" content=\"index, follow, max-snippet:-1, max-image-preview:large, max-video-preview:-1\" \/>\n<link rel=\"canonical\" href=\"https:\/\/quehacerpolitico.mx\/?p=117519\" \/>\n<meta property=\"og:locale\" content=\"es_MX\" \/>\n<meta property=\"og:type\" content=\"article\" \/>\n<meta property=\"og:title\" content=\"Shakira donar\u00e1 parte de los ingresos de su concierto de este s\u00e1bado para los afectados por las inundaciones ocurridas en San Antonio (Texas) -\" \/>\n<meta property=\"og:description\" content=\"Por Redacci\u00f3n QP Shakira detall\u00f3 que la donaci\u00f3n ser\u00e1 canalizada a trav\u00e9s de la organizaci\u00f3n...\" \/>\n<meta property=\"og:url\" content=\"https:\/\/quehacerpolitico.mx\/?p=117519\" \/>\n<meta property=\"article:published_time\" content=\"2025-07-06T04:40:36+00:00\" \/>\n<meta property=\"article:modified_time\" content=\"2025-07-06T04:40:38+00:00\" \/>\n<meta property=\"og:image\" content=\"https:\/\/quehacerpolitico.mx\/wp-content\/uploads\/2025\/07\/IMG_1531.jpeg\" \/>\n\t<meta property=\"og:image:width\" content=\"727\" \/>\n\t<meta property=\"og:image:height\" content=\"422\" \/>\n\t<meta property=\"og:image:type\" content=\"image\/jpeg\" \/>\n<meta name=\"author\" content=\"Redacci\u00f3n QP\" \/>\n<meta name=\"twitter:card\" content=\"summary_large_image\" \/>\n<meta name=\"twitter:label1\" content=\"Escrito por\" \/>\n\t<meta name=\"twitter:data1\" content=\"Redacci\u00f3n QP\" \/>\n\t<meta name=\"twitter:label2\" content=\"Tiempo de lectura\" \/>\n\t<meta name=\"twitter:data2\" content=\"3 minutos\" \/>\n<script type=\"application\/ld+json\" class=\"yoast-schema-graph\">{\"@context\":\"https:\\\/\\\/schema.org\",\"@graph\":[{\"@type\":\"Article\",\"@id\":\"https:\\\/\\\/quehacerpolitico.mx\\\/?p=117519#article\",\"isPartOf\":{\"@id\":\"https:\\\/\\\/quehacerpolitico.mx\\\/?p=117519\"},\"author\":{\"name\":\"Redacci\u00f3n QP\",\"@id\":\"https:\\\/\\\/quehacerpolitico.mx\\\/#\\\/schema\\\/person\\\/496d8ad2d1d3f8036101dca7ee39e585\"},\"headline\":\"Shakira donar\u00e1 parte de los ingresos de su concierto de este s\u00e1bado para los afectados por las inundaciones ocurridas en San Antonio (Texas)\",\"datePublished\":\"2025-07-06T04:40:36+00:00\",\"dateModified\":\"2025-07-06T04:40:38+00:00\",\"mainEntityOfPage\":{\"@id\":\"https:\\\/\\\/quehacerpolitico.mx\\\/?p=117519\"},\"wordCount\":566,\"commentCount\":0,\"image\":{\"@id\":\"https:\\\/\\\/quehacerpolitico.mx\\\/?p=117519#primaryimage\"},\"thumbnailUrl\":\"https:\\\/\\\/quehacerpolitico.mx\\\/wp-content\\\/uploads\\\/2025\\\/07\\\/IMG_1531.jpeg\",\"articleSection\":[\"Cultura y Entretenimiento\"],\"inLanguage\":\"es\",\"potentialAction\":[{\"@type\":\"CommentAction\",\"name\":\"Comment\",\"target\":[\"https:\\\/\\\/quehacerpolitico.mx\\\/?p=117519#respond\"]}]},{\"@type\":\"WebPage\",\"@id\":\"https:\\\/\\\/quehacerpolitico.mx\\\/?p=117519\",\"url\":\"https:\\\/\\\/quehacerpolitico.mx\\\/?p=117519\",\"name\":\"Shakira donar\u00e1 parte de los ingresos de su concierto de este s\u00e1bado para los afectados por las inundaciones ocurridas en San Antonio (Texas) -\",\"isPartOf\":{\"@id\":\"https:\\\/\\\/quehacerpolitico.mx\\\/#website\"},\"primaryImageOfPage\":{\"@id\":\"https:\\\/\\\/quehacerpolitico.mx\\\/?p=117519#primaryimage\"},\"image\":{\"@id\":\"https:\\\/\\\/quehacerpolitico.mx\\\/?p=117519#primaryimage\"},\"thumbnailUrl\":\"https:\\\/\\\/quehacerpolitico.mx\\\/wp-content\\\/uploads\\\/2025\\\/07\\\/IMG_1531.jpeg\",\"datePublished\":\"2025-07-06T04:40:36+00:00\",\"dateModified\":\"2025-07-06T04:40:38+00:00\",\"author\":{\"@id\":\"https:\\\/\\\/quehacerpolitico.mx\\\/#\\\/schema\\\/person\\\/496d8ad2d1d3f8036101dca7ee39e585\"},\"breadcrumb\":{\"@id\":\"https:\\\/\\\/quehacerpolitico.mx\\\/?p=117519#breadcrumb\"},\"inLanguage\":\"es\",\"potentialAction\":[{\"@type\":\"ReadAction\",\"target\":[\"https:\\\/\\\/quehacerpolitico.mx\\\/?p=117519\"]}]},{\"@type\":\"ImageObject\",\"inLanguage\":\"es\",\"@id\":\"https:\\\/\\\/quehacerpolitico.mx\\\/?p=117519#primaryimage\",\"url\":\"https:\\\/\\\/quehacerpolitico.mx\\\/wp-content\\\/uploads\\\/2025\\\/07\\\/IMG_1531.jpeg\",\"contentUrl\":\"https:\\\/\\\/quehacerpolitico.mx\\\/wp-content\\\/uploads\\\/2025\\\/07\\\/IMG_1531.jpeg\",\"width\":727,\"height\":422},{\"@type\":\"BreadcrumbList\",\"@id\":\"https:\\\/\\\/quehacerpolitico.mx\\\/?p=117519#breadcrumb\",\"itemListElement\":[{\"@type\":\"ListItem\",\"position\":1,\"name\":\"Inicio\",\"item\":\"https:\\\/\\\/quehacerpolitico.mx\\\/\"},{\"@type\":\"ListItem\",\"position\":2,\"name\":\"Shakira donar\u00e1 parte de los ingresos de su concierto de este s\u00e1bado para los afectados por las inundaciones ocurridas en San Antonio (Texas)\"}]},{\"@type\":\"WebSite\",\"@id\":\"https:\\\/\\\/quehacerpolitico.mx\\\/#website\",\"url\":\"https:\\\/\\\/quehacerpolitico.mx\\\/\",\"name\":\"\",\"description\":\"\",\"potentialAction\":[{\"@type\":\"SearchAction\",\"target\":{\"@type\":\"EntryPoint\",\"urlTemplate\":\"https:\\\/\\\/quehacerpolitico.mx\\\/?s={search_term_string}\"},\"query-input\":{\"@type\":\"PropertyValueSpecification\",\"valueRequired\":true,\"valueName\":\"search_term_string\"}}],\"inLanguage\":\"es\"},{\"@type\":\"Person\",\"@id\":\"https:\\\/\\\/quehacerpolitico.mx\\\/#\\\/schema\\\/person\\\/496d8ad2d1d3f8036101dca7ee39e585\",\"name\":\"Redacci\u00f3n QP\",\"image\":{\"@type\":\"ImageObject\",\"inLanguage\":\"es\",\"@id\":\"https:\\\/\\\/secure.gravatar.com\\\/avatar\\\/c7164ed6fdec453195284ad24a5ae5b6e1eed2b848477fa2a4787ba9adf39a41?s=96&d=mm&r=g\",\"url\":\"https:\\\/\\\/secure.gravatar.com\\\/avatar\\\/c7164ed6fdec453195284ad24a5ae5b6e1eed2b848477fa2a4787ba9adf39a41?s=96&d=mm&r=g\",\"contentUrl\":\"https:\\\/\\\/secure.gravatar.com\\\/avatar\\\/c7164ed6fdec453195284ad24a5ae5b6e1eed2b848477fa2a4787ba9adf39a41?s=96&d=mm&r=g\",\"caption\":\"Redacci\u00f3n QP\"},\"url\":\"https:\\\/\\\/quehacerpolitico.mx\\\/?author=2\"}]}<\/script>\n<!-- \/ Yoast SEO plugin. -->","yoast_head_json":{"title":"Shakira donar\u00e1 parte de los ingresos de su concierto de este s\u00e1bado para los afectados por las inundaciones ocurridas en San Antonio (Texas) -","robots":{"index":"index","follow":"follow","max-snippet":"max-snippet:-1","max-image-preview":"max-image-preview:large","max-video-preview":"max-video-preview:-1"},"canonical":"https:\/\/quehacerpolitico.mx\/?p=117519","og_locale":"es_MX","og_type":"article","og_title":"Shakira donar\u00e1 parte de los ingresos de su concierto de este s\u00e1bado para los afectados por las inundaciones ocurridas en San Antonio (Texas) -","og_description":"Por Redacci\u00f3n QP Shakira detall\u00f3 que la donaci\u00f3n ser\u00e1 canalizada a trav\u00e9s de la organizaci\u00f3n...","og_url":"https:\/\/quehacerpolitico.mx\/?p=117519","article_published_time":"2025-07-06T04:40:36+00:00","article_modified_time":"2025-07-06T04:40:38+00:00","og_image":[{"width":727,"height":422,"url":"https:\/\/quehacerpolitico.mx\/wp-content\/uploads\/2025\/07\/IMG_1531.jpeg","type":"image\/jpeg"}],"author":"Redacci\u00f3n QP","twitter_card":"summary_large_image","twitter_misc":{"Escrito por":"Redacci\u00f3n QP","Tiempo de lectura":"3 minutos"},"schema":{"@context":"https:\/\/schema.org","@graph":[{"@type":"Article","@id":"https:\/\/quehacerpolitico.mx\/?p=117519#article","isPartOf":{"@id":"https:\/\/quehacerpolitico.mx\/?p=117519"},"author":{"name":"Redacci\u00f3n QP","@id":"https:\/\/quehacerpolitico.mx\/#\/schema\/person\/496d8ad2d1d3f8036101dca7ee39e585"},"headline":"Shakira donar\u00e1 parte de los ingresos de su concierto de este s\u00e1bado para los afectados por las inundaciones ocurridas en San Antonio (Texas)","datePublished":"2025-07-06T04:40:36+00:00","dateModified":"2025-07-06T04:40:38+00:00","mainEntityOfPage":{"@id":"https:\/\/quehacerpolitico.mx\/?p=117519"},"wordCount":566,"commentCount":0,"image":{"@id":"https:\/\/quehacerpolitico.mx\/?p=117519#primaryimage"},"thumbnailUrl":"https:\/\/quehacerpolitico.mx\/wp-content\/uploads\/2025\/07\/IMG_1531.jpeg","articleSection":["Cultura y Entretenimiento"],"inLanguage":"es","potentialAction":[{"@type":"CommentAction","name":"Comment","target":["https:\/\/quehacerpolitico.mx\/?p=117519#respond"]}]},{"@type":"WebPage","@id":"https:\/\/quehacerpolitico.mx\/?p=117519","url":"https:\/\/quehacerpolitico.mx\/?p=117519","name":"Shakira donar\u00e1 parte de los ingresos de su concierto de este s\u00e1bado para los afectados por las inundaciones ocurridas en San Antonio (Texas) -","isPartOf":{"@id":"https:\/\/quehacerpolitico.mx\/#website"},"primaryImageOfPage":{"@id":"https:\/\/quehacerpolitico.mx\/?p=117519#primaryimage"},"image":{"@id":"https:\/\/quehacerpolitico.mx\/?p=117519#primaryimage"},"thumbnailUrl":"https:\/\/quehacerpolitico.mx\/wp-content\/uploads\/2025\/07\/IMG_1531.jpeg","datePublished":"2025-07-06T04:40:36+00:00","dateModified":"2025-07-06T04:40:38+00:00","author":{"@id":"https:\/\/quehacerpolitico.mx\/#\/schema\/person\/496d8ad2d1d3f8036101dca7ee39e585"},"breadcrumb":{"@id":"https:\/\/quehacerpolitico.mx\/?p=117519#breadcrumb"},"inLanguage":"es","potentialAction":[{"@type":"ReadAction","target":["https:\/\/quehacerpolitico.mx\/?p=117519"]}]},{"@type":"ImageObject","inLanguage":"es","@id":"https:\/\/quehacerpolitico.mx\/?p=117519#primaryimage","url":"https:\/\/quehacerpolitico.mx\/wp-content\/uploads\/2025\/07\/IMG_1531.jpeg","contentUrl":"https:\/\/quehacerpolitico.mx\/wp-content\/uploads\/2025\/07\/IMG_1531.jpeg","width":727,"height":422},{"@type":"BreadcrumbList","@id":"https:\/\/quehacerpolitico.mx\/?p=117519#breadcrumb","itemListElement":[{"@type":"ListItem","position":1,"name":"Inicio","item":"https:\/\/quehacerpolitico.mx\/"},{"@type":"ListItem","position":2,"name":"Shakira donar\u00e1 parte de los ingresos de su concierto de este s\u00e1bado para los afectados por las inundaciones ocurridas en San Antonio (Texas)"}]},{"@type":"WebSite","@id":"https:\/\/quehacerpolitico.mx\/#website","url":"https:\/\/quehacerpolitico.mx\/","name":"","description":"","potentialAction":[{"@type":"SearchAction","target":{"@type":"EntryPoint","urlTemplate":"https:\/\/quehacerpolitico.mx\/?s={search_term_string}"},"query-input":{"@type":"PropertyValueSpecification","valueRequired":true,"valueName":"search_term_string"}}],"inLanguage":"es"},{"@type":"Person","@id":"https:\/\/quehacerpolitico.mx\/#\/schema\/person\/496d8ad2d1d3f8036101dca7ee39e585","name":"Redacci\u00f3n QP","image":{"@type":"ImageObject","inLanguage":"es","@id":"https:\/\/secure.gravatar.com\/avatar\/c7164ed6fdec453195284ad24a5ae5b6e1eed2b848477fa2a4787ba9adf39a41?s=96&d=mm&r=g","url":"https:\/\/secure.gravatar.com\/avatar\/c7164ed6fdec453195284ad24a5ae5b6e1eed2b848477fa2a4787ba9adf39a41?s=96&d=mm&r=g","contentUrl":"https:\/\/secure.gravatar.com\/avatar\/c7164ed6fdec453195284ad24a5ae5b6e1eed2b848477fa2a4787ba9adf39a41?s=96&d=mm&r=g","caption":"Redacci\u00f3n QP"},"url":"https:\/\/quehacerpolitico.mx\/?author=2"}]}},"featured_image_urls":{"full":["https:\/\/quehacerpolitico.mx\/wp-content\/uploads\/2025\/07\/IMG_1531.jpeg",727,422,false],"thumbnail":["https:\/\/quehacerpolitico.mx\/wp-content\/uploads\/2025\/07\/IMG_1531-150x150.jpeg",150,150,true],"medium":["https:\/\/quehacerpolitico.mx\/wp-content\/uploads\/2025\/07\/IMG_1531-300x174.jpeg",300,174,true],"medium_large":["https:\/\/quehacerpolitico.mx\/wp-content\/uploads\/2025\/07\/IMG_1531.jpeg",640,371,false],"large":["https:\/\/quehacerpolitico.mx\/wp-content\/uploads\/2025\/07\/IMG_1531.jpeg",640,371,false],"1536x1536":["https:\/\/quehacerpolitico.mx\/wp-content\/uploads\/2025\/07\/IMG_1531.jpeg",727,422,false],"2048x2048":["https:\/\/quehacerpolitico.mx\/wp-content\/uploads\/2025\/07\/IMG_1531.jpeg",727,422,false],"covernews-featured":["https:\/\/quehacerpolitico.mx\/wp-content\/uploads\/2025\/07\/IMG_1531.jpeg",727,422,false],"covernews-medium":["https:\/\/quehacerpolitico.mx\/wp-content\/uploads\/2025\/07\/IMG_1531-540x340.jpeg",540,340,true]},"author_info":{"display_name":"Redacci\u00f3n QP","author_link":"https:\/\/quehacerpolitico.mx\/?author=2"},"category_info":"<a href=\"https:\/\/quehacerpolitico.mx\/?cat=58\" rel=\"category\">Cultura y Entretenimiento<\/a>","tag_info":"Cultura y Entretenimiento","comment_count":"0","_links":{"self":[{"href":"https:\/\/quehacerpolitico.mx\/index.php?rest_route=\/wp\/v2\/posts\/117519","targetHints":{"allow":["GET"]}}],"collection":[{"href":"https:\/\/quehacerpolitico.mx\/index.php?rest_route=\/wp\/v2\/posts"}],"about":[{"href":"https:\/\/quehacerpolitico.mx\/index.php?rest_route=\/wp\/v2\/types\/post"}],"author":[{"embeddable":true,"href":"https:\/\/quehacerpolitico.mx\/index.php?rest_route=\/wp\/v2\/users\/2"}],"replies":[{"embeddable":true,"href":"https:\/\/quehacerpolitico.mx\/index.php?rest_route=%2Fwp%2Fv2%2Fcomments&post=117519"}],"version-history":[{"count":1,"href":"https:\/\/quehacerpolitico.mx\/index.php?rest_route=\/wp\/v2\/posts\/117519\/revisions"}],"predecessor-version":[{"id":117521,"href":"https:\/\/quehacerpolitico.mx\/index.php?rest_route=\/wp\/v2\/posts\/117519\/revisions\/117521"}],"wp:featuredmedia":[{"embeddable":true,"href":"https:\/\/quehacerpolitico.mx\/index.php?rest_route=\/wp\/v2\/media\/117520"}],"wp:attachment":[{"href":"https:\/\/quehacerpolitico.mx\/index.php?rest_route=%2Fwp%2Fv2%2Fmedia&parent=117519"}],"wp:term":[{"taxonomy":"category","embeddable":true,"href":"https:\/\/quehacerpolitico.mx\/index.php?rest_route=%2Fwp%2Fv2%2Fcategories&post=117519"},{"taxonomy":"post_tag","embeddable":true,"href":"https:\/\/quehacerpolitico.mx\/index.php?rest_route=%2Fwp%2Fv2%2Ftags&post=117519"}],"curies":[{"name":"wp","href":"https:\/\/api.w.org\/{rel}","templated":true}]}}