{"id":117513,"date":"2025-07-05T21:05:02","date_gmt":"2025-07-06T03:05:02","guid":{"rendered":"https:\/\/quehacerpolitico.mx\/?p=117513"},"modified":"2025-07-05T21:05:04","modified_gmt":"2025-07-06T03:05:04","slug":"rechaza-el-gobierno-de-la-cdmx-la-gentrificacion-que-excluye-a-la-poblacion-de-sus-barrios-colonias-y-comunidades-pero-considera-que-las-expresiones-de-la-marcha-fueron-xenofobas","status":"publish","type":"post","link":"https:\/\/quehacerpolitico.mx\/?p=117513","title":{"rendered":"Rechaza el gobierno de la CDMX la gentrificaci\u00f3n, \u201cque excluye a la poblaci\u00f3n de sus barrios, colonias y comunidades\u201d, pero considera que las expresiones de la marcha fueron xen\u00f3fobas"},"content":{"rendered":"\n<p>Por Redacci\u00f3n QP<\/p>\n\n\n\n<p>La jefa de Gobierno declar\u00f3 el viernes que este fen\u00f3meno era un problema social que afectaba la vivienda de los mexicanos y horas despu\u00e9s dijo que en la manifestaci\u00f3n hubo discriminaciones a grupos<\/p>\n\n\n\n<p>Clara Brugada, jefa de Gobierno de la Ciudad de M\u00e9xico,&nbsp;afirm\u00f3 estar en contra de la gentrificaci\u00f3n que afecta a diversas zonas de la capital y por la cual el viernes&nbsp;por la tarde cientos de personas se manifestaron en la alcald\u00eda Cuauht\u00e9moc, aunque despu\u00e9s consider\u00f3 que las expresiones de la marcha fueron xen\u00f3fobas.<\/p>\n\n\n\n<p>La protesta comenz\u00f3 la tarde de ayer en\u00a0el Parque M\u00e9xico, ubicado en la colonia Condesa, pero\u00a0<strong>se torn\u00f3 violenta<\/strong> cuando un grupo de personas comenz\u00f3 a realizar destrozos contra restaurantes y cafeter\u00edas, provocando da\u00f1os en el\u00a0inmobiliario, adem\u00e1s de hacer\u00a0pintas en los inmuebles.<\/p>\n\n\n\n<p>Horas despu\u00e9s de la movilizaci\u00f3n, Brugada emiti\u00f3 un comunicado en el que dec\u00eda reconocer que la gentrificaci\u00f3n era un problema social que afectaba la vivienda de los mexicanos, quienes son orillados a desplazarse porque no pueden pagar las altas tarifas de renta debido a la&nbsp;<strong>demanda de extranjeros<\/strong>&nbsp;que residen aqu\u00ed.<\/p>\n\n\n\n<figure class=\"wp-block-embed is-type-rich is-provider-twitter wp-block-embed-twitter\"><div class=\"wp-block-embed__wrapper\">\n<blockquote class=\"twitter-tweet\" data-width=\"550\" data-dnt=\"true\"><p lang=\"es\" dir=\"ltr\">La Ciudad de M\u00e9xico no est\u00e1 de acuerdo con la gentrificaci\u00f3n. Rechazamos este fen\u00f3meno que excluye a la poblaci\u00f3n de sus barrios, colonias y comunidades.<br><br>Por ello, impulsamos pol\u00edticas p\u00fablicas de vivienda que fortalezcan el arraigo, con cr\u00e9ditos accesibles para el mejoramiento\u2026 <a href=\"https:\/\/t.co\/zC0ZEFLtHp\">pic.twitter.com\/zC0ZEFLtHp<\/a><\/p>&mdash; Clara Brugada Molina (@ClaraBrugadaM) <a href=\"https:\/\/twitter.com\/ClaraBrugadaM\/status\/1941358692735033648?ref_src=twsrc%5Etfw\">July 5, 2025<\/a><\/blockquote><script async src=\"https:\/\/platform.twitter.com\/widgets.js\" charset=\"utf-8\"><\/script>\n<\/div><\/figure>\n\n\n\n<p>Sin embargo, durante una conferencia de prensa posterior a la jornada de servicios&nbsp;y mejoramiento en San Gregorio Atlapulco en Xochimilco, la jefa de Gobierno dijo que la manifestaci\u00f3n tuvo actitudes xenof\u00f3bicas contra los extranjeros que residen en la capital<\/p>\n\n\n\n<p>&#8220;Rechazamos tambi\u00e9n las actitudes\u00a0<strong>xenof\u00f3bicas<\/strong>\u00a0que ayer se expresaron contra algunos grupos en particular&#8221;, dijo despu\u00e9s de afirmar que su administraci\u00f3n tendr\u00e1 como propiedad frenar la gentrificaci\u00f3n y debatir sobre la violencia en las marchas.<\/p>\n\n\n\n<figure class=\"wp-block-embed is-type-rich is-provider-twitter wp-block-embed-twitter\"><div class=\"wp-block-embed__wrapper\">\n<blockquote class=\"twitter-tweet\" data-width=\"550\" data-dnt=\"true\"><p lang=\"es\" dir=\"ltr\">En el <a href=\"https:\/\/twitter.com\/GobCDMX?ref_src=twsrc%5Etfw\">@GobCDMX<\/a> seguiremos impulsando una ciudad de derechos, combatiendo la gentrificaci\u00f3n con vivienda p\u00fablica asequible y cr\u00e9ditos para su mejoramiento.<br>Nuestro compromiso es garantizar el derecho a la vivienda digna y avanzar hacia una justicia territorial real para todas y\u2026 <a href=\"https:\/\/t.co\/0JL3tKi3Iu\">pic.twitter.com\/0JL3tKi3Iu<\/a><\/p>&mdash; Clara Brugada Molina (@ClaraBrugadaM) <a href=\"https:\/\/twitter.com\/ClaraBrugadaM\/status\/1941673709384630432?ref_src=twsrc%5Etfw\">July 6, 2025<\/a><\/blockquote><script async src=\"https:\/\/platform.twitter.com\/widgets.js\" charset=\"utf-8\"><\/script>\n<\/div><\/figure>\n\n\n\n<p>&#8220;No podemos, en esta ciudad, que haya agresiones o discriminaci\u00f3n a grupos diversos como ayer&#8221;, agreg\u00f3 la mandataria capitalina.<\/p>\n\n\n\n<p>Las acciones violentas fueron repudiadas por algunos sectores de la sociedad, que en redes social vinculan los hechos violentos con el partido Morena y la cuarta transformaci\u00f3n.<\/p>\n\n\n\n<p>Edgar Jim\u00e9nez&nbsp;acus\u00f3&nbsp;que \u201cClara Brugada iztapaliz\u00f3 la CDMX; mand\u00f3 a sus porros de Iztapalapa a vandalizar la Condensa para crear una cortina de humo. Morena es un c\u00e1ncer, resentimiento y mediocridad\u201d.<\/p>\n","protected":false},"excerpt":{"rendered":"<p>Por Redacci\u00f3n QP La jefa de Gobierno declar\u00f3 el viernes que este fen\u00f3meno era un&#8230;<\/p>\n","protected":false},"author":2,"featured_media":117514,"comment_status":"open","ping_status":"open","sticky":false,"template":"","format":"standard","meta":{"_monsterinsights_skip_tracking":false,"_monsterinsights_sitenote_active":false,"_monsterinsights_sitenote_note":"","_monsterinsights_sitenote_category":0,"footnotes":""},"categories":[55],"tags":[],"class_list":["post-117513","post","type-post","status-publish","format-standard","has-post-thumbnail","hentry","category-cdmx"],"yoast_head":"<!-- This site is optimized with the Yoast SEO plugin v27.3 - https:\/\/yoast.com\/product\/yoast-seo-wordpress\/ -->\n<title>Rechaza el gobierno de la CDMX la gentrificaci\u00f3n, \u201cque excluye a la poblaci\u00f3n de sus barrios, colonias y comunidades\u201d, pero considera que las expresiones de la marcha fueron xen\u00f3fobas -<\/title>\n<meta name=\"robots\" content=\"index, follow, max-snippet:-1, max-image-preview:large, max-video-preview:-1\" \/>\n<link rel=\"canonical\" href=\"https:\/\/quehacerpolitico.mx\/?p=117513\" \/>\n<meta property=\"og:locale\" content=\"es_MX\" \/>\n<meta property=\"og:type\" content=\"article\" \/>\n<meta property=\"og:title\" content=\"Rechaza el gobierno de la CDMX la gentrificaci\u00f3n, \u201cque excluye a la poblaci\u00f3n de sus barrios, colonias y comunidades\u201d, pero considera que las expresiones de la marcha fueron xen\u00f3fobas -\" \/>\n<meta property=\"og:description\" content=\"Por Redacci\u00f3n QP La jefa de Gobierno declar\u00f3 el viernes que este fen\u00f3meno era un...\" \/>\n<meta property=\"og:url\" content=\"https:\/\/quehacerpolitico.mx\/?p=117513\" \/>\n<meta property=\"article:published_time\" content=\"2025-07-06T03:05:02+00:00\" \/>\n<meta property=\"article:modified_time\" content=\"2025-07-06T03:05:04+00:00\" \/>\n<meta property=\"og:image\" content=\"https:\/\/quehacerpolitico.mx\/wp-content\/uploads\/2025\/07\/IMG_1526.jpeg\" \/>\n\t<meta property=\"og:image:width\" content=\"1170\" \/>\n\t<meta property=\"og:image:height\" content=\"645\" \/>\n\t<meta property=\"og:image:type\" content=\"image\/jpeg\" \/>\n<meta name=\"author\" content=\"Redacci\u00f3n QP\" \/>\n<meta name=\"twitter:card\" content=\"summary_large_image\" \/>\n<meta name=\"twitter:label1\" content=\"Escrito por\" \/>\n\t<meta name=\"twitter:data1\" content=\"Redacci\u00f3n QP\" \/>\n\t<meta name=\"twitter:label2\" content=\"Tiempo de lectura\" \/>\n\t<meta name=\"twitter:data2\" content=\"2 minutos\" \/>\n<script type=\"application\/ld+json\" class=\"yoast-schema-graph\">{\"@context\":\"https:\\\/\\\/schema.org\",\"@graph\":[{\"@type\":\"Article\",\"@id\":\"https:\\\/\\\/quehacerpolitico.mx\\\/?p=117513#article\",\"isPartOf\":{\"@id\":\"https:\\\/\\\/quehacerpolitico.mx\\\/?p=117513\"},\"author\":{\"name\":\"Redacci\u00f3n QP\",\"@id\":\"https:\\\/\\\/quehacerpolitico.mx\\\/#\\\/schema\\\/person\\\/496d8ad2d1d3f8036101dca7ee39e585\"},\"headline\":\"Rechaza el gobierno de la CDMX la gentrificaci\u00f3n, \u201cque excluye a la poblaci\u00f3n de sus barrios, colonias y comunidades\u201d, pero considera que las expresiones de la marcha fueron xen\u00f3fobas\",\"datePublished\":\"2025-07-06T03:05:02+00:00\",\"dateModified\":\"2025-07-06T03:05:04+00:00\",\"mainEntityOfPage\":{\"@id\":\"https:\\\/\\\/quehacerpolitico.mx\\\/?p=117513\"},\"wordCount\":419,\"commentCount\":0,\"image\":{\"@id\":\"https:\\\/\\\/quehacerpolitico.mx\\\/?p=117513#primaryimage\"},\"thumbnailUrl\":\"https:\\\/\\\/quehacerpolitico.mx\\\/wp-content\\\/uploads\\\/2025\\\/07\\\/IMG_1526.jpeg\",\"articleSection\":[\"CDMX\"],\"inLanguage\":\"es\",\"potentialAction\":[{\"@type\":\"CommentAction\",\"name\":\"Comment\",\"target\":[\"https:\\\/\\\/quehacerpolitico.mx\\\/?p=117513#respond\"]}]},{\"@type\":\"WebPage\",\"@id\":\"https:\\\/\\\/quehacerpolitico.mx\\\/?p=117513\",\"url\":\"https:\\\/\\\/quehacerpolitico.mx\\\/?p=117513\",\"name\":\"Rechaza el gobierno de la CDMX la gentrificaci\u00f3n, \u201cque excluye a la poblaci\u00f3n de sus barrios, colonias y comunidades\u201d, pero considera que las expresiones de la marcha fueron xen\u00f3fobas -\",\"isPartOf\":{\"@id\":\"https:\\\/\\\/quehacerpolitico.mx\\\/#website\"},\"primaryImageOfPage\":{\"@id\":\"https:\\\/\\\/quehacerpolitico.mx\\\/?p=117513#primaryimage\"},\"image\":{\"@id\":\"https:\\\/\\\/quehacerpolitico.mx\\\/?p=117513#primaryimage\"},\"thumbnailUrl\":\"https:\\\/\\\/quehacerpolitico.mx\\\/wp-content\\\/uploads\\\/2025\\\/07\\\/IMG_1526.jpeg\",\"datePublished\":\"2025-07-06T03:05:02+00:00\",\"dateModified\":\"2025-07-06T03:05:04+00:00\",\"author\":{\"@id\":\"https:\\\/\\\/quehacerpolitico.mx\\\/#\\\/schema\\\/person\\\/496d8ad2d1d3f8036101dca7ee39e585\"},\"breadcrumb\":{\"@id\":\"https:\\\/\\\/quehacerpolitico.mx\\\/?p=117513#breadcrumb\"},\"inLanguage\":\"es\",\"potentialAction\":[{\"@type\":\"ReadAction\",\"target\":[\"https:\\\/\\\/quehacerpolitico.mx\\\/?p=117513\"]}]},{\"@type\":\"ImageObject\",\"inLanguage\":\"es\",\"@id\":\"https:\\\/\\\/quehacerpolitico.mx\\\/?p=117513#primaryimage\",\"url\":\"https:\\\/\\\/quehacerpolitico.mx\\\/wp-content\\\/uploads\\\/2025\\\/07\\\/IMG_1526.jpeg\",\"contentUrl\":\"https:\\\/\\\/quehacerpolitico.mx\\\/wp-content\\\/uploads\\\/2025\\\/07\\\/IMG_1526.jpeg\",\"width\":1170,\"height\":645,\"caption\":\"Screenshot\"},{\"@type\":\"BreadcrumbList\",\"@id\":\"https:\\\/\\\/quehacerpolitico.mx\\\/?p=117513#breadcrumb\",\"itemListElement\":[{\"@type\":\"ListItem\",\"position\":1,\"name\":\"Inicio\",\"item\":\"https:\\\/\\\/quehacerpolitico.mx\\\/\"},{\"@type\":\"ListItem\",\"position\":2,\"name\":\"Rechaza el gobierno de la CDMX la gentrificaci\u00f3n, \u201cque excluye a la poblaci\u00f3n de sus barrios, colonias y comunidades\u201d, pero considera que las expresiones de la marcha fueron xen\u00f3fobas\"}]},{\"@type\":\"WebSite\",\"@id\":\"https:\\\/\\\/quehacerpolitico.mx\\\/#website\",\"url\":\"https:\\\/\\\/quehacerpolitico.mx\\\/\",\"name\":\"\",\"description\":\"\",\"potentialAction\":[{\"@type\":\"SearchAction\",\"target\":{\"@type\":\"EntryPoint\",\"urlTemplate\":\"https:\\\/\\\/quehacerpolitico.mx\\\/?s={search_term_string}\"},\"query-input\":{\"@type\":\"PropertyValueSpecification\",\"valueRequired\":true,\"valueName\":\"search_term_string\"}}],\"inLanguage\":\"es\"},{\"@type\":\"Person\",\"@id\":\"https:\\\/\\\/quehacerpolitico.mx\\\/#\\\/schema\\\/person\\\/496d8ad2d1d3f8036101dca7ee39e585\",\"name\":\"Redacci\u00f3n QP\",\"image\":{\"@type\":\"ImageObject\",\"inLanguage\":\"es\",\"@id\":\"https:\\\/\\\/secure.gravatar.com\\\/avatar\\\/c7164ed6fdec453195284ad24a5ae5b6e1eed2b848477fa2a4787ba9adf39a41?s=96&d=mm&r=g\",\"url\":\"https:\\\/\\\/secure.gravatar.com\\\/avatar\\\/c7164ed6fdec453195284ad24a5ae5b6e1eed2b848477fa2a4787ba9adf39a41?s=96&d=mm&r=g\",\"contentUrl\":\"https:\\\/\\\/secure.gravatar.com\\\/avatar\\\/c7164ed6fdec453195284ad24a5ae5b6e1eed2b848477fa2a4787ba9adf39a41?s=96&d=mm&r=g\",\"caption\":\"Redacci\u00f3n QP\"},\"url\":\"https:\\\/\\\/quehacerpolitico.mx\\\/?author=2\"}]}<\/script>\n<!-- \/ Yoast SEO plugin. -->","yoast_head_json":{"title":"Rechaza el gobierno de la CDMX la gentrificaci\u00f3n, \u201cque excluye a la poblaci\u00f3n de sus barrios, colonias y comunidades\u201d, pero considera que las expresiones de la marcha fueron xen\u00f3fobas -","robots":{"index":"index","follow":"follow","max-snippet":"max-snippet:-1","max-image-preview":"max-image-preview:large","max-video-preview":"max-video-preview:-1"},"canonical":"https:\/\/quehacerpolitico.mx\/?p=117513","og_locale":"es_MX","og_type":"article","og_title":"Rechaza el gobierno de la CDMX la gentrificaci\u00f3n, \u201cque excluye a la poblaci\u00f3n de sus barrios, colonias y comunidades\u201d, pero considera que las expresiones de la marcha fueron xen\u00f3fobas -","og_description":"Por Redacci\u00f3n QP La jefa de Gobierno declar\u00f3 el viernes que este fen\u00f3meno era un...","og_url":"https:\/\/quehacerpolitico.mx\/?p=117513","article_published_time":"2025-07-06T03:05:02+00:00","article_modified_time":"2025-07-06T03:05:04+00:00","og_image":[{"width":1170,"height":645,"url":"https:\/\/quehacerpolitico.mx\/wp-content\/uploads\/2025\/07\/IMG_1526.jpeg","type":"image\/jpeg"}],"author":"Redacci\u00f3n QP","twitter_card":"summary_large_image","twitter_misc":{"Escrito por":"Redacci\u00f3n QP","Tiempo de lectura":"2 minutos"},"schema":{"@context":"https:\/\/schema.org","@graph":[{"@type":"Article","@id":"https:\/\/quehacerpolitico.mx\/?p=117513#article","isPartOf":{"@id":"https:\/\/quehacerpolitico.mx\/?p=117513"},"author":{"name":"Redacci\u00f3n QP","@id":"https:\/\/quehacerpolitico.mx\/#\/schema\/person\/496d8ad2d1d3f8036101dca7ee39e585"},"headline":"Rechaza el gobierno de la CDMX la gentrificaci\u00f3n, \u201cque excluye a la poblaci\u00f3n de sus barrios, colonias y comunidades\u201d, pero considera que las expresiones de la marcha fueron xen\u00f3fobas","datePublished":"2025-07-06T03:05:02+00:00","dateModified":"2025-07-06T03:05:04+00:00","mainEntityOfPage":{"@id":"https:\/\/quehacerpolitico.mx\/?p=117513"},"wordCount":419,"commentCount":0,"image":{"@id":"https:\/\/quehacerpolitico.mx\/?p=117513#primaryimage"},"thumbnailUrl":"https:\/\/quehacerpolitico.mx\/wp-content\/uploads\/2025\/07\/IMG_1526.jpeg","articleSection":["CDMX"],"inLanguage":"es","potentialAction":[{"@type":"CommentAction","name":"Comment","target":["https:\/\/quehacerpolitico.mx\/?p=117513#respond"]}]},{"@type":"WebPage","@id":"https:\/\/quehacerpolitico.mx\/?p=117513","url":"https:\/\/quehacerpolitico.mx\/?p=117513","name":"Rechaza el gobierno de la CDMX la gentrificaci\u00f3n, \u201cque excluye a la poblaci\u00f3n de sus barrios, colonias y comunidades\u201d, pero considera que las expresiones de la marcha fueron xen\u00f3fobas -","isPartOf":{"@id":"https:\/\/quehacerpolitico.mx\/#website"},"primaryImageOfPage":{"@id":"https:\/\/quehacerpolitico.mx\/?p=117513#primaryimage"},"image":{"@id":"https:\/\/quehacerpolitico.mx\/?p=117513#primaryimage"},"thumbnailUrl":"https:\/\/quehacerpolitico.mx\/wp-content\/uploads\/2025\/07\/IMG_1526.jpeg","datePublished":"2025-07-06T03:05:02+00:00","dateModified":"2025-07-06T03:05:04+00:00","author":{"@id":"https:\/\/quehacerpolitico.mx\/#\/schema\/person\/496d8ad2d1d3f8036101dca7ee39e585"},"breadcrumb":{"@id":"https:\/\/quehacerpolitico.mx\/?p=117513#breadcrumb"},"inLanguage":"es","potentialAction":[{"@type":"ReadAction","target":["https:\/\/quehacerpolitico.mx\/?p=117513"]}]},{"@type":"ImageObject","inLanguage":"es","@id":"https:\/\/quehacerpolitico.mx\/?p=117513#primaryimage","url":"https:\/\/quehacerpolitico.mx\/wp-content\/uploads\/2025\/07\/IMG_1526.jpeg","contentUrl":"https:\/\/quehacerpolitico.mx\/wp-content\/uploads\/2025\/07\/IMG_1526.jpeg","width":1170,"height":645,"caption":"Screenshot"},{"@type":"BreadcrumbList","@id":"https:\/\/quehacerpolitico.mx\/?p=117513#breadcrumb","itemListElement":[{"@type":"ListItem","position":1,"name":"Inicio","item":"https:\/\/quehacerpolitico.mx\/"},{"@type":"ListItem","position":2,"name":"Rechaza el gobierno de la CDMX la gentrificaci\u00f3n, \u201cque excluye a la poblaci\u00f3n de sus barrios, colonias y comunidades\u201d, pero considera que las expresiones de la marcha fueron xen\u00f3fobas"}]},{"@type":"WebSite","@id":"https:\/\/quehacerpolitico.mx\/#website","url":"https:\/\/quehacerpolitico.mx\/","name":"","description":"","potentialAction":[{"@type":"SearchAction","target":{"@type":"EntryPoint","urlTemplate":"https:\/\/quehacerpolitico.mx\/?s={search_term_string}"},"query-input":{"@type":"PropertyValueSpecification","valueRequired":true,"valueName":"search_term_string"}}],"inLanguage":"es"},{"@type":"Person","@id":"https:\/\/quehacerpolitico.mx\/#\/schema\/person\/496d8ad2d1d3f8036101dca7ee39e585","name":"Redacci\u00f3n QP","image":{"@type":"ImageObject","inLanguage":"es","@id":"https:\/\/secure.gravatar.com\/avatar\/c7164ed6fdec453195284ad24a5ae5b6e1eed2b848477fa2a4787ba9adf39a41?s=96&d=mm&r=g","url":"https:\/\/secure.gravatar.com\/avatar\/c7164ed6fdec453195284ad24a5ae5b6e1eed2b848477fa2a4787ba9adf39a41?s=96&d=mm&r=g","contentUrl":"https:\/\/secure.gravatar.com\/avatar\/c7164ed6fdec453195284ad24a5ae5b6e1eed2b848477fa2a4787ba9adf39a41?s=96&d=mm&r=g","caption":"Redacci\u00f3n QP"},"url":"https:\/\/quehacerpolitico.mx\/?author=2"}]}},"featured_image_urls":{"full":["https:\/\/quehacerpolitico.mx\/wp-content\/uploads\/2025\/07\/IMG_1526.jpeg",1170,645,false],"thumbnail":["https:\/\/quehacerpolitico.mx\/wp-content\/uploads\/2025\/07\/IMG_1526-150x150.jpeg",150,150,true],"medium":["https:\/\/quehacerpolitico.mx\/wp-content\/uploads\/2025\/07\/IMG_1526-300x165.jpeg",300,165,true],"medium_large":["https:\/\/quehacerpolitico.mx\/wp-content\/uploads\/2025\/07\/IMG_1526-768x423.jpeg",640,353,true],"large":["https:\/\/quehacerpolitico.mx\/wp-content\/uploads\/2025\/07\/IMG_1526-1024x565.jpeg",640,353,true],"1536x1536":["https:\/\/quehacerpolitico.mx\/wp-content\/uploads\/2025\/07\/IMG_1526.jpeg",1170,645,false],"2048x2048":["https:\/\/quehacerpolitico.mx\/wp-content\/uploads\/2025\/07\/IMG_1526.jpeg",1170,645,false],"covernews-featured":["https:\/\/quehacerpolitico.mx\/wp-content\/uploads\/2025\/07\/IMG_1526-1024x565.jpeg",1024,565,true],"covernews-medium":["https:\/\/quehacerpolitico.mx\/wp-content\/uploads\/2025\/07\/IMG_1526-540x340.jpeg",540,340,true]},"author_info":{"display_name":"Redacci\u00f3n QP","author_link":"https:\/\/quehacerpolitico.mx\/?author=2"},"category_info":"<a href=\"https:\/\/quehacerpolitico.mx\/?cat=55\" rel=\"category\">CDMX<\/a>","tag_info":"CDMX","comment_count":"0","_links":{"self":[{"href":"https:\/\/quehacerpolitico.mx\/index.php?rest_route=\/wp\/v2\/posts\/117513","targetHints":{"allow":["GET"]}}],"collection":[{"href":"https:\/\/quehacerpolitico.mx\/index.php?rest_route=\/wp\/v2\/posts"}],"about":[{"href":"https:\/\/quehacerpolitico.mx\/index.php?rest_route=\/wp\/v2\/types\/post"}],"author":[{"embeddable":true,"href":"https:\/\/quehacerpolitico.mx\/index.php?rest_route=\/wp\/v2\/users\/2"}],"replies":[{"embeddable":true,"href":"https:\/\/quehacerpolitico.mx\/index.php?rest_route=%2Fwp%2Fv2%2Fcomments&post=117513"}],"version-history":[{"count":1,"href":"https:\/\/quehacerpolitico.mx\/index.php?rest_route=\/wp\/v2\/posts\/117513\/revisions"}],"predecessor-version":[{"id":117515,"href":"https:\/\/quehacerpolitico.mx\/index.php?rest_route=\/wp\/v2\/posts\/117513\/revisions\/117515"}],"wp:featuredmedia":[{"embeddable":true,"href":"https:\/\/quehacerpolitico.mx\/index.php?rest_route=\/wp\/v2\/media\/117514"}],"wp:attachment":[{"href":"https:\/\/quehacerpolitico.mx\/index.php?rest_route=%2Fwp%2Fv2%2Fmedia&parent=117513"}],"wp:term":[{"taxonomy":"category","embeddable":true,"href":"https:\/\/quehacerpolitico.mx\/index.php?rest_route=%2Fwp%2Fv2%2Fcategories&post=117513"},{"taxonomy":"post_tag","embeddable":true,"href":"https:\/\/quehacerpolitico.mx\/index.php?rest_route=%2Fwp%2Fv2%2Ftags&post=117513"}],"curies":[{"name":"wp","href":"https:\/\/api.w.org\/{rel}","templated":true}]}}